{"id":145860,"date":"2026-01-16T11:01:00","date_gmt":"2026-01-16T14:01:00","guid":{"rendered":"https:\/\/portaltela.pt\/noticias\/2026\/01\/16\/fernanda-fragateiro-le-a-paisagem-e-escreve-arquitectura\/"},"modified":"2026-01-16T11:01:00","modified_gmt":"2026-01-16T14:01:00","slug":"fernanda-fragateiro-le-a-paisagem-e-escreve-arquitectura","status":"publish","type":"post","link":"https:\/\/portaltela.pt\/noticias\/2026\/01\/16\/fernanda-fragateiro-le-a-paisagem-e-escreve-arquitectura\/","title":{"rendered":"Fernanda Fragateiro l\u00ea a paisagem e escreve arquitectura"},"content":{"rendered":"<p>Fernanda Fragateiro apresenta em Viseu a exposi\u00e7\u00e3o Ler Paisagem, na galeria de arte contempor\u00e2nea Venha a N\u00f3s a Boa Morte (VNBM). A mostra coloca a leitura da paisagem no centro da pr\u00e1tica da artista de Montijo, nascida em 1962.<\/p>\n<p>A exposi\u00e7\u00e3o revela vistas long\u00ednquas de diferentes territ\u00f3rios, sugeridas por tons, texturas e vibra\u00e7\u00f5es. A curadoria enfatiza a leitura do espa\u00e7o como elemento-chave da cria\u00e7\u00e3o.<\/p>\n<p>O conjunto n\u00e3o se limita ao desenho tradicional. A artista utiliza o papel como mat\u00e9ria-prima, obtendo composi\u00e7\u00f5es de v\u00e1rias camadas que ganham uma qualidade tridimensional. Embora pare\u00e7am desenhos, tratam-se de objetos escult\u00f3ricos.<\/p>\n<h3>Exposi\u00e7\u00e3o e t\u00e9cnica<\/h3>\n<p>A obra dialoga entre arte, espa\u00e7o e arquitectura, tr\u00eas esferas entrela\u00e7adas na pr\u00e1tica de Fragateiro. Mesmo em dimens\u00f5es modestas, as pe\u00e7as valorizam a materialidade e a leitura espacial como parte da experi\u00eancia est\u00e9tica.<\/p>\n","protected":false},"excerpt":{"rendered":"<ul>\n<li>Fernanda Fragateiro, natural de Montijo e nascida em 1962, apresenta em Viseu a exposi\u00e7\u00e3o Ler Paisagem na galeria Venha a N\u00f3s a Boa Morte (VNBM).<\/li>\n<li>A mostra re\u00fane desenho e arquitectura, com a pr\u00e1tica art\u00edstica tradicionalmente associada ao grafite ou l\u00e1pis a ganhar formas tridimensionais.<\/li>\n<li>O papel deixa de ser apenas suporte e passa a constituir a mat\u00e9ria-prima das obras.<\/li>\n<li>\u00c0 primeira vista, as pe\u00e7as parecem desenhos de pequenas dimens\u00f5es, mas s\u00e3o, na verdade, composi\u00e7\u00f5es finas com v\u00e1rias camadas.<\/li>\n<li>O conjunto resulta em objetos escult\u00f3ricos que integram espa\u00e7o, territ\u00f3rio e textura pela lente da artista.<\/li>\n<\/ul>\n","protected":false},"author":2,"featured_media":145862,"comment_status":"closed","ping_status":"closed","sticky":false,"template":"","format":"standard","meta":{"footnotes":""},"categories":[1],"tags":[142,70,2801,249,1058,1171],"class_list":["post-145860","post","type-post","status-publish","format-standard","has-post-thumbnail","hentry","category-noticias","tag-arquitetura","tag-arte","tag-desenho","tag-escultura","tag-montijo","tag-viseu"],"yoast_head":"<!-- This site is optimized with the Yoast SEO plugin v27.2 - https:\/\/yoast.com\/product\/yoast-seo-wordpress\/ -->\n<title>Fernanda Fragateiro l\u00ea a paisagem e escreve arquitectura - Portal Tela Portugal<\/title>\n<meta name=\"robots\" content=\"index, follow, max-snippet:-1, max-image-preview:large, max-video-preview:-1\" \/>\n<meta property=\"og:locale\" content=\"pt_PT\" \/>\n<meta property=\"og:type\" content=\"article\" \/>\n<meta property=\"og:title\" content=\"Fernanda Fragateiro l\u00ea a paisagem e escreve arquitectura - Portal Tela Portugal\" \/>\n<meta property=\"og:description\" content=\"Fernanda Fragateiro, natural de Montijo e nascida em 1962, apresenta em Viseu a exposi\u00e7\u00e3o Ler Paisagem na galeria Venha a N\u00f3s a Boa Morte (VNBM). A mostra re\u00fane desenho e arquitectura, com a pr\u00e1tica art\u00edstica tradicionalmente associada ao grafite ou l\u00e1pis a ganhar formas tridimensionais. O papel deixa de ser apenas suporte e passa a constituir a mat\u00e9ria-prima das obras. \u00c0 primeira vista, as pe\u00e7as parecem desenhos de pequenas dimens\u00f5es, mas s\u00e3o, na verdade, composi\u00e7\u00f5es finas com v\u00e1rias camadas. O conjunto resulta em objetos escult\u00f3ricos que integram espa\u00e7o, territ\u00f3rio e textura pela lente da artista.\" \/>\n<meta property=\"og:url\" content=\"https:\/\/portaltela.pt\/noticias\/2026\/01\/16\/fernanda-fragateiro-le-a-paisagem-e-escreve-arquitectura\/\" \/>\n<meta property=\"og:site_name\" content=\"Portal Tela Portugal\" \/>\n<meta property=\"article:published_time\" content=\"2026-01-16T14:01:00+00:00\" \/>\n<meta name=\"author\" content=\"Telinha\" \/>\n<meta name=\"twitter:card\" content=\"summary_large_image\" \/>\n<meta name=\"twitter:label1\" content=\"Escrito por\" \/>\n\t<meta name=\"twitter:data1\" content=\"Telinha\" \/>\n\t<meta name=\"twitter:label2\" content=\"Tempo estimado de leitura\" \/>\n\t<meta name=\"twitter:data2\" content=\"1 minuto\" \/>\n<script type=\"application\/ld+json\" class=\"yoast-schema-graph\">{\"@context\":\"https:\/\/schema.org\",\"@graph\":[{\"@type\":\"Article\",\"@id\":\"https:\/\/portaltela.pt\/noticias\/2026\/01\/16\/fernanda-fragateiro-le-a-paisagem-e-escreve-arquitectura\/#article\",\"isPartOf\":{\"@id\":\"https:\/\/portaltela.pt\/noticias\/2026\/01\/16\/fernanda-fragateiro-le-a-paisagem-e-escreve-arquitectura\/\"},\"author\":{\"name\":\"Telinha\",\"@id\":\"https:\/\/portaltela.pt\/#\/schema\/person\/c4278d4a6028830caff9ee44b42d32ed\"},\"headline\":\"Fernanda Fragateiro l\u00ea a paisagem e escreve arquitectura\",\"datePublished\":\"2026-01-16T14:01:00+00:00\",\"mainEntityOfPage\":{\"@id\":\"https:\/\/portaltela.pt\/noticias\/2026\/01\/16\/fernanda-fragateiro-le-a-paisagem-e-escreve-arquitectura\/\"},\"wordCount\":165,\"image\":{\"@id\":\"https:\/\/portaltela.pt\/noticias\/2026\/01\/16\/fernanda-fragateiro-le-a-paisagem-e-escreve-arquitectura\/#primaryimage\"},\"thumbnailUrl\":\"https:\/\/portaltela.pt\/s.01k8rhncp4jt1\/2026\/01\/2058701.jpg\",\"keywords\":[\"arquitetura\",\"arte\",\"desenho\",\"escultura\",\"Montijo\",\"Viseu\"],\"articleSection\":[\"Not\u00edcias\"],\"inLanguage\":\"pt-PT\"},{\"@type\":\"WebPage\",\"@id\":\"https:\/\/portaltela.pt\/noticias\/2026\/01\/16\/fernanda-fragateiro-le-a-paisagem-e-escreve-arquitectura\/\",\"url\":\"https:\/\/portaltela.pt\/noticias\/2026\/01\/16\/fernanda-fragateiro-le-a-paisagem-e-escreve-arquitectura\/\",\"name\":\"Fernanda Fragateiro l\u00ea a paisagem e escreve arquitectura - Portal Tela Portugal\",\"isPartOf\":{\"@id\":\"https:\/\/portaltela.pt\/#website\"},\"primaryImageOfPage\":{\"@id\":\"https:\/\/portaltela.pt\/noticias\/2026\/01\/16\/fernanda-fragateiro-le-a-paisagem-e-escreve-arquitectura\/#primaryimage\"},\"image\":{\"@id\":\"https:\/\/portaltela.pt\/noticias\/2026\/01\/16\/fernanda-fragateiro-le-a-paisagem-e-escreve-arquitectura\/#primaryimage\"},\"thumbnailUrl\":\"https:\/\/portaltela.pt\/s.01k8rhncp4jt1\/2026\/01\/2058701.jpg\",\"datePublished\":\"2026-01-16T14:01:00+00:00\",\"author\":{\"@id\":\"https:\/\/portaltela.pt\/#\/schema\/person\/c4278d4a6028830caff9ee44b42d32ed\"},\"breadcrumb\":{\"@id\":\"https:\/\/portaltela.pt\/noticias\/2026\/01\/16\/fernanda-fragateiro-le-a-paisagem-e-escreve-arquitectura\/#breadcrumb\"},\"inLanguage\":\"pt-PT\",\"potentialAction\":[{\"@type\":\"ReadAction\",\"target\":[\"https:\/\/portaltela.pt\/noticias\/2026\/01\/16\/fernanda-fragateiro-le-a-paisagem-e-escreve-arquitectura\/\"]}]},{\"@type\":\"ImageObject\",\"inLanguage\":\"pt-PT\",\"@id\":\"https:\/\/portaltela.pt\/noticias\/2026\/01\/16\/fernanda-fragateiro-le-a-paisagem-e-escreve-arquitectura\/#primaryimage\",\"url\":\"https:\/\/portaltela.pt\/s.01k8rhncp4jt1\/2026\/01\/2058701.jpg\",\"contentUrl\":\"https:\/\/portaltela.pt\/s.01k8rhncp4jt1\/2026\/01\/2058701.jpg\",\"width\":796,\"height\":448,\"caption\":\"Ler Paisagem, a exposi\u00e7\u00e3o de Fernanda Fragateiro na galeria Venha a N\u00f3s a Boa Morte (VNBM), em Viseu\"},{\"@type\":\"BreadcrumbList\",\"@id\":\"https:\/\/portaltela.pt\/noticias\/2026\/01\/16\/fernanda-fragateiro-le-a-paisagem-e-escreve-arquitectura\/#breadcrumb\",\"itemListElement\":[{\"@type\":\"ListItem\",\"position\":1,\"name\":\"In\u00edcio\",\"item\":\"https:\/\/portaltela.pt\/\"},{\"@type\":\"ListItem\",\"position\":2,\"name\":\"Fernanda Fragateiro l\u00ea a paisagem e escreve arquitectura\"}]},{\"@type\":\"WebSite\",\"@id\":\"https:\/\/portaltela.pt\/#website\",\"url\":\"https:\/\/portaltela.pt\/\",\"name\":\"Portal Tela Portugal\",\"description\":\"\",\"potentialAction\":[{\"@type\":\"SearchAction\",\"target\":{\"@type\":\"EntryPoint\",\"urlTemplate\":\"https:\/\/portaltela.pt\/?s={search_term_string}\"},\"query-input\":{\"@type\":\"PropertyValueSpecification\",\"valueRequired\":true,\"valueName\":\"search_term_string\"}}],\"inLanguage\":\"pt-PT\"},{\"@type\":\"Person\",\"@id\":\"https:\/\/portaltela.pt\/#\/schema\/person\/c4278d4a6028830caff9ee44b42d32ed\",\"name\":\"Telinha\",\"image\":{\"@type\":\"ImageObject\",\"inLanguage\":\"pt-PT\",\"@id\":\"https:\/\/portaltela.pt\/s.01k8rhncp4jt1\/2025\/11\/talking-bot-125x125.png\",\"url\":\"https:\/\/portaltela.pt\/s.01k8rhncp4jt1\/2025\/11\/talking-bot-125x125.png\",\"contentUrl\":\"https:\/\/portaltela.pt\/s.01k8rhncp4jt1\/2025\/11\/talking-bot-125x125.png\",\"caption\":\"Telinha\"},\"sameAs\":[\"https:\/\/portaltela.pt\/\"],\"url\":\"https:\/\/portaltela.pt\/por\/367410592786\/\"}]}<\/script>\n<!-- \/ Yoast SEO plugin. -->","yoast_head_json":{"title":"Fernanda Fragateiro l\u00ea a paisagem e escreve arquitectura - Portal Tela Portugal","robots":{"index":"index","follow":"follow","max-snippet":"max-snippet:-1","max-image-preview":"max-image-preview:large","max-video-preview":"max-video-preview:-1"},"og_locale":"pt_PT","og_type":"article","og_title":"Fernanda Fragateiro l\u00ea a paisagem e escreve arquitectura - Portal Tela Portugal","og_description":"Fernanda Fragateiro, natural de Montijo e nascida em 1962, apresenta em Viseu a exposi\u00e7\u00e3o Ler Paisagem na galeria Venha a N\u00f3s a Boa Morte (VNBM). A mostra re\u00fane desenho e arquitectura, com a pr\u00e1tica art\u00edstica tradicionalmente associada ao grafite ou l\u00e1pis a ganhar formas tridimensionais. O papel deixa de ser apenas suporte e passa a constituir a mat\u00e9ria-prima das obras. \u00c0 primeira vista, as pe\u00e7as parecem desenhos de pequenas dimens\u00f5es, mas s\u00e3o, na verdade, composi\u00e7\u00f5es finas com v\u00e1rias camadas. O conjunto resulta em objetos escult\u00f3ricos que integram espa\u00e7o, territ\u00f3rio e textura pela lente da artista.","og_url":"https:\/\/portaltela.pt\/noticias\/2026\/01\/16\/fernanda-fragateiro-le-a-paisagem-e-escreve-arquitectura\/","og_site_name":"Portal Tela Portugal","article_published_time":"2026-01-16T14:01:00+00:00","author":"Telinha","twitter_card":"summary_large_image","twitter_misc":{"Escrito por":"Telinha","Tempo estimado de leitura":"1 minuto"},"schema":{"@context":"https:\/\/schema.org","@graph":[{"@type":"Article","@id":"https:\/\/portaltela.pt\/noticias\/2026\/01\/16\/fernanda-fragateiro-le-a-paisagem-e-escreve-arquitectura\/#article","isPartOf":{"@id":"https:\/\/portaltela.pt\/noticias\/2026\/01\/16\/fernanda-fragateiro-le-a-paisagem-e-escreve-arquitectura\/"},"author":{"name":"Telinha","@id":"https:\/\/portaltela.pt\/#\/schema\/person\/c4278d4a6028830caff9ee44b42d32ed"},"headline":"Fernanda Fragateiro l\u00ea a paisagem e escreve arquitectura","datePublished":"2026-01-16T14:01:00+00:00","mainEntityOfPage":{"@id":"https:\/\/portaltela.pt\/noticias\/2026\/01\/16\/fernanda-fragateiro-le-a-paisagem-e-escreve-arquitectura\/"},"wordCount":165,"image":{"@id":"https:\/\/portaltela.pt\/noticias\/2026\/01\/16\/fernanda-fragateiro-le-a-paisagem-e-escreve-arquitectura\/#primaryimage"},"thumbnailUrl":"https:\/\/portaltela.pt\/s.01k8rhncp4jt1\/2026\/01\/2058701.jpg","keywords":["arquitetura","arte","desenho","escultura","Montijo","Viseu"],"articleSection":["Not\u00edcias"],"inLanguage":"pt-PT"},{"@type":"WebPage","@id":"https:\/\/portaltela.pt\/noticias\/2026\/01\/16\/fernanda-fragateiro-le-a-paisagem-e-escreve-arquitectura\/","url":"https:\/\/portaltela.pt\/noticias\/2026\/01\/16\/fernanda-fragateiro-le-a-paisagem-e-escreve-arquitectura\/","name":"Fernanda Fragateiro l\u00ea a paisagem e escreve arquitectura - Portal Tela Portugal","isPartOf":{"@id":"https:\/\/portaltela.pt\/#website"},"primaryImageOfPage":{"@id":"https:\/\/portaltela.pt\/noticias\/2026\/01\/16\/fernanda-fragateiro-le-a-paisagem-e-escreve-arquitectura\/#primaryimage"},"image":{"@id":"https:\/\/portaltela.pt\/noticias\/2026\/01\/16\/fernanda-fragateiro-le-a-paisagem-e-escreve-arquitectura\/#primaryimage"},"thumbnailUrl":"https:\/\/portaltela.pt\/s.01k8rhncp4jt1\/2026\/01\/2058701.jpg","datePublished":"2026-01-16T14:01:00+00:00","author":{"@id":"https:\/\/portaltela.pt\/#\/schema\/person\/c4278d4a6028830caff9ee44b42d32ed"},"breadcrumb":{"@id":"https:\/\/portaltela.pt\/noticias\/2026\/01\/16\/fernanda-fragateiro-le-a-paisagem-e-escreve-arquitectura\/#breadcrumb"},"inLanguage":"pt-PT","potentialAction":[{"@type":"ReadAction","target":["https:\/\/portaltela.pt\/noticias\/2026\/01\/16\/fernanda-fragateiro-le-a-paisagem-e-escreve-arquitectura\/"]}]},{"@type":"ImageObject","inLanguage":"pt-PT","@id":"https:\/\/portaltela.pt\/noticias\/2026\/01\/16\/fernanda-fragateiro-le-a-paisagem-e-escreve-arquitectura\/#primaryimage","url":"https:\/\/portaltela.pt\/s.01k8rhncp4jt1\/2026\/01\/2058701.jpg","contentUrl":"https:\/\/portaltela.pt\/s.01k8rhncp4jt1\/2026\/01\/2058701.jpg","width":796,"height":448,"caption":"Ler Paisagem, a exposi\u00e7\u00e3o de Fernanda Fragateiro na galeria Venha a N\u00f3s a Boa Morte (VNBM), em Viseu"},{"@type":"BreadcrumbList","@id":"https:\/\/portaltela.pt\/noticias\/2026\/01\/16\/fernanda-fragateiro-le-a-paisagem-e-escreve-arquitectura\/#breadcrumb","itemListElement":[{"@type":"ListItem","position":1,"name":"In\u00edcio","item":"https:\/\/portaltela.pt\/"},{"@type":"ListItem","position":2,"name":"Fernanda Fragateiro l\u00ea a paisagem e escreve arquitectura"}]},{"@type":"WebSite","@id":"https:\/\/portaltela.pt\/#website","url":"https:\/\/portaltela.pt\/","name":"Portal Tela Portugal","description":"","potentialAction":[{"@type":"SearchAction","target":{"@type":"EntryPoint","urlTemplate":"https:\/\/portaltela.pt\/?s={search_term_string}"},"query-input":{"@type":"PropertyValueSpecification","valueRequired":true,"valueName":"search_term_string"}}],"inLanguage":"pt-PT"},{"@type":"Person","@id":"https:\/\/portaltela.pt\/#\/schema\/person\/c4278d4a6028830caff9ee44b42d32ed","name":"Telinha","image":{"@type":"ImageObject","inLanguage":"pt-PT","@id":"https:\/\/portaltela.pt\/s.01k8rhncp4jt1\/2025\/11\/talking-bot-125x125.png","url":"https:\/\/portaltela.pt\/s.01k8rhncp4jt1\/2025\/11\/talking-bot-125x125.png","contentUrl":"https:\/\/portaltela.pt\/s.01k8rhncp4jt1\/2025\/11\/talking-bot-125x125.png","caption":"Telinha"},"sameAs":["https:\/\/portaltela.pt\/"],"url":"https:\/\/portaltela.pt\/por\/367410592786\/"}]}},"_links":{"self":[{"href":"https:\/\/portaltela.pt\/api\/wp\/v2\/posts\/145860","targetHints":{"allow":["GET"]}}],"collection":[{"href":"https:\/\/portaltela.pt\/api\/wp\/v2\/posts"}],"about":[{"href":"https:\/\/portaltela.pt\/api\/wp\/v2\/types\/post"}],"author":[{"embeddable":true,"href":"https:\/\/portaltela.pt\/api\/wp\/v2\/users\/2"}],"replies":[{"embeddable":true,"href":"https:\/\/portaltela.pt\/api\/wp\/v2\/comments?post=145860"}],"version-history":[{"count":0,"href":"https:\/\/portaltela.pt\/api\/wp\/v2\/posts\/145860\/revisions"}],"wp:featuredmedia":[{"embeddable":true,"href":"https:\/\/portaltela.pt\/api\/wp\/v2\/media\/145862"}],"wp:attachment":[{"href":"https:\/\/portaltela.pt\/api\/wp\/v2\/media?parent=145860"}],"wp:term":[{"taxonomy":"category","embeddable":true,"href":"https:\/\/portaltela.pt\/api\/wp\/v2\/categories?post=145860"},{"taxonomy":"post_tag","embeddable":true,"href":"https:\/\/portaltela.pt\/api\/wp\/v2\/tags?post=145860"}],"curies":[{"name":"wp","href":"https:\/\/api.w.org\/{rel}","templated":true}]}}