{"id":145622,"date":"2026-01-15T18:30:00","date_gmt":"2026-01-15T21:30:00","guid":{"rendered":"https:\/\/portaltela.pt\/noticias\/2026\/01\/15\/quaresma-e-diamantino-miranda-reforcam-conselho-da-administracao-da-fpf\/"},"modified":"2026-01-15T18:30:00","modified_gmt":"2026-01-15T21:30:00","slug":"quaresma-e-diamantino-miranda-reforcam-conselho-da-administracao-da-fpf","status":"publish","type":"post","link":"https:\/\/portaltela.pt\/desporto\/futebol\/2026\/01\/15\/quaresma-e-diamantino-miranda-reforcam-conselho-da-administracao-da-fpf\/","title":{"rendered":"Quaresma e Diamantino Miranda refor\u00e7am Conselho da Administra\u00e7\u00e3o da FPF"},"content":{"rendered":"<p>Ricardo Quaresma e Diamantino Miranda tomaram posse como vogais do Conselho de Administra\u00e7\u00e3o da Funda\u00e7\u00e3o FPF numa reuni\u00e3o realizada na Cidade do Futebol, na quinta-feira, sob a condu\u00e7\u00e3o de Pedro Proen\u00e7a.<\/p>\n<p>Tamb\u00e9m marcaram presen\u00e7a o vice-presidente Joaquim Evangelista, a Secret\u00e1ria-Geral Helena Pires, Lu\u00eds Estrela, coordenador da Funda\u00e7\u00e3o, e Raquel Esperan\u00e7a, do Conselho Fiscal.<\/p>\n<p>Para receber os novos colegas, estiveram presentes os vogais j\u00e1 incumbidos Alan Os\u00f3rio, Beto Pimparel, Domingos Paci\u00eancia, Helena Costa, Matilde Fidalgo e Nelson Pereira.<\/p>\n<p>Quaresma afirmou sentir um orgulho enorme pelo convite e pela integra\u00e7\u00e3o na nova equipa, destacando o trabalho da Funda\u00e7\u00e3o FPF ao longo dos anos.<\/p>\n<p>Miranda refor\u00e7ou o contentamento por participar no \u00f3rg\u00e3o e sublinhou que o trabalho na \u00e1rea merece o carinho e o apoio de quem est\u00e1 no futebol.<\/p>\n","protected":false},"excerpt":{"rendered":"<ul>\n<li>Ricardo Quaresma e Diamantino Miranda tomaram posse como vogais do Conselho de Administra\u00e7\u00e3o da Funda\u00e7\u00e3o FPF, numa reuni\u00e3o realizada na Cidade do Futebol e liderada por Pedro Proen\u00e7a.<\/li>\n<li>Estiveram presentes o vice-presidente Joaquim Evangelista, a Secret\u00e1ria-Geral Helena Pires, Lu\u00eds Estrela, Raquel Esperan\u00e7a e os vogais j\u00e1 existentes Alan Os\u00f3rio, Beto Pimparel, Domingos Paci\u00eancia, Helena Costa, Matilde Fidalgo e Nelson Pereira.<\/li>\n<li>Quaresma disse que \u00e9 um orgulho e que est\u00e1 feliz por entrar nesta nova fam\u00edlia que tem feito um trabalho fant\u00e1stico.<\/li>\n<li>Diamantino Miranda afirmou, com muito gosto, que o trabalho neste campo \u00e9 bem-vindo, porque h\u00e1 muita gente que precisa de carinho.<\/li>\n<li>A cerim\u00f3nia marca a entrada de dois antigos internacionais portugueses no Conselho de Administra\u00e7\u00e3o da Funda\u00e7\u00e3o FPF.<\/li>\n<\/ul>\n","protected":false},"author":2,"featured_media":145624,"comment_status":"closed","ping_status":"closed","sticky":false,"template":"","format":"standard","meta":{"footnotes":""},"categories":[21,24],"tags":[552,551,2816,32,2926],"class_list":["post-145622","post","type-post","status-publish","format-standard","has-post-thumbnail","hentry","category-desporto","category-futebol","tag-conselho-de-administracao","tag-conselho-fiscal","tag-diamantino-miranda","tag-futebol","tag-quaresma"],"yoast_head":"<!-- This site is optimized with the Yoast SEO plugin v27.2 - https:\/\/yoast.com\/product\/yoast-seo-wordpress\/ -->\n<title>Quaresma e Diamantino Miranda refor\u00e7am Conselho da Administra\u00e7\u00e3o da FPF - Portal Tela Portugal<\/title>\n<meta name=\"robots\" content=\"index, follow, max-snippet:-1, max-image-preview:large, max-video-preview:-1\" \/>\n<meta property=\"og:locale\" content=\"pt_PT\" \/>\n<meta property=\"og:type\" content=\"article\" \/>\n<meta property=\"og:title\" content=\"Quaresma e Diamantino Miranda refor\u00e7am Conselho da Administra\u00e7\u00e3o da FPF - Portal Tela Portugal\" \/>\n<meta property=\"og:description\" content=\"Ricardo Quaresma e Diamantino Miranda tomaram posse como vogais do Conselho de Administra\u00e7\u00e3o da Funda\u00e7\u00e3o FPF, numa reuni\u00e3o realizada na Cidade do Futebol e liderada por Pedro Proen\u00e7a. Estiveram presentes o vice-presidente Joaquim Evangelista, a Secret\u00e1ria-Geral Helena Pires, Lu\u00eds Estrela, Raquel Esperan\u00e7a e os vogais j\u00e1 existentes Alan Os\u00f3rio, Beto Pimparel, Domingos Paci\u00eancia, Helena Costa, Matilde Fidalgo e Nelson Pereira. Quaresma disse que \u00e9 um orgulho e que est\u00e1 feliz por entrar nesta nova fam\u00edlia que tem feito um trabalho fant\u00e1stico. Diamantino Miranda afirmou, com muito gosto, que o trabalho neste campo \u00e9 bem-vindo, porque h\u00e1 muita gente que precisa de carinho. A cerim\u00f3nia marca a entrada de dois antigos internacionais portugueses no Conselho de Administra\u00e7\u00e3o da Funda\u00e7\u00e3o FPF.\" \/>\n<meta property=\"og:url\" content=\"https:\/\/portaltela.pt\/noticias\/2026\/01\/15\/quaresma-e-diamantino-miranda-reforcam-conselho-da-administracao-da-fpf\/\" \/>\n<meta property=\"og:site_name\" content=\"Portal Tela Portugal\" \/>\n<meta property=\"article:published_time\" content=\"2026-01-15T21:30:00+00:00\" \/>\n<meta name=\"author\" content=\"Telinha\" \/>\n<meta name=\"twitter:card\" content=\"summary_large_image\" \/>\n<meta name=\"twitter:label1\" content=\"Escrito por\" \/>\n\t<meta name=\"twitter:data1\" content=\"Telinha\" \/>\n\t<meta name=\"twitter:label2\" content=\"Tempo estimado de leitura\" \/>\n\t<meta name=\"twitter:data2\" content=\"1 minuto\" \/>\n<script type=\"application\/ld+json\" class=\"yoast-schema-graph\">{\"@context\":\"https:\/\/schema.org\",\"@graph\":[{\"@type\":\"Article\",\"@id\":\"https:\/\/portaltela.pt\/noticias\/2026\/01\/15\/quaresma-e-diamantino-miranda-reforcam-conselho-da-administracao-da-fpf\/#article\",\"isPartOf\":{\"@id\":\"https:\/\/portaltela.pt\/noticias\/2026\/01\/15\/quaresma-e-diamantino-miranda-reforcam-conselho-da-administracao-da-fpf\/\"},\"author\":{\"name\":\"Telinha\",\"@id\":\"https:\/\/portaltela.pt\/#\/schema\/person\/c4278d4a6028830caff9ee44b42d32ed\"},\"headline\":\"Quaresma e Diamantino Miranda refor\u00e7am Conselho da Administra\u00e7\u00e3o da FPF\",\"datePublished\":\"2026-01-15T21:30:00+00:00\",\"mainEntityOfPage\":{\"@id\":\"https:\/\/portaltela.pt\/noticias\/2026\/01\/15\/quaresma-e-diamantino-miranda-reforcam-conselho-da-administracao-da-fpf\/\"},\"wordCount\":156,\"image\":{\"@id\":\"https:\/\/portaltela.pt\/noticias\/2026\/01\/15\/quaresma-e-diamantino-miranda-reforcam-conselho-da-administracao-da-fpf\/#primaryimage\"},\"thumbnailUrl\":\"https:\/\/portaltela.pt\/s.01k8rhncp4jt1\/2026\/01\/img_920x518uu2026-01-15-21-18-48-2415036.jpg\",\"keywords\":[\"Conselho de Administra\u00e7\u00e3o\",\"Conselho Fiscal\",\"Diamantino Miranda\",\"futebol\",\"Quaresma\"],\"articleSection\":[\"Desporto\",\"Futebol\"],\"inLanguage\":\"pt-PT\"},{\"@type\":\"WebPage\",\"@id\":\"https:\/\/portaltela.pt\/noticias\/2026\/01\/15\/quaresma-e-diamantino-miranda-reforcam-conselho-da-administracao-da-fpf\/\",\"url\":\"https:\/\/portaltela.pt\/noticias\/2026\/01\/15\/quaresma-e-diamantino-miranda-reforcam-conselho-da-administracao-da-fpf\/\",\"name\":\"Quaresma e Diamantino Miranda refor\u00e7am Conselho da Administra\u00e7\u00e3o da FPF - Portal Tela Portugal\",\"isPartOf\":{\"@id\":\"https:\/\/portaltela.pt\/#website\"},\"primaryImageOfPage\":{\"@id\":\"https:\/\/portaltela.pt\/noticias\/2026\/01\/15\/quaresma-e-diamantino-miranda-reforcam-conselho-da-administracao-da-fpf\/#primaryimage\"},\"image\":{\"@id\":\"https:\/\/portaltela.pt\/noticias\/2026\/01\/15\/quaresma-e-diamantino-miranda-reforcam-conselho-da-administracao-da-fpf\/#primaryimage\"},\"thumbnailUrl\":\"https:\/\/portaltela.pt\/s.01k8rhncp4jt1\/2026\/01\/img_920x518uu2026-01-15-21-18-48-2415036.jpg\",\"datePublished\":\"2026-01-15T21:30:00+00:00\",\"author\":{\"@id\":\"https:\/\/portaltela.pt\/#\/schema\/person\/c4278d4a6028830caff9ee44b42d32ed\"},\"breadcrumb\":{\"@id\":\"https:\/\/portaltela.pt\/noticias\/2026\/01\/15\/quaresma-e-diamantino-miranda-reforcam-conselho-da-administracao-da-fpf\/#breadcrumb\"},\"inLanguage\":\"pt-PT\",\"potentialAction\":[{\"@type\":\"ReadAction\",\"target\":[\"https:\/\/portaltela.pt\/noticias\/2026\/01\/15\/quaresma-e-diamantino-miranda-reforcam-conselho-da-administracao-da-fpf\/\"]}]},{\"@type\":\"ImageObject\",\"inLanguage\":\"pt-PT\",\"@id\":\"https:\/\/portaltela.pt\/noticias\/2026\/01\/15\/quaresma-e-diamantino-miranda-reforcam-conselho-da-administracao-da-fpf\/#primaryimage\",\"url\":\"https:\/\/portaltela.pt\/s.01k8rhncp4jt1\/2026\/01\/img_920x518uu2026-01-15-21-18-48-2415036.jpg\",\"contentUrl\":\"https:\/\/portaltela.pt\/s.01k8rhncp4jt1\/2026\/01\/img_920x518uu2026-01-15-21-18-48-2415036.jpg\",\"width\":796,\"height\":448,\"caption\":\"Photo\"},{\"@type\":\"BreadcrumbList\",\"@id\":\"https:\/\/portaltela.pt\/noticias\/2026\/01\/15\/quaresma-e-diamantino-miranda-reforcam-conselho-da-administracao-da-fpf\/#breadcrumb\",\"itemListElement\":[{\"@type\":\"ListItem\",\"position\":1,\"name\":\"In\u00edcio\",\"item\":\"https:\/\/portaltela.pt\/\"},{\"@type\":\"ListItem\",\"position\":2,\"name\":\"Quaresma e Diamantino Miranda refor\u00e7am Conselho da Administra\u00e7\u00e3o da FPF\"}]},{\"@type\":\"WebSite\",\"@id\":\"https:\/\/portaltela.pt\/#website\",\"url\":\"https:\/\/portaltela.pt\/\",\"name\":\"Portal Tela Portugal\",\"description\":\"\",\"potentialAction\":[{\"@type\":\"SearchAction\",\"target\":{\"@type\":\"EntryPoint\",\"urlTemplate\":\"https:\/\/portaltela.pt\/?s={search_term_string}\"},\"query-input\":{\"@type\":\"PropertyValueSpecification\",\"valueRequired\":true,\"valueName\":\"search_term_string\"}}],\"inLanguage\":\"pt-PT\"},{\"@type\":\"Person\",\"@id\":\"https:\/\/portaltela.pt\/#\/schema\/person\/c4278d4a6028830caff9ee44b42d32ed\",\"name\":\"Telinha\",\"image\":{\"@type\":\"ImageObject\",\"inLanguage\":\"pt-PT\",\"@id\":\"https:\/\/portaltela.pt\/s.01k8rhncp4jt1\/2025\/11\/talking-bot-125x125.png\",\"url\":\"https:\/\/portaltela.pt\/s.01k8rhncp4jt1\/2025\/11\/talking-bot-125x125.png\",\"contentUrl\":\"https:\/\/portaltela.pt\/s.01k8rhncp4jt1\/2025\/11\/talking-bot-125x125.png\",\"caption\":\"Telinha\"},\"sameAs\":[\"https:\/\/portaltela.pt\/\"],\"url\":\"https:\/\/portaltela.pt\/por\/367410592786\/\"}]}<\/script>\n<!-- \/ Yoast SEO plugin. -->","yoast_head_json":{"title":"Quaresma e Diamantino Miranda refor\u00e7am Conselho da Administra\u00e7\u00e3o da FPF - Portal Tela Portugal","robots":{"index":"index","follow":"follow","max-snippet":"max-snippet:-1","max-image-preview":"max-image-preview:large","max-video-preview":"max-video-preview:-1"},"og_locale":"pt_PT","og_type":"article","og_title":"Quaresma e Diamantino Miranda refor\u00e7am Conselho da Administra\u00e7\u00e3o da FPF - Portal Tela Portugal","og_description":"Ricardo Quaresma e Diamantino Miranda tomaram posse como vogais do Conselho de Administra\u00e7\u00e3o da Funda\u00e7\u00e3o FPF, numa reuni\u00e3o realizada na Cidade do Futebol e liderada por Pedro Proen\u00e7a. Estiveram presentes o vice-presidente Joaquim Evangelista, a Secret\u00e1ria-Geral Helena Pires, Lu\u00eds Estrela, Raquel Esperan\u00e7a e os vogais j\u00e1 existentes Alan Os\u00f3rio, Beto Pimparel, Domingos Paci\u00eancia, Helena Costa, Matilde Fidalgo e Nelson Pereira. Quaresma disse que \u00e9 um orgulho e que est\u00e1 feliz por entrar nesta nova fam\u00edlia que tem feito um trabalho fant\u00e1stico. Diamantino Miranda afirmou, com muito gosto, que o trabalho neste campo \u00e9 bem-vindo, porque h\u00e1 muita gente que precisa de carinho. A cerim\u00f3nia marca a entrada de dois antigos internacionais portugueses no Conselho de Administra\u00e7\u00e3o da Funda\u00e7\u00e3o FPF.","og_url":"https:\/\/portaltela.pt\/noticias\/2026\/01\/15\/quaresma-e-diamantino-miranda-reforcam-conselho-da-administracao-da-fpf\/","og_site_name":"Portal Tela Portugal","article_published_time":"2026-01-15T21:30:00+00:00","author":"Telinha","twitter_card":"summary_large_image","twitter_misc":{"Escrito por":"Telinha","Tempo estimado de leitura":"1 minuto"},"schema":{"@context":"https:\/\/schema.org","@graph":[{"@type":"Article","@id":"https:\/\/portaltela.pt\/noticias\/2026\/01\/15\/quaresma-e-diamantino-miranda-reforcam-conselho-da-administracao-da-fpf\/#article","isPartOf":{"@id":"https:\/\/portaltela.pt\/noticias\/2026\/01\/15\/quaresma-e-diamantino-miranda-reforcam-conselho-da-administracao-da-fpf\/"},"author":{"name":"Telinha","@id":"https:\/\/portaltela.pt\/#\/schema\/person\/c4278d4a6028830caff9ee44b42d32ed"},"headline":"Quaresma e Diamantino Miranda refor\u00e7am Conselho da Administra\u00e7\u00e3o da FPF","datePublished":"2026-01-15T21:30:00+00:00","mainEntityOfPage":{"@id":"https:\/\/portaltela.pt\/noticias\/2026\/01\/15\/quaresma-e-diamantino-miranda-reforcam-conselho-da-administracao-da-fpf\/"},"wordCount":156,"image":{"@id":"https:\/\/portaltela.pt\/noticias\/2026\/01\/15\/quaresma-e-diamantino-miranda-reforcam-conselho-da-administracao-da-fpf\/#primaryimage"},"thumbnailUrl":"https:\/\/portaltela.pt\/s.01k8rhncp4jt1\/2026\/01\/img_920x518uu2026-01-15-21-18-48-2415036.jpg","keywords":["Conselho de Administra\u00e7\u00e3o","Conselho Fiscal","Diamantino Miranda","futebol","Quaresma"],"articleSection":["Desporto","Futebol"],"inLanguage":"pt-PT"},{"@type":"WebPage","@id":"https:\/\/portaltela.pt\/noticias\/2026\/01\/15\/quaresma-e-diamantino-miranda-reforcam-conselho-da-administracao-da-fpf\/","url":"https:\/\/portaltela.pt\/noticias\/2026\/01\/15\/quaresma-e-diamantino-miranda-reforcam-conselho-da-administracao-da-fpf\/","name":"Quaresma e Diamantino Miranda refor\u00e7am Conselho da Administra\u00e7\u00e3o da FPF - Portal Tela Portugal","isPartOf":{"@id":"https:\/\/portaltela.pt\/#website"},"primaryImageOfPage":{"@id":"https:\/\/portaltela.pt\/noticias\/2026\/01\/15\/quaresma-e-diamantino-miranda-reforcam-conselho-da-administracao-da-fpf\/#primaryimage"},"image":{"@id":"https:\/\/portaltela.pt\/noticias\/2026\/01\/15\/quaresma-e-diamantino-miranda-reforcam-conselho-da-administracao-da-fpf\/#primaryimage"},"thumbnailUrl":"https:\/\/portaltela.pt\/s.01k8rhncp4jt1\/2026\/01\/img_920x518uu2026-01-15-21-18-48-2415036.jpg","datePublished":"2026-01-15T21:30:00+00:00","author":{"@id":"https:\/\/portaltela.pt\/#\/schema\/person\/c4278d4a6028830caff9ee44b42d32ed"},"breadcrumb":{"@id":"https:\/\/portaltela.pt\/noticias\/2026\/01\/15\/quaresma-e-diamantino-miranda-reforcam-conselho-da-administracao-da-fpf\/#breadcrumb"},"inLanguage":"pt-PT","potentialAction":[{"@type":"ReadAction","target":["https:\/\/portaltela.pt\/noticias\/2026\/01\/15\/quaresma-e-diamantino-miranda-reforcam-conselho-da-administracao-da-fpf\/"]}]},{"@type":"ImageObject","inLanguage":"pt-PT","@id":"https:\/\/portaltela.pt\/noticias\/2026\/01\/15\/quaresma-e-diamantino-miranda-reforcam-conselho-da-administracao-da-fpf\/#primaryimage","url":"https:\/\/portaltela.pt\/s.01k8rhncp4jt1\/2026\/01\/img_920x518uu2026-01-15-21-18-48-2415036.jpg","contentUrl":"https:\/\/portaltela.pt\/s.01k8rhncp4jt1\/2026\/01\/img_920x518uu2026-01-15-21-18-48-2415036.jpg","width":796,"height":448,"caption":"Photo"},{"@type":"BreadcrumbList","@id":"https:\/\/portaltela.pt\/noticias\/2026\/01\/15\/quaresma-e-diamantino-miranda-reforcam-conselho-da-administracao-da-fpf\/#breadcrumb","itemListElement":[{"@type":"ListItem","position":1,"name":"In\u00edcio","item":"https:\/\/portaltela.pt\/"},{"@type":"ListItem","position":2,"name":"Quaresma e Diamantino Miranda refor\u00e7am Conselho da Administra\u00e7\u00e3o da FPF"}]},{"@type":"WebSite","@id":"https:\/\/portaltela.pt\/#website","url":"https:\/\/portaltela.pt\/","name":"Portal Tela Portugal","description":"","potentialAction":[{"@type":"SearchAction","target":{"@type":"EntryPoint","urlTemplate":"https:\/\/portaltela.pt\/?s={search_term_string}"},"query-input":{"@type":"PropertyValueSpecification","valueRequired":true,"valueName":"search_term_string"}}],"inLanguage":"pt-PT"},{"@type":"Person","@id":"https:\/\/portaltela.pt\/#\/schema\/person\/c4278d4a6028830caff9ee44b42d32ed","name":"Telinha","image":{"@type":"ImageObject","inLanguage":"pt-PT","@id":"https:\/\/portaltela.pt\/s.01k8rhncp4jt1\/2025\/11\/talking-bot-125x125.png","url":"https:\/\/portaltela.pt\/s.01k8rhncp4jt1\/2025\/11\/talking-bot-125x125.png","contentUrl":"https:\/\/portaltela.pt\/s.01k8rhncp4jt1\/2025\/11\/talking-bot-125x125.png","caption":"Telinha"},"sameAs":["https:\/\/portaltela.pt\/"],"url":"https:\/\/portaltela.pt\/por\/367410592786\/"}]}},"_links":{"self":[{"href":"https:\/\/portaltela.pt\/api\/wp\/v2\/posts\/145622","targetHints":{"allow":["GET"]}}],"collection":[{"href":"https:\/\/portaltela.pt\/api\/wp\/v2\/posts"}],"about":[{"href":"https:\/\/portaltela.pt\/api\/wp\/v2\/types\/post"}],"author":[{"embeddable":true,"href":"https:\/\/portaltela.pt\/api\/wp\/v2\/users\/2"}],"replies":[{"embeddable":true,"href":"https:\/\/portaltela.pt\/api\/wp\/v2\/comments?post=145622"}],"version-history":[{"count":0,"href":"https:\/\/portaltela.pt\/api\/wp\/v2\/posts\/145622\/revisions"}],"wp:featuredmedia":[{"embeddable":true,"href":"https:\/\/portaltela.pt\/api\/wp\/v2\/media\/145624"}],"wp:attachment":[{"href":"https:\/\/portaltela.pt\/api\/wp\/v2\/media?parent=145622"}],"wp:term":[{"taxonomy":"category","embeddable":true,"href":"https:\/\/portaltela.pt\/api\/wp\/v2\/categories?post=145622"},{"taxonomy":"post_tag","embeddable":true,"href":"https:\/\/portaltela.pt\/api\/wp\/v2\/tags?post=145622"}],"curies":[{"name":"wp","href":"https:\/\/api.w.org\/{rel}","templated":true}]}}