{"id":145491,"date":"2026-01-15T17:20:50","date_gmt":"2026-01-15T20:20:50","guid":{"rendered":"https:\/\/portaltela.pt\/noticias\/2026\/01\/15\/namorada-de-ruben-dias-enfrenta-medo-de-insetos-grandes-em-africa\/"},"modified":"2026-01-15T17:20:50","modified_gmt":"2026-01-15T20:20:50","slug":"namorada-de-ruben-dias-enfrenta-medo-de-insetos-grandes-em-africa","status":"publish","type":"post","link":"https:\/\/portaltela.pt\/noticias\/2026\/01\/15\/namorada-de-ruben-dias-enfrenta-medo-de-insetos-grandes-em-africa\/","title":{"rendered":"Namorada de R\u00faben Dias enfrenta medo de insetos grandes em \u00c1frica"},"content":{"rendered":"<p>Maya Jama est\u00e1 na Cidade do Cabo, \u00c1frica, para gravar o reality show Love Island: All Stars. A equipa da ITV adiou temporariamente as grava\u00e7\u00f5es devido a inc\u00eandios florestais nas imedia\u00e7\u00f5es da villa onde decorre o programa.<\/p>\n<p>A apresentadora brit\u00e2nica relatou, pelas redes sociais, ter sido acordada por um inseto de grandes dimens\u00f5es que caiu na cama durante a noite. De acordo com a publica\u00e7\u00e3o, o animal era pesado e parecia \u201cum rato que rasteja\u201d, levando-a a dormir no sof\u00e1 com o cobertor por cima da cabe\u00e7a.<\/p>\n<p>Os inc\u00eandios que obrigaram ao atraso s\u00e3o aponta como motivo do adiamento das filmagens. Ainda n\u00e3o h\u00e1 informa\u00e7\u00f5es de feridos, apenas a necessidade de garantir a seguran\u00e7a da equipa e do elenco durante as opera\u00e7\u00f5es no local.<\/p>\n","protected":false},"excerpt":{"rendered":"<ul>\n<li>Maya Jama est\u00e1 na Cidade do Cabo, \u00c1frica, para gravar Love Island: All Stars.<\/li>\n<li>A ITV adiou as grava\u00e7\u00f5es do reality devido a inc\u00eandios florestais junto \u00e0 villa.<\/li>\n<li>A apresentadora brit\u00e2nica contou nas redes sociais que um besouro gigante caiu na cama durante a noite.<\/li>\n<li>O insecto foi descrito como parecido com uma barata, com pin\u00e7as e peso suficiente para parecer um rato.<\/li>\n<li>Acrescentou que dormiu no sof\u00e1 com um cobertor sobre a cabe\u00e7a, conforme as stories no Instagram.<\/li>\n<\/ul>\n","protected":false},"author":2,"featured_media":145492,"comment_status":"closed","ping_status":"closed","sticky":false,"template":"","format":"standard","meta":{"footnotes":""},"categories":[12,1],"tags":[1438,320,197,2780],"class_list":["post-145491","post","type-post","status-publish","format-standard","has-post-thumbnail","hentry","category-entretenimento","category-noticias","tag-incendio","tag-protecao-civil","tag-reality-show","tag-transmissoes-televisivas"],"yoast_head":"<!-- This site is optimized with the Yoast SEO plugin v27.2 - https:\/\/yoast.com\/product\/yoast-seo-wordpress\/ -->\n<title>Namorada de R\u00faben Dias enfrenta medo de insetos grandes em \u00c1frica - Portal Tela Portugal<\/title>\n<meta name=\"robots\" content=\"index, follow, max-snippet:-1, max-image-preview:large, max-video-preview:-1\" \/>\n<meta property=\"og:locale\" content=\"pt_PT\" \/>\n<meta property=\"og:type\" content=\"article\" \/>\n<meta property=\"og:title\" content=\"Namorada de R\u00faben Dias enfrenta medo de insetos grandes em \u00c1frica - Portal Tela Portugal\" \/>\n<meta property=\"og:description\" content=\"Maya Jama est\u00e1 na Cidade do Cabo, \u00c1frica, para gravar Love Island: All Stars. A ITV adiou as grava\u00e7\u00f5es do reality devido a inc\u00eandios florestais junto \u00e0 villa. A apresentadora brit\u00e2nica contou nas redes sociais que um besouro gigante caiu na cama durante a noite. O insecto foi descrito como parecido com uma barata, com pin\u00e7as e peso suficiente para parecer um rato. Acrescentou que dormiu no sof\u00e1 com um cobertor sobre a cabe\u00e7a, conforme as stories no Instagram.\" \/>\n<meta property=\"og:url\" content=\"https:\/\/portaltela.pt\/noticias\/2026\/01\/15\/namorada-de-ruben-dias-enfrenta-medo-de-insetos-grandes-em-africa\/\" \/>\n<meta property=\"og:site_name\" content=\"Portal Tela Portugal\" \/>\n<meta property=\"article:published_time\" content=\"2026-01-15T20:20:50+00:00\" \/>\n<meta name=\"author\" content=\"Telinha\" \/>\n<meta name=\"twitter:card\" content=\"summary_large_image\" \/>\n<meta name=\"twitter:label1\" content=\"Escrito por\" \/>\n\t<meta name=\"twitter:data1\" content=\"Telinha\" \/>\n\t<meta name=\"twitter:label2\" content=\"Tempo estimado de leitura\" \/>\n\t<meta name=\"twitter:data2\" content=\"1 minuto\" \/>\n<script type=\"application\/ld+json\" class=\"yoast-schema-graph\">{\"@context\":\"https:\/\/schema.org\",\"@graph\":[{\"@type\":\"Article\",\"@id\":\"https:\/\/portaltela.pt\/noticias\/2026\/01\/15\/namorada-de-ruben-dias-enfrenta-medo-de-insetos-grandes-em-africa\/#article\",\"isPartOf\":{\"@id\":\"https:\/\/portaltela.pt\/noticias\/2026\/01\/15\/namorada-de-ruben-dias-enfrenta-medo-de-insetos-grandes-em-africa\/\"},\"author\":{\"name\":\"Telinha\",\"@id\":\"https:\/\/portaltela.pt\/#\/schema\/person\/c4278d4a6028830caff9ee44b42d32ed\"},\"headline\":\"Namorada de R\u00faben Dias enfrenta medo de insetos grandes em \u00c1frica\",\"datePublished\":\"2026-01-15T20:20:50+00:00\",\"mainEntityOfPage\":{\"@id\":\"https:\/\/portaltela.pt\/noticias\/2026\/01\/15\/namorada-de-ruben-dias-enfrenta-medo-de-insetos-grandes-em-africa\/\"},\"wordCount\":149,\"image\":{\"@id\":\"https:\/\/portaltela.pt\/noticias\/2026\/01\/15\/namorada-de-ruben-dias-enfrenta-medo-de-insetos-grandes-em-africa\/#primaryimage\"},\"thumbnailUrl\":\"https:\/\/portaltela.pt\/s.01k8rhncp4jt1\/2026\/01\/img_1280x718uu2025-02-21-20-44-27-2194511-im-638773701297359802.jpg\",\"keywords\":[\"inc\u00eandio\",\"prote\u00e7\u00e3o civil\",\"Reality Show\",\"transmiss\u00f5es televisivas\"],\"articleSection\":[\"Entretenimento\",\"Not\u00edcias\"],\"inLanguage\":\"pt-PT\"},{\"@type\":\"WebPage\",\"@id\":\"https:\/\/portaltela.pt\/noticias\/2026\/01\/15\/namorada-de-ruben-dias-enfrenta-medo-de-insetos-grandes-em-africa\/\",\"url\":\"https:\/\/portaltela.pt\/noticias\/2026\/01\/15\/namorada-de-ruben-dias-enfrenta-medo-de-insetos-grandes-em-africa\/\",\"name\":\"Namorada de R\u00faben Dias enfrenta medo de insetos grandes em \u00c1frica - Portal Tela Portugal\",\"isPartOf\":{\"@id\":\"https:\/\/portaltela.pt\/#website\"},\"primaryImageOfPage\":{\"@id\":\"https:\/\/portaltela.pt\/noticias\/2026\/01\/15\/namorada-de-ruben-dias-enfrenta-medo-de-insetos-grandes-em-africa\/#primaryimage\"},\"image\":{\"@id\":\"https:\/\/portaltela.pt\/noticias\/2026\/01\/15\/namorada-de-ruben-dias-enfrenta-medo-de-insetos-grandes-em-africa\/#primaryimage\"},\"thumbnailUrl\":\"https:\/\/portaltela.pt\/s.01k8rhncp4jt1\/2026\/01\/img_1280x718uu2025-02-21-20-44-27-2194511-im-638773701297359802.jpg\",\"datePublished\":\"2026-01-15T20:20:50+00:00\",\"author\":{\"@id\":\"https:\/\/portaltela.pt\/#\/schema\/person\/c4278d4a6028830caff9ee44b42d32ed\"},\"breadcrumb\":{\"@id\":\"https:\/\/portaltela.pt\/noticias\/2026\/01\/15\/namorada-de-ruben-dias-enfrenta-medo-de-insetos-grandes-em-africa\/#breadcrumb\"},\"inLanguage\":\"pt-PT\",\"potentialAction\":[{\"@type\":\"ReadAction\",\"target\":[\"https:\/\/portaltela.pt\/noticias\/2026\/01\/15\/namorada-de-ruben-dias-enfrenta-medo-de-insetos-grandes-em-africa\/\"]}]},{\"@type\":\"ImageObject\",\"inLanguage\":\"pt-PT\",\"@id\":\"https:\/\/portaltela.pt\/noticias\/2026\/01\/15\/namorada-de-ruben-dias-enfrenta-medo-de-insetos-grandes-em-africa\/#primaryimage\",\"url\":\"https:\/\/portaltela.pt\/s.01k8rhncp4jt1\/2026\/01\/img_1280x718uu2025-02-21-20-44-27-2194511-im-638773701297359802.jpg\",\"contentUrl\":\"https:\/\/portaltela.pt\/s.01k8rhncp4jt1\/2026\/01\/img_1280x718uu2025-02-21-20-44-27-2194511-im-638773701297359802.jpg\",\"width\":796,\"height\":448,\"caption\":\"Maya Jama\"},{\"@type\":\"BreadcrumbList\",\"@id\":\"https:\/\/portaltela.pt\/noticias\/2026\/01\/15\/namorada-de-ruben-dias-enfrenta-medo-de-insetos-grandes-em-africa\/#breadcrumb\",\"itemListElement\":[{\"@type\":\"ListItem\",\"position\":1,\"name\":\"In\u00edcio\",\"item\":\"https:\/\/portaltela.pt\/\"},{\"@type\":\"ListItem\",\"position\":2,\"name\":\"Namorada de R\u00faben Dias enfrenta medo de insetos grandes em \u00c1frica\"}]},{\"@type\":\"WebSite\",\"@id\":\"https:\/\/portaltela.pt\/#website\",\"url\":\"https:\/\/portaltela.pt\/\",\"name\":\"Portal Tela Portugal\",\"description\":\"\",\"potentialAction\":[{\"@type\":\"SearchAction\",\"target\":{\"@type\":\"EntryPoint\",\"urlTemplate\":\"https:\/\/portaltela.pt\/?s={search_term_string}\"},\"query-input\":{\"@type\":\"PropertyValueSpecification\",\"valueRequired\":true,\"valueName\":\"search_term_string\"}}],\"inLanguage\":\"pt-PT\"},{\"@type\":\"Person\",\"@id\":\"https:\/\/portaltela.pt\/#\/schema\/person\/c4278d4a6028830caff9ee44b42d32ed\",\"name\":\"Telinha\",\"image\":{\"@type\":\"ImageObject\",\"inLanguage\":\"pt-PT\",\"@id\":\"https:\/\/portaltela.pt\/s.01k8rhncp4jt1\/2025\/11\/talking-bot-125x125.png\",\"url\":\"https:\/\/portaltela.pt\/s.01k8rhncp4jt1\/2025\/11\/talking-bot-125x125.png\",\"contentUrl\":\"https:\/\/portaltela.pt\/s.01k8rhncp4jt1\/2025\/11\/talking-bot-125x125.png\",\"caption\":\"Telinha\"},\"sameAs\":[\"https:\/\/portaltela.pt\/\"],\"url\":\"https:\/\/portaltela.pt\/por\/367410592786\/\"}]}<\/script>\n<!-- \/ Yoast SEO plugin. -->","yoast_head_json":{"title":"Namorada de R\u00faben Dias enfrenta medo de insetos grandes em \u00c1frica - Portal Tela Portugal","robots":{"index":"index","follow":"follow","max-snippet":"max-snippet:-1","max-image-preview":"max-image-preview:large","max-video-preview":"max-video-preview:-1"},"og_locale":"pt_PT","og_type":"article","og_title":"Namorada de R\u00faben Dias enfrenta medo de insetos grandes em \u00c1frica - Portal Tela Portugal","og_description":"Maya Jama est\u00e1 na Cidade do Cabo, \u00c1frica, para gravar Love Island: All Stars. A ITV adiou as grava\u00e7\u00f5es do reality devido a inc\u00eandios florestais junto \u00e0 villa. A apresentadora brit\u00e2nica contou nas redes sociais que um besouro gigante caiu na cama durante a noite. O insecto foi descrito como parecido com uma barata, com pin\u00e7as e peso suficiente para parecer um rato. Acrescentou que dormiu no sof\u00e1 com um cobertor sobre a cabe\u00e7a, conforme as stories no Instagram.","og_url":"https:\/\/portaltela.pt\/noticias\/2026\/01\/15\/namorada-de-ruben-dias-enfrenta-medo-de-insetos-grandes-em-africa\/","og_site_name":"Portal Tela Portugal","article_published_time":"2026-01-15T20:20:50+00:00","author":"Telinha","twitter_card":"summary_large_image","twitter_misc":{"Escrito por":"Telinha","Tempo estimado de leitura":"1 minuto"},"schema":{"@context":"https:\/\/schema.org","@graph":[{"@type":"Article","@id":"https:\/\/portaltela.pt\/noticias\/2026\/01\/15\/namorada-de-ruben-dias-enfrenta-medo-de-insetos-grandes-em-africa\/#article","isPartOf":{"@id":"https:\/\/portaltela.pt\/noticias\/2026\/01\/15\/namorada-de-ruben-dias-enfrenta-medo-de-insetos-grandes-em-africa\/"},"author":{"name":"Telinha","@id":"https:\/\/portaltela.pt\/#\/schema\/person\/c4278d4a6028830caff9ee44b42d32ed"},"headline":"Namorada de R\u00faben Dias enfrenta medo de insetos grandes em \u00c1frica","datePublished":"2026-01-15T20:20:50+00:00","mainEntityOfPage":{"@id":"https:\/\/portaltela.pt\/noticias\/2026\/01\/15\/namorada-de-ruben-dias-enfrenta-medo-de-insetos-grandes-em-africa\/"},"wordCount":149,"image":{"@id":"https:\/\/portaltela.pt\/noticias\/2026\/01\/15\/namorada-de-ruben-dias-enfrenta-medo-de-insetos-grandes-em-africa\/#primaryimage"},"thumbnailUrl":"https:\/\/portaltela.pt\/s.01k8rhncp4jt1\/2026\/01\/img_1280x718uu2025-02-21-20-44-27-2194511-im-638773701297359802.jpg","keywords":["inc\u00eandio","prote\u00e7\u00e3o civil","Reality Show","transmiss\u00f5es televisivas"],"articleSection":["Entretenimento","Not\u00edcias"],"inLanguage":"pt-PT"},{"@type":"WebPage","@id":"https:\/\/portaltela.pt\/noticias\/2026\/01\/15\/namorada-de-ruben-dias-enfrenta-medo-de-insetos-grandes-em-africa\/","url":"https:\/\/portaltela.pt\/noticias\/2026\/01\/15\/namorada-de-ruben-dias-enfrenta-medo-de-insetos-grandes-em-africa\/","name":"Namorada de R\u00faben Dias enfrenta medo de insetos grandes em \u00c1frica - Portal Tela Portugal","isPartOf":{"@id":"https:\/\/portaltela.pt\/#website"},"primaryImageOfPage":{"@id":"https:\/\/portaltela.pt\/noticias\/2026\/01\/15\/namorada-de-ruben-dias-enfrenta-medo-de-insetos-grandes-em-africa\/#primaryimage"},"image":{"@id":"https:\/\/portaltela.pt\/noticias\/2026\/01\/15\/namorada-de-ruben-dias-enfrenta-medo-de-insetos-grandes-em-africa\/#primaryimage"},"thumbnailUrl":"https:\/\/portaltela.pt\/s.01k8rhncp4jt1\/2026\/01\/img_1280x718uu2025-02-21-20-44-27-2194511-im-638773701297359802.jpg","datePublished":"2026-01-15T20:20:50+00:00","author":{"@id":"https:\/\/portaltela.pt\/#\/schema\/person\/c4278d4a6028830caff9ee44b42d32ed"},"breadcrumb":{"@id":"https:\/\/portaltela.pt\/noticias\/2026\/01\/15\/namorada-de-ruben-dias-enfrenta-medo-de-insetos-grandes-em-africa\/#breadcrumb"},"inLanguage":"pt-PT","potentialAction":[{"@type":"ReadAction","target":["https:\/\/portaltela.pt\/noticias\/2026\/01\/15\/namorada-de-ruben-dias-enfrenta-medo-de-insetos-grandes-em-africa\/"]}]},{"@type":"ImageObject","inLanguage":"pt-PT","@id":"https:\/\/portaltela.pt\/noticias\/2026\/01\/15\/namorada-de-ruben-dias-enfrenta-medo-de-insetos-grandes-em-africa\/#primaryimage","url":"https:\/\/portaltela.pt\/s.01k8rhncp4jt1\/2026\/01\/img_1280x718uu2025-02-21-20-44-27-2194511-im-638773701297359802.jpg","contentUrl":"https:\/\/portaltela.pt\/s.01k8rhncp4jt1\/2026\/01\/img_1280x718uu2025-02-21-20-44-27-2194511-im-638773701297359802.jpg","width":796,"height":448,"caption":"Maya Jama"},{"@type":"BreadcrumbList","@id":"https:\/\/portaltela.pt\/noticias\/2026\/01\/15\/namorada-de-ruben-dias-enfrenta-medo-de-insetos-grandes-em-africa\/#breadcrumb","itemListElement":[{"@type":"ListItem","position":1,"name":"In\u00edcio","item":"https:\/\/portaltela.pt\/"},{"@type":"ListItem","position":2,"name":"Namorada de R\u00faben Dias enfrenta medo de insetos grandes em \u00c1frica"}]},{"@type":"WebSite","@id":"https:\/\/portaltela.pt\/#website","url":"https:\/\/portaltela.pt\/","name":"Portal Tela Portugal","description":"","potentialAction":[{"@type":"SearchAction","target":{"@type":"EntryPoint","urlTemplate":"https:\/\/portaltela.pt\/?s={search_term_string}"},"query-input":{"@type":"PropertyValueSpecification","valueRequired":true,"valueName":"search_term_string"}}],"inLanguage":"pt-PT"},{"@type":"Person","@id":"https:\/\/portaltela.pt\/#\/schema\/person\/c4278d4a6028830caff9ee44b42d32ed","name":"Telinha","image":{"@type":"ImageObject","inLanguage":"pt-PT","@id":"https:\/\/portaltela.pt\/s.01k8rhncp4jt1\/2025\/11\/talking-bot-125x125.png","url":"https:\/\/portaltela.pt\/s.01k8rhncp4jt1\/2025\/11\/talking-bot-125x125.png","contentUrl":"https:\/\/portaltela.pt\/s.01k8rhncp4jt1\/2025\/11\/talking-bot-125x125.png","caption":"Telinha"},"sameAs":["https:\/\/portaltela.pt\/"],"url":"https:\/\/portaltela.pt\/por\/367410592786\/"}]}},"_links":{"self":[{"href":"https:\/\/portaltela.pt\/api\/wp\/v2\/posts\/145491","targetHints":{"allow":["GET"]}}],"collection":[{"href":"https:\/\/portaltela.pt\/api\/wp\/v2\/posts"}],"about":[{"href":"https:\/\/portaltela.pt\/api\/wp\/v2\/types\/post"}],"author":[{"embeddable":true,"href":"https:\/\/portaltela.pt\/api\/wp\/v2\/users\/2"}],"replies":[{"embeddable":true,"href":"https:\/\/portaltela.pt\/api\/wp\/v2\/comments?post=145491"}],"version-history":[{"count":0,"href":"https:\/\/portaltela.pt\/api\/wp\/v2\/posts\/145491\/revisions"}],"wp:featuredmedia":[{"embeddable":true,"href":"https:\/\/portaltela.pt\/api\/wp\/v2\/media\/145492"}],"wp:attachment":[{"href":"https:\/\/portaltela.pt\/api\/wp\/v2\/media?parent=145491"}],"wp:term":[{"taxonomy":"category","embeddable":true,"href":"https:\/\/portaltela.pt\/api\/wp\/v2\/categories?post=145491"},{"taxonomy":"post_tag","embeddable":true,"href":"https:\/\/portaltela.pt\/api\/wp\/v2\/tags?post=145491"}],"curies":[{"name":"wp","href":"https:\/\/api.w.org\/{rel}","templated":true}]}}