{"id":145338,"date":"2026-01-15T11:19:00","date_gmt":"2026-01-15T14:19:00","guid":{"rendered":"https:\/\/portaltela.pt\/noticias\/2026\/01\/15\/fc-porto-destaca-golo-de-bednarek-no-classico-frente-a-jorge-costa\/"},"modified":"2026-01-15T11:19:00","modified_gmt":"2026-01-15T14:19:00","slug":"fc-porto-destaca-golo-de-bednarek-no-classico-frente-a-jorge-costa","status":"publish","type":"post","link":"https:\/\/portaltela.pt\/desporto\/futebol\/2026\/01\/15\/fc-porto-destaca-golo-de-bednarek-no-classico-frente-a-jorge-costa\/","title":{"rendered":"FC Porto destaca golo de Bednarek no cl\u00e1ssico frente a Jorge Costa"},"content":{"rendered":"<p>O FC Porto publicou nas redes sociais uma compara\u00e7\u00e3o entre um golo de Bednarek, atual defesa dos azuis e brancos, e um tento hist\u00f3rico do antigo capit\u00e3o Jorge Costa. A mensagem associa o momento do cl\u00e1ssico da Ta\u00e7a de Portugal desta quarta-feira a uma jogada lembrada pelo clube como parte de uma homenagem.<\/p>\n<p>O clube recorda que Jorge Costa foi capit\u00e3o do Benfica numa vit\u00f3ria por 3-1 na \u00e9poca 1996\/97, disputada no Est\u00e1dio das Antas. A publica\u00e7\u00e3o insinua que o golo de Bednarek ter\u00e1 um esp\u00edrito e um ADN semelhantes ao da jogada antiga.<\/p>\n<p>Segundo o FC Porto, a publica\u00e7\u00e3o enquadra-se numa celebra\u00e7\u00e3o de mem\u00f3ria associada ao esp\u00edrito do clube. O epis\u00f3dio envolve Bednarek, atual jogador do Porto, e Jorge Costa, falecido no ano anterior, cuja hist\u00f3ria fica ligada ao cl\u00e1ssico. A refer\u00eancia foi partilhada ap\u00f3s o duelo da Ta\u00e7a de Portugal.<\/p>\n<h3>Homenagem a uma refer\u00eancia hist\u00f3rica<\/h3>\n<p>A publica\u00e7\u00e3o da equipa azul e branca refor\u00e7a a liga\u00e7\u00e3o entre o golo de Bednarek e o da era de Jorge Costa, destacando o impacto emocional e o legado do ex-capit\u00e3o. N\u00e3o s\u00e3o apresentadas declara\u00e7\u00f5es diretas do clube al\u00e9m da mensagem de homenagem.<\/p>\n<p>A not\u00edcia \u00e9 uma nota de contexto sobre a forma como o Porto tem retratado momentos do seu historial. A imprensa tem referido que a homenagem visa reconhecer a liga\u00e7\u00e3o entre os jogadores atuais e o passado glorioso do clube. A mat\u00e9ria baseia-se na comunica\u00e7\u00e3o publicada pelo FC Porto.<\/p>\n","protected":false},"excerpt":{"rendered":"<ul>\n<li>O FC Porto publicou nas redes sociais uma compara\u00e7\u00e3o entre o golo de Bednarek no cl\u00e1ssico da Ta\u00e7a de Portugal desta quarta-feira e um remate de Jorge Costa.<\/li>\n<li>A publica\u00e7\u00e3o associa o tento do polaco a uma jogada do antigo capit\u00e3o do clube, falecido no ano passado.<\/li>\n<li>O golo de Costa ocorreu na \u00e9poca 1996\/97, na vit\u00f3ria por 3-1 sobre o Benfica no Est\u00e1dio das Antas.<\/li>\n<li>O FC Porto refere o salto de Bednarek como um \u201cimpulso coletivo\u201d que todos sentiram.<\/li>\n<li>A refer\u00eancia faz parte da homenagem do clube a Jorge Costa, sem outros desdobramentos ou conclus\u00f5es.<\/li>\n<\/ul>\n","protected":false},"author":2,"featured_media":145343,"comment_status":"closed","ping_status":"closed","sticky":false,"template":"","format":"standard","meta":{"footnotes":""},"categories":[21,24],"tags":[3160,2028,32,3019,982,1266],"class_list":["post-145338","post","type-post","status-publish","format-standard","has-post-thumbnail","hentry","category-desporto","category-futebol","tag-bednarek","tag-fc-porto","tag-futebol","tag-jorge-costa","tag-porto","tag-taca-de-portugal"],"yoast_head":"<!-- This site is optimized with the Yoast SEO plugin v27.2 - https:\/\/yoast.com\/product\/yoast-seo-wordpress\/ -->\n<title>FC Porto destaca golo de Bednarek no cl\u00e1ssico frente a Jorge Costa - Portal Tela Portugal<\/title>\n<meta name=\"robots\" content=\"index, follow, max-snippet:-1, max-image-preview:large, max-video-preview:-1\" \/>\n<meta property=\"og:locale\" content=\"pt_PT\" \/>\n<meta property=\"og:type\" content=\"article\" \/>\n<meta property=\"og:title\" content=\"FC Porto destaca golo de Bednarek no cl\u00e1ssico frente a Jorge Costa - Portal Tela Portugal\" \/>\n<meta property=\"og:description\" content=\"O FC Porto publicou nas redes sociais uma compara\u00e7\u00e3o entre o golo de Bednarek no cl\u00e1ssico da Ta\u00e7a de Portugal desta quarta-feira e um remate de Jorge Costa. A publica\u00e7\u00e3o associa o tento do polaco a uma jogada do antigo capit\u00e3o do clube, falecido no ano passado. O golo de Costa ocorreu na \u00e9poca 1996\/97, na vit\u00f3ria por 3-1 sobre o Benfica no Est\u00e1dio das Antas. O FC Porto refere o salto de Bednarek como um \u201cimpulso coletivo\u201d que todos sentiram. A refer\u00eancia faz parte da homenagem do clube a Jorge Costa, sem outros desdobramentos ou conclus\u00f5es.\" \/>\n<meta property=\"og:url\" content=\"https:\/\/portaltela.pt\/noticias\/2026\/01\/15\/fc-porto-destaca-golo-de-bednarek-no-classico-frente-a-jorge-costa\/\" \/>\n<meta property=\"og:site_name\" content=\"Portal Tela Portugal\" \/>\n<meta property=\"article:published_time\" content=\"2026-01-15T14:19:00+00:00\" \/>\n<meta name=\"author\" content=\"Telinha\" \/>\n<meta name=\"twitter:card\" content=\"summary_large_image\" \/>\n<meta name=\"twitter:label1\" content=\"Escrito por\" \/>\n\t<meta name=\"twitter:data1\" content=\"Telinha\" \/>\n\t<meta name=\"twitter:label2\" content=\"Tempo estimado de leitura\" \/>\n\t<meta name=\"twitter:data2\" content=\"1 minuto\" \/>\n<script type=\"application\/ld+json\" class=\"yoast-schema-graph\">{\"@context\":\"https:\/\/schema.org\",\"@graph\":[{\"@type\":\"Article\",\"@id\":\"https:\/\/portaltela.pt\/noticias\/2026\/01\/15\/fc-porto-destaca-golo-de-bednarek-no-classico-frente-a-jorge-costa\/#article\",\"isPartOf\":{\"@id\":\"https:\/\/portaltela.pt\/noticias\/2026\/01\/15\/fc-porto-destaca-golo-de-bednarek-no-classico-frente-a-jorge-costa\/\"},\"author\":{\"name\":\"Telinha\",\"@id\":\"https:\/\/portaltela.pt\/#\/schema\/person\/c4278d4a6028830caff9ee44b42d32ed\"},\"headline\":\"FC Porto destaca golo de Bednarek no cl\u00e1ssico frente a Jorge Costa\",\"datePublished\":\"2026-01-15T14:19:00+00:00\",\"mainEntityOfPage\":{\"@id\":\"https:\/\/portaltela.pt\/noticias\/2026\/01\/15\/fc-porto-destaca-golo-de-bednarek-no-classico-frente-a-jorge-costa\/\"},\"wordCount\":284,\"image\":{\"@id\":\"https:\/\/portaltela.pt\/noticias\/2026\/01\/15\/fc-porto-destaca-golo-de-bednarek-no-classico-frente-a-jorge-costa\/#primaryimage\"},\"thumbnailUrl\":\"https:\/\/portaltela.pt\/s.01k8rhncp4jt1\/2026\/01\/img_1200x721uu2026-01-15-14-07-50-2414928-3.jpg\",\"keywords\":[\"Bednarek\",\"FC Porto\",\"futebol\",\"Jorge Costa\",\"Porto\",\"Ta\u00e7a de Portugal\"],\"articleSection\":[\"Desporto\",\"Futebol\"],\"inLanguage\":\"pt-PT\"},{\"@type\":\"WebPage\",\"@id\":\"https:\/\/portaltela.pt\/noticias\/2026\/01\/15\/fc-porto-destaca-golo-de-bednarek-no-classico-frente-a-jorge-costa\/\",\"url\":\"https:\/\/portaltela.pt\/noticias\/2026\/01\/15\/fc-porto-destaca-golo-de-bednarek-no-classico-frente-a-jorge-costa\/\",\"name\":\"FC Porto destaca golo de Bednarek no cl\u00e1ssico frente a Jorge Costa - Portal Tela Portugal\",\"isPartOf\":{\"@id\":\"https:\/\/portaltela.pt\/#website\"},\"primaryImageOfPage\":{\"@id\":\"https:\/\/portaltela.pt\/noticias\/2026\/01\/15\/fc-porto-destaca-golo-de-bednarek-no-classico-frente-a-jorge-costa\/#primaryimage\"},\"image\":{\"@id\":\"https:\/\/portaltela.pt\/noticias\/2026\/01\/15\/fc-porto-destaca-golo-de-bednarek-no-classico-frente-a-jorge-costa\/#primaryimage\"},\"thumbnailUrl\":\"https:\/\/portaltela.pt\/s.01k8rhncp4jt1\/2026\/01\/img_1200x721uu2026-01-15-14-07-50-2414928-3.jpg\",\"datePublished\":\"2026-01-15T14:19:00+00:00\",\"author\":{\"@id\":\"https:\/\/portaltela.pt\/#\/schema\/person\/c4278d4a6028830caff9ee44b42d32ed\"},\"breadcrumb\":{\"@id\":\"https:\/\/portaltela.pt\/noticias\/2026\/01\/15\/fc-porto-destaca-golo-de-bednarek-no-classico-frente-a-jorge-costa\/#breadcrumb\"},\"inLanguage\":\"pt-PT\",\"potentialAction\":[{\"@type\":\"ReadAction\",\"target\":[\"https:\/\/portaltela.pt\/noticias\/2026\/01\/15\/fc-porto-destaca-golo-de-bednarek-no-classico-frente-a-jorge-costa\/\"]}]},{\"@type\":\"ImageObject\",\"inLanguage\":\"pt-PT\",\"@id\":\"https:\/\/portaltela.pt\/noticias\/2026\/01\/15\/fc-porto-destaca-golo-de-bednarek-no-classico-frente-a-jorge-costa\/#primaryimage\",\"url\":\"https:\/\/portaltela.pt\/s.01k8rhncp4jt1\/2026\/01\/img_1200x721uu2026-01-15-14-07-50-2414928-3.jpg\",\"contentUrl\":\"https:\/\/portaltela.pt\/s.01k8rhncp4jt1\/2026\/01\/img_1200x721uu2026-01-15-14-07-50-2414928-3.jpg\",\"width\":796,\"height\":448,\"caption\":\"FC Porto destaca golo no cl\u00e1ssico de Bednarek '\u00e0 Jorge Costa'\"},{\"@type\":\"BreadcrumbList\",\"@id\":\"https:\/\/portaltela.pt\/noticias\/2026\/01\/15\/fc-porto-destaca-golo-de-bednarek-no-classico-frente-a-jorge-costa\/#breadcrumb\",\"itemListElement\":[{\"@type\":\"ListItem\",\"position\":1,\"name\":\"In\u00edcio\",\"item\":\"https:\/\/portaltela.pt\/\"},{\"@type\":\"ListItem\",\"position\":2,\"name\":\"FC Porto destaca golo de Bednarek no cl\u00e1ssico frente a Jorge Costa\"}]},{\"@type\":\"WebSite\",\"@id\":\"https:\/\/portaltela.pt\/#website\",\"url\":\"https:\/\/portaltela.pt\/\",\"name\":\"Portal Tela Portugal\",\"description\":\"\",\"potentialAction\":[{\"@type\":\"SearchAction\",\"target\":{\"@type\":\"EntryPoint\",\"urlTemplate\":\"https:\/\/portaltela.pt\/?s={search_term_string}\"},\"query-input\":{\"@type\":\"PropertyValueSpecification\",\"valueRequired\":true,\"valueName\":\"search_term_string\"}}],\"inLanguage\":\"pt-PT\"},{\"@type\":\"Person\",\"@id\":\"https:\/\/portaltela.pt\/#\/schema\/person\/c4278d4a6028830caff9ee44b42d32ed\",\"name\":\"Telinha\",\"image\":{\"@type\":\"ImageObject\",\"inLanguage\":\"pt-PT\",\"@id\":\"https:\/\/portaltela.pt\/s.01k8rhncp4jt1\/2025\/11\/talking-bot-125x125.png\",\"url\":\"https:\/\/portaltela.pt\/s.01k8rhncp4jt1\/2025\/11\/talking-bot-125x125.png\",\"contentUrl\":\"https:\/\/portaltela.pt\/s.01k8rhncp4jt1\/2025\/11\/talking-bot-125x125.png\",\"caption\":\"Telinha\"},\"sameAs\":[\"https:\/\/portaltela.pt\/\"],\"url\":\"https:\/\/portaltela.pt\/por\/367410592786\/\"}]}<\/script>\n<!-- \/ Yoast SEO plugin. -->","yoast_head_json":{"title":"FC Porto destaca golo de Bednarek no cl\u00e1ssico frente a Jorge Costa - Portal Tela Portugal","robots":{"index":"index","follow":"follow","max-snippet":"max-snippet:-1","max-image-preview":"max-image-preview:large","max-video-preview":"max-video-preview:-1"},"og_locale":"pt_PT","og_type":"article","og_title":"FC Porto destaca golo de Bednarek no cl\u00e1ssico frente a Jorge Costa - Portal Tela Portugal","og_description":"O FC Porto publicou nas redes sociais uma compara\u00e7\u00e3o entre o golo de Bednarek no cl\u00e1ssico da Ta\u00e7a de Portugal desta quarta-feira e um remate de Jorge Costa. A publica\u00e7\u00e3o associa o tento do polaco a uma jogada do antigo capit\u00e3o do clube, falecido no ano passado. O golo de Costa ocorreu na \u00e9poca 1996\/97, na vit\u00f3ria por 3-1 sobre o Benfica no Est\u00e1dio das Antas. O FC Porto refere o salto de Bednarek como um \u201cimpulso coletivo\u201d que todos sentiram. A refer\u00eancia faz parte da homenagem do clube a Jorge Costa, sem outros desdobramentos ou conclus\u00f5es.","og_url":"https:\/\/portaltela.pt\/noticias\/2026\/01\/15\/fc-porto-destaca-golo-de-bednarek-no-classico-frente-a-jorge-costa\/","og_site_name":"Portal Tela Portugal","article_published_time":"2026-01-15T14:19:00+00:00","author":"Telinha","twitter_card":"summary_large_image","twitter_misc":{"Escrito por":"Telinha","Tempo estimado de leitura":"1 minuto"},"schema":{"@context":"https:\/\/schema.org","@graph":[{"@type":"Article","@id":"https:\/\/portaltela.pt\/noticias\/2026\/01\/15\/fc-porto-destaca-golo-de-bednarek-no-classico-frente-a-jorge-costa\/#article","isPartOf":{"@id":"https:\/\/portaltela.pt\/noticias\/2026\/01\/15\/fc-porto-destaca-golo-de-bednarek-no-classico-frente-a-jorge-costa\/"},"author":{"name":"Telinha","@id":"https:\/\/portaltela.pt\/#\/schema\/person\/c4278d4a6028830caff9ee44b42d32ed"},"headline":"FC Porto destaca golo de Bednarek no cl\u00e1ssico frente a Jorge Costa","datePublished":"2026-01-15T14:19:00+00:00","mainEntityOfPage":{"@id":"https:\/\/portaltela.pt\/noticias\/2026\/01\/15\/fc-porto-destaca-golo-de-bednarek-no-classico-frente-a-jorge-costa\/"},"wordCount":284,"image":{"@id":"https:\/\/portaltela.pt\/noticias\/2026\/01\/15\/fc-porto-destaca-golo-de-bednarek-no-classico-frente-a-jorge-costa\/#primaryimage"},"thumbnailUrl":"https:\/\/portaltela.pt\/s.01k8rhncp4jt1\/2026\/01\/img_1200x721uu2026-01-15-14-07-50-2414928-3.jpg","keywords":["Bednarek","FC Porto","futebol","Jorge Costa","Porto","Ta\u00e7a de Portugal"],"articleSection":["Desporto","Futebol"],"inLanguage":"pt-PT"},{"@type":"WebPage","@id":"https:\/\/portaltela.pt\/noticias\/2026\/01\/15\/fc-porto-destaca-golo-de-bednarek-no-classico-frente-a-jorge-costa\/","url":"https:\/\/portaltela.pt\/noticias\/2026\/01\/15\/fc-porto-destaca-golo-de-bednarek-no-classico-frente-a-jorge-costa\/","name":"FC Porto destaca golo de Bednarek no cl\u00e1ssico frente a Jorge Costa - Portal Tela Portugal","isPartOf":{"@id":"https:\/\/portaltela.pt\/#website"},"primaryImageOfPage":{"@id":"https:\/\/portaltela.pt\/noticias\/2026\/01\/15\/fc-porto-destaca-golo-de-bednarek-no-classico-frente-a-jorge-costa\/#primaryimage"},"image":{"@id":"https:\/\/portaltela.pt\/noticias\/2026\/01\/15\/fc-porto-destaca-golo-de-bednarek-no-classico-frente-a-jorge-costa\/#primaryimage"},"thumbnailUrl":"https:\/\/portaltela.pt\/s.01k8rhncp4jt1\/2026\/01\/img_1200x721uu2026-01-15-14-07-50-2414928-3.jpg","datePublished":"2026-01-15T14:19:00+00:00","author":{"@id":"https:\/\/portaltela.pt\/#\/schema\/person\/c4278d4a6028830caff9ee44b42d32ed"},"breadcrumb":{"@id":"https:\/\/portaltela.pt\/noticias\/2026\/01\/15\/fc-porto-destaca-golo-de-bednarek-no-classico-frente-a-jorge-costa\/#breadcrumb"},"inLanguage":"pt-PT","potentialAction":[{"@type":"ReadAction","target":["https:\/\/portaltela.pt\/noticias\/2026\/01\/15\/fc-porto-destaca-golo-de-bednarek-no-classico-frente-a-jorge-costa\/"]}]},{"@type":"ImageObject","inLanguage":"pt-PT","@id":"https:\/\/portaltela.pt\/noticias\/2026\/01\/15\/fc-porto-destaca-golo-de-bednarek-no-classico-frente-a-jorge-costa\/#primaryimage","url":"https:\/\/portaltela.pt\/s.01k8rhncp4jt1\/2026\/01\/img_1200x721uu2026-01-15-14-07-50-2414928-3.jpg","contentUrl":"https:\/\/portaltela.pt\/s.01k8rhncp4jt1\/2026\/01\/img_1200x721uu2026-01-15-14-07-50-2414928-3.jpg","width":796,"height":448,"caption":"FC Porto destaca golo no cl\u00e1ssico de Bednarek '\u00e0 Jorge Costa'"},{"@type":"BreadcrumbList","@id":"https:\/\/portaltela.pt\/noticias\/2026\/01\/15\/fc-porto-destaca-golo-de-bednarek-no-classico-frente-a-jorge-costa\/#breadcrumb","itemListElement":[{"@type":"ListItem","position":1,"name":"In\u00edcio","item":"https:\/\/portaltela.pt\/"},{"@type":"ListItem","position":2,"name":"FC Porto destaca golo de Bednarek no cl\u00e1ssico frente a Jorge Costa"}]},{"@type":"WebSite","@id":"https:\/\/portaltela.pt\/#website","url":"https:\/\/portaltela.pt\/","name":"Portal Tela Portugal","description":"","potentialAction":[{"@type":"SearchAction","target":{"@type":"EntryPoint","urlTemplate":"https:\/\/portaltela.pt\/?s={search_term_string}"},"query-input":{"@type":"PropertyValueSpecification","valueRequired":true,"valueName":"search_term_string"}}],"inLanguage":"pt-PT"},{"@type":"Person","@id":"https:\/\/portaltela.pt\/#\/schema\/person\/c4278d4a6028830caff9ee44b42d32ed","name":"Telinha","image":{"@type":"ImageObject","inLanguage":"pt-PT","@id":"https:\/\/portaltela.pt\/s.01k8rhncp4jt1\/2025\/11\/talking-bot-125x125.png","url":"https:\/\/portaltela.pt\/s.01k8rhncp4jt1\/2025\/11\/talking-bot-125x125.png","contentUrl":"https:\/\/portaltela.pt\/s.01k8rhncp4jt1\/2025\/11\/talking-bot-125x125.png","caption":"Telinha"},"sameAs":["https:\/\/portaltela.pt\/"],"url":"https:\/\/portaltela.pt\/por\/367410592786\/"}]}},"_links":{"self":[{"href":"https:\/\/portaltela.pt\/api\/wp\/v2\/posts\/145338","targetHints":{"allow":["GET"]}}],"collection":[{"href":"https:\/\/portaltela.pt\/api\/wp\/v2\/posts"}],"about":[{"href":"https:\/\/portaltela.pt\/api\/wp\/v2\/types\/post"}],"author":[{"embeddable":true,"href":"https:\/\/portaltela.pt\/api\/wp\/v2\/users\/2"}],"replies":[{"embeddable":true,"href":"https:\/\/portaltela.pt\/api\/wp\/v2\/comments?post=145338"}],"version-history":[{"count":0,"href":"https:\/\/portaltela.pt\/api\/wp\/v2\/posts\/145338\/revisions"}],"wp:featuredmedia":[{"embeddable":true,"href":"https:\/\/portaltela.pt\/api\/wp\/v2\/media\/145343"}],"wp:attachment":[{"href":"https:\/\/portaltela.pt\/api\/wp\/v2\/media?parent=145338"}],"wp:term":[{"taxonomy":"category","embeddable":true,"href":"https:\/\/portaltela.pt\/api\/wp\/v2\/categories?post=145338"},{"taxonomy":"post_tag","embeddable":true,"href":"https:\/\/portaltela.pt\/api\/wp\/v2\/tags?post=145338"}],"curies":[{"name":"wp","href":"https:\/\/api.w.org\/{rel}","templated":true}]}}