{"id":145256,"date":"2026-01-15T16:07:33","date_gmt":"2026-01-15T19:07:33","guid":{"rendered":"https:\/\/portaltela.pt\/noticias\/2026\/01\/15\/candida-auris-insa-revela-que-primeiro-caso-em-portugal-foi-detetado-em-2022\/"},"modified":"2026-01-15T16:07:33","modified_gmt":"2026-01-15T19:07:33","slug":"candida-auris-insa-revela-que-primeiro-caso-em-portugal-foi-detetado-em-2022","status":"publish","type":"post","link":"https:\/\/portaltela.pt\/noticias\/2026\/01\/15\/candida-auris-insa-revela-que-primeiro-caso-em-portugal-foi-detetado-em-2022\/","title":{"rendered":"Candida auris: INSA revela que primeiro caso em Portugal foi detetado em 2022"},"content":{"rendered":"<p>O INSA esclareceu que o primeiro caso de Candida auris em Portugal foi detetado em 2022. O Laborat\u00f3rio Nacional de Refer\u00eancia de Infe\u00e7\u00f5es Parasit\u00e1rias e F\u00fangicas confirmou o epis\u00f3dio, em resposta a informa\u00e7\u00f5es que apontavam para 2023.<\/p>\n<p>Segundo o instituto, n\u00e3o se tratou do \u00fanico caso em territ\u00f3rio nacional. Entre 2022 e 2025, amostras de v\u00e1rias unidades hospitalares das regi\u00f5es Norte e Lisboa e Vale do Tejo indicaram infec\u00e7\u00f5es por C. auris.<\/p>\n<h3>Contexto institucional e vigil\u00e2ncia<\/h3>\n<p>O LNRINFE, ligado ao Departamento de Doen\u00e7as Infecciosas, reporta os casos ao PPCIRA da Dire\u00e7\u00e3o-Geral da Sa\u00fade. A via de comunica\u00e7\u00e3o tamb\u00e9m passa ao Centro Europeu de Preven\u00e7\u00e3o e Controlo de Doen\u00e7as (ECDC).<\/p>\n<h3>Sobre a Candida auris<\/h3>\n<p>Trata-se de uma levedura que pode colonizar a pele e causar infe\u00e7\u00f5es graves em doentes com fatores de risco. A resist\u00eancia a m\u00faltiplos antif\u00fangicos complica o tratamento e facilita a transmiss\u00e3o em ambientes de sa\u00fade.<\/p>\n<h3>Situa\u00e7\u00e3o nacional e europeia<\/h3>\n<p>O ECDC alertou para a r\u00e1pida dissemina\u00e7\u00e3o nos hospitais. Entre 2013 e 2023 foram registados mais de 4 mil casos na UE\/EEE, com 1.346 casos em 2023, em 18 pa\u00edses, indicando um aumento significativo. A transmiss\u00e3o ocorre via contacto entre doentes, profissionais ou superf\u00edcies contaminadas.<\/p>\n<h3>Mortalidade associada<\/h3>\n<p>A taxa bruta de mortalidade hospitalar por Candida auris varia entre 30% e 72%, ainda com tratamento antif\u00fangico. Valores mais altos s\u00e3o observados em pacientes internados em unidades de cuidados intensivos.<\/p>\n","protected":false},"excerpt":{"rendered":"<ul>\n<li>O Instituto Nacional de Sa\u00fade Doutor Ricardo Jorge (INSA) esclareceu que o primeiro caso de Candida auris em Portugal foi detetado em 2022 pelo Laborat\u00f3rio Nacional de Refer\u00eancia (LNR) de Infe\u00e7\u00f5es Parasit\u00e1rias e F\u00fangicas do Departamento de Doen\u00e7as Infeciosas.<\/li>\n<li>A Faculdade de Medicina da Universidade do Porto (FMUP) tinha referido que os primeiros casos tinham sido identificados em 2023, num hospital da regi\u00e3o Norte.<\/li>\n<li>O INSA recorda que, entre 2022 e 2025, o LNR confirmou anualmente casos de infe\u00e7\u00e3o por Candida auris em amostras cl\u00ednicas de diversos hospitais p\u00fablicos das Regi\u00f5es de Sa\u00fade Norte e Lisboa e Vale do Tejo.<\/li>\n<li>O LNR reporta os casos ao Programa Nacional de Preven\u00e7\u00e3o e Controlo de Infe\u00e7\u00f5es e Resist\u00eancia a Antimicrobianos (PPCIRA) da Dire\u00e7\u00e3o-Geral da Sa\u00fade e, atrav\u00e9s deste, ao Centro Europeu de Preven\u00e7\u00e3o e Controlo de Doen\u00e7as (ECDC).<\/li>\n<li>A Candida auris \u00e9 uma levedura resistente a m\u00faltiplos antif\u00fangicos, que pode causar infe\u00e7\u00f5es invasivas em doentes com fatores de risco, dissemina-se por contacto entre pacientes, profissionais de sa\u00fade ou superf\u00edcies, e tem mortalidade hospitalar estimada entre 30% e 72%.<\/li>\n<\/ul>\n","protected":false},"author":2,"featured_media":145272,"comment_status":"closed","ping_status":"closed","sticky":false,"template":"","format":"standard","meta":{"footnotes":""},"categories":[1],"tags":[2487,2581,3013,215,1014,271],"class_list":["post-145256","post","type-post","status-publish","format-standard","has-post-thumbnail","hentry","category-noticias","tag-europa","tag-hospitais","tag-infecoes","tag-investigacao","tag-portugal","tag-saude-publica"],"yoast_head":"<!-- This site is optimized with the Yoast SEO plugin v27.2 - https:\/\/yoast.com\/product\/yoast-seo-wordpress\/ -->\n<title>Candida auris: INSA revela que primeiro caso em Portugal foi detetado em 2022 - Portal Tela Portugal<\/title>\n<meta name=\"robots\" content=\"index, follow, max-snippet:-1, max-image-preview:large, max-video-preview:-1\" \/>\n<meta property=\"og:locale\" content=\"pt_PT\" \/>\n<meta property=\"og:type\" content=\"article\" \/>\n<meta property=\"og:title\" content=\"Candida auris: INSA revela que primeiro caso em Portugal foi detetado em 2022 - Portal Tela Portugal\" \/>\n<meta property=\"og:description\" content=\"O Instituto Nacional de Sa\u00fade Doutor Ricardo Jorge (INSA) esclareceu que o primeiro caso de Candida auris em Portugal foi detetado em 2022 pelo Laborat\u00f3rio Nacional de Refer\u00eancia (LNR) de Infe\u00e7\u00f5es Parasit\u00e1rias e F\u00fangicas do Departamento de Doen\u00e7as Infeciosas. A Faculdade de Medicina da Universidade do Porto (FMUP) tinha referido que os primeiros casos tinham sido identificados em 2023, num hospital da regi\u00e3o Norte. O INSA recorda que, entre 2022 e 2025, o LNR confirmou anualmente casos de infe\u00e7\u00e3o por Candida auris em amostras cl\u00ednicas de diversos hospitais p\u00fablicos das Regi\u00f5es de Sa\u00fade Norte e Lisboa e Vale do Tejo. O LNR reporta os casos ao Programa Nacional de Preven\u00e7\u00e3o e Controlo de Infe\u00e7\u00f5es e Resist\u00eancia a Antimicrobianos (PPCIRA) da Dire\u00e7\u00e3o-Geral da Sa\u00fade e, atrav\u00e9s deste, ao Centro Europeu de Preven\u00e7\u00e3o e Controlo de Doen\u00e7as (ECDC). A Candida auris \u00e9 uma levedura resistente a m\u00faltiplos antif\u00fangicos, que pode causar infe\u00e7\u00f5es invasivas em doentes com fatores de risco, dissemina-se por contacto entre pacientes, profissionais de sa\u00fade ou superf\u00edcies, e tem mortalidade hospitalar estimada entre 30% e 72%.\" \/>\n<meta property=\"og:url\" content=\"https:\/\/portaltela.pt\/noticias\/2026\/01\/15\/candida-auris-insa-revela-que-primeiro-caso-em-portugal-foi-detetado-em-2022\/\" \/>\n<meta property=\"og:site_name\" content=\"Portal Tela Portugal\" \/>\n<meta property=\"article:published_time\" content=\"2026-01-15T19:07:33+00:00\" \/>\n<meta name=\"author\" content=\"Telinha\" \/>\n<meta name=\"twitter:card\" content=\"summary_large_image\" \/>\n<meta name=\"twitter:label1\" content=\"Escrito por\" \/>\n\t<meta name=\"twitter:data1\" content=\"Telinha\" \/>\n\t<meta name=\"twitter:label2\" content=\"Tempo estimado de leitura\" \/>\n\t<meta name=\"twitter:data2\" content=\"1 minuto\" \/>\n<script type=\"application\/ld+json\" class=\"yoast-schema-graph\">{\"@context\":\"https:\/\/schema.org\",\"@graph\":[{\"@type\":\"Article\",\"@id\":\"https:\/\/portaltela.pt\/noticias\/2026\/01\/15\/candida-auris-insa-revela-que-primeiro-caso-em-portugal-foi-detetado-em-2022\/#article\",\"isPartOf\":{\"@id\":\"https:\/\/portaltela.pt\/noticias\/2026\/01\/15\/candida-auris-insa-revela-que-primeiro-caso-em-portugal-foi-detetado-em-2022\/\"},\"author\":{\"name\":\"Telinha\",\"@id\":\"https:\/\/portaltela.pt\/#\/schema\/person\/c4278d4a6028830caff9ee44b42d32ed\"},\"headline\":\"Candida auris: INSA revela que primeiro caso em Portugal foi detetado em 2022\",\"datePublished\":\"2026-01-15T19:07:33+00:00\",\"mainEntityOfPage\":{\"@id\":\"https:\/\/portaltela.pt\/noticias\/2026\/01\/15\/candida-auris-insa-revela-que-primeiro-caso-em-portugal-foi-detetado-em-2022\/\"},\"wordCount\":265,\"image\":{\"@id\":\"https:\/\/portaltela.pt\/noticias\/2026\/01\/15\/candida-auris-insa-revela-que-primeiro-caso-em-portugal-foi-detetado-em-2022\/#primaryimage\"},\"thumbnailUrl\":\"https:\/\/portaltela.pt\/s.01k8rhncp4jt1\/2026\/01\/img_1500x1000uu2025-09-24-17-10-44-2237265.jpg\",\"keywords\":[\"Europa\",\"hospitais\",\"infe\u00e7\u00f5es\",\"investiga\u00e7\u00e3o\",\"Portugal\",\"sa\u00fade p\u00fablica\"],\"articleSection\":[\"Not\u00edcias\"],\"inLanguage\":\"pt-PT\"},{\"@type\":\"WebPage\",\"@id\":\"https:\/\/portaltela.pt\/noticias\/2026\/01\/15\/candida-auris-insa-revela-que-primeiro-caso-em-portugal-foi-detetado-em-2022\/\",\"url\":\"https:\/\/portaltela.pt\/noticias\/2026\/01\/15\/candida-auris-insa-revela-que-primeiro-caso-em-portugal-foi-detetado-em-2022\/\",\"name\":\"Candida auris: INSA revela que primeiro caso em Portugal foi detetado em 2022 - Portal Tela Portugal\",\"isPartOf\":{\"@id\":\"https:\/\/portaltela.pt\/#website\"},\"primaryImageOfPage\":{\"@id\":\"https:\/\/portaltela.pt\/noticias\/2026\/01\/15\/candida-auris-insa-revela-que-primeiro-caso-em-portugal-foi-detetado-em-2022\/#primaryimage\"},\"image\":{\"@id\":\"https:\/\/portaltela.pt\/noticias\/2026\/01\/15\/candida-auris-insa-revela-que-primeiro-caso-em-portugal-foi-detetado-em-2022\/#primaryimage\"},\"thumbnailUrl\":\"https:\/\/portaltela.pt\/s.01k8rhncp4jt1\/2026\/01\/img_1500x1000uu2025-09-24-17-10-44-2237265.jpg\",\"datePublished\":\"2026-01-15T19:07:33+00:00\",\"author\":{\"@id\":\"https:\/\/portaltela.pt\/#\/schema\/person\/c4278d4a6028830caff9ee44b42d32ed\"},\"breadcrumb\":{\"@id\":\"https:\/\/portaltela.pt\/noticias\/2026\/01\/15\/candida-auris-insa-revela-que-primeiro-caso-em-portugal-foi-detetado-em-2022\/#breadcrumb\"},\"inLanguage\":\"pt-PT\",\"potentialAction\":[{\"@type\":\"ReadAction\",\"target\":[\"https:\/\/portaltela.pt\/noticias\/2026\/01\/15\/candida-auris-insa-revela-que-primeiro-caso-em-portugal-foi-detetado-em-2022\/\"]}]},{\"@type\":\"ImageObject\",\"inLanguage\":\"pt-PT\",\"@id\":\"https:\/\/portaltela.pt\/noticias\/2026\/01\/15\/candida-auris-insa-revela-que-primeiro-caso-em-portugal-foi-detetado-em-2022\/#primaryimage\",\"url\":\"https:\/\/portaltela.pt\/s.01k8rhncp4jt1\/2026\/01\/img_1500x1000uu2025-09-24-17-10-44-2237265.jpg\",\"contentUrl\":\"https:\/\/portaltela.pt\/s.01k8rhncp4jt1\/2026\/01\/img_1500x1000uu2025-09-24-17-10-44-2237265.jpg\",\"width\":796,\"height\":448,\"caption\":\"A taxa bruta de mortalidade hospitalar por C\u00e2ndida Auris \u00e9 estimada entre 30% e 72%\"},{\"@type\":\"BreadcrumbList\",\"@id\":\"https:\/\/portaltela.pt\/noticias\/2026\/01\/15\/candida-auris-insa-revela-que-primeiro-caso-em-portugal-foi-detetado-em-2022\/#breadcrumb\",\"itemListElement\":[{\"@type\":\"ListItem\",\"position\":1,\"name\":\"In\u00edcio\",\"item\":\"https:\/\/portaltela.pt\/\"},{\"@type\":\"ListItem\",\"position\":2,\"name\":\"Candida auris: INSA revela que primeiro caso em Portugal foi detetado em 2022\"}]},{\"@type\":\"WebSite\",\"@id\":\"https:\/\/portaltela.pt\/#website\",\"url\":\"https:\/\/portaltela.pt\/\",\"name\":\"Portal Tela Portugal\",\"description\":\"\",\"potentialAction\":[{\"@type\":\"SearchAction\",\"target\":{\"@type\":\"EntryPoint\",\"urlTemplate\":\"https:\/\/portaltela.pt\/?s={search_term_string}\"},\"query-input\":{\"@type\":\"PropertyValueSpecification\",\"valueRequired\":true,\"valueName\":\"search_term_string\"}}],\"inLanguage\":\"pt-PT\"},{\"@type\":\"Person\",\"@id\":\"https:\/\/portaltela.pt\/#\/schema\/person\/c4278d4a6028830caff9ee44b42d32ed\",\"name\":\"Telinha\",\"image\":{\"@type\":\"ImageObject\",\"inLanguage\":\"pt-PT\",\"@id\":\"https:\/\/portaltela.pt\/s.01k8rhncp4jt1\/2025\/11\/talking-bot-125x125.png\",\"url\":\"https:\/\/portaltela.pt\/s.01k8rhncp4jt1\/2025\/11\/talking-bot-125x125.png\",\"contentUrl\":\"https:\/\/portaltela.pt\/s.01k8rhncp4jt1\/2025\/11\/talking-bot-125x125.png\",\"caption\":\"Telinha\"},\"sameAs\":[\"https:\/\/portaltela.pt\/\"],\"url\":\"https:\/\/portaltela.pt\/por\/367410592786\/\"}]}<\/script>\n<!-- \/ Yoast SEO plugin. -->","yoast_head_json":{"title":"Candida auris: INSA revela que primeiro caso em Portugal foi detetado em 2022 - Portal Tela Portugal","robots":{"index":"index","follow":"follow","max-snippet":"max-snippet:-1","max-image-preview":"max-image-preview:large","max-video-preview":"max-video-preview:-1"},"og_locale":"pt_PT","og_type":"article","og_title":"Candida auris: INSA revela que primeiro caso em Portugal foi detetado em 2022 - Portal Tela Portugal","og_description":"O Instituto Nacional de Sa\u00fade Doutor Ricardo Jorge (INSA) esclareceu que o primeiro caso de Candida auris em Portugal foi detetado em 2022 pelo Laborat\u00f3rio Nacional de Refer\u00eancia (LNR) de Infe\u00e7\u00f5es Parasit\u00e1rias e F\u00fangicas do Departamento de Doen\u00e7as Infeciosas. A Faculdade de Medicina da Universidade do Porto (FMUP) tinha referido que os primeiros casos tinham sido identificados em 2023, num hospital da regi\u00e3o Norte. O INSA recorda que, entre 2022 e 2025, o LNR confirmou anualmente casos de infe\u00e7\u00e3o por Candida auris em amostras cl\u00ednicas de diversos hospitais p\u00fablicos das Regi\u00f5es de Sa\u00fade Norte e Lisboa e Vale do Tejo. O LNR reporta os casos ao Programa Nacional de Preven\u00e7\u00e3o e Controlo de Infe\u00e7\u00f5es e Resist\u00eancia a Antimicrobianos (PPCIRA) da Dire\u00e7\u00e3o-Geral da Sa\u00fade e, atrav\u00e9s deste, ao Centro Europeu de Preven\u00e7\u00e3o e Controlo de Doen\u00e7as (ECDC). A Candida auris \u00e9 uma levedura resistente a m\u00faltiplos antif\u00fangicos, que pode causar infe\u00e7\u00f5es invasivas em doentes com fatores de risco, dissemina-se por contacto entre pacientes, profissionais de sa\u00fade ou superf\u00edcies, e tem mortalidade hospitalar estimada entre 30% e 72%.","og_url":"https:\/\/portaltela.pt\/noticias\/2026\/01\/15\/candida-auris-insa-revela-que-primeiro-caso-em-portugal-foi-detetado-em-2022\/","og_site_name":"Portal Tela Portugal","article_published_time":"2026-01-15T19:07:33+00:00","author":"Telinha","twitter_card":"summary_large_image","twitter_misc":{"Escrito por":"Telinha","Tempo estimado de leitura":"1 minuto"},"schema":{"@context":"https:\/\/schema.org","@graph":[{"@type":"Article","@id":"https:\/\/portaltela.pt\/noticias\/2026\/01\/15\/candida-auris-insa-revela-que-primeiro-caso-em-portugal-foi-detetado-em-2022\/#article","isPartOf":{"@id":"https:\/\/portaltela.pt\/noticias\/2026\/01\/15\/candida-auris-insa-revela-que-primeiro-caso-em-portugal-foi-detetado-em-2022\/"},"author":{"name":"Telinha","@id":"https:\/\/portaltela.pt\/#\/schema\/person\/c4278d4a6028830caff9ee44b42d32ed"},"headline":"Candida auris: INSA revela que primeiro caso em Portugal foi detetado em 2022","datePublished":"2026-01-15T19:07:33+00:00","mainEntityOfPage":{"@id":"https:\/\/portaltela.pt\/noticias\/2026\/01\/15\/candida-auris-insa-revela-que-primeiro-caso-em-portugal-foi-detetado-em-2022\/"},"wordCount":265,"image":{"@id":"https:\/\/portaltela.pt\/noticias\/2026\/01\/15\/candida-auris-insa-revela-que-primeiro-caso-em-portugal-foi-detetado-em-2022\/#primaryimage"},"thumbnailUrl":"https:\/\/portaltela.pt\/s.01k8rhncp4jt1\/2026\/01\/img_1500x1000uu2025-09-24-17-10-44-2237265.jpg","keywords":["Europa","hospitais","infe\u00e7\u00f5es","investiga\u00e7\u00e3o","Portugal","sa\u00fade p\u00fablica"],"articleSection":["Not\u00edcias"],"inLanguage":"pt-PT"},{"@type":"WebPage","@id":"https:\/\/portaltela.pt\/noticias\/2026\/01\/15\/candida-auris-insa-revela-que-primeiro-caso-em-portugal-foi-detetado-em-2022\/","url":"https:\/\/portaltela.pt\/noticias\/2026\/01\/15\/candida-auris-insa-revela-que-primeiro-caso-em-portugal-foi-detetado-em-2022\/","name":"Candida auris: INSA revela que primeiro caso em Portugal foi detetado em 2022 - Portal Tela Portugal","isPartOf":{"@id":"https:\/\/portaltela.pt\/#website"},"primaryImageOfPage":{"@id":"https:\/\/portaltela.pt\/noticias\/2026\/01\/15\/candida-auris-insa-revela-que-primeiro-caso-em-portugal-foi-detetado-em-2022\/#primaryimage"},"image":{"@id":"https:\/\/portaltela.pt\/noticias\/2026\/01\/15\/candida-auris-insa-revela-que-primeiro-caso-em-portugal-foi-detetado-em-2022\/#primaryimage"},"thumbnailUrl":"https:\/\/portaltela.pt\/s.01k8rhncp4jt1\/2026\/01\/img_1500x1000uu2025-09-24-17-10-44-2237265.jpg","datePublished":"2026-01-15T19:07:33+00:00","author":{"@id":"https:\/\/portaltela.pt\/#\/schema\/person\/c4278d4a6028830caff9ee44b42d32ed"},"breadcrumb":{"@id":"https:\/\/portaltela.pt\/noticias\/2026\/01\/15\/candida-auris-insa-revela-que-primeiro-caso-em-portugal-foi-detetado-em-2022\/#breadcrumb"},"inLanguage":"pt-PT","potentialAction":[{"@type":"ReadAction","target":["https:\/\/portaltela.pt\/noticias\/2026\/01\/15\/candida-auris-insa-revela-que-primeiro-caso-em-portugal-foi-detetado-em-2022\/"]}]},{"@type":"ImageObject","inLanguage":"pt-PT","@id":"https:\/\/portaltela.pt\/noticias\/2026\/01\/15\/candida-auris-insa-revela-que-primeiro-caso-em-portugal-foi-detetado-em-2022\/#primaryimage","url":"https:\/\/portaltela.pt\/s.01k8rhncp4jt1\/2026\/01\/img_1500x1000uu2025-09-24-17-10-44-2237265.jpg","contentUrl":"https:\/\/portaltela.pt\/s.01k8rhncp4jt1\/2026\/01\/img_1500x1000uu2025-09-24-17-10-44-2237265.jpg","width":796,"height":448,"caption":"A taxa bruta de mortalidade hospitalar por C\u00e2ndida Auris \u00e9 estimada entre 30% e 72%"},{"@type":"BreadcrumbList","@id":"https:\/\/portaltela.pt\/noticias\/2026\/01\/15\/candida-auris-insa-revela-que-primeiro-caso-em-portugal-foi-detetado-em-2022\/#breadcrumb","itemListElement":[{"@type":"ListItem","position":1,"name":"In\u00edcio","item":"https:\/\/portaltela.pt\/"},{"@type":"ListItem","position":2,"name":"Candida auris: INSA revela que primeiro caso em Portugal foi detetado em 2022"}]},{"@type":"WebSite","@id":"https:\/\/portaltela.pt\/#website","url":"https:\/\/portaltela.pt\/","name":"Portal Tela Portugal","description":"","potentialAction":[{"@type":"SearchAction","target":{"@type":"EntryPoint","urlTemplate":"https:\/\/portaltela.pt\/?s={search_term_string}"},"query-input":{"@type":"PropertyValueSpecification","valueRequired":true,"valueName":"search_term_string"}}],"inLanguage":"pt-PT"},{"@type":"Person","@id":"https:\/\/portaltela.pt\/#\/schema\/person\/c4278d4a6028830caff9ee44b42d32ed","name":"Telinha","image":{"@type":"ImageObject","inLanguage":"pt-PT","@id":"https:\/\/portaltela.pt\/s.01k8rhncp4jt1\/2025\/11\/talking-bot-125x125.png","url":"https:\/\/portaltela.pt\/s.01k8rhncp4jt1\/2025\/11\/talking-bot-125x125.png","contentUrl":"https:\/\/portaltela.pt\/s.01k8rhncp4jt1\/2025\/11\/talking-bot-125x125.png","caption":"Telinha"},"sameAs":["https:\/\/portaltela.pt\/"],"url":"https:\/\/portaltela.pt\/por\/367410592786\/"}]}},"_links":{"self":[{"href":"https:\/\/portaltela.pt\/api\/wp\/v2\/posts\/145256","targetHints":{"allow":["GET"]}}],"collection":[{"href":"https:\/\/portaltela.pt\/api\/wp\/v2\/posts"}],"about":[{"href":"https:\/\/portaltela.pt\/api\/wp\/v2\/types\/post"}],"author":[{"embeddable":true,"href":"https:\/\/portaltela.pt\/api\/wp\/v2\/users\/2"}],"replies":[{"embeddable":true,"href":"https:\/\/portaltela.pt\/api\/wp\/v2\/comments?post=145256"}],"version-history":[{"count":0,"href":"https:\/\/portaltela.pt\/api\/wp\/v2\/posts\/145256\/revisions"}],"wp:featuredmedia":[{"embeddable":true,"href":"https:\/\/portaltela.pt\/api\/wp\/v2\/media\/145272"}],"wp:attachment":[{"href":"https:\/\/portaltela.pt\/api\/wp\/v2\/media?parent=145256"}],"wp:term":[{"taxonomy":"category","embeddable":true,"href":"https:\/\/portaltela.pt\/api\/wp\/v2\/categories?post=145256"},{"taxonomy":"post_tag","embeddable":true,"href":"https:\/\/portaltela.pt\/api\/wp\/v2\/tags?post=145256"}],"curies":[{"name":"wp","href":"https:\/\/api.w.org\/{rel}","templated":true}]}}