{"id":145236,"date":"2026-01-15T15:25:00","date_gmt":"2026-01-15T18:25:00","guid":{"rendered":"https:\/\/portaltela.pt\/noticias\/2026\/01\/15\/dakar-2026-joao-ferreira-fica-em-4-o-nos-carros-e-sobe-na-geral\/"},"modified":"2026-01-15T15:25:00","modified_gmt":"2026-01-15T18:25:00","slug":"dakar-2026-joao-ferreira-fica-em-4-o-nos-carros-e-sobe-na-geral","status":"publish","type":"post","link":"https:\/\/portaltela.pt\/desporto\/2026\/01\/15\/dakar-2026-joao-ferreira-fica-em-4-o-nos-carros-e-sobe-na-geral\/","title":{"rendered":"Dakar 2026: Jo\u00e3o Ferreira fica em 4.\u00ba nos carros e sobe na geral"},"content":{"rendered":"<p>Jo\u00e3o Ferreira (Toyota Hilux) terminou a 11.\u00aa etapa do Dakar 2026, em Al Henakiyah, na ar\u00e1bia saudita, em quarto lugar entre os autom\u00f3veis, a 3m27s do vencedor Mattias Ekstr\u00f6m. A tirada teve 346 quil\u00f3metros cronometrados entre Bisha e Al Henakiyah.<\/p>\n<p>A corrida prossegue com Ekstr\u00f6m na frente, seguido de Romain Dumas e Carlos Sainz, todos em Ford Raptor. Na geral, Nasser Al-Attiyah (Dacia) mant\u00e9m a lideran\u00e7a, com 8m40s sobre Nani Roma e S\u00e9bastien Loeb a 18m37s.<\/p>\n<p>Henk Lategan, que ocupava o segundo lugar, caiu para 23.\u00ba da geral ap\u00f3s perder quase 4 horas por falhas mec\u00e2nicas, terminando a etapa na 154.\u00aa posi\u00e7\u00e3o. Jo\u00e3o Ferreira subiu duas posi\u00e7\u00f5es na geral, para o 19.\u00ba lugar, a 3h03m10s do l\u00edder.<\/p>\n<p>Ferreira descreveu a etapa como r\u00e1pida e com muito p\u00f3, destacando que a equipa est\u00e1 preparada para os objetivos e que o dia correu sem problemas. O piloto da Toyota considera que o desempenho d\u00e1 motiva\u00e7\u00e3o para as duas jornadas finais.<\/p>\n<h3>Em paralelo: SSV, Cami\u00f5es e Mota<\/h3>\n<p>Jo\u00e3o Monteiro (Can-Am) foi 6.\u00ba entre os SSV, a 4,28s do vencedor Brock Heger. H\u00e9lder Rodrigues terminou em 13.\u00ba. Na geral, Brock Heger lidera, seguido por Jo\u00e3o Monteiro (5.\u00ba) e H\u00e9lder Rodrigues (24.\u00ba).<\/p>\n<p>Pedro Gon\u00e7alves (BBR) foi o melhor portugu\u00eas nos Challenger, com o 16.\u00ba lugar e 11.\u00ba da geral.<\/p>\n<p>Nas motos, Martim Ventura (Honda) venceu a classe Rally 2, com 2m22s sobre Toni Mulec. Skyler Howes (Honda) triunfou na etapa e est\u00e1 \u00e0 frente na classifica\u00e7\u00e3o geral da categoria.<\/p>\n<p>Ventura recuperou para 12.\u00ba na geral de motos, com Bruno Santos (Husqvarna) no 17.\u00ba. Nuno Silva (KTM) foi 77.\u00ba e ocupa o 88.\u00ba posto na geral.<\/p>\n<p>O navegador Paulo Fi\u00faza, a acompanhar Vaidotas Zala (Iveco), terminou em 2.\u00ba na etapa entre os cami\u00f5es, assegurando a lideran\u00e7a da categoria, com 16m24s de vantagem sobre Ales Loprais.<\/p>\n<p>Amanh\u00e3 decorre a 12.\u00aa e pen\u00faltima etapa, entre Al Henakiyah e Yanbu, com 311 quil\u00f3metros cronometrados.<\/p>\n","protected":false},"excerpt":{"rendered":"<ul>\n<li>Jo\u00e3o Ferreira, Toyota Hilux, concluiu a 11.\u00aa etapa dos autom\u00f3veis em quarto lugar, a 3m27s do vencedor Mattias Ekstr\u00f6m.<\/li>\n<li>Na geral, o leiriense subiu \u00e0 19.\u00aa posi\u00e7\u00e3o, a 3h03m10s do l\u00edder Nasser Al-Attiyah; Henk Lategan caiu para a 23.\u00ba posi\u00e7\u00e3o.<\/li>\n<li>O p\u00f3dio da etapa ficou completo com Romain Dumas em segundo e Carlos Sainz em terceiro, ambos a bordo de Ford Raptor.<\/li>\n<li>Maria Lu\u00eds Gameiro terminou a etapa na 75.\u00aa posi\u00e7\u00e3o, mantendo-se na 72.\u00aa da classifica\u00e7\u00e3o geral.<\/li>\n<li>Nos outros sectores, Martim Ventura venceu a classe Rally 2 das motas; Jo\u00e3o Monteiro ficou em sexto nos SSV e Paulo Fi\u00faza mant\u00e9m a lideran\u00e7a dos cami\u00f5es.<\/li>\n<\/ul>\n","protected":false},"author":2,"featured_media":145242,"comment_status":"closed","ping_status":"closed","sticky":false,"template":"","format":"standard","meta":{"footnotes":""},"categories":[21],"tags":[152,2467,2748,1014,3144,3135],"class_list":["post-145236","post","type-post","status-publish","format-standard","has-post-thumbnail","hentry","category-desporto","tag-desporto","tag-desportos-motorizados","tag-motores-ssv-e-challenger","tag-portugal","tag-rally-2","tag-rally2"],"yoast_head":"<!-- This site is optimized with the Yoast SEO plugin v27.2 - https:\/\/yoast.com\/product\/yoast-seo-wordpress\/ -->\n<title>Dakar 2026: Jo\u00e3o Ferreira fica em 4.\u00ba nos carros e sobe na geral - Portal Tela Portugal<\/title>\n<meta name=\"robots\" content=\"index, follow, max-snippet:-1, max-image-preview:large, max-video-preview:-1\" \/>\n<meta property=\"og:locale\" content=\"pt_PT\" \/>\n<meta property=\"og:type\" content=\"article\" \/>\n<meta property=\"og:title\" content=\"Dakar 2026: Jo\u00e3o Ferreira fica em 4.\u00ba nos carros e sobe na geral - Portal Tela Portugal\" \/>\n<meta property=\"og:description\" content=\"Jo\u00e3o Ferreira, Toyota Hilux, concluiu a 11.\u00aa etapa dos autom\u00f3veis em quarto lugar, a 3m27s do vencedor Mattias Ekstr\u00f6m. Na geral, o leiriense subiu \u00e0 19.\u00aa posi\u00e7\u00e3o, a 3h03m10s do l\u00edder Nasser Al-Attiyah; Henk Lategan caiu para a 23.\u00ba posi\u00e7\u00e3o. O p\u00f3dio da etapa ficou completo com Romain Dumas em segundo e Carlos Sainz em terceiro, ambos a bordo de Ford Raptor. Maria Lu\u00eds Gameiro terminou a etapa na 75.\u00aa posi\u00e7\u00e3o, mantendo-se na 72.\u00aa da classifica\u00e7\u00e3o geral. Nos outros sectores, Martim Ventura venceu a classe Rally 2 das motas; Jo\u00e3o Monteiro ficou em sexto nos SSV e Paulo Fi\u00faza mant\u00e9m a lideran\u00e7a dos cami\u00f5es.\" \/>\n<meta property=\"og:url\" content=\"https:\/\/portaltela.pt\/noticias\/2026\/01\/15\/dakar-2026-joao-ferreira-fica-em-4-o-nos-carros-e-sobe-na-geral\/\" \/>\n<meta property=\"og:site_name\" content=\"Portal Tela Portugal\" \/>\n<meta property=\"article:published_time\" content=\"2026-01-15T18:25:00+00:00\" \/>\n<meta name=\"author\" content=\"Telinha\" \/>\n<meta name=\"twitter:card\" content=\"summary_large_image\" \/>\n<meta name=\"twitter:label1\" content=\"Escrito por\" \/>\n\t<meta name=\"twitter:data1\" content=\"Telinha\" \/>\n\t<meta name=\"twitter:label2\" content=\"Tempo estimado de leitura\" \/>\n\t<meta name=\"twitter:data2\" content=\"2 minutos\" \/>\n<script type=\"application\/ld+json\" class=\"yoast-schema-graph\">{\"@context\":\"https:\/\/schema.org\",\"@graph\":[{\"@type\":\"Article\",\"@id\":\"https:\/\/portaltela.pt\/noticias\/2026\/01\/15\/dakar-2026-joao-ferreira-fica-em-4-o-nos-carros-e-sobe-na-geral\/#article\",\"isPartOf\":{\"@id\":\"https:\/\/portaltela.pt\/noticias\/2026\/01\/15\/dakar-2026-joao-ferreira-fica-em-4-o-nos-carros-e-sobe-na-geral\/\"},\"author\":{\"name\":\"Telinha\",\"@id\":\"https:\/\/portaltela.pt\/#\/schema\/person\/c4278d4a6028830caff9ee44b42d32ed\"},\"headline\":\"Dakar 2026: Jo\u00e3o Ferreira fica em 4.\u00ba nos carros e sobe na geral\",\"datePublished\":\"2026-01-15T18:25:00+00:00\",\"mainEntityOfPage\":{\"@id\":\"https:\/\/portaltela.pt\/noticias\/2026\/01\/15\/dakar-2026-joao-ferreira-fica-em-4-o-nos-carros-e-sobe-na-geral\/\"},\"wordCount\":342,\"image\":{\"@id\":\"https:\/\/portaltela.pt\/noticias\/2026\/01\/15\/dakar-2026-joao-ferreira-fica-em-4-o-nos-carros-e-sobe-na-geral\/#primaryimage\"},\"thumbnailUrl\":\"https:\/\/portaltela.pt\/s.01k8rhncp4jt1\/2026\/01\/2059608.jpg\",\"keywords\":[\"desporto\",\"Desportos Motorizados\",\"Motores, SSV e Challenger\",\"Portugal\",\"Rally 2\",\"Rally2\"],\"articleSection\":[\"Desporto\"],\"inLanguage\":\"pt-PT\"},{\"@type\":\"WebPage\",\"@id\":\"https:\/\/portaltela.pt\/noticias\/2026\/01\/15\/dakar-2026-joao-ferreira-fica-em-4-o-nos-carros-e-sobe-na-geral\/\",\"url\":\"https:\/\/portaltela.pt\/noticias\/2026\/01\/15\/dakar-2026-joao-ferreira-fica-em-4-o-nos-carros-e-sobe-na-geral\/\",\"name\":\"Dakar 2026: Jo\u00e3o Ferreira fica em 4.\u00ba nos carros e sobe na geral - Portal Tela Portugal\",\"isPartOf\":{\"@id\":\"https:\/\/portaltela.pt\/#website\"},\"primaryImageOfPage\":{\"@id\":\"https:\/\/portaltela.pt\/noticias\/2026\/01\/15\/dakar-2026-joao-ferreira-fica-em-4-o-nos-carros-e-sobe-na-geral\/#primaryimage\"},\"image\":{\"@id\":\"https:\/\/portaltela.pt\/noticias\/2026\/01\/15\/dakar-2026-joao-ferreira-fica-em-4-o-nos-carros-e-sobe-na-geral\/#primaryimage\"},\"thumbnailUrl\":\"https:\/\/portaltela.pt\/s.01k8rhncp4jt1\/2026\/01\/2059608.jpg\",\"datePublished\":\"2026-01-15T18:25:00+00:00\",\"author\":{\"@id\":\"https:\/\/portaltela.pt\/#\/schema\/person\/c4278d4a6028830caff9ee44b42d32ed\"},\"breadcrumb\":{\"@id\":\"https:\/\/portaltela.pt\/noticias\/2026\/01\/15\/dakar-2026-joao-ferreira-fica-em-4-o-nos-carros-e-sobe-na-geral\/#breadcrumb\"},\"inLanguage\":\"pt-PT\",\"potentialAction\":[{\"@type\":\"ReadAction\",\"target\":[\"https:\/\/portaltela.pt\/noticias\/2026\/01\/15\/dakar-2026-joao-ferreira-fica-em-4-o-nos-carros-e-sobe-na-geral\/\"]}]},{\"@type\":\"ImageObject\",\"inLanguage\":\"pt-PT\",\"@id\":\"https:\/\/portaltela.pt\/noticias\/2026\/01\/15\/dakar-2026-joao-ferreira-fica-em-4-o-nos-carros-e-sobe-na-geral\/#primaryimage\",\"url\":\"https:\/\/portaltela.pt\/s.01k8rhncp4jt1\/2026\/01\/2059608.jpg\",\"contentUrl\":\"https:\/\/portaltela.pt\/s.01k8rhncp4jt1\/2026\/01\/2059608.jpg\",\"width\":796,\"height\":448,\"caption\":\"Henk Lategan enfrentou problemas mec\u00e2nicos e perdeu 21 lugares na geral.\"},{\"@type\":\"BreadcrumbList\",\"@id\":\"https:\/\/portaltela.pt\/noticias\/2026\/01\/15\/dakar-2026-joao-ferreira-fica-em-4-o-nos-carros-e-sobe-na-geral\/#breadcrumb\",\"itemListElement\":[{\"@type\":\"ListItem\",\"position\":1,\"name\":\"In\u00edcio\",\"item\":\"https:\/\/portaltela.pt\/\"},{\"@type\":\"ListItem\",\"position\":2,\"name\":\"Dakar 2026: Jo\u00e3o Ferreira fica em 4.\u00ba nos carros e sobe na geral\"}]},{\"@type\":\"WebSite\",\"@id\":\"https:\/\/portaltela.pt\/#website\",\"url\":\"https:\/\/portaltela.pt\/\",\"name\":\"Portal Tela Portugal\",\"description\":\"\",\"potentialAction\":[{\"@type\":\"SearchAction\",\"target\":{\"@type\":\"EntryPoint\",\"urlTemplate\":\"https:\/\/portaltela.pt\/?s={search_term_string}\"},\"query-input\":{\"@type\":\"PropertyValueSpecification\",\"valueRequired\":true,\"valueName\":\"search_term_string\"}}],\"inLanguage\":\"pt-PT\"},{\"@type\":\"Person\",\"@id\":\"https:\/\/portaltela.pt\/#\/schema\/person\/c4278d4a6028830caff9ee44b42d32ed\",\"name\":\"Telinha\",\"image\":{\"@type\":\"ImageObject\",\"inLanguage\":\"pt-PT\",\"@id\":\"https:\/\/portaltela.pt\/s.01k8rhncp4jt1\/2025\/11\/talking-bot-125x125.png\",\"url\":\"https:\/\/portaltela.pt\/s.01k8rhncp4jt1\/2025\/11\/talking-bot-125x125.png\",\"contentUrl\":\"https:\/\/portaltela.pt\/s.01k8rhncp4jt1\/2025\/11\/talking-bot-125x125.png\",\"caption\":\"Telinha\"},\"sameAs\":[\"https:\/\/portaltela.pt\/\"],\"url\":\"https:\/\/portaltela.pt\/por\/367410592786\/\"}]}<\/script>\n<!-- \/ Yoast SEO plugin. -->","yoast_head_json":{"title":"Dakar 2026: Jo\u00e3o Ferreira fica em 4.\u00ba nos carros e sobe na geral - Portal Tela Portugal","robots":{"index":"index","follow":"follow","max-snippet":"max-snippet:-1","max-image-preview":"max-image-preview:large","max-video-preview":"max-video-preview:-1"},"og_locale":"pt_PT","og_type":"article","og_title":"Dakar 2026: Jo\u00e3o Ferreira fica em 4.\u00ba nos carros e sobe na geral - Portal Tela Portugal","og_description":"Jo\u00e3o Ferreira, Toyota Hilux, concluiu a 11.\u00aa etapa dos autom\u00f3veis em quarto lugar, a 3m27s do vencedor Mattias Ekstr\u00f6m. Na geral, o leiriense subiu \u00e0 19.\u00aa posi\u00e7\u00e3o, a 3h03m10s do l\u00edder Nasser Al-Attiyah; Henk Lategan caiu para a 23.\u00ba posi\u00e7\u00e3o. O p\u00f3dio da etapa ficou completo com Romain Dumas em segundo e Carlos Sainz em terceiro, ambos a bordo de Ford Raptor. Maria Lu\u00eds Gameiro terminou a etapa na 75.\u00aa posi\u00e7\u00e3o, mantendo-se na 72.\u00aa da classifica\u00e7\u00e3o geral. Nos outros sectores, Martim Ventura venceu a classe Rally 2 das motas; Jo\u00e3o Monteiro ficou em sexto nos SSV e Paulo Fi\u00faza mant\u00e9m a lideran\u00e7a dos cami\u00f5es.","og_url":"https:\/\/portaltela.pt\/noticias\/2026\/01\/15\/dakar-2026-joao-ferreira-fica-em-4-o-nos-carros-e-sobe-na-geral\/","og_site_name":"Portal Tela Portugal","article_published_time":"2026-01-15T18:25:00+00:00","author":"Telinha","twitter_card":"summary_large_image","twitter_misc":{"Escrito por":"Telinha","Tempo estimado de leitura":"2 minutos"},"schema":{"@context":"https:\/\/schema.org","@graph":[{"@type":"Article","@id":"https:\/\/portaltela.pt\/noticias\/2026\/01\/15\/dakar-2026-joao-ferreira-fica-em-4-o-nos-carros-e-sobe-na-geral\/#article","isPartOf":{"@id":"https:\/\/portaltela.pt\/noticias\/2026\/01\/15\/dakar-2026-joao-ferreira-fica-em-4-o-nos-carros-e-sobe-na-geral\/"},"author":{"name":"Telinha","@id":"https:\/\/portaltela.pt\/#\/schema\/person\/c4278d4a6028830caff9ee44b42d32ed"},"headline":"Dakar 2026: Jo\u00e3o Ferreira fica em 4.\u00ba nos carros e sobe na geral","datePublished":"2026-01-15T18:25:00+00:00","mainEntityOfPage":{"@id":"https:\/\/portaltela.pt\/noticias\/2026\/01\/15\/dakar-2026-joao-ferreira-fica-em-4-o-nos-carros-e-sobe-na-geral\/"},"wordCount":342,"image":{"@id":"https:\/\/portaltela.pt\/noticias\/2026\/01\/15\/dakar-2026-joao-ferreira-fica-em-4-o-nos-carros-e-sobe-na-geral\/#primaryimage"},"thumbnailUrl":"https:\/\/portaltela.pt\/s.01k8rhncp4jt1\/2026\/01\/2059608.jpg","keywords":["desporto","Desportos Motorizados","Motores, SSV e Challenger","Portugal","Rally 2","Rally2"],"articleSection":["Desporto"],"inLanguage":"pt-PT"},{"@type":"WebPage","@id":"https:\/\/portaltela.pt\/noticias\/2026\/01\/15\/dakar-2026-joao-ferreira-fica-em-4-o-nos-carros-e-sobe-na-geral\/","url":"https:\/\/portaltela.pt\/noticias\/2026\/01\/15\/dakar-2026-joao-ferreira-fica-em-4-o-nos-carros-e-sobe-na-geral\/","name":"Dakar 2026: Jo\u00e3o Ferreira fica em 4.\u00ba nos carros e sobe na geral - Portal Tela Portugal","isPartOf":{"@id":"https:\/\/portaltela.pt\/#website"},"primaryImageOfPage":{"@id":"https:\/\/portaltela.pt\/noticias\/2026\/01\/15\/dakar-2026-joao-ferreira-fica-em-4-o-nos-carros-e-sobe-na-geral\/#primaryimage"},"image":{"@id":"https:\/\/portaltela.pt\/noticias\/2026\/01\/15\/dakar-2026-joao-ferreira-fica-em-4-o-nos-carros-e-sobe-na-geral\/#primaryimage"},"thumbnailUrl":"https:\/\/portaltela.pt\/s.01k8rhncp4jt1\/2026\/01\/2059608.jpg","datePublished":"2026-01-15T18:25:00+00:00","author":{"@id":"https:\/\/portaltela.pt\/#\/schema\/person\/c4278d4a6028830caff9ee44b42d32ed"},"breadcrumb":{"@id":"https:\/\/portaltela.pt\/noticias\/2026\/01\/15\/dakar-2026-joao-ferreira-fica-em-4-o-nos-carros-e-sobe-na-geral\/#breadcrumb"},"inLanguage":"pt-PT","potentialAction":[{"@type":"ReadAction","target":["https:\/\/portaltela.pt\/noticias\/2026\/01\/15\/dakar-2026-joao-ferreira-fica-em-4-o-nos-carros-e-sobe-na-geral\/"]}]},{"@type":"ImageObject","inLanguage":"pt-PT","@id":"https:\/\/portaltela.pt\/noticias\/2026\/01\/15\/dakar-2026-joao-ferreira-fica-em-4-o-nos-carros-e-sobe-na-geral\/#primaryimage","url":"https:\/\/portaltela.pt\/s.01k8rhncp4jt1\/2026\/01\/2059608.jpg","contentUrl":"https:\/\/portaltela.pt\/s.01k8rhncp4jt1\/2026\/01\/2059608.jpg","width":796,"height":448,"caption":"Henk Lategan enfrentou problemas mec\u00e2nicos e perdeu 21 lugares na geral."},{"@type":"BreadcrumbList","@id":"https:\/\/portaltela.pt\/noticias\/2026\/01\/15\/dakar-2026-joao-ferreira-fica-em-4-o-nos-carros-e-sobe-na-geral\/#breadcrumb","itemListElement":[{"@type":"ListItem","position":1,"name":"In\u00edcio","item":"https:\/\/portaltela.pt\/"},{"@type":"ListItem","position":2,"name":"Dakar 2026: Jo\u00e3o Ferreira fica em 4.\u00ba nos carros e sobe na geral"}]},{"@type":"WebSite","@id":"https:\/\/portaltela.pt\/#website","url":"https:\/\/portaltela.pt\/","name":"Portal Tela Portugal","description":"","potentialAction":[{"@type":"SearchAction","target":{"@type":"EntryPoint","urlTemplate":"https:\/\/portaltela.pt\/?s={search_term_string}"},"query-input":{"@type":"PropertyValueSpecification","valueRequired":true,"valueName":"search_term_string"}}],"inLanguage":"pt-PT"},{"@type":"Person","@id":"https:\/\/portaltela.pt\/#\/schema\/person\/c4278d4a6028830caff9ee44b42d32ed","name":"Telinha","image":{"@type":"ImageObject","inLanguage":"pt-PT","@id":"https:\/\/portaltela.pt\/s.01k8rhncp4jt1\/2025\/11\/talking-bot-125x125.png","url":"https:\/\/portaltela.pt\/s.01k8rhncp4jt1\/2025\/11\/talking-bot-125x125.png","contentUrl":"https:\/\/portaltela.pt\/s.01k8rhncp4jt1\/2025\/11\/talking-bot-125x125.png","caption":"Telinha"},"sameAs":["https:\/\/portaltela.pt\/"],"url":"https:\/\/portaltela.pt\/por\/367410592786\/"}]}},"_links":{"self":[{"href":"https:\/\/portaltela.pt\/api\/wp\/v2\/posts\/145236","targetHints":{"allow":["GET"]}}],"collection":[{"href":"https:\/\/portaltela.pt\/api\/wp\/v2\/posts"}],"about":[{"href":"https:\/\/portaltela.pt\/api\/wp\/v2\/types\/post"}],"author":[{"embeddable":true,"href":"https:\/\/portaltela.pt\/api\/wp\/v2\/users\/2"}],"replies":[{"embeddable":true,"href":"https:\/\/portaltela.pt\/api\/wp\/v2\/comments?post=145236"}],"version-history":[{"count":0,"href":"https:\/\/portaltela.pt\/api\/wp\/v2\/posts\/145236\/revisions"}],"wp:featuredmedia":[{"embeddable":true,"href":"https:\/\/portaltela.pt\/api\/wp\/v2\/media\/145242"}],"wp:attachment":[{"href":"https:\/\/portaltela.pt\/api\/wp\/v2\/media?parent=145236"}],"wp:term":[{"taxonomy":"category","embeddable":true,"href":"https:\/\/portaltela.pt\/api\/wp\/v2\/categories?post=145236"},{"taxonomy":"post_tag","embeddable":true,"href":"https:\/\/portaltela.pt\/api\/wp\/v2\/tags?post=145236"}],"curies":[{"name":"wp","href":"https:\/\/api.w.org\/{rel}","templated":true}]}}