{"id":145006,"date":"2026-01-15T13:55:00","date_gmt":"2026-01-15T16:55:00","guid":{"rendered":"https:\/\/portaltela.pt\/noticias\/2026\/01\/15\/porto-compara-golo-de-jorge-costa-ao-de-bednarek-frente-ao-benfica\/"},"modified":"2026-01-15T13:55:00","modified_gmt":"2026-01-15T16:55:00","slug":"porto-compara-golo-de-jorge-costa-ao-de-bednarek-frente-ao-benfica","status":"publish","type":"post","link":"https:\/\/portaltela.pt\/desporto\/futebol\/2026\/01\/15\/porto-compara-golo-de-jorge-costa-ao-de-bednarek-frente-ao-benfica\/","title":{"rendered":"Porto compara golo de Jorge Costa ao de Bednarek frente ao Benfica"},"content":{"rendered":"<p>O F. C. Porto comparou o cabeceamento de Bednarek ao golo marcado por Jorge Costa frente ao Benfica. A compara\u00e7\u00e3o surgiu no contexto da vit\u00f3ria do Porto sobre o Benfica por 1-0 no cl\u00e1ssico, pelo confronto dos quartos de final da Ta\u00e7a de Portugal. O clube destacou um \u201cesp\u00edrito e ADN\u201d que n\u00e3o abandona a equipa.<\/p>\n<p>Nas redes sociais do Porto, o v\u00eddeo que acompanha a publica\u00e7\u00e3o mostra as semelhan\u00e7as entre as duas finaliza\u00e7\u00f5es, destacando o salto de Bednarek como determinante para o marcador. A mensagem enfatiza o impulso coletivo que o lance gerou no plantel.<\/p>\n<p>Afinal, Bednarek colocou os drag\u00f5es na frente em um encontro decisivo da Ta\u00e7a de Portugal, assegurando a passagem \u00e0s meias-finais. O golo foi determinante para a vit\u00f3ria frente ao Benfica e para o acesso \u00e0 pr\u00f3xima fase da competi\u00e7\u00e3o.<\/p>\n<p>A partilha oficial do clube incluiu ainda a refer\u00eancia visual ao momento de Bednarek, com a imagem de apoio de Pedro Correia. A publica\u00e7\u00e3o refor\u00e7a o repert\u00f3rio de jogadas de refer\u00eancia do plantel na presente \u00e9poca.<\/p>\n","protected":false},"excerpt":{"rendered":"<ul>\n<li>O F. C. Porto comparou o cabeceamento de Bednarek ao golo de Jorge Costa contra o Benfica.<\/li>\n<li>Bednarek marcou o golo da vit\u00f3ria no cl\u00e1ssico, com o 1-0, nos quartos de final da Ta\u00e7a de Portugal.<\/li>\n<li>O clube escreveu nas redes sociais que houve \u201cum esp\u00edrito e um ADN\u201d que n\u00e3o os abandona, destacando o salto do jogador.<\/li>\n<li>O v\u00eddeo mostra as semelhan\u00e7as entre o golo de Jorge Costa e a finaliza\u00e7\u00e3o de Bednarek.<\/li>\n<\/ul>\n","protected":false},"author":2,"featured_media":145019,"comment_status":"closed","ping_status":"closed","sticky":false,"template":"","format":"standard","meta":{"footnotes":""},"categories":[21,24],"tags":[3160,1946,32,3019,982,1266],"class_list":["post-145006","post","type-post","status-publish","format-standard","has-post-thumbnail","hentry","category-desporto","category-futebol","tag-bednarek","tag-benfica","tag-futebol","tag-jorge-costa","tag-porto","tag-taca-de-portugal"],"yoast_head":"<!-- This site is optimized with the Yoast SEO plugin v27.2 - https:\/\/yoast.com\/product\/yoast-seo-wordpress\/ -->\n<title>Porto compara golo de Jorge Costa ao de Bednarek frente ao Benfica - Portal Tela Portugal<\/title>\n<meta name=\"robots\" content=\"index, follow, max-snippet:-1, max-image-preview:large, max-video-preview:-1\" \/>\n<meta property=\"og:locale\" content=\"pt_PT\" \/>\n<meta property=\"og:type\" content=\"article\" \/>\n<meta property=\"og:title\" content=\"Porto compara golo de Jorge Costa ao de Bednarek frente ao Benfica - Portal Tela Portugal\" \/>\n<meta property=\"og:description\" content=\"O F. C. Porto comparou o cabeceamento de Bednarek ao golo de Jorge Costa contra o Benfica. Bednarek marcou o golo da vit\u00f3ria no cl\u00e1ssico, com o 1-0, nos quartos de final da Ta\u00e7a de Portugal. O clube escreveu nas redes sociais que houve \u201cum esp\u00edrito e um ADN\u201d que n\u00e3o os abandona, destacando o salto do jogador. O v\u00eddeo mostra as semelhan\u00e7as entre o golo de Jorge Costa e a finaliza\u00e7\u00e3o de Bednarek.\" \/>\n<meta property=\"og:url\" content=\"https:\/\/portaltela.pt\/noticias\/2026\/01\/15\/porto-compara-golo-de-jorge-costa-ao-de-bednarek-frente-ao-benfica\/\" \/>\n<meta property=\"og:site_name\" content=\"Portal Tela Portugal\" \/>\n<meta property=\"article:published_time\" content=\"2026-01-15T16:55:00+00:00\" \/>\n<meta name=\"author\" content=\"Telinha\" \/>\n<meta name=\"twitter:card\" content=\"summary_large_image\" \/>\n<meta name=\"twitter:label1\" content=\"Escrito por\" \/>\n\t<meta name=\"twitter:data1\" content=\"Telinha\" \/>\n\t<meta name=\"twitter:label2\" content=\"Tempo estimado de leitura\" \/>\n\t<meta name=\"twitter:data2\" content=\"1 minuto\" \/>\n<script type=\"application\/ld+json\" class=\"yoast-schema-graph\">{\"@context\":\"https:\/\/schema.org\",\"@graph\":[{\"@type\":\"Article\",\"@id\":\"https:\/\/portaltela.pt\/noticias\/2026\/01\/15\/porto-compara-golo-de-jorge-costa-ao-de-bednarek-frente-ao-benfica\/#article\",\"isPartOf\":{\"@id\":\"https:\/\/portaltela.pt\/noticias\/2026\/01\/15\/porto-compara-golo-de-jorge-costa-ao-de-bednarek-frente-ao-benfica\/\"},\"author\":{\"name\":\"Telinha\",\"@id\":\"https:\/\/portaltela.pt\/#\/schema\/person\/c4278d4a6028830caff9ee44b42d32ed\"},\"headline\":\"Porto compara golo de Jorge Costa ao de Bednarek frente ao Benfica\",\"datePublished\":\"2026-01-15T16:55:00+00:00\",\"mainEntityOfPage\":{\"@id\":\"https:\/\/portaltela.pt\/noticias\/2026\/01\/15\/porto-compara-golo-de-jorge-costa-ao-de-bednarek-frente-ao-benfica\/\"},\"wordCount\":202,\"image\":{\"@id\":\"https:\/\/portaltela.pt\/noticias\/2026\/01\/15\/porto-compara-golo-de-jorge-costa-ao-de-bednarek-frente-ao-benfica\/#primaryimage\"},\"thumbnailUrl\":\"https:\/\/portaltela.pt\/s.01k8rhncp4jt1\/2026\/01\/image-951.jpg\",\"keywords\":[\"Bednarek\",\"Benfica\",\"futebol\",\"Jorge Costa\",\"Porto\",\"Ta\u00e7a de Portugal\"],\"articleSection\":[\"Desporto\",\"Futebol\"],\"inLanguage\":\"pt-PT\"},{\"@type\":\"WebPage\",\"@id\":\"https:\/\/portaltela.pt\/noticias\/2026\/01\/15\/porto-compara-golo-de-jorge-costa-ao-de-bednarek-frente-ao-benfica\/\",\"url\":\"https:\/\/portaltela.pt\/noticias\/2026\/01\/15\/porto-compara-golo-de-jorge-costa-ao-de-bednarek-frente-ao-benfica\/\",\"name\":\"Porto compara golo de Jorge Costa ao de Bednarek frente ao Benfica - Portal Tela Portugal\",\"isPartOf\":{\"@id\":\"https:\/\/portaltela.pt\/#website\"},\"primaryImageOfPage\":{\"@id\":\"https:\/\/portaltela.pt\/noticias\/2026\/01\/15\/porto-compara-golo-de-jorge-costa-ao-de-bednarek-frente-ao-benfica\/#primaryimage\"},\"image\":{\"@id\":\"https:\/\/portaltela.pt\/noticias\/2026\/01\/15\/porto-compara-golo-de-jorge-costa-ao-de-bednarek-frente-ao-benfica\/#primaryimage\"},\"thumbnailUrl\":\"https:\/\/portaltela.pt\/s.01k8rhncp4jt1\/2026\/01\/image-951.jpg\",\"datePublished\":\"2026-01-15T16:55:00+00:00\",\"author\":{\"@id\":\"https:\/\/portaltela.pt\/#\/schema\/person\/c4278d4a6028830caff9ee44b42d32ed\"},\"breadcrumb\":{\"@id\":\"https:\/\/portaltela.pt\/noticias\/2026\/01\/15\/porto-compara-golo-de-jorge-costa-ao-de-bednarek-frente-ao-benfica\/#breadcrumb\"},\"inLanguage\":\"pt-PT\",\"potentialAction\":[{\"@type\":\"ReadAction\",\"target\":[\"https:\/\/portaltela.pt\/noticias\/2026\/01\/15\/porto-compara-golo-de-jorge-costa-ao-de-bednarek-frente-ao-benfica\/\"]}]},{\"@type\":\"ImageObject\",\"inLanguage\":\"pt-PT\",\"@id\":\"https:\/\/portaltela.pt\/noticias\/2026\/01\/15\/porto-compara-golo-de-jorge-costa-ao-de-bednarek-frente-ao-benfica\/#primaryimage\",\"url\":\"https:\/\/portaltela.pt\/s.01k8rhncp4jt1\/2026\/01\/image-951.jpg\",\"contentUrl\":\"https:\/\/portaltela.pt\/s.01k8rhncp4jt1\/2026\/01\/image-951.jpg\",\"width\":796,\"height\":448,\"caption\":\"Bednarek marcou o golo da vit\u00f3ria no cl\u00e1ssico\"},{\"@type\":\"BreadcrumbList\",\"@id\":\"https:\/\/portaltela.pt\/noticias\/2026\/01\/15\/porto-compara-golo-de-jorge-costa-ao-de-bednarek-frente-ao-benfica\/#breadcrumb\",\"itemListElement\":[{\"@type\":\"ListItem\",\"position\":1,\"name\":\"In\u00edcio\",\"item\":\"https:\/\/portaltela.pt\/\"},{\"@type\":\"ListItem\",\"position\":2,\"name\":\"Porto compara golo de Jorge Costa ao de Bednarek frente ao Benfica\"}]},{\"@type\":\"WebSite\",\"@id\":\"https:\/\/portaltela.pt\/#website\",\"url\":\"https:\/\/portaltela.pt\/\",\"name\":\"Portal Tela Portugal\",\"description\":\"\",\"potentialAction\":[{\"@type\":\"SearchAction\",\"target\":{\"@type\":\"EntryPoint\",\"urlTemplate\":\"https:\/\/portaltela.pt\/?s={search_term_string}\"},\"query-input\":{\"@type\":\"PropertyValueSpecification\",\"valueRequired\":true,\"valueName\":\"search_term_string\"}}],\"inLanguage\":\"pt-PT\"},{\"@type\":\"Person\",\"@id\":\"https:\/\/portaltela.pt\/#\/schema\/person\/c4278d4a6028830caff9ee44b42d32ed\",\"name\":\"Telinha\",\"image\":{\"@type\":\"ImageObject\",\"inLanguage\":\"pt-PT\",\"@id\":\"https:\/\/portaltela.pt\/s.01k8rhncp4jt1\/2025\/11\/talking-bot-125x125.png\",\"url\":\"https:\/\/portaltela.pt\/s.01k8rhncp4jt1\/2025\/11\/talking-bot-125x125.png\",\"contentUrl\":\"https:\/\/portaltela.pt\/s.01k8rhncp4jt1\/2025\/11\/talking-bot-125x125.png\",\"caption\":\"Telinha\"},\"sameAs\":[\"https:\/\/portaltela.pt\/\"],\"url\":\"https:\/\/portaltela.pt\/por\/367410592786\/\"}]}<\/script>\n<!-- \/ Yoast SEO plugin. -->","yoast_head_json":{"title":"Porto compara golo de Jorge Costa ao de Bednarek frente ao Benfica - Portal Tela Portugal","robots":{"index":"index","follow":"follow","max-snippet":"max-snippet:-1","max-image-preview":"max-image-preview:large","max-video-preview":"max-video-preview:-1"},"og_locale":"pt_PT","og_type":"article","og_title":"Porto compara golo de Jorge Costa ao de Bednarek frente ao Benfica - Portal Tela Portugal","og_description":"O F. C. Porto comparou o cabeceamento de Bednarek ao golo de Jorge Costa contra o Benfica. Bednarek marcou o golo da vit\u00f3ria no cl\u00e1ssico, com o 1-0, nos quartos de final da Ta\u00e7a de Portugal. O clube escreveu nas redes sociais que houve \u201cum esp\u00edrito e um ADN\u201d que n\u00e3o os abandona, destacando o salto do jogador. O v\u00eddeo mostra as semelhan\u00e7as entre o golo de Jorge Costa e a finaliza\u00e7\u00e3o de Bednarek.","og_url":"https:\/\/portaltela.pt\/noticias\/2026\/01\/15\/porto-compara-golo-de-jorge-costa-ao-de-bednarek-frente-ao-benfica\/","og_site_name":"Portal Tela Portugal","article_published_time":"2026-01-15T16:55:00+00:00","author":"Telinha","twitter_card":"summary_large_image","twitter_misc":{"Escrito por":"Telinha","Tempo estimado de leitura":"1 minuto"},"schema":{"@context":"https:\/\/schema.org","@graph":[{"@type":"Article","@id":"https:\/\/portaltela.pt\/noticias\/2026\/01\/15\/porto-compara-golo-de-jorge-costa-ao-de-bednarek-frente-ao-benfica\/#article","isPartOf":{"@id":"https:\/\/portaltela.pt\/noticias\/2026\/01\/15\/porto-compara-golo-de-jorge-costa-ao-de-bednarek-frente-ao-benfica\/"},"author":{"name":"Telinha","@id":"https:\/\/portaltela.pt\/#\/schema\/person\/c4278d4a6028830caff9ee44b42d32ed"},"headline":"Porto compara golo de Jorge Costa ao de Bednarek frente ao Benfica","datePublished":"2026-01-15T16:55:00+00:00","mainEntityOfPage":{"@id":"https:\/\/portaltela.pt\/noticias\/2026\/01\/15\/porto-compara-golo-de-jorge-costa-ao-de-bednarek-frente-ao-benfica\/"},"wordCount":202,"image":{"@id":"https:\/\/portaltela.pt\/noticias\/2026\/01\/15\/porto-compara-golo-de-jorge-costa-ao-de-bednarek-frente-ao-benfica\/#primaryimage"},"thumbnailUrl":"https:\/\/portaltela.pt\/s.01k8rhncp4jt1\/2026\/01\/image-951.jpg","keywords":["Bednarek","Benfica","futebol","Jorge Costa","Porto","Ta\u00e7a de Portugal"],"articleSection":["Desporto","Futebol"],"inLanguage":"pt-PT"},{"@type":"WebPage","@id":"https:\/\/portaltela.pt\/noticias\/2026\/01\/15\/porto-compara-golo-de-jorge-costa-ao-de-bednarek-frente-ao-benfica\/","url":"https:\/\/portaltela.pt\/noticias\/2026\/01\/15\/porto-compara-golo-de-jorge-costa-ao-de-bednarek-frente-ao-benfica\/","name":"Porto compara golo de Jorge Costa ao de Bednarek frente ao Benfica - Portal Tela Portugal","isPartOf":{"@id":"https:\/\/portaltela.pt\/#website"},"primaryImageOfPage":{"@id":"https:\/\/portaltela.pt\/noticias\/2026\/01\/15\/porto-compara-golo-de-jorge-costa-ao-de-bednarek-frente-ao-benfica\/#primaryimage"},"image":{"@id":"https:\/\/portaltela.pt\/noticias\/2026\/01\/15\/porto-compara-golo-de-jorge-costa-ao-de-bednarek-frente-ao-benfica\/#primaryimage"},"thumbnailUrl":"https:\/\/portaltela.pt\/s.01k8rhncp4jt1\/2026\/01\/image-951.jpg","datePublished":"2026-01-15T16:55:00+00:00","author":{"@id":"https:\/\/portaltela.pt\/#\/schema\/person\/c4278d4a6028830caff9ee44b42d32ed"},"breadcrumb":{"@id":"https:\/\/portaltela.pt\/noticias\/2026\/01\/15\/porto-compara-golo-de-jorge-costa-ao-de-bednarek-frente-ao-benfica\/#breadcrumb"},"inLanguage":"pt-PT","potentialAction":[{"@type":"ReadAction","target":["https:\/\/portaltela.pt\/noticias\/2026\/01\/15\/porto-compara-golo-de-jorge-costa-ao-de-bednarek-frente-ao-benfica\/"]}]},{"@type":"ImageObject","inLanguage":"pt-PT","@id":"https:\/\/portaltela.pt\/noticias\/2026\/01\/15\/porto-compara-golo-de-jorge-costa-ao-de-bednarek-frente-ao-benfica\/#primaryimage","url":"https:\/\/portaltela.pt\/s.01k8rhncp4jt1\/2026\/01\/image-951.jpg","contentUrl":"https:\/\/portaltela.pt\/s.01k8rhncp4jt1\/2026\/01\/image-951.jpg","width":796,"height":448,"caption":"Bednarek marcou o golo da vit\u00f3ria no cl\u00e1ssico"},{"@type":"BreadcrumbList","@id":"https:\/\/portaltela.pt\/noticias\/2026\/01\/15\/porto-compara-golo-de-jorge-costa-ao-de-bednarek-frente-ao-benfica\/#breadcrumb","itemListElement":[{"@type":"ListItem","position":1,"name":"In\u00edcio","item":"https:\/\/portaltela.pt\/"},{"@type":"ListItem","position":2,"name":"Porto compara golo de Jorge Costa ao de Bednarek frente ao Benfica"}]},{"@type":"WebSite","@id":"https:\/\/portaltela.pt\/#website","url":"https:\/\/portaltela.pt\/","name":"Portal Tela Portugal","description":"","potentialAction":[{"@type":"SearchAction","target":{"@type":"EntryPoint","urlTemplate":"https:\/\/portaltela.pt\/?s={search_term_string}"},"query-input":{"@type":"PropertyValueSpecification","valueRequired":true,"valueName":"search_term_string"}}],"inLanguage":"pt-PT"},{"@type":"Person","@id":"https:\/\/portaltela.pt\/#\/schema\/person\/c4278d4a6028830caff9ee44b42d32ed","name":"Telinha","image":{"@type":"ImageObject","inLanguage":"pt-PT","@id":"https:\/\/portaltela.pt\/s.01k8rhncp4jt1\/2025\/11\/talking-bot-125x125.png","url":"https:\/\/portaltela.pt\/s.01k8rhncp4jt1\/2025\/11\/talking-bot-125x125.png","contentUrl":"https:\/\/portaltela.pt\/s.01k8rhncp4jt1\/2025\/11\/talking-bot-125x125.png","caption":"Telinha"},"sameAs":["https:\/\/portaltela.pt\/"],"url":"https:\/\/portaltela.pt\/por\/367410592786\/"}]}},"_links":{"self":[{"href":"https:\/\/portaltela.pt\/api\/wp\/v2\/posts\/145006","targetHints":{"allow":["GET"]}}],"collection":[{"href":"https:\/\/portaltela.pt\/api\/wp\/v2\/posts"}],"about":[{"href":"https:\/\/portaltela.pt\/api\/wp\/v2\/types\/post"}],"author":[{"embeddable":true,"href":"https:\/\/portaltela.pt\/api\/wp\/v2\/users\/2"}],"replies":[{"embeddable":true,"href":"https:\/\/portaltela.pt\/api\/wp\/v2\/comments?post=145006"}],"version-history":[{"count":0,"href":"https:\/\/portaltela.pt\/api\/wp\/v2\/posts\/145006\/revisions"}],"wp:featuredmedia":[{"embeddable":true,"href":"https:\/\/portaltela.pt\/api\/wp\/v2\/media\/145019"}],"wp:attachment":[{"href":"https:\/\/portaltela.pt\/api\/wp\/v2\/media?parent=145006"}],"wp:term":[{"taxonomy":"category","embeddable":true,"href":"https:\/\/portaltela.pt\/api\/wp\/v2\/categories?post=145006"},{"taxonomy":"post_tag","embeddable":true,"href":"https:\/\/portaltela.pt\/api\/wp\/v2\/tags?post=145006"}],"curies":[{"name":"wp","href":"https:\/\/api.w.org\/{rel}","templated":true}]}}