{"id":145005,"date":"2026-01-15T13:50:00","date_gmt":"2026-01-15T16:50:00","guid":{"rendered":"https:\/\/portaltela.pt\/noticias\/2026\/01\/15\/baixar-imt-e-subir-o-imi-para-mitigar-crise-no-arrendamento\/"},"modified":"2026-01-15T13:50:00","modified_gmt":"2026-01-15T16:50:00","slug":"baixar-imt-e-subir-o-imi-para-mitigar-crise-no-arrendamento","status":"publish","type":"post","link":"https:\/\/portaltela.pt\/noticias\/2026\/01\/15\/baixar-imt-e-subir-o-imi-para-mitigar-crise-no-arrendamento\/","title":{"rendered":"Baixar IMT e subir o IMI para mitigar crise no arrendamento"},"content":{"rendered":"<p>O estudo defende uma reformula\u00e7\u00e3o gradual dos impostos sobre im\u00f3veis para enfrentar a crise no arrendamento. Prop\u00f5e reduzir o IMT de forma gradual e aumentar o IMI como forma de estimular o mercado para habita\u00e7\u00e3o em arrendamento.<\/p>\n<p>Segundo o investigador Lu\u00eds Clemente-Casinhas, a medida visa pressionar os senhorios a colocar im\u00f3veis dispon\u00edveis para arrendamento e, ao mesmo tempo, reduzir a press\u00e3o sobre os pre\u00e7os.<\/p>\n<p>A an\u00e1lise aponta que o benef\u00edcio fiscal para a compra de casa por jovens, promovido por Lu\u00eds Montenegro, acabou absorvido pelo crescimento dos pre\u00e7os das habita\u00e7\u00f5es, neutralizando parte do efeito pretendido.<\/p>\n<p>O documento sublinha ainda a necessidade de pol\u00edticas complementares para estabilizar o mercado, sem indicar prazos espec\u00edficos para a implementa\u00e7\u00e3o das mudan\u00e7as propostas.<\/p>\n","protected":false},"excerpt":{"rendered":"<ul>\n<li>Estudo sugere reduzir gradualmente o IMT e aumentar o IMI como forma de enfrentar a subida dos pre\u00e7os das casas.<\/li>\n<li>A proposta, apresentada pelo investigador Lu\u00eds Clemente-Casinhas, visa tamb\u00e9m pressionar os senhorios a colocar habita\u00e7\u00f5es no mercado de arrendamento.<\/li>\n<li>O objetivo \u00e9 tornar o arrendamento mais atractivo face aos im\u00f3veis vendidos, potenciando maior oferta.<\/li>\n<li>O estudo tamb\u00e9m aponta que o benef\u00edcio fiscal para a compra de casa de jovens, promovido por Lu\u00eds Montenegro, foi absorvido pelo aumento dos pre\u00e7os.<\/li>\n<li>Em s\u00edntese, a medida \u00e9 apresentada como ferramenta para mitigar a crise na habita\u00e7\u00e3o e estimular o arrendamento.<\/li>\n<\/ul>\n","protected":false},"author":2,"featured_media":145026,"comment_status":"closed","ping_status":"closed","sticky":false,"template":"","format":"standard","meta":{"footnotes":""},"categories":[1],"tags":[3014,2531,150,1167,1208,1598],"class_list":["post-145005","post","type-post","status-publish","format-standard","has-post-thumbnail","hentry","category-noticias","tag-arrendamento","tag-arrendamentos","tag-habitacao","tag-habitacao-social","tag-imi","tag-imi-familiar"],"yoast_head":"<!-- This site is optimized with the Yoast SEO plugin v27.2 - https:\/\/yoast.com\/product\/yoast-seo-wordpress\/ -->\n<title>Baixar IMT e subir o IMI para mitigar crise no arrendamento - Portal Tela Portugal<\/title>\n<meta name=\"robots\" content=\"index, follow, max-snippet:-1, max-image-preview:large, max-video-preview:-1\" \/>\n<meta property=\"og:locale\" content=\"pt_PT\" \/>\n<meta property=\"og:type\" content=\"article\" \/>\n<meta property=\"og:title\" content=\"Baixar IMT e subir o IMI para mitigar crise no arrendamento - Portal Tela Portugal\" \/>\n<meta property=\"og:description\" content=\"Estudo sugere reduzir gradualmente o IMT e aumentar o IMI como forma de enfrentar a subida dos pre\u00e7os das casas. A proposta, apresentada pelo investigador Lu\u00eds Clemente-Casinhas, visa tamb\u00e9m pressionar os senhorios a colocar habita\u00e7\u00f5es no mercado de arrendamento. O objetivo \u00e9 tornar o arrendamento mais atractivo face aos im\u00f3veis vendidos, potenciando maior oferta. O estudo tamb\u00e9m aponta que o benef\u00edcio fiscal para a compra de casa de jovens, promovido por Lu\u00eds Montenegro, foi absorvido pelo aumento dos pre\u00e7os. Em s\u00edntese, a medida \u00e9 apresentada como ferramenta para mitigar a crise na habita\u00e7\u00e3o e estimular o arrendamento.\" \/>\n<meta property=\"og:url\" content=\"https:\/\/portaltela.pt\/noticias\/2026\/01\/15\/baixar-imt-e-subir-o-imi-para-mitigar-crise-no-arrendamento\/\" \/>\n<meta property=\"og:site_name\" content=\"Portal Tela Portugal\" \/>\n<meta property=\"article:published_time\" content=\"2026-01-15T16:50:00+00:00\" \/>\n<meta name=\"author\" content=\"Telinha\" \/>\n<meta name=\"twitter:card\" content=\"summary_large_image\" \/>\n<meta name=\"twitter:label1\" content=\"Escrito por\" \/>\n\t<meta name=\"twitter:data1\" content=\"Telinha\" \/>\n\t<meta name=\"twitter:label2\" content=\"Tempo estimado de leitura\" \/>\n\t<meta name=\"twitter:data2\" content=\"1 minuto\" \/>\n<script type=\"application\/ld+json\" class=\"yoast-schema-graph\">{\"@context\":\"https:\/\/schema.org\",\"@graph\":[{\"@type\":\"Article\",\"@id\":\"https:\/\/portaltela.pt\/noticias\/2026\/01\/15\/baixar-imt-e-subir-o-imi-para-mitigar-crise-no-arrendamento\/#article\",\"isPartOf\":{\"@id\":\"https:\/\/portaltela.pt\/noticias\/2026\/01\/15\/baixar-imt-e-subir-o-imi-para-mitigar-crise-no-arrendamento\/\"},\"author\":{\"name\":\"Telinha\",\"@id\":\"https:\/\/portaltela.pt\/#\/schema\/person\/c4278d4a6028830caff9ee44b42d32ed\"},\"headline\":\"Baixar IMT e subir o IMI para mitigar crise no arrendamento\",\"datePublished\":\"2026-01-15T16:50:00+00:00\",\"mainEntityOfPage\":{\"@id\":\"https:\/\/portaltela.pt\/noticias\/2026\/01\/15\/baixar-imt-e-subir-o-imi-para-mitigar-crise-no-arrendamento\/\"},\"wordCount\":147,\"image\":{\"@id\":\"https:\/\/portaltela.pt\/noticias\/2026\/01\/15\/baixar-imt-e-subir-o-imi-para-mitigar-crise-no-arrendamento\/#primaryimage\"},\"thumbnailUrl\":\"https:\/\/portaltela.pt\/s.01k8rhncp4jt1\/2026\/01\/image-954.jpg\",\"keywords\":[\"arrendamento\",\"arrendamentos\",\"habita\u00e7\u00e3o\",\"habita\u00e7\u00e3o social\",\"IMI\",\"IMI Familiar\"],\"articleSection\":[\"Not\u00edcias\"],\"inLanguage\":\"pt-PT\"},{\"@type\":\"WebPage\",\"@id\":\"https:\/\/portaltela.pt\/noticias\/2026\/01\/15\/baixar-imt-e-subir-o-imi-para-mitigar-crise-no-arrendamento\/\",\"url\":\"https:\/\/portaltela.pt\/noticias\/2026\/01\/15\/baixar-imt-e-subir-o-imi-para-mitigar-crise-no-arrendamento\/\",\"name\":\"Baixar IMT e subir o IMI para mitigar crise no arrendamento - Portal Tela Portugal\",\"isPartOf\":{\"@id\":\"https:\/\/portaltela.pt\/#website\"},\"primaryImageOfPage\":{\"@id\":\"https:\/\/portaltela.pt\/noticias\/2026\/01\/15\/baixar-imt-e-subir-o-imi-para-mitigar-crise-no-arrendamento\/#primaryimage\"},\"image\":{\"@id\":\"https:\/\/portaltela.pt\/noticias\/2026\/01\/15\/baixar-imt-e-subir-o-imi-para-mitigar-crise-no-arrendamento\/#primaryimage\"},\"thumbnailUrl\":\"https:\/\/portaltela.pt\/s.01k8rhncp4jt1\/2026\/01\/image-954.jpg\",\"datePublished\":\"2026-01-15T16:50:00+00:00\",\"author\":{\"@id\":\"https:\/\/portaltela.pt\/#\/schema\/person\/c4278d4a6028830caff9ee44b42d32ed\"},\"breadcrumb\":{\"@id\":\"https:\/\/portaltela.pt\/noticias\/2026\/01\/15\/baixar-imt-e-subir-o-imi-para-mitigar-crise-no-arrendamento\/#breadcrumb\"},\"inLanguage\":\"pt-PT\",\"potentialAction\":[{\"@type\":\"ReadAction\",\"target\":[\"https:\/\/portaltela.pt\/noticias\/2026\/01\/15\/baixar-imt-e-subir-o-imi-para-mitigar-crise-no-arrendamento\/\"]}]},{\"@type\":\"ImageObject\",\"inLanguage\":\"pt-PT\",\"@id\":\"https:\/\/portaltela.pt\/noticias\/2026\/01\/15\/baixar-imt-e-subir-o-imi-para-mitigar-crise-no-arrendamento\/#primaryimage\",\"url\":\"https:\/\/portaltela.pt\/s.01k8rhncp4jt1\/2026\/01\/image-954.jpg\",\"contentUrl\":\"https:\/\/portaltela.pt\/s.01k8rhncp4jt1\/2026\/01\/image-954.jpg\",\"width\":796,\"height\":448,\"caption\":\"O Porto \u00e9 uma das cidades mais afetadas pela infla\u00e7\u00e3o no setor da habita\u00e7\u00e3o\"},{\"@type\":\"BreadcrumbList\",\"@id\":\"https:\/\/portaltela.pt\/noticias\/2026\/01\/15\/baixar-imt-e-subir-o-imi-para-mitigar-crise-no-arrendamento\/#breadcrumb\",\"itemListElement\":[{\"@type\":\"ListItem\",\"position\":1,\"name\":\"In\u00edcio\",\"item\":\"https:\/\/portaltela.pt\/\"},{\"@type\":\"ListItem\",\"position\":2,\"name\":\"Baixar IMT e subir o IMI para mitigar crise no arrendamento\"}]},{\"@type\":\"WebSite\",\"@id\":\"https:\/\/portaltela.pt\/#website\",\"url\":\"https:\/\/portaltela.pt\/\",\"name\":\"Portal Tela Portugal\",\"description\":\"\",\"potentialAction\":[{\"@type\":\"SearchAction\",\"target\":{\"@type\":\"EntryPoint\",\"urlTemplate\":\"https:\/\/portaltela.pt\/?s={search_term_string}\"},\"query-input\":{\"@type\":\"PropertyValueSpecification\",\"valueRequired\":true,\"valueName\":\"search_term_string\"}}],\"inLanguage\":\"pt-PT\"},{\"@type\":\"Person\",\"@id\":\"https:\/\/portaltela.pt\/#\/schema\/person\/c4278d4a6028830caff9ee44b42d32ed\",\"name\":\"Telinha\",\"image\":{\"@type\":\"ImageObject\",\"inLanguage\":\"pt-PT\",\"@id\":\"https:\/\/portaltela.pt\/s.01k8rhncp4jt1\/2025\/11\/talking-bot-125x125.png\",\"url\":\"https:\/\/portaltela.pt\/s.01k8rhncp4jt1\/2025\/11\/talking-bot-125x125.png\",\"contentUrl\":\"https:\/\/portaltela.pt\/s.01k8rhncp4jt1\/2025\/11\/talking-bot-125x125.png\",\"caption\":\"Telinha\"},\"sameAs\":[\"https:\/\/portaltela.pt\/\"],\"url\":\"https:\/\/portaltela.pt\/por\/367410592786\/\"}]}<\/script>\n<!-- \/ Yoast SEO plugin. -->","yoast_head_json":{"title":"Baixar IMT e subir o IMI para mitigar crise no arrendamento - Portal Tela Portugal","robots":{"index":"index","follow":"follow","max-snippet":"max-snippet:-1","max-image-preview":"max-image-preview:large","max-video-preview":"max-video-preview:-1"},"og_locale":"pt_PT","og_type":"article","og_title":"Baixar IMT e subir o IMI para mitigar crise no arrendamento - Portal Tela Portugal","og_description":"Estudo sugere reduzir gradualmente o IMT e aumentar o IMI como forma de enfrentar a subida dos pre\u00e7os das casas. A proposta, apresentada pelo investigador Lu\u00eds Clemente-Casinhas, visa tamb\u00e9m pressionar os senhorios a colocar habita\u00e7\u00f5es no mercado de arrendamento. O objetivo \u00e9 tornar o arrendamento mais atractivo face aos im\u00f3veis vendidos, potenciando maior oferta. O estudo tamb\u00e9m aponta que o benef\u00edcio fiscal para a compra de casa de jovens, promovido por Lu\u00eds Montenegro, foi absorvido pelo aumento dos pre\u00e7os. Em s\u00edntese, a medida \u00e9 apresentada como ferramenta para mitigar a crise na habita\u00e7\u00e3o e estimular o arrendamento.","og_url":"https:\/\/portaltela.pt\/noticias\/2026\/01\/15\/baixar-imt-e-subir-o-imi-para-mitigar-crise-no-arrendamento\/","og_site_name":"Portal Tela Portugal","article_published_time":"2026-01-15T16:50:00+00:00","author":"Telinha","twitter_card":"summary_large_image","twitter_misc":{"Escrito por":"Telinha","Tempo estimado de leitura":"1 minuto"},"schema":{"@context":"https:\/\/schema.org","@graph":[{"@type":"Article","@id":"https:\/\/portaltela.pt\/noticias\/2026\/01\/15\/baixar-imt-e-subir-o-imi-para-mitigar-crise-no-arrendamento\/#article","isPartOf":{"@id":"https:\/\/portaltela.pt\/noticias\/2026\/01\/15\/baixar-imt-e-subir-o-imi-para-mitigar-crise-no-arrendamento\/"},"author":{"name":"Telinha","@id":"https:\/\/portaltela.pt\/#\/schema\/person\/c4278d4a6028830caff9ee44b42d32ed"},"headline":"Baixar IMT e subir o IMI para mitigar crise no arrendamento","datePublished":"2026-01-15T16:50:00+00:00","mainEntityOfPage":{"@id":"https:\/\/portaltela.pt\/noticias\/2026\/01\/15\/baixar-imt-e-subir-o-imi-para-mitigar-crise-no-arrendamento\/"},"wordCount":147,"image":{"@id":"https:\/\/portaltela.pt\/noticias\/2026\/01\/15\/baixar-imt-e-subir-o-imi-para-mitigar-crise-no-arrendamento\/#primaryimage"},"thumbnailUrl":"https:\/\/portaltela.pt\/s.01k8rhncp4jt1\/2026\/01\/image-954.jpg","keywords":["arrendamento","arrendamentos","habita\u00e7\u00e3o","habita\u00e7\u00e3o social","IMI","IMI Familiar"],"articleSection":["Not\u00edcias"],"inLanguage":"pt-PT"},{"@type":"WebPage","@id":"https:\/\/portaltela.pt\/noticias\/2026\/01\/15\/baixar-imt-e-subir-o-imi-para-mitigar-crise-no-arrendamento\/","url":"https:\/\/portaltela.pt\/noticias\/2026\/01\/15\/baixar-imt-e-subir-o-imi-para-mitigar-crise-no-arrendamento\/","name":"Baixar IMT e subir o IMI para mitigar crise no arrendamento - Portal Tela Portugal","isPartOf":{"@id":"https:\/\/portaltela.pt\/#website"},"primaryImageOfPage":{"@id":"https:\/\/portaltela.pt\/noticias\/2026\/01\/15\/baixar-imt-e-subir-o-imi-para-mitigar-crise-no-arrendamento\/#primaryimage"},"image":{"@id":"https:\/\/portaltela.pt\/noticias\/2026\/01\/15\/baixar-imt-e-subir-o-imi-para-mitigar-crise-no-arrendamento\/#primaryimage"},"thumbnailUrl":"https:\/\/portaltela.pt\/s.01k8rhncp4jt1\/2026\/01\/image-954.jpg","datePublished":"2026-01-15T16:50:00+00:00","author":{"@id":"https:\/\/portaltela.pt\/#\/schema\/person\/c4278d4a6028830caff9ee44b42d32ed"},"breadcrumb":{"@id":"https:\/\/portaltela.pt\/noticias\/2026\/01\/15\/baixar-imt-e-subir-o-imi-para-mitigar-crise-no-arrendamento\/#breadcrumb"},"inLanguage":"pt-PT","potentialAction":[{"@type":"ReadAction","target":["https:\/\/portaltela.pt\/noticias\/2026\/01\/15\/baixar-imt-e-subir-o-imi-para-mitigar-crise-no-arrendamento\/"]}]},{"@type":"ImageObject","inLanguage":"pt-PT","@id":"https:\/\/portaltela.pt\/noticias\/2026\/01\/15\/baixar-imt-e-subir-o-imi-para-mitigar-crise-no-arrendamento\/#primaryimage","url":"https:\/\/portaltela.pt\/s.01k8rhncp4jt1\/2026\/01\/image-954.jpg","contentUrl":"https:\/\/portaltela.pt\/s.01k8rhncp4jt1\/2026\/01\/image-954.jpg","width":796,"height":448,"caption":"O Porto \u00e9 uma das cidades mais afetadas pela infla\u00e7\u00e3o no setor da habita\u00e7\u00e3o"},{"@type":"BreadcrumbList","@id":"https:\/\/portaltela.pt\/noticias\/2026\/01\/15\/baixar-imt-e-subir-o-imi-para-mitigar-crise-no-arrendamento\/#breadcrumb","itemListElement":[{"@type":"ListItem","position":1,"name":"In\u00edcio","item":"https:\/\/portaltela.pt\/"},{"@type":"ListItem","position":2,"name":"Baixar IMT e subir o IMI para mitigar crise no arrendamento"}]},{"@type":"WebSite","@id":"https:\/\/portaltela.pt\/#website","url":"https:\/\/portaltela.pt\/","name":"Portal Tela Portugal","description":"","potentialAction":[{"@type":"SearchAction","target":{"@type":"EntryPoint","urlTemplate":"https:\/\/portaltela.pt\/?s={search_term_string}"},"query-input":{"@type":"PropertyValueSpecification","valueRequired":true,"valueName":"search_term_string"}}],"inLanguage":"pt-PT"},{"@type":"Person","@id":"https:\/\/portaltela.pt\/#\/schema\/person\/c4278d4a6028830caff9ee44b42d32ed","name":"Telinha","image":{"@type":"ImageObject","inLanguage":"pt-PT","@id":"https:\/\/portaltela.pt\/s.01k8rhncp4jt1\/2025\/11\/talking-bot-125x125.png","url":"https:\/\/portaltela.pt\/s.01k8rhncp4jt1\/2025\/11\/talking-bot-125x125.png","contentUrl":"https:\/\/portaltela.pt\/s.01k8rhncp4jt1\/2025\/11\/talking-bot-125x125.png","caption":"Telinha"},"sameAs":["https:\/\/portaltela.pt\/"],"url":"https:\/\/portaltela.pt\/por\/367410592786\/"}]}},"_links":{"self":[{"href":"https:\/\/portaltela.pt\/api\/wp\/v2\/posts\/145005","targetHints":{"allow":["GET"]}}],"collection":[{"href":"https:\/\/portaltela.pt\/api\/wp\/v2\/posts"}],"about":[{"href":"https:\/\/portaltela.pt\/api\/wp\/v2\/types\/post"}],"author":[{"embeddable":true,"href":"https:\/\/portaltela.pt\/api\/wp\/v2\/users\/2"}],"replies":[{"embeddable":true,"href":"https:\/\/portaltela.pt\/api\/wp\/v2\/comments?post=145005"}],"version-history":[{"count":0,"href":"https:\/\/portaltela.pt\/api\/wp\/v2\/posts\/145005\/revisions"}],"wp:featuredmedia":[{"embeddable":true,"href":"https:\/\/portaltela.pt\/api\/wp\/v2\/media\/145026"}],"wp:attachment":[{"href":"https:\/\/portaltela.pt\/api\/wp\/v2\/media?parent=145005"}],"wp:term":[{"taxonomy":"category","embeddable":true,"href":"https:\/\/portaltela.pt\/api\/wp\/v2\/categories?post=145005"},{"taxonomy":"post_tag","embeddable":true,"href":"https:\/\/portaltela.pt\/api\/wp\/v2\/tags?post=145005"}],"curies":[{"name":"wp","href":"https:\/\/api.w.org\/{rel}","templated":true}]}}