{"id":144933,"date":"2026-01-15T13:22:34","date_gmt":"2026-01-15T16:22:34","guid":{"rendered":"https:\/\/portaltela.pt\/noticias\/2026\/01\/15\/tecnico-do-albacete-antecipa-historia-na-taca-do-rei-frente-ao-real-madrid-2\/"},"modified":"2026-01-15T13:22:34","modified_gmt":"2026-01-15T16:22:34","slug":"tecnico-do-albacete-antecipa-historia-na-taca-do-rei-frente-ao-real-madrid-2","status":"publish","type":"post","link":"https:\/\/portaltela.pt\/desporto\/futebol\/2026\/01\/15\/tecnico-do-albacete-antecipa-historia-na-taca-do-rei-frente-ao-real-madrid-2\/","title":{"rendered":"T\u00e9cnico do Albacete antecipa hist\u00f3ria na Ta\u00e7a do Rei frente ao Real Madrid"},"content":{"rendered":"<p>No jogo da Ta\u00e7a do Rei disputado recentemente, o Albacete, 17.\u00ba classificado da Liga 2, conquistou uma vit\u00f3ria hist\u00f3rica ao derrotar o Real Madrid por 3-2. Foi o primeiro encontro sob o comando de Arbeloa, que cumpre o seu primeiro desafio \u00e0 frente dos merengues na competi\u00e7\u00e3o. O triunfo chegou num contexto de surpresa e ficou marcado pela rea\u00e7\u00e3o da equipa do menos cotado.<\/p>\n<p>A vit\u00f3ria da equipa de Segunda Liga ficou selada ap\u00f3s um encontro equilibrado, no qual o Albacete conseguiu aproveitar as oportunidades no ataque. A equipa treinada por Alberto Gonz\u00e1lez apresentou consist\u00eancia defensiva e efic\u00e1cia ofensiva que desequilibraram o jogo frente a um Real Madrid que entrou forte.<\/p>\n<p>Segundo a an\u00e1lise inicial da partida, a motiva\u00e7\u00e3o transmitida no balne\u00e1rio foi crucial para o desempenho dos anfitri\u00f5es, que entraram determinados a provar o seu valor contra um advers\u00e1rio de maior peso. A classifica\u00e7\u00e3o da Ta\u00e7a do Rei permanece em aberto, com o Albacete a encarar pr\u00f3ximos duelos com a confian\u00e7a refor\u00e7ada.<\/p>\n","protected":false},"excerpt":{"rendered":"<ul>\n<li>O Albacete, 17.\u00ba classificado da segunda divis\u00e3o espanhola, venceu o Real Madrid 3-2 na Ta\u00e7a do Rei.<\/li>\n<li>Foi a primeira derrota do Real Madrid na competi\u00e7\u00e3o diante do emblema de escal\u00e3o inferior.<\/li>\n<li>O triunfo aconteceu no primeiro jogo de Arbeloa no comando t\u00e9cnico do Albacete.<\/li>\n<li>O discurso motivador do treinador Alberto Gonz\u00e1lez, no balne\u00e1rio, \u00e9 apontado como determinante para o resultado.<\/li>\n<li>O Albacete eliminou o Real Madrid na Ta\u00e7a do Rei.<\/li>\n<\/ul>\n","protected":false},"author":2,"featured_media":144941,"comment_status":"closed","ping_status":"closed","sticky":false,"template":"","format":"standard","meta":{"footnotes":""},"categories":[21,24],"tags":[2583,218,152,2031,32,2714],"class_list":["post-144933","post","type-post","status-publish","format-standard","has-post-thumbnail","hentry","category-desporto","category-futebol","tag-albacete","tag-desportivo","tag-desporto","tag-espanha","tag-futebol","tag-real-madrid"],"yoast_head":"<!-- This site is optimized with the Yoast SEO plugin v27.2 - https:\/\/yoast.com\/product\/yoast-seo-wordpress\/ -->\n<title>T\u00e9cnico do Albacete antecipa hist\u00f3ria na Ta\u00e7a do Rei frente ao Real Madrid - Portal Tela Portugal<\/title>\n<meta name=\"robots\" content=\"index, follow, max-snippet:-1, max-image-preview:large, max-video-preview:-1\" \/>\n<meta property=\"og:locale\" content=\"pt_PT\" \/>\n<meta property=\"og:type\" content=\"article\" \/>\n<meta property=\"og:title\" content=\"T\u00e9cnico do Albacete antecipa hist\u00f3ria na Ta\u00e7a do Rei frente ao Real Madrid - Portal Tela Portugal\" \/>\n<meta property=\"og:description\" content=\"O Albacete, 17.\u00ba classificado da segunda divis\u00e3o espanhola, venceu o Real Madrid 3-2 na Ta\u00e7a do Rei. Foi a primeira derrota do Real Madrid na competi\u00e7\u00e3o diante do emblema de escal\u00e3o inferior. O triunfo aconteceu no primeiro jogo de Arbeloa no comando t\u00e9cnico do Albacete. O discurso motivador do treinador Alberto Gonz\u00e1lez, no balne\u00e1rio, \u00e9 apontado como determinante para o resultado. O Albacete eliminou o Real Madrid na Ta\u00e7a do Rei.\" \/>\n<meta property=\"og:url\" content=\"https:\/\/portaltela.pt\/noticias\/2026\/01\/15\/tecnico-do-albacete-antecipa-historia-na-taca-do-rei-frente-ao-real-madrid-2\/\" \/>\n<meta property=\"og:site_name\" content=\"Portal Tela Portugal\" \/>\n<meta property=\"article:published_time\" content=\"2026-01-15T16:22:34+00:00\" \/>\n<meta name=\"author\" content=\"Telinha\" \/>\n<meta name=\"twitter:card\" content=\"summary_large_image\" \/>\n<meta name=\"twitter:label1\" content=\"Escrito por\" \/>\n\t<meta name=\"twitter:data1\" content=\"Telinha\" \/>\n\t<meta name=\"twitter:label2\" content=\"Tempo estimado de leitura\" \/>\n\t<meta name=\"twitter:data2\" content=\"1 minuto\" \/>\n<script type=\"application\/ld+json\" class=\"yoast-schema-graph\">{\"@context\":\"https:\/\/schema.org\",\"@graph\":[{\"@type\":\"Article\",\"@id\":\"https:\/\/portaltela.pt\/noticias\/2026\/01\/15\/tecnico-do-albacete-antecipa-historia-na-taca-do-rei-frente-ao-real-madrid-2\/#article\",\"isPartOf\":{\"@id\":\"https:\/\/portaltela.pt\/noticias\/2026\/01\/15\/tecnico-do-albacete-antecipa-historia-na-taca-do-rei-frente-ao-real-madrid-2\/\"},\"author\":{\"name\":\"Telinha\",\"@id\":\"https:\/\/portaltela.pt\/#\/schema\/person\/c4278d4a6028830caff9ee44b42d32ed\"},\"headline\":\"T\u00e9cnico do Albacete antecipa hist\u00f3ria na Ta\u00e7a do Rei frente ao Real Madrid\",\"datePublished\":\"2026-01-15T16:22:34+00:00\",\"mainEntityOfPage\":{\"@id\":\"https:\/\/portaltela.pt\/noticias\/2026\/01\/15\/tecnico-do-albacete-antecipa-historia-na-taca-do-rei-frente-ao-real-madrid-2\/\"},\"wordCount\":196,\"image\":{\"@id\":\"https:\/\/portaltela.pt\/noticias\/2026\/01\/15\/tecnico-do-albacete-antecipa-historia-na-taca-do-rei-frente-ao-real-madrid-2\/#primaryimage\"},\"thumbnailUrl\":\"https:\/\/portaltela.pt\/s.01k8rhncp4jt1\/2026\/01\/img_1200x721uu2026-01-15-16-11-18-2414954-1.jpg\",\"keywords\":[\"Albacete\",\"desportivo\",\"desporto\",\"Espanha\",\"futebol\",\"Real Madrid\"],\"articleSection\":[\"Desporto\",\"Futebol\"],\"inLanguage\":\"pt-PT\"},{\"@type\":\"WebPage\",\"@id\":\"https:\/\/portaltela.pt\/noticias\/2026\/01\/15\/tecnico-do-albacete-antecipa-historia-na-taca-do-rei-frente-ao-real-madrid-2\/\",\"url\":\"https:\/\/portaltela.pt\/noticias\/2026\/01\/15\/tecnico-do-albacete-antecipa-historia-na-taca-do-rei-frente-ao-real-madrid-2\/\",\"name\":\"T\u00e9cnico do Albacete antecipa hist\u00f3ria na Ta\u00e7a do Rei frente ao Real Madrid - Portal Tela Portugal\",\"isPartOf\":{\"@id\":\"https:\/\/portaltela.pt\/#website\"},\"primaryImageOfPage\":{\"@id\":\"https:\/\/portaltela.pt\/noticias\/2026\/01\/15\/tecnico-do-albacete-antecipa-historia-na-taca-do-rei-frente-ao-real-madrid-2\/#primaryimage\"},\"image\":{\"@id\":\"https:\/\/portaltela.pt\/noticias\/2026\/01\/15\/tecnico-do-albacete-antecipa-historia-na-taca-do-rei-frente-ao-real-madrid-2\/#primaryimage\"},\"thumbnailUrl\":\"https:\/\/portaltela.pt\/s.01k8rhncp4jt1\/2026\/01\/img_1200x721uu2026-01-15-16-11-18-2414954-1.jpg\",\"datePublished\":\"2026-01-15T16:22:34+00:00\",\"author\":{\"@id\":\"https:\/\/portaltela.pt\/#\/schema\/person\/c4278d4a6028830caff9ee44b42d32ed\"},\"breadcrumb\":{\"@id\":\"https:\/\/portaltela.pt\/noticias\/2026\/01\/15\/tecnico-do-albacete-antecipa-historia-na-taca-do-rei-frente-ao-real-madrid-2\/#breadcrumb\"},\"inLanguage\":\"pt-PT\",\"potentialAction\":[{\"@type\":\"ReadAction\",\"target\":[\"https:\/\/portaltela.pt\/noticias\/2026\/01\/15\/tecnico-do-albacete-antecipa-historia-na-taca-do-rei-frente-ao-real-madrid-2\/\"]}]},{\"@type\":\"ImageObject\",\"inLanguage\":\"pt-PT\",\"@id\":\"https:\/\/portaltela.pt\/noticias\/2026\/01\/15\/tecnico-do-albacete-antecipa-historia-na-taca-do-rei-frente-ao-real-madrid-2\/#primaryimage\",\"url\":\"https:\/\/portaltela.pt\/s.01k8rhncp4jt1\/2026\/01\/img_1200x721uu2026-01-15-16-11-18-2414954-1.jpg\",\"contentUrl\":\"https:\/\/portaltela.pt\/s.01k8rhncp4jt1\/2026\/01\/img_1200x721uu2026-01-15-16-11-18-2414954-1.jpg\",\"width\":796,\"height\":448,\"caption\":\"\u00abSabem porque nunca ganh\u00e1mos ao Real Madrid?\u00bb: o discurso do t\u00e9cnico do Albacete antes de fazer hist\u00f3ria na Ta\u00e7a do Rei\"},{\"@type\":\"BreadcrumbList\",\"@id\":\"https:\/\/portaltela.pt\/noticias\/2026\/01\/15\/tecnico-do-albacete-antecipa-historia-na-taca-do-rei-frente-ao-real-madrid-2\/#breadcrumb\",\"itemListElement\":[{\"@type\":\"ListItem\",\"position\":1,\"name\":\"In\u00edcio\",\"item\":\"https:\/\/portaltela.pt\/\"},{\"@type\":\"ListItem\",\"position\":2,\"name\":\"T\u00e9cnico do Albacete antecipa hist\u00f3ria na Ta\u00e7a do Rei frente ao Real Madrid\"}]},{\"@type\":\"WebSite\",\"@id\":\"https:\/\/portaltela.pt\/#website\",\"url\":\"https:\/\/portaltela.pt\/\",\"name\":\"Portal Tela Portugal\",\"description\":\"\",\"potentialAction\":[{\"@type\":\"SearchAction\",\"target\":{\"@type\":\"EntryPoint\",\"urlTemplate\":\"https:\/\/portaltela.pt\/?s={search_term_string}\"},\"query-input\":{\"@type\":\"PropertyValueSpecification\",\"valueRequired\":true,\"valueName\":\"search_term_string\"}}],\"inLanguage\":\"pt-PT\"},{\"@type\":\"Person\",\"@id\":\"https:\/\/portaltela.pt\/#\/schema\/person\/c4278d4a6028830caff9ee44b42d32ed\",\"name\":\"Telinha\",\"image\":{\"@type\":\"ImageObject\",\"inLanguage\":\"pt-PT\",\"@id\":\"https:\/\/portaltela.pt\/s.01k8rhncp4jt1\/2025\/11\/talking-bot-125x125.png\",\"url\":\"https:\/\/portaltela.pt\/s.01k8rhncp4jt1\/2025\/11\/talking-bot-125x125.png\",\"contentUrl\":\"https:\/\/portaltela.pt\/s.01k8rhncp4jt1\/2025\/11\/talking-bot-125x125.png\",\"caption\":\"Telinha\"},\"sameAs\":[\"https:\/\/portaltela.pt\/\"],\"url\":\"https:\/\/portaltela.pt\/por\/367410592786\/\"}]}<\/script>\n<!-- \/ Yoast SEO plugin. -->","yoast_head_json":{"title":"T\u00e9cnico do Albacete antecipa hist\u00f3ria na Ta\u00e7a do Rei frente ao Real Madrid - Portal Tela Portugal","robots":{"index":"index","follow":"follow","max-snippet":"max-snippet:-1","max-image-preview":"max-image-preview:large","max-video-preview":"max-video-preview:-1"},"og_locale":"pt_PT","og_type":"article","og_title":"T\u00e9cnico do Albacete antecipa hist\u00f3ria na Ta\u00e7a do Rei frente ao Real Madrid - Portal Tela Portugal","og_description":"O Albacete, 17.\u00ba classificado da segunda divis\u00e3o espanhola, venceu o Real Madrid 3-2 na Ta\u00e7a do Rei. Foi a primeira derrota do Real Madrid na competi\u00e7\u00e3o diante do emblema de escal\u00e3o inferior. O triunfo aconteceu no primeiro jogo de Arbeloa no comando t\u00e9cnico do Albacete. O discurso motivador do treinador Alberto Gonz\u00e1lez, no balne\u00e1rio, \u00e9 apontado como determinante para o resultado. O Albacete eliminou o Real Madrid na Ta\u00e7a do Rei.","og_url":"https:\/\/portaltela.pt\/noticias\/2026\/01\/15\/tecnico-do-albacete-antecipa-historia-na-taca-do-rei-frente-ao-real-madrid-2\/","og_site_name":"Portal Tela Portugal","article_published_time":"2026-01-15T16:22:34+00:00","author":"Telinha","twitter_card":"summary_large_image","twitter_misc":{"Escrito por":"Telinha","Tempo estimado de leitura":"1 minuto"},"schema":{"@context":"https:\/\/schema.org","@graph":[{"@type":"Article","@id":"https:\/\/portaltela.pt\/noticias\/2026\/01\/15\/tecnico-do-albacete-antecipa-historia-na-taca-do-rei-frente-ao-real-madrid-2\/#article","isPartOf":{"@id":"https:\/\/portaltela.pt\/noticias\/2026\/01\/15\/tecnico-do-albacete-antecipa-historia-na-taca-do-rei-frente-ao-real-madrid-2\/"},"author":{"name":"Telinha","@id":"https:\/\/portaltela.pt\/#\/schema\/person\/c4278d4a6028830caff9ee44b42d32ed"},"headline":"T\u00e9cnico do Albacete antecipa hist\u00f3ria na Ta\u00e7a do Rei frente ao Real Madrid","datePublished":"2026-01-15T16:22:34+00:00","mainEntityOfPage":{"@id":"https:\/\/portaltela.pt\/noticias\/2026\/01\/15\/tecnico-do-albacete-antecipa-historia-na-taca-do-rei-frente-ao-real-madrid-2\/"},"wordCount":196,"image":{"@id":"https:\/\/portaltela.pt\/noticias\/2026\/01\/15\/tecnico-do-albacete-antecipa-historia-na-taca-do-rei-frente-ao-real-madrid-2\/#primaryimage"},"thumbnailUrl":"https:\/\/portaltela.pt\/s.01k8rhncp4jt1\/2026\/01\/img_1200x721uu2026-01-15-16-11-18-2414954-1.jpg","keywords":["Albacete","desportivo","desporto","Espanha","futebol","Real Madrid"],"articleSection":["Desporto","Futebol"],"inLanguage":"pt-PT"},{"@type":"WebPage","@id":"https:\/\/portaltela.pt\/noticias\/2026\/01\/15\/tecnico-do-albacete-antecipa-historia-na-taca-do-rei-frente-ao-real-madrid-2\/","url":"https:\/\/portaltela.pt\/noticias\/2026\/01\/15\/tecnico-do-albacete-antecipa-historia-na-taca-do-rei-frente-ao-real-madrid-2\/","name":"T\u00e9cnico do Albacete antecipa hist\u00f3ria na Ta\u00e7a do Rei frente ao Real Madrid - Portal Tela Portugal","isPartOf":{"@id":"https:\/\/portaltela.pt\/#website"},"primaryImageOfPage":{"@id":"https:\/\/portaltela.pt\/noticias\/2026\/01\/15\/tecnico-do-albacete-antecipa-historia-na-taca-do-rei-frente-ao-real-madrid-2\/#primaryimage"},"image":{"@id":"https:\/\/portaltela.pt\/noticias\/2026\/01\/15\/tecnico-do-albacete-antecipa-historia-na-taca-do-rei-frente-ao-real-madrid-2\/#primaryimage"},"thumbnailUrl":"https:\/\/portaltela.pt\/s.01k8rhncp4jt1\/2026\/01\/img_1200x721uu2026-01-15-16-11-18-2414954-1.jpg","datePublished":"2026-01-15T16:22:34+00:00","author":{"@id":"https:\/\/portaltela.pt\/#\/schema\/person\/c4278d4a6028830caff9ee44b42d32ed"},"breadcrumb":{"@id":"https:\/\/portaltela.pt\/noticias\/2026\/01\/15\/tecnico-do-albacete-antecipa-historia-na-taca-do-rei-frente-ao-real-madrid-2\/#breadcrumb"},"inLanguage":"pt-PT","potentialAction":[{"@type":"ReadAction","target":["https:\/\/portaltela.pt\/noticias\/2026\/01\/15\/tecnico-do-albacete-antecipa-historia-na-taca-do-rei-frente-ao-real-madrid-2\/"]}]},{"@type":"ImageObject","inLanguage":"pt-PT","@id":"https:\/\/portaltela.pt\/noticias\/2026\/01\/15\/tecnico-do-albacete-antecipa-historia-na-taca-do-rei-frente-ao-real-madrid-2\/#primaryimage","url":"https:\/\/portaltela.pt\/s.01k8rhncp4jt1\/2026\/01\/img_1200x721uu2026-01-15-16-11-18-2414954-1.jpg","contentUrl":"https:\/\/portaltela.pt\/s.01k8rhncp4jt1\/2026\/01\/img_1200x721uu2026-01-15-16-11-18-2414954-1.jpg","width":796,"height":448,"caption":"\u00abSabem porque nunca ganh\u00e1mos ao Real Madrid?\u00bb: o discurso do t\u00e9cnico do Albacete antes de fazer hist\u00f3ria na Ta\u00e7a do Rei"},{"@type":"BreadcrumbList","@id":"https:\/\/portaltela.pt\/noticias\/2026\/01\/15\/tecnico-do-albacete-antecipa-historia-na-taca-do-rei-frente-ao-real-madrid-2\/#breadcrumb","itemListElement":[{"@type":"ListItem","position":1,"name":"In\u00edcio","item":"https:\/\/portaltela.pt\/"},{"@type":"ListItem","position":2,"name":"T\u00e9cnico do Albacete antecipa hist\u00f3ria na Ta\u00e7a do Rei frente ao Real Madrid"}]},{"@type":"WebSite","@id":"https:\/\/portaltela.pt\/#website","url":"https:\/\/portaltela.pt\/","name":"Portal Tela Portugal","description":"","potentialAction":[{"@type":"SearchAction","target":{"@type":"EntryPoint","urlTemplate":"https:\/\/portaltela.pt\/?s={search_term_string}"},"query-input":{"@type":"PropertyValueSpecification","valueRequired":true,"valueName":"search_term_string"}}],"inLanguage":"pt-PT"},{"@type":"Person","@id":"https:\/\/portaltela.pt\/#\/schema\/person\/c4278d4a6028830caff9ee44b42d32ed","name":"Telinha","image":{"@type":"ImageObject","inLanguage":"pt-PT","@id":"https:\/\/portaltela.pt\/s.01k8rhncp4jt1\/2025\/11\/talking-bot-125x125.png","url":"https:\/\/portaltela.pt\/s.01k8rhncp4jt1\/2025\/11\/talking-bot-125x125.png","contentUrl":"https:\/\/portaltela.pt\/s.01k8rhncp4jt1\/2025\/11\/talking-bot-125x125.png","caption":"Telinha"},"sameAs":["https:\/\/portaltela.pt\/"],"url":"https:\/\/portaltela.pt\/por\/367410592786\/"}]}},"_links":{"self":[{"href":"https:\/\/portaltela.pt\/api\/wp\/v2\/posts\/144933","targetHints":{"allow":["GET"]}}],"collection":[{"href":"https:\/\/portaltela.pt\/api\/wp\/v2\/posts"}],"about":[{"href":"https:\/\/portaltela.pt\/api\/wp\/v2\/types\/post"}],"author":[{"embeddable":true,"href":"https:\/\/portaltela.pt\/api\/wp\/v2\/users\/2"}],"replies":[{"embeddable":true,"href":"https:\/\/portaltela.pt\/api\/wp\/v2\/comments?post=144933"}],"version-history":[{"count":0,"href":"https:\/\/portaltela.pt\/api\/wp\/v2\/posts\/144933\/revisions"}],"wp:featuredmedia":[{"embeddable":true,"href":"https:\/\/portaltela.pt\/api\/wp\/v2\/media\/144941"}],"wp:attachment":[{"href":"https:\/\/portaltela.pt\/api\/wp\/v2\/media?parent=144933"}],"wp:term":[{"taxonomy":"category","embeddable":true,"href":"https:\/\/portaltela.pt\/api\/wp\/v2\/categories?post=144933"},{"taxonomy":"post_tag","embeddable":true,"href":"https:\/\/portaltela.pt\/api\/wp\/v2\/tags?post=144933"}],"curies":[{"name":"wp","href":"https:\/\/api.w.org\/{rel}","templated":true}]}}