{"id":144910,"date":"2026-01-15T13:07:00","date_gmt":"2026-01-15T16:07:00","guid":{"rendered":"https:\/\/portaltela.pt\/noticias\/2026\/01\/15\/gnr-que-se-barricou-enfrenta-processos-por-subtracao-de-menor-e-ameaca\/"},"modified":"2026-01-15T13:07:00","modified_gmt":"2026-01-15T16:07:00","slug":"gnr-que-se-barricou-enfrenta-processos-por-subtracao-de-menor-e-ameaca","status":"publish","type":"post","link":"https:\/\/portaltela.pt\/noticias\/2026\/01\/15\/gnr-que-se-barricou-enfrenta-processos-por-subtracao-de-menor-e-ameaca\/","title":{"rendered":"GNR que se barricou enfrenta processos por subtra\u00e7\u00e3o de menor e amea\u00e7a"},"content":{"rendered":"<p>O militar da GNR S\u00e9rgio Ribeiro, j\u00e1 condenado a 13 anos de cadeia por burlas que atingiram cerca de 400 mil euros, voltou a chamar a aten\u00e7\u00e3o ao manter-se barricadado no posto da GNR de Felgueiras h\u00e1 cerca de 15 dias. O incidente ocorreu no territ\u00f3rio do munic\u00edpio de Felgueiras, sem que haja confirma\u00e7\u00e3o p\u00fablica sobre o motivo imediato da reten\u00e7\u00e3o no posto.<\/p>\n<p>Para al\u00e9m da condena\u00e7\u00e3o, o mesmo militar enfrenta um processo disciplinar relacionado com as burlas. Este procedimento discute eventuais infrac\u00e7\u00f5es de conduta associadas ao caso criminal, segundo fontes oficiais.<\/p>\n<p>Al\u00e9m disso, est\u00e3o pendentes v\u00e1rias investiga\u00e7\u00f5es internas por suspeita de abuso de confian\u00e7a e por falsifica\u00e7\u00e3o de documento, ao mesmo tempo que existem apensos processos por burla, subtra\u00e7\u00e3o de menor e amea\u00e7a. As autoridades ainda n\u00e3o divulgaram pormenores adicionais sobre o estado ou desfecho dessas pe\u00e7as processuais.<\/p>\n<h3>Situa\u00e7\u00e3o atual<\/h3>\n<p>As informa\u00e7\u00f5es dispon\u00edveis reiteram a exist\u00eancia de m\u00faltiplos procedimentos contra o militar, em diferentes inst\u00e2ncias. O conjunto de investiga\u00e7\u00f5es abrange quest\u00f5es de conduta profissional, bem como alegadas infra\u00e7\u00f5es criminais associadas ao caso j\u00e1 conhecido.<\/p>\n","protected":false},"excerpt":{"rendered":"<ul>\n<li>Militar da GNR foi condenado a 13 anos de cadeia por burlas que totalizaram 400 mil euros.<\/li>\n<li>Cerca de 15 dias atr\u00e1s, o militar barraqueou no posto da GNR de Felgueiras.<\/li>\n<li>Al\u00e9m da condena\u00e7\u00e3o, est\u00e1 a enfrentar um processo disciplinar relacionado com a senten\u00e7a.<\/li>\n<li>Existem tamb\u00e9m processos internos por suspeita de abuso de confian\u00e7a e por falsifica\u00e7\u00e3o de documento.<\/li>\n<li>Est\u00e3o apensos processos por suspeita de burla, subtra\u00e7\u00e3o de menor e amea\u00e7a.<\/li>\n<\/ul>\n","protected":false},"author":2,"featured_media":144934,"comment_status":"closed","ping_status":"closed","sticky":false,"template":"","format":"standard","meta":{"footnotes":""},"categories":[1],"tags":[746,291,260,1380,215,3224],"class_list":["post-144910","post","type-post","status-publish","format-standard","has-post-thumbnail","hentry","category-noticias","tag-abuso-de-confianca","tag-ameaca-agravada","tag-falsificacao-de-documentos","tag-gnr","tag-investigacao","tag-subtracao-de-menor-dependente-ou-em-situacao-vulneravel"],"yoast_head":"<!-- This site is optimized with the Yoast SEO plugin v27.2 - https:\/\/yoast.com\/product\/yoast-seo-wordpress\/ -->\n<title>GNR que se barricou enfrenta processos por subtra\u00e7\u00e3o de menor e amea\u00e7a - Portal Tela Portugal<\/title>\n<meta name=\"robots\" content=\"index, follow, max-snippet:-1, max-image-preview:large, max-video-preview:-1\" \/>\n<meta property=\"og:locale\" content=\"pt_PT\" \/>\n<meta property=\"og:type\" content=\"article\" \/>\n<meta property=\"og:title\" content=\"GNR que se barricou enfrenta processos por subtra\u00e7\u00e3o de menor e amea\u00e7a - Portal Tela Portugal\" \/>\n<meta property=\"og:description\" content=\"Militar da GNR foi condenado a 13 anos de cadeia por burlas que totalizaram 400 mil euros. Cerca de 15 dias atr\u00e1s, o militar barraqueou no posto da GNR de Felgueiras. Al\u00e9m da condena\u00e7\u00e3o, est\u00e1 a enfrentar um processo disciplinar relacionado com a senten\u00e7a. Existem tamb\u00e9m processos internos por suspeita de abuso de confian\u00e7a e por falsifica\u00e7\u00e3o de documento. Est\u00e3o apensos processos por suspeita de burla, subtra\u00e7\u00e3o de menor e amea\u00e7a.\" \/>\n<meta property=\"og:url\" content=\"https:\/\/portaltela.pt\/noticias\/2026\/01\/15\/gnr-que-se-barricou-enfrenta-processos-por-subtracao-de-menor-e-ameaca\/\" \/>\n<meta property=\"og:site_name\" content=\"Portal Tela Portugal\" \/>\n<meta property=\"article:published_time\" content=\"2026-01-15T16:07:00+00:00\" \/>\n<meta name=\"author\" content=\"Telinha\" \/>\n<meta name=\"twitter:card\" content=\"summary_large_image\" \/>\n<meta name=\"twitter:label1\" content=\"Escrito por\" \/>\n\t<meta name=\"twitter:data1\" content=\"Telinha\" \/>\n\t<meta name=\"twitter:label2\" content=\"Tempo estimado de leitura\" \/>\n\t<meta name=\"twitter:data2\" content=\"1 minuto\" \/>\n<script type=\"application\/ld+json\" class=\"yoast-schema-graph\">{\"@context\":\"https:\/\/schema.org\",\"@graph\":[{\"@type\":\"Article\",\"@id\":\"https:\/\/portaltela.pt\/noticias\/2026\/01\/15\/gnr-que-se-barricou-enfrenta-processos-por-subtracao-de-menor-e-ameaca\/#article\",\"isPartOf\":{\"@id\":\"https:\/\/portaltela.pt\/noticias\/2026\/01\/15\/gnr-que-se-barricou-enfrenta-processos-por-subtracao-de-menor-e-ameaca\/\"},\"author\":{\"name\":\"Telinha\",\"@id\":\"https:\/\/portaltela.pt\/#\/schema\/person\/c4278d4a6028830caff9ee44b42d32ed\"},\"headline\":\"GNR que se barricou enfrenta processos por subtra\u00e7\u00e3o de menor e amea\u00e7a\",\"datePublished\":\"2026-01-15T16:07:00+00:00\",\"mainEntityOfPage\":{\"@id\":\"https:\/\/portaltela.pt\/noticias\/2026\/01\/15\/gnr-que-se-barricou-enfrenta-processos-por-subtracao-de-menor-e-ameaca\/\"},\"wordCount\":215,\"image\":{\"@id\":\"https:\/\/portaltela.pt\/noticias\/2026\/01\/15\/gnr-que-se-barricou-enfrenta-processos-por-subtracao-de-menor-e-ameaca\/#primaryimage\"},\"thumbnailUrl\":\"https:\/\/portaltela.pt\/s.01k8rhncp4jt1\/2026\/01\/image-946.jpg\",\"keywords\":[\"abuso de confian\u00e7a\",\"amea\u00e7a agravada\",\"falsifica\u00e7\u00e3o de documentos\",\"GNR\",\"investiga\u00e7\u00e3o\",\"subtra\u00e7\u00e3o de menor dependente ou em situa\u00e7\u00e3o vulner\u00e1vel\"],\"articleSection\":[\"Not\u00edcias\"],\"inLanguage\":\"pt-PT\"},{\"@type\":\"WebPage\",\"@id\":\"https:\/\/portaltela.pt\/noticias\/2026\/01\/15\/gnr-que-se-barricou-enfrenta-processos-por-subtracao-de-menor-e-ameaca\/\",\"url\":\"https:\/\/portaltela.pt\/noticias\/2026\/01\/15\/gnr-que-se-barricou-enfrenta-processos-por-subtracao-de-menor-e-ameaca\/\",\"name\":\"GNR que se barricou enfrenta processos por subtra\u00e7\u00e3o de menor e amea\u00e7a - Portal Tela Portugal\",\"isPartOf\":{\"@id\":\"https:\/\/portaltela.pt\/#website\"},\"primaryImageOfPage\":{\"@id\":\"https:\/\/portaltela.pt\/noticias\/2026\/01\/15\/gnr-que-se-barricou-enfrenta-processos-por-subtracao-de-menor-e-ameaca\/#primaryimage\"},\"image\":{\"@id\":\"https:\/\/portaltela.pt\/noticias\/2026\/01\/15\/gnr-que-se-barricou-enfrenta-processos-por-subtracao-de-menor-e-ameaca\/#primaryimage\"},\"thumbnailUrl\":\"https:\/\/portaltela.pt\/s.01k8rhncp4jt1\/2026\/01\/image-946.jpg\",\"datePublished\":\"2026-01-15T16:07:00+00:00\",\"author\":{\"@id\":\"https:\/\/portaltela.pt\/#\/schema\/person\/c4278d4a6028830caff9ee44b42d32ed\"},\"breadcrumb\":{\"@id\":\"https:\/\/portaltela.pt\/noticias\/2026\/01\/15\/gnr-que-se-barricou-enfrenta-processos-por-subtracao-de-menor-e-ameaca\/#breadcrumb\"},\"inLanguage\":\"pt-PT\",\"potentialAction\":[{\"@type\":\"ReadAction\",\"target\":[\"https:\/\/portaltela.pt\/noticias\/2026\/01\/15\/gnr-que-se-barricou-enfrenta-processos-por-subtracao-de-menor-e-ameaca\/\"]}]},{\"@type\":\"ImageObject\",\"inLanguage\":\"pt-PT\",\"@id\":\"https:\/\/portaltela.pt\/noticias\/2026\/01\/15\/gnr-que-se-barricou-enfrenta-processos-por-subtracao-de-menor-e-ameaca\/#primaryimage\",\"url\":\"https:\/\/portaltela.pt\/s.01k8rhncp4jt1\/2026\/01\/image-946.jpg\",\"contentUrl\":\"https:\/\/portaltela.pt\/s.01k8rhncp4jt1\/2026\/01\/image-946.jpg\",\"width\":796,\"height\":448,\"caption\":\"Ant\u00f3nio S\u00e9rgio Ribeiro fotografado em 2019\"},{\"@type\":\"BreadcrumbList\",\"@id\":\"https:\/\/portaltela.pt\/noticias\/2026\/01\/15\/gnr-que-se-barricou-enfrenta-processos-por-subtracao-de-menor-e-ameaca\/#breadcrumb\",\"itemListElement\":[{\"@type\":\"ListItem\",\"position\":1,\"name\":\"In\u00edcio\",\"item\":\"https:\/\/portaltela.pt\/\"},{\"@type\":\"ListItem\",\"position\":2,\"name\":\"GNR que se barricou enfrenta processos por subtra\u00e7\u00e3o de menor e amea\u00e7a\"}]},{\"@type\":\"WebSite\",\"@id\":\"https:\/\/portaltela.pt\/#website\",\"url\":\"https:\/\/portaltela.pt\/\",\"name\":\"Portal Tela Portugal\",\"description\":\"\",\"potentialAction\":[{\"@type\":\"SearchAction\",\"target\":{\"@type\":\"EntryPoint\",\"urlTemplate\":\"https:\/\/portaltela.pt\/?s={search_term_string}\"},\"query-input\":{\"@type\":\"PropertyValueSpecification\",\"valueRequired\":true,\"valueName\":\"search_term_string\"}}],\"inLanguage\":\"pt-PT\"},{\"@type\":\"Person\",\"@id\":\"https:\/\/portaltela.pt\/#\/schema\/person\/c4278d4a6028830caff9ee44b42d32ed\",\"name\":\"Telinha\",\"image\":{\"@type\":\"ImageObject\",\"inLanguage\":\"pt-PT\",\"@id\":\"https:\/\/portaltela.pt\/s.01k8rhncp4jt1\/2025\/11\/talking-bot-125x125.png\",\"url\":\"https:\/\/portaltela.pt\/s.01k8rhncp4jt1\/2025\/11\/talking-bot-125x125.png\",\"contentUrl\":\"https:\/\/portaltela.pt\/s.01k8rhncp4jt1\/2025\/11\/talking-bot-125x125.png\",\"caption\":\"Telinha\"},\"sameAs\":[\"https:\/\/portaltela.pt\/\"],\"url\":\"https:\/\/portaltela.pt\/por\/367410592786\/\"}]}<\/script>\n<!-- \/ Yoast SEO plugin. -->","yoast_head_json":{"title":"GNR que se barricou enfrenta processos por subtra\u00e7\u00e3o de menor e amea\u00e7a - Portal Tela Portugal","robots":{"index":"index","follow":"follow","max-snippet":"max-snippet:-1","max-image-preview":"max-image-preview:large","max-video-preview":"max-video-preview:-1"},"og_locale":"pt_PT","og_type":"article","og_title":"GNR que se barricou enfrenta processos por subtra\u00e7\u00e3o de menor e amea\u00e7a - Portal Tela Portugal","og_description":"Militar da GNR foi condenado a 13 anos de cadeia por burlas que totalizaram 400 mil euros. Cerca de 15 dias atr\u00e1s, o militar barraqueou no posto da GNR de Felgueiras. Al\u00e9m da condena\u00e7\u00e3o, est\u00e1 a enfrentar um processo disciplinar relacionado com a senten\u00e7a. Existem tamb\u00e9m processos internos por suspeita de abuso de confian\u00e7a e por falsifica\u00e7\u00e3o de documento. Est\u00e3o apensos processos por suspeita de burla, subtra\u00e7\u00e3o de menor e amea\u00e7a.","og_url":"https:\/\/portaltela.pt\/noticias\/2026\/01\/15\/gnr-que-se-barricou-enfrenta-processos-por-subtracao-de-menor-e-ameaca\/","og_site_name":"Portal Tela Portugal","article_published_time":"2026-01-15T16:07:00+00:00","author":"Telinha","twitter_card":"summary_large_image","twitter_misc":{"Escrito por":"Telinha","Tempo estimado de leitura":"1 minuto"},"schema":{"@context":"https:\/\/schema.org","@graph":[{"@type":"Article","@id":"https:\/\/portaltela.pt\/noticias\/2026\/01\/15\/gnr-que-se-barricou-enfrenta-processos-por-subtracao-de-menor-e-ameaca\/#article","isPartOf":{"@id":"https:\/\/portaltela.pt\/noticias\/2026\/01\/15\/gnr-que-se-barricou-enfrenta-processos-por-subtracao-de-menor-e-ameaca\/"},"author":{"name":"Telinha","@id":"https:\/\/portaltela.pt\/#\/schema\/person\/c4278d4a6028830caff9ee44b42d32ed"},"headline":"GNR que se barricou enfrenta processos por subtra\u00e7\u00e3o de menor e amea\u00e7a","datePublished":"2026-01-15T16:07:00+00:00","mainEntityOfPage":{"@id":"https:\/\/portaltela.pt\/noticias\/2026\/01\/15\/gnr-que-se-barricou-enfrenta-processos-por-subtracao-de-menor-e-ameaca\/"},"wordCount":215,"image":{"@id":"https:\/\/portaltela.pt\/noticias\/2026\/01\/15\/gnr-que-se-barricou-enfrenta-processos-por-subtracao-de-menor-e-ameaca\/#primaryimage"},"thumbnailUrl":"https:\/\/portaltela.pt\/s.01k8rhncp4jt1\/2026\/01\/image-946.jpg","keywords":["abuso de confian\u00e7a","amea\u00e7a agravada","falsifica\u00e7\u00e3o de documentos","GNR","investiga\u00e7\u00e3o","subtra\u00e7\u00e3o de menor dependente ou em situa\u00e7\u00e3o vulner\u00e1vel"],"articleSection":["Not\u00edcias"],"inLanguage":"pt-PT"},{"@type":"WebPage","@id":"https:\/\/portaltela.pt\/noticias\/2026\/01\/15\/gnr-que-se-barricou-enfrenta-processos-por-subtracao-de-menor-e-ameaca\/","url":"https:\/\/portaltela.pt\/noticias\/2026\/01\/15\/gnr-que-se-barricou-enfrenta-processos-por-subtracao-de-menor-e-ameaca\/","name":"GNR que se barricou enfrenta processos por subtra\u00e7\u00e3o de menor e amea\u00e7a - Portal Tela Portugal","isPartOf":{"@id":"https:\/\/portaltela.pt\/#website"},"primaryImageOfPage":{"@id":"https:\/\/portaltela.pt\/noticias\/2026\/01\/15\/gnr-que-se-barricou-enfrenta-processos-por-subtracao-de-menor-e-ameaca\/#primaryimage"},"image":{"@id":"https:\/\/portaltela.pt\/noticias\/2026\/01\/15\/gnr-que-se-barricou-enfrenta-processos-por-subtracao-de-menor-e-ameaca\/#primaryimage"},"thumbnailUrl":"https:\/\/portaltela.pt\/s.01k8rhncp4jt1\/2026\/01\/image-946.jpg","datePublished":"2026-01-15T16:07:00+00:00","author":{"@id":"https:\/\/portaltela.pt\/#\/schema\/person\/c4278d4a6028830caff9ee44b42d32ed"},"breadcrumb":{"@id":"https:\/\/portaltela.pt\/noticias\/2026\/01\/15\/gnr-que-se-barricou-enfrenta-processos-por-subtracao-de-menor-e-ameaca\/#breadcrumb"},"inLanguage":"pt-PT","potentialAction":[{"@type":"ReadAction","target":["https:\/\/portaltela.pt\/noticias\/2026\/01\/15\/gnr-que-se-barricou-enfrenta-processos-por-subtracao-de-menor-e-ameaca\/"]}]},{"@type":"ImageObject","inLanguage":"pt-PT","@id":"https:\/\/portaltela.pt\/noticias\/2026\/01\/15\/gnr-que-se-barricou-enfrenta-processos-por-subtracao-de-menor-e-ameaca\/#primaryimage","url":"https:\/\/portaltela.pt\/s.01k8rhncp4jt1\/2026\/01\/image-946.jpg","contentUrl":"https:\/\/portaltela.pt\/s.01k8rhncp4jt1\/2026\/01\/image-946.jpg","width":796,"height":448,"caption":"Ant\u00f3nio S\u00e9rgio Ribeiro fotografado em 2019"},{"@type":"BreadcrumbList","@id":"https:\/\/portaltela.pt\/noticias\/2026\/01\/15\/gnr-que-se-barricou-enfrenta-processos-por-subtracao-de-menor-e-ameaca\/#breadcrumb","itemListElement":[{"@type":"ListItem","position":1,"name":"In\u00edcio","item":"https:\/\/portaltela.pt\/"},{"@type":"ListItem","position":2,"name":"GNR que se barricou enfrenta processos por subtra\u00e7\u00e3o de menor e amea\u00e7a"}]},{"@type":"WebSite","@id":"https:\/\/portaltela.pt\/#website","url":"https:\/\/portaltela.pt\/","name":"Portal Tela Portugal","description":"","potentialAction":[{"@type":"SearchAction","target":{"@type":"EntryPoint","urlTemplate":"https:\/\/portaltela.pt\/?s={search_term_string}"},"query-input":{"@type":"PropertyValueSpecification","valueRequired":true,"valueName":"search_term_string"}}],"inLanguage":"pt-PT"},{"@type":"Person","@id":"https:\/\/portaltela.pt\/#\/schema\/person\/c4278d4a6028830caff9ee44b42d32ed","name":"Telinha","image":{"@type":"ImageObject","inLanguage":"pt-PT","@id":"https:\/\/portaltela.pt\/s.01k8rhncp4jt1\/2025\/11\/talking-bot-125x125.png","url":"https:\/\/portaltela.pt\/s.01k8rhncp4jt1\/2025\/11\/talking-bot-125x125.png","contentUrl":"https:\/\/portaltela.pt\/s.01k8rhncp4jt1\/2025\/11\/talking-bot-125x125.png","caption":"Telinha"},"sameAs":["https:\/\/portaltela.pt\/"],"url":"https:\/\/portaltela.pt\/por\/367410592786\/"}]}},"_links":{"self":[{"href":"https:\/\/portaltela.pt\/api\/wp\/v2\/posts\/144910","targetHints":{"allow":["GET"]}}],"collection":[{"href":"https:\/\/portaltela.pt\/api\/wp\/v2\/posts"}],"about":[{"href":"https:\/\/portaltela.pt\/api\/wp\/v2\/types\/post"}],"author":[{"embeddable":true,"href":"https:\/\/portaltela.pt\/api\/wp\/v2\/users\/2"}],"replies":[{"embeddable":true,"href":"https:\/\/portaltela.pt\/api\/wp\/v2\/comments?post=144910"}],"version-history":[{"count":0,"href":"https:\/\/portaltela.pt\/api\/wp\/v2\/posts\/144910\/revisions"}],"wp:featuredmedia":[{"embeddable":true,"href":"https:\/\/portaltela.pt\/api\/wp\/v2\/media\/144934"}],"wp:attachment":[{"href":"https:\/\/portaltela.pt\/api\/wp\/v2\/media?parent=144910"}],"wp:term":[{"taxonomy":"category","embeddable":true,"href":"https:\/\/portaltela.pt\/api\/wp\/v2\/categories?post=144910"},{"taxonomy":"post_tag","embeddable":true,"href":"https:\/\/portaltela.pt\/api\/wp\/v2\/tags?post=144910"}],"curies":[{"name":"wp","href":"https:\/\/api.w.org\/{rel}","templated":true}]}}