{"id":144847,"date":"2026-01-15T12:53:44","date_gmt":"2026-01-15T15:53:44","guid":{"rendered":"https:\/\/portaltela.pt\/noticias\/2026\/01\/15\/diocese-de-viseu-lanca-campanha-solidaria-para-apoiar-orfaos-da-guerra-no-congo\/"},"modified":"2026-01-15T12:53:44","modified_gmt":"2026-01-15T15:53:44","slug":"diocese-de-viseu-lanca-campanha-solidaria-para-apoiar-orfaos-da-guerra-no-congo","status":"publish","type":"post","link":"https:\/\/portaltela.pt\/noticias\/2026\/01\/15\/diocese-de-viseu-lanca-campanha-solidaria-para-apoiar-orfaos-da-guerra-no-congo\/","title":{"rendered":"Diocese de Viseu lan\u00e7a campanha solid\u00e1ria para apoiar \u00f3rf\u00e3os da guerra no Congo"},"content":{"rendered":"<p>A Diocese de Viseu lan\u00e7ou a campanha solid\u00e1ria \u2018Um Futuro Melhor\u2019 para apoiar crian\u00e7as \u00f3rf\u00e3s v\u00edtimas da guerra na Rep\u00fablica Democr\u00e1tica do Congo. A iniciativa pretende angariar fundos para o orfanato local, atrav\u00e9s de uma a\u00e7\u00e3o de angaria\u00e7\u00e3o de fundos.<\/p>\n<p>A campanha apoia o orfanato \u201cTout Est Gr\u00e2ce\u201d, situado na Diocese de Butembo-Beni, atrav\u00e9s da venda de um l\u00e1pis solid\u00e1rio. Os l\u00e1pis est\u00e3o dispon\u00edveis nas par\u00f3quias, escolas e na Casa Episcopal.<\/p>\n<p>Os recursos angariados destinam-se a melhorar as condi\u00e7\u00f5es de vida e educa\u00e7\u00e3o de 69 crian\u00e7as acolhidas, num projeto acompanhado pelo mission\u00e1rio comboniano Claudino Gomes.<\/p>\n<p>O orfanato foi fundado em 2014, altura em que se intensificaram os conflitos na regi\u00e3o, e hoje acolhe 69 crian\u00e7as em duas casas alugadas. O or\u00e7amento anual ascende a cerca de 130 mil euros.<\/p>\n<p>Os donativos t\u00eam como objetivo assegurar uma educa\u00e7\u00e3o integral e uma qualidade de vida digna para as crian\u00e7as acolhidas, contribuindo para o seu desenvolvimento e bem-estar.<\/p>\n<p>Esta not\u00edcia \u00e9 apresentada pela Esta\u00e7\u00e3o Di\u00e1ria \u2013 96.8 FM, com informa\u00e7\u00e3o dispon\u00edvel tamb\u00e9m no site da r\u00e1dio.<\/p>\n","protected":false},"excerpt":{"rendered":"<ul>\n<li>A Diocese de Viseu lan\u00e7ou a campanha solid\u00e1ria \u201cUm Futuro Melhor\u201d para apoiar \u00f3rf\u00e3os da guerra na Rep\u00fablica Democr\u00e1tica do Congo.<\/li>\n<li>A iniciativa apoia o orfanato \u201cTout Est Gr\u00e2ce\u201d, na Diocese de Butembo-Beni, atrav\u00e9s da venda de um l\u00e1pis solid\u00e1rio dispon\u00edvel nas par\u00f3quias, escolas e na Casa Episcopal.<\/li>\n<li>Os fundos destinam-se a garantir melhores condi\u00e7\u00f5es de vida e educa\u00e7\u00e3o a 69 crian\u00e7as acolhidas, num projeto acompanhado pelo mission\u00e1rio comboniano Claudino Gomes.<\/li>\n<li>O orfanato, fundado em 2014, acolhe atualmente 69 crian\u00e7as em duas casas alugadas; o or\u00e7amento anual \u00e9 de cerca de 130 mil euros.<\/li>\n<li>As doa\u00e7\u00f5es visam assegurar educa\u00e7\u00e3o integral e uma qualidade de vida digna \u00e0s crian\u00e7as.<\/li>\n<\/ul>\n","protected":false},"author":2,"featured_media":144869,"comment_status":"closed","ping_status":"closed","sticky":false,"template":"","format":"standard","meta":{"footnotes":""},"categories":[1],"tags":[1084,1211,163,2153,102,2064],"class_list":["post-144847","post","type-post","status-publish","format-standard","has-post-thumbnail","hentry","category-noticias","tag-acao-social","tag-apoio-social","tag-educacao","tag-educacao-escolar","tag-igreja","tag-republica-democratica-do-congo"],"yoast_head":"<!-- This site is optimized with the Yoast SEO plugin v27.2 - https:\/\/yoast.com\/product\/yoast-seo-wordpress\/ -->\n<title>Diocese de Viseu lan\u00e7a campanha solid\u00e1ria para apoiar \u00f3rf\u00e3os da guerra no Congo - Portal Tela Portugal<\/title>\n<meta name=\"robots\" content=\"index, follow, max-snippet:-1, max-image-preview:large, max-video-preview:-1\" \/>\n<meta property=\"og:locale\" content=\"pt_PT\" \/>\n<meta property=\"og:type\" content=\"article\" \/>\n<meta property=\"og:title\" content=\"Diocese de Viseu lan\u00e7a campanha solid\u00e1ria para apoiar \u00f3rf\u00e3os da guerra no Congo - Portal Tela Portugal\" \/>\n<meta property=\"og:description\" content=\"A Diocese de Viseu lan\u00e7ou a campanha solid\u00e1ria \u201cUm Futuro Melhor\u201d para apoiar \u00f3rf\u00e3os da guerra na Rep\u00fablica Democr\u00e1tica do Congo. A iniciativa apoia o orfanato \u201cTout Est Gr\u00e2ce\u201d, na Diocese de Butembo-Beni, atrav\u00e9s da venda de um l\u00e1pis solid\u00e1rio dispon\u00edvel nas par\u00f3quias, escolas e na Casa Episcopal. Os fundos destinam-se a garantir melhores condi\u00e7\u00f5es de vida e educa\u00e7\u00e3o a 69 crian\u00e7as acolhidas, num projeto acompanhado pelo mission\u00e1rio comboniano Claudino Gomes. O orfanato, fundado em 2014, acolhe atualmente 69 crian\u00e7as em duas casas alugadas; o or\u00e7amento anual \u00e9 de cerca de 130 mil euros. As doa\u00e7\u00f5es visam assegurar educa\u00e7\u00e3o integral e uma qualidade de vida digna \u00e0s crian\u00e7as.\" \/>\n<meta property=\"og:url\" content=\"https:\/\/portaltela.pt\/noticias\/2026\/01\/15\/diocese-de-viseu-lanca-campanha-solidaria-para-apoiar-orfaos-da-guerra-no-congo\/\" \/>\n<meta property=\"og:site_name\" content=\"Portal Tela Portugal\" \/>\n<meta property=\"article:published_time\" content=\"2026-01-15T15:53:44+00:00\" \/>\n<meta name=\"author\" content=\"Telinha\" \/>\n<meta name=\"twitter:card\" content=\"summary_large_image\" \/>\n<meta name=\"twitter:label1\" content=\"Escrito por\" \/>\n\t<meta name=\"twitter:data1\" content=\"Telinha\" \/>\n\t<meta name=\"twitter:label2\" content=\"Tempo estimado de leitura\" \/>\n\t<meta name=\"twitter:data2\" content=\"1 minuto\" \/>\n<script type=\"application\/ld+json\" class=\"yoast-schema-graph\">{\"@context\":\"https:\/\/schema.org\",\"@graph\":[{\"@type\":\"Article\",\"@id\":\"https:\/\/portaltela.pt\/noticias\/2026\/01\/15\/diocese-de-viseu-lanca-campanha-solidaria-para-apoiar-orfaos-da-guerra-no-congo\/#article\",\"isPartOf\":{\"@id\":\"https:\/\/portaltela.pt\/noticias\/2026\/01\/15\/diocese-de-viseu-lanca-campanha-solidaria-para-apoiar-orfaos-da-guerra-no-congo\/\"},\"author\":{\"name\":\"Telinha\",\"@id\":\"https:\/\/portaltela.pt\/#\/schema\/person\/c4278d4a6028830caff9ee44b42d32ed\"},\"headline\":\"Diocese de Viseu lan\u00e7a campanha solid\u00e1ria para apoiar \u00f3rf\u00e3os da guerra no Congo\",\"datePublished\":\"2026-01-15T15:53:44+00:00\",\"mainEntityOfPage\":{\"@id\":\"https:\/\/portaltela.pt\/noticias\/2026\/01\/15\/diocese-de-viseu-lanca-campanha-solidaria-para-apoiar-orfaos-da-guerra-no-congo\/\"},\"wordCount\":217,\"image\":{\"@id\":\"https:\/\/portaltela.pt\/noticias\/2026\/01\/15\/diocese-de-viseu-lanca-campanha-solidaria-para-apoiar-orfaos-da-guerra-no-congo\/#primaryimage\"},\"thumbnailUrl\":\"https:\/\/portaltela.pt\/s.01k8rhncp4jt1\/2026\/01\/unnamed-file-3244.jpg\",\"keywords\":[\"A\u00e7\u00e3o Social\",\"Apoio Social\",\"educa\u00e7\u00e3o\",\"educa\u00e7\u00e3o escolar\",\"igreja\",\"Rep\u00fablica Democr\u00e1tica do Congo\"],\"articleSection\":[\"Not\u00edcias\"],\"inLanguage\":\"pt-PT\"},{\"@type\":\"WebPage\",\"@id\":\"https:\/\/portaltela.pt\/noticias\/2026\/01\/15\/diocese-de-viseu-lanca-campanha-solidaria-para-apoiar-orfaos-da-guerra-no-congo\/\",\"url\":\"https:\/\/portaltela.pt\/noticias\/2026\/01\/15\/diocese-de-viseu-lanca-campanha-solidaria-para-apoiar-orfaos-da-guerra-no-congo\/\",\"name\":\"Diocese de Viseu lan\u00e7a campanha solid\u00e1ria para apoiar \u00f3rf\u00e3os da guerra no Congo - Portal Tela Portugal\",\"isPartOf\":{\"@id\":\"https:\/\/portaltela.pt\/#website\"},\"primaryImageOfPage\":{\"@id\":\"https:\/\/portaltela.pt\/noticias\/2026\/01\/15\/diocese-de-viseu-lanca-campanha-solidaria-para-apoiar-orfaos-da-guerra-no-congo\/#primaryimage\"},\"image\":{\"@id\":\"https:\/\/portaltela.pt\/noticias\/2026\/01\/15\/diocese-de-viseu-lanca-campanha-solidaria-para-apoiar-orfaos-da-guerra-no-congo\/#primaryimage\"},\"thumbnailUrl\":\"https:\/\/portaltela.pt\/s.01k8rhncp4jt1\/2026\/01\/unnamed-file-3244.jpg\",\"datePublished\":\"2026-01-15T15:53:44+00:00\",\"author\":{\"@id\":\"https:\/\/portaltela.pt\/#\/schema\/person\/c4278d4a6028830caff9ee44b42d32ed\"},\"breadcrumb\":{\"@id\":\"https:\/\/portaltela.pt\/noticias\/2026\/01\/15\/diocese-de-viseu-lanca-campanha-solidaria-para-apoiar-orfaos-da-guerra-no-congo\/#breadcrumb\"},\"inLanguage\":\"pt-PT\",\"potentialAction\":[{\"@type\":\"ReadAction\",\"target\":[\"https:\/\/portaltela.pt\/noticias\/2026\/01\/15\/diocese-de-viseu-lanca-campanha-solidaria-para-apoiar-orfaos-da-guerra-no-congo\/\"]}]},{\"@type\":\"ImageObject\",\"inLanguage\":\"pt-PT\",\"@id\":\"https:\/\/portaltela.pt\/noticias\/2026\/01\/15\/diocese-de-viseu-lanca-campanha-solidaria-para-apoiar-orfaos-da-guerra-no-congo\/#primaryimage\",\"url\":\"https:\/\/portaltela.pt\/s.01k8rhncp4jt1\/2026\/01\/unnamed-file-3244.jpg\",\"contentUrl\":\"https:\/\/portaltela.pt\/s.01k8rhncp4jt1\/2026\/01\/unnamed-file-3244.jpg\",\"width\":796,\"height\":448,\"caption\":\"Viseu: Diocese lan\u00e7a campanha solid\u00e1ria para apoiar \u00f3rf\u00e3os da guerra no Congo\"},{\"@type\":\"BreadcrumbList\",\"@id\":\"https:\/\/portaltela.pt\/noticias\/2026\/01\/15\/diocese-de-viseu-lanca-campanha-solidaria-para-apoiar-orfaos-da-guerra-no-congo\/#breadcrumb\",\"itemListElement\":[{\"@type\":\"ListItem\",\"position\":1,\"name\":\"In\u00edcio\",\"item\":\"https:\/\/portaltela.pt\/\"},{\"@type\":\"ListItem\",\"position\":2,\"name\":\"Diocese de Viseu lan\u00e7a campanha solid\u00e1ria para apoiar \u00f3rf\u00e3os da guerra no Congo\"}]},{\"@type\":\"WebSite\",\"@id\":\"https:\/\/portaltela.pt\/#website\",\"url\":\"https:\/\/portaltela.pt\/\",\"name\":\"Portal Tela Portugal\",\"description\":\"\",\"potentialAction\":[{\"@type\":\"SearchAction\",\"target\":{\"@type\":\"EntryPoint\",\"urlTemplate\":\"https:\/\/portaltela.pt\/?s={search_term_string}\"},\"query-input\":{\"@type\":\"PropertyValueSpecification\",\"valueRequired\":true,\"valueName\":\"search_term_string\"}}],\"inLanguage\":\"pt-PT\"},{\"@type\":\"Person\",\"@id\":\"https:\/\/portaltela.pt\/#\/schema\/person\/c4278d4a6028830caff9ee44b42d32ed\",\"name\":\"Telinha\",\"image\":{\"@type\":\"ImageObject\",\"inLanguage\":\"pt-PT\",\"@id\":\"https:\/\/portaltela.pt\/s.01k8rhncp4jt1\/2025\/11\/talking-bot-125x125.png\",\"url\":\"https:\/\/portaltela.pt\/s.01k8rhncp4jt1\/2025\/11\/talking-bot-125x125.png\",\"contentUrl\":\"https:\/\/portaltela.pt\/s.01k8rhncp4jt1\/2025\/11\/talking-bot-125x125.png\",\"caption\":\"Telinha\"},\"sameAs\":[\"https:\/\/portaltela.pt\/\"],\"url\":\"https:\/\/portaltela.pt\/por\/367410592786\/\"}]}<\/script>\n<!-- \/ Yoast SEO plugin. -->","yoast_head_json":{"title":"Diocese de Viseu lan\u00e7a campanha solid\u00e1ria para apoiar \u00f3rf\u00e3os da guerra no Congo - Portal Tela Portugal","robots":{"index":"index","follow":"follow","max-snippet":"max-snippet:-1","max-image-preview":"max-image-preview:large","max-video-preview":"max-video-preview:-1"},"og_locale":"pt_PT","og_type":"article","og_title":"Diocese de Viseu lan\u00e7a campanha solid\u00e1ria para apoiar \u00f3rf\u00e3os da guerra no Congo - Portal Tela Portugal","og_description":"A Diocese de Viseu lan\u00e7ou a campanha solid\u00e1ria \u201cUm Futuro Melhor\u201d para apoiar \u00f3rf\u00e3os da guerra na Rep\u00fablica Democr\u00e1tica do Congo. A iniciativa apoia o orfanato \u201cTout Est Gr\u00e2ce\u201d, na Diocese de Butembo-Beni, atrav\u00e9s da venda de um l\u00e1pis solid\u00e1rio dispon\u00edvel nas par\u00f3quias, escolas e na Casa Episcopal. Os fundos destinam-se a garantir melhores condi\u00e7\u00f5es de vida e educa\u00e7\u00e3o a 69 crian\u00e7as acolhidas, num projeto acompanhado pelo mission\u00e1rio comboniano Claudino Gomes. O orfanato, fundado em 2014, acolhe atualmente 69 crian\u00e7as em duas casas alugadas; o or\u00e7amento anual \u00e9 de cerca de 130 mil euros. As doa\u00e7\u00f5es visam assegurar educa\u00e7\u00e3o integral e uma qualidade de vida digna \u00e0s crian\u00e7as.","og_url":"https:\/\/portaltela.pt\/noticias\/2026\/01\/15\/diocese-de-viseu-lanca-campanha-solidaria-para-apoiar-orfaos-da-guerra-no-congo\/","og_site_name":"Portal Tela Portugal","article_published_time":"2026-01-15T15:53:44+00:00","author":"Telinha","twitter_card":"summary_large_image","twitter_misc":{"Escrito por":"Telinha","Tempo estimado de leitura":"1 minuto"},"schema":{"@context":"https:\/\/schema.org","@graph":[{"@type":"Article","@id":"https:\/\/portaltela.pt\/noticias\/2026\/01\/15\/diocese-de-viseu-lanca-campanha-solidaria-para-apoiar-orfaos-da-guerra-no-congo\/#article","isPartOf":{"@id":"https:\/\/portaltela.pt\/noticias\/2026\/01\/15\/diocese-de-viseu-lanca-campanha-solidaria-para-apoiar-orfaos-da-guerra-no-congo\/"},"author":{"name":"Telinha","@id":"https:\/\/portaltela.pt\/#\/schema\/person\/c4278d4a6028830caff9ee44b42d32ed"},"headline":"Diocese de Viseu lan\u00e7a campanha solid\u00e1ria para apoiar \u00f3rf\u00e3os da guerra no Congo","datePublished":"2026-01-15T15:53:44+00:00","mainEntityOfPage":{"@id":"https:\/\/portaltela.pt\/noticias\/2026\/01\/15\/diocese-de-viseu-lanca-campanha-solidaria-para-apoiar-orfaos-da-guerra-no-congo\/"},"wordCount":217,"image":{"@id":"https:\/\/portaltela.pt\/noticias\/2026\/01\/15\/diocese-de-viseu-lanca-campanha-solidaria-para-apoiar-orfaos-da-guerra-no-congo\/#primaryimage"},"thumbnailUrl":"https:\/\/portaltela.pt\/s.01k8rhncp4jt1\/2026\/01\/unnamed-file-3244.jpg","keywords":["A\u00e7\u00e3o Social","Apoio Social","educa\u00e7\u00e3o","educa\u00e7\u00e3o escolar","igreja","Rep\u00fablica Democr\u00e1tica do Congo"],"articleSection":["Not\u00edcias"],"inLanguage":"pt-PT"},{"@type":"WebPage","@id":"https:\/\/portaltela.pt\/noticias\/2026\/01\/15\/diocese-de-viseu-lanca-campanha-solidaria-para-apoiar-orfaos-da-guerra-no-congo\/","url":"https:\/\/portaltela.pt\/noticias\/2026\/01\/15\/diocese-de-viseu-lanca-campanha-solidaria-para-apoiar-orfaos-da-guerra-no-congo\/","name":"Diocese de Viseu lan\u00e7a campanha solid\u00e1ria para apoiar \u00f3rf\u00e3os da guerra no Congo - Portal Tela Portugal","isPartOf":{"@id":"https:\/\/portaltela.pt\/#website"},"primaryImageOfPage":{"@id":"https:\/\/portaltela.pt\/noticias\/2026\/01\/15\/diocese-de-viseu-lanca-campanha-solidaria-para-apoiar-orfaos-da-guerra-no-congo\/#primaryimage"},"image":{"@id":"https:\/\/portaltela.pt\/noticias\/2026\/01\/15\/diocese-de-viseu-lanca-campanha-solidaria-para-apoiar-orfaos-da-guerra-no-congo\/#primaryimage"},"thumbnailUrl":"https:\/\/portaltela.pt\/s.01k8rhncp4jt1\/2026\/01\/unnamed-file-3244.jpg","datePublished":"2026-01-15T15:53:44+00:00","author":{"@id":"https:\/\/portaltela.pt\/#\/schema\/person\/c4278d4a6028830caff9ee44b42d32ed"},"breadcrumb":{"@id":"https:\/\/portaltela.pt\/noticias\/2026\/01\/15\/diocese-de-viseu-lanca-campanha-solidaria-para-apoiar-orfaos-da-guerra-no-congo\/#breadcrumb"},"inLanguage":"pt-PT","potentialAction":[{"@type":"ReadAction","target":["https:\/\/portaltela.pt\/noticias\/2026\/01\/15\/diocese-de-viseu-lanca-campanha-solidaria-para-apoiar-orfaos-da-guerra-no-congo\/"]}]},{"@type":"ImageObject","inLanguage":"pt-PT","@id":"https:\/\/portaltela.pt\/noticias\/2026\/01\/15\/diocese-de-viseu-lanca-campanha-solidaria-para-apoiar-orfaos-da-guerra-no-congo\/#primaryimage","url":"https:\/\/portaltela.pt\/s.01k8rhncp4jt1\/2026\/01\/unnamed-file-3244.jpg","contentUrl":"https:\/\/portaltela.pt\/s.01k8rhncp4jt1\/2026\/01\/unnamed-file-3244.jpg","width":796,"height":448,"caption":"Viseu: Diocese lan\u00e7a campanha solid\u00e1ria para apoiar \u00f3rf\u00e3os da guerra no Congo"},{"@type":"BreadcrumbList","@id":"https:\/\/portaltela.pt\/noticias\/2026\/01\/15\/diocese-de-viseu-lanca-campanha-solidaria-para-apoiar-orfaos-da-guerra-no-congo\/#breadcrumb","itemListElement":[{"@type":"ListItem","position":1,"name":"In\u00edcio","item":"https:\/\/portaltela.pt\/"},{"@type":"ListItem","position":2,"name":"Diocese de Viseu lan\u00e7a campanha solid\u00e1ria para apoiar \u00f3rf\u00e3os da guerra no Congo"}]},{"@type":"WebSite","@id":"https:\/\/portaltela.pt\/#website","url":"https:\/\/portaltela.pt\/","name":"Portal Tela Portugal","description":"","potentialAction":[{"@type":"SearchAction","target":{"@type":"EntryPoint","urlTemplate":"https:\/\/portaltela.pt\/?s={search_term_string}"},"query-input":{"@type":"PropertyValueSpecification","valueRequired":true,"valueName":"search_term_string"}}],"inLanguage":"pt-PT"},{"@type":"Person","@id":"https:\/\/portaltela.pt\/#\/schema\/person\/c4278d4a6028830caff9ee44b42d32ed","name":"Telinha","image":{"@type":"ImageObject","inLanguage":"pt-PT","@id":"https:\/\/portaltela.pt\/s.01k8rhncp4jt1\/2025\/11\/talking-bot-125x125.png","url":"https:\/\/portaltela.pt\/s.01k8rhncp4jt1\/2025\/11\/talking-bot-125x125.png","contentUrl":"https:\/\/portaltela.pt\/s.01k8rhncp4jt1\/2025\/11\/talking-bot-125x125.png","caption":"Telinha"},"sameAs":["https:\/\/portaltela.pt\/"],"url":"https:\/\/portaltela.pt\/por\/367410592786\/"}]}},"_links":{"self":[{"href":"https:\/\/portaltela.pt\/api\/wp\/v2\/posts\/144847","targetHints":{"allow":["GET"]}}],"collection":[{"href":"https:\/\/portaltela.pt\/api\/wp\/v2\/posts"}],"about":[{"href":"https:\/\/portaltela.pt\/api\/wp\/v2\/types\/post"}],"author":[{"embeddable":true,"href":"https:\/\/portaltela.pt\/api\/wp\/v2\/users\/2"}],"replies":[{"embeddable":true,"href":"https:\/\/portaltela.pt\/api\/wp\/v2\/comments?post=144847"}],"version-history":[{"count":0,"href":"https:\/\/portaltela.pt\/api\/wp\/v2\/posts\/144847\/revisions"}],"wp:featuredmedia":[{"embeddable":true,"href":"https:\/\/portaltela.pt\/api\/wp\/v2\/media\/144869"}],"wp:attachment":[{"href":"https:\/\/portaltela.pt\/api\/wp\/v2\/media?parent=144847"}],"wp:term":[{"taxonomy":"category","embeddable":true,"href":"https:\/\/portaltela.pt\/api\/wp\/v2\/categories?post=144847"},{"taxonomy":"post_tag","embeddable":true,"href":"https:\/\/portaltela.pt\/api\/wp\/v2\/tags?post=144847"}],"curies":[{"name":"wp","href":"https:\/\/api.w.org\/{rel}","templated":true}]}}