{"id":144796,"date":"2026-01-15T12:02:00","date_gmt":"2026-01-15T15:02:00","guid":{"rendered":"https:\/\/portaltela.pt\/noticias\/2026\/01\/15\/detido-pela-segunda-vez-no-ano-por-trafico-de-droga-2\/"},"modified":"2026-01-15T12:02:00","modified_gmt":"2026-01-15T15:02:00","slug":"detido-pela-segunda-vez-no-ano-por-trafico-de-droga-2","status":"publish","type":"post","link":"https:\/\/portaltela.pt\/noticias\/2026\/01\/15\/detido-pela-segunda-vez-no-ano-por-trafico-de-droga-2\/","title":{"rendered":"Detido pela segunda vez no ano por tr\u00e1fico de droga"},"content":{"rendered":"<p>A PSP deteve um homem de 55 anos, no concelho de Santana, Madeira, pela pr\u00e1tica de tr\u00e1fico de droga. A deten\u00e7\u00e3o ocorreu na ter\u00e7a-feira, \u00e0s 7h00, no \u00e2mbito de buscas domicili\u00e1rias relacionadas com uma investiga\u00e7\u00e3o de amea\u00e7as a agentes da autoridade, incitamento de um c\u00e3o de ra\u00e7a perigosa e amea\u00e7a com arma de fogo.<\/p>\n<p>A opera\u00e7\u00e3o decorreu devido ao hist\u00f3rico de viol\u00eancia do suspeito, tendo sido concertada com v\u00e1rios meios da PSP. A atua\u00e7\u00e3o integrou o cumprimento de v\u00e1rias dilig\u00eancias para assegurar o cumprimento da lei e a recolha de provas.<\/p>\n<p>Foram apreendidas cerca de 160 doses de haxixe, 18 doses de liamba seca, 7.840 euros em numer\u00e1rio e outros objetos ligados ao tr\u00e1fico de estupefacientes.<\/p>\n<p>O detido pela segunda vez no espa\u00e7o de um ano permanece em pris\u00e3o preventiva ou, no m\u00ednimo, aguardando os ulteriores tr\u00e2mites do processo, estando sujeito a Termo de Identidade e Resid\u00eancia.<\/p>\n<p>Recorda-se que esta \u00e9 a segunda deten\u00e7\u00e3o do mesmo suspeito, tamb\u00e9m relacionada com tr\u00e1fico de estupefacientes. A PSP informou que o caso continua a ser investigado pelas autoridades competentes.<\/p>\n","protected":false},"excerpt":{"rendered":"<ul>\n<li>A PSP deteve, aos 55 anos, um homem no concelho de Santana, Madeira, pela pr\u00e1tica de tr\u00e1fico de droga; \u00e9 a segunda deten\u00e7\u00e3o dele no \u00faltimo ano.<\/li>\n<li>A deten\u00e7\u00e3o ocorreu na ter\u00e7a-feira, \u00e0s sete da manh\u00e3, durante buscas domicili\u00e1rias no \u00e2mbito de uma investiga\u00e7\u00e3o de amea\u00e7as a agentes da autoridade envolvendo um c\u00e3o de ra\u00e7a perigosa e a poss\u00edvel utiliza\u00e7\u00e3o de arma de fogo.<\/li>\n<li>A opera\u00e7\u00e3o contou com diversos meios da PSP, em fun\u00e7\u00e3o do hist\u00f3rico de viol\u00eancia do suspeito.<\/li>\n<li>Foram apreendidas cerca de 160 doses de haxixe, 18 doses de liamba seca, 7.840 euros em numer\u00e1rio e outros itens relacionados com o tr\u00e1fico.<\/li>\n<li>O suspeito foi detido pela segunda vez em menos de um ano por tr\u00e1fico de estupefacientes e ficou em liberdade, aguardando os tr\u00e2mites processuais, ficando sujeito a Termo de Identidade e Resid\u00eancia.<\/li>\n<\/ul>\n","protected":false},"author":2,"featured_media":144810,"comment_status":"closed","ping_status":"closed","sticky":false,"template":"","format":"standard","meta":{"footnotes":""},"categories":[1],"tags":[859,2096,250,96,1442],"class_list":["post-144796","post","type-post","status-publish","format-standard","has-post-thumbnail","hentry","category-noticias","tag-madeira","tag-santana","tag-seguranca-publica","tag-trafico-de-droga","tag-trafico-de-estupefacientes"],"yoast_head":"<!-- This site is optimized with the Yoast SEO plugin v27.2 - https:\/\/yoast.com\/product\/yoast-seo-wordpress\/ -->\n<title>Detido pela segunda vez no ano por tr\u00e1fico de droga - Portal Tela Portugal<\/title>\n<meta name=\"robots\" content=\"index, follow, max-snippet:-1, max-image-preview:large, max-video-preview:-1\" \/>\n<meta property=\"og:locale\" content=\"pt_PT\" \/>\n<meta property=\"og:type\" content=\"article\" \/>\n<meta property=\"og:title\" content=\"Detido pela segunda vez no ano por tr\u00e1fico de droga - Portal Tela Portugal\" \/>\n<meta property=\"og:description\" content=\"A PSP deteve, aos 55 anos, um homem no concelho de Santana, Madeira, pela pr\u00e1tica de tr\u00e1fico de droga; \u00e9 a segunda deten\u00e7\u00e3o dele no \u00faltimo ano. A deten\u00e7\u00e3o ocorreu na ter\u00e7a-feira, \u00e0s sete da manh\u00e3, durante buscas domicili\u00e1rias no \u00e2mbito de uma investiga\u00e7\u00e3o de amea\u00e7as a agentes da autoridade envolvendo um c\u00e3o de ra\u00e7a perigosa e a poss\u00edvel utiliza\u00e7\u00e3o de arma de fogo. A opera\u00e7\u00e3o contou com diversos meios da PSP, em fun\u00e7\u00e3o do hist\u00f3rico de viol\u00eancia do suspeito. Foram apreendidas cerca de 160 doses de haxixe, 18 doses de liamba seca, 7.840 euros em numer\u00e1rio e outros itens relacionados com o tr\u00e1fico. O suspeito foi detido pela segunda vez em menos de um ano por tr\u00e1fico de estupefacientes e ficou em liberdade, aguardando os tr\u00e2mites processuais, ficando sujeito a Termo de Identidade e Resid\u00eancia.\" \/>\n<meta property=\"og:url\" content=\"https:\/\/portaltela.pt\/noticias\/2026\/01\/15\/detido-pela-segunda-vez-no-ano-por-trafico-de-droga-2\/\" \/>\n<meta property=\"og:site_name\" content=\"Portal Tela Portugal\" \/>\n<meta property=\"article:published_time\" content=\"2026-01-15T15:02:00+00:00\" \/>\n<meta name=\"author\" content=\"Telinha\" \/>\n<meta name=\"twitter:card\" content=\"summary_large_image\" \/>\n<meta name=\"twitter:label1\" content=\"Escrito por\" \/>\n\t<meta name=\"twitter:data1\" content=\"Telinha\" \/>\n\t<meta name=\"twitter:label2\" content=\"Tempo estimado de leitura\" \/>\n\t<meta name=\"twitter:data2\" content=\"1 minuto\" \/>\n<script type=\"application\/ld+json\" class=\"yoast-schema-graph\">{\"@context\":\"https:\/\/schema.org\",\"@graph\":[{\"@type\":\"Article\",\"@id\":\"https:\/\/portaltela.pt\/noticias\/2026\/01\/15\/detido-pela-segunda-vez-no-ano-por-trafico-de-droga-2\/#article\",\"isPartOf\":{\"@id\":\"https:\/\/portaltela.pt\/noticias\/2026\/01\/15\/detido-pela-segunda-vez-no-ano-por-trafico-de-droga-2\/\"},\"author\":{\"name\":\"Telinha\",\"@id\":\"https:\/\/portaltela.pt\/#\/schema\/person\/c4278d4a6028830caff9ee44b42d32ed\"},\"headline\":\"Detido pela segunda vez no ano por tr\u00e1fico de droga\",\"datePublished\":\"2026-01-15T15:02:00+00:00\",\"mainEntityOfPage\":{\"@id\":\"https:\/\/portaltela.pt\/noticias\/2026\/01\/15\/detido-pela-segunda-vez-no-ano-por-trafico-de-droga-2\/\"},\"wordCount\":209,\"image\":{\"@id\":\"https:\/\/portaltela.pt\/noticias\/2026\/01\/15\/detido-pela-segunda-vez-no-ano-por-trafico-de-droga-2\/#primaryimage\"},\"thumbnailUrl\":\"https:\/\/portaltela.pt\/s.01k8rhncp4jt1\/2026\/01\/unnamed-file-3240.jpg\",\"keywords\":[\"Madeira\",\"Santana\",\"seguran\u00e7a p\u00fablica\",\"tr\u00e1fico de droga\",\"tr\u00e1fico de estupefacientes\"],\"articleSection\":[\"Not\u00edcias\"],\"inLanguage\":\"pt-PT\"},{\"@type\":\"WebPage\",\"@id\":\"https:\/\/portaltela.pt\/noticias\/2026\/01\/15\/detido-pela-segunda-vez-no-ano-por-trafico-de-droga-2\/\",\"url\":\"https:\/\/portaltela.pt\/noticias\/2026\/01\/15\/detido-pela-segunda-vez-no-ano-por-trafico-de-droga-2\/\",\"name\":\"Detido pela segunda vez no ano por tr\u00e1fico de droga - Portal Tela Portugal\",\"isPartOf\":{\"@id\":\"https:\/\/portaltela.pt\/#website\"},\"primaryImageOfPage\":{\"@id\":\"https:\/\/portaltela.pt\/noticias\/2026\/01\/15\/detido-pela-segunda-vez-no-ano-por-trafico-de-droga-2\/#primaryimage\"},\"image\":{\"@id\":\"https:\/\/portaltela.pt\/noticias\/2026\/01\/15\/detido-pela-segunda-vez-no-ano-por-trafico-de-droga-2\/#primaryimage\"},\"thumbnailUrl\":\"https:\/\/portaltela.pt\/s.01k8rhncp4jt1\/2026\/01\/unnamed-file-3240.jpg\",\"datePublished\":\"2026-01-15T15:02:00+00:00\",\"author\":{\"@id\":\"https:\/\/portaltela.pt\/#\/schema\/person\/c4278d4a6028830caff9ee44b42d32ed\"},\"breadcrumb\":{\"@id\":\"https:\/\/portaltela.pt\/noticias\/2026\/01\/15\/detido-pela-segunda-vez-no-ano-por-trafico-de-droga-2\/#breadcrumb\"},\"inLanguage\":\"pt-PT\",\"potentialAction\":[{\"@type\":\"ReadAction\",\"target\":[\"https:\/\/portaltela.pt\/noticias\/2026\/01\/15\/detido-pela-segunda-vez-no-ano-por-trafico-de-droga-2\/\"]}]},{\"@type\":\"ImageObject\",\"inLanguage\":\"pt-PT\",\"@id\":\"https:\/\/portaltela.pt\/noticias\/2026\/01\/15\/detido-pela-segunda-vez-no-ano-por-trafico-de-droga-2\/#primaryimage\",\"url\":\"https:\/\/portaltela.pt\/s.01k8rhncp4jt1\/2026\/01\/unnamed-file-3240.jpg\",\"contentUrl\":\"https:\/\/portaltela.pt\/s.01k8rhncp4jt1\/2026\/01\/unnamed-file-3240.jpg\",\"width\":796,\"height\":448,\"caption\":\"Da interven\u00e7\u00e3o policial resultou a apreens\u00e3o de 3.111 doses de haxixe, 7 doses de coca\u00edna e 28 doses de MDMA.\"},{\"@type\":\"BreadcrumbList\",\"@id\":\"https:\/\/portaltela.pt\/noticias\/2026\/01\/15\/detido-pela-segunda-vez-no-ano-por-trafico-de-droga-2\/#breadcrumb\",\"itemListElement\":[{\"@type\":\"ListItem\",\"position\":1,\"name\":\"In\u00edcio\",\"item\":\"https:\/\/portaltela.pt\/\"},{\"@type\":\"ListItem\",\"position\":2,\"name\":\"Detido pela segunda vez no ano por tr\u00e1fico de droga\"}]},{\"@type\":\"WebSite\",\"@id\":\"https:\/\/portaltela.pt\/#website\",\"url\":\"https:\/\/portaltela.pt\/\",\"name\":\"Portal Tela Portugal\",\"description\":\"\",\"potentialAction\":[{\"@type\":\"SearchAction\",\"target\":{\"@type\":\"EntryPoint\",\"urlTemplate\":\"https:\/\/portaltela.pt\/?s={search_term_string}\"},\"query-input\":{\"@type\":\"PropertyValueSpecification\",\"valueRequired\":true,\"valueName\":\"search_term_string\"}}],\"inLanguage\":\"pt-PT\"},{\"@type\":\"Person\",\"@id\":\"https:\/\/portaltela.pt\/#\/schema\/person\/c4278d4a6028830caff9ee44b42d32ed\",\"name\":\"Telinha\",\"image\":{\"@type\":\"ImageObject\",\"inLanguage\":\"pt-PT\",\"@id\":\"https:\/\/portaltela.pt\/s.01k8rhncp4jt1\/2025\/11\/talking-bot-125x125.png\",\"url\":\"https:\/\/portaltela.pt\/s.01k8rhncp4jt1\/2025\/11\/talking-bot-125x125.png\",\"contentUrl\":\"https:\/\/portaltela.pt\/s.01k8rhncp4jt1\/2025\/11\/talking-bot-125x125.png\",\"caption\":\"Telinha\"},\"sameAs\":[\"https:\/\/portaltela.pt\/\"],\"url\":\"https:\/\/portaltela.pt\/por\/367410592786\/\"}]}<\/script>\n<!-- \/ Yoast SEO plugin. -->","yoast_head_json":{"title":"Detido pela segunda vez no ano por tr\u00e1fico de droga - Portal Tela Portugal","robots":{"index":"index","follow":"follow","max-snippet":"max-snippet:-1","max-image-preview":"max-image-preview:large","max-video-preview":"max-video-preview:-1"},"og_locale":"pt_PT","og_type":"article","og_title":"Detido pela segunda vez no ano por tr\u00e1fico de droga - Portal Tela Portugal","og_description":"A PSP deteve, aos 55 anos, um homem no concelho de Santana, Madeira, pela pr\u00e1tica de tr\u00e1fico de droga; \u00e9 a segunda deten\u00e7\u00e3o dele no \u00faltimo ano. A deten\u00e7\u00e3o ocorreu na ter\u00e7a-feira, \u00e0s sete da manh\u00e3, durante buscas domicili\u00e1rias no \u00e2mbito de uma investiga\u00e7\u00e3o de amea\u00e7as a agentes da autoridade envolvendo um c\u00e3o de ra\u00e7a perigosa e a poss\u00edvel utiliza\u00e7\u00e3o de arma de fogo. A opera\u00e7\u00e3o contou com diversos meios da PSP, em fun\u00e7\u00e3o do hist\u00f3rico de viol\u00eancia do suspeito. Foram apreendidas cerca de 160 doses de haxixe, 18 doses de liamba seca, 7.840 euros em numer\u00e1rio e outros itens relacionados com o tr\u00e1fico. O suspeito foi detido pela segunda vez em menos de um ano por tr\u00e1fico de estupefacientes e ficou em liberdade, aguardando os tr\u00e2mites processuais, ficando sujeito a Termo de Identidade e Resid\u00eancia.","og_url":"https:\/\/portaltela.pt\/noticias\/2026\/01\/15\/detido-pela-segunda-vez-no-ano-por-trafico-de-droga-2\/","og_site_name":"Portal Tela Portugal","article_published_time":"2026-01-15T15:02:00+00:00","author":"Telinha","twitter_card":"summary_large_image","twitter_misc":{"Escrito por":"Telinha","Tempo estimado de leitura":"1 minuto"},"schema":{"@context":"https:\/\/schema.org","@graph":[{"@type":"Article","@id":"https:\/\/portaltela.pt\/noticias\/2026\/01\/15\/detido-pela-segunda-vez-no-ano-por-trafico-de-droga-2\/#article","isPartOf":{"@id":"https:\/\/portaltela.pt\/noticias\/2026\/01\/15\/detido-pela-segunda-vez-no-ano-por-trafico-de-droga-2\/"},"author":{"name":"Telinha","@id":"https:\/\/portaltela.pt\/#\/schema\/person\/c4278d4a6028830caff9ee44b42d32ed"},"headline":"Detido pela segunda vez no ano por tr\u00e1fico de droga","datePublished":"2026-01-15T15:02:00+00:00","mainEntityOfPage":{"@id":"https:\/\/portaltela.pt\/noticias\/2026\/01\/15\/detido-pela-segunda-vez-no-ano-por-trafico-de-droga-2\/"},"wordCount":209,"image":{"@id":"https:\/\/portaltela.pt\/noticias\/2026\/01\/15\/detido-pela-segunda-vez-no-ano-por-trafico-de-droga-2\/#primaryimage"},"thumbnailUrl":"https:\/\/portaltela.pt\/s.01k8rhncp4jt1\/2026\/01\/unnamed-file-3240.jpg","keywords":["Madeira","Santana","seguran\u00e7a p\u00fablica","tr\u00e1fico de droga","tr\u00e1fico de estupefacientes"],"articleSection":["Not\u00edcias"],"inLanguage":"pt-PT"},{"@type":"WebPage","@id":"https:\/\/portaltela.pt\/noticias\/2026\/01\/15\/detido-pela-segunda-vez-no-ano-por-trafico-de-droga-2\/","url":"https:\/\/portaltela.pt\/noticias\/2026\/01\/15\/detido-pela-segunda-vez-no-ano-por-trafico-de-droga-2\/","name":"Detido pela segunda vez no ano por tr\u00e1fico de droga - Portal Tela Portugal","isPartOf":{"@id":"https:\/\/portaltela.pt\/#website"},"primaryImageOfPage":{"@id":"https:\/\/portaltela.pt\/noticias\/2026\/01\/15\/detido-pela-segunda-vez-no-ano-por-trafico-de-droga-2\/#primaryimage"},"image":{"@id":"https:\/\/portaltela.pt\/noticias\/2026\/01\/15\/detido-pela-segunda-vez-no-ano-por-trafico-de-droga-2\/#primaryimage"},"thumbnailUrl":"https:\/\/portaltela.pt\/s.01k8rhncp4jt1\/2026\/01\/unnamed-file-3240.jpg","datePublished":"2026-01-15T15:02:00+00:00","author":{"@id":"https:\/\/portaltela.pt\/#\/schema\/person\/c4278d4a6028830caff9ee44b42d32ed"},"breadcrumb":{"@id":"https:\/\/portaltela.pt\/noticias\/2026\/01\/15\/detido-pela-segunda-vez-no-ano-por-trafico-de-droga-2\/#breadcrumb"},"inLanguage":"pt-PT","potentialAction":[{"@type":"ReadAction","target":["https:\/\/portaltela.pt\/noticias\/2026\/01\/15\/detido-pela-segunda-vez-no-ano-por-trafico-de-droga-2\/"]}]},{"@type":"ImageObject","inLanguage":"pt-PT","@id":"https:\/\/portaltela.pt\/noticias\/2026\/01\/15\/detido-pela-segunda-vez-no-ano-por-trafico-de-droga-2\/#primaryimage","url":"https:\/\/portaltela.pt\/s.01k8rhncp4jt1\/2026\/01\/unnamed-file-3240.jpg","contentUrl":"https:\/\/portaltela.pt\/s.01k8rhncp4jt1\/2026\/01\/unnamed-file-3240.jpg","width":796,"height":448,"caption":"Da interven\u00e7\u00e3o policial resultou a apreens\u00e3o de 3.111 doses de haxixe, 7 doses de coca\u00edna e 28 doses de MDMA."},{"@type":"BreadcrumbList","@id":"https:\/\/portaltela.pt\/noticias\/2026\/01\/15\/detido-pela-segunda-vez-no-ano-por-trafico-de-droga-2\/#breadcrumb","itemListElement":[{"@type":"ListItem","position":1,"name":"In\u00edcio","item":"https:\/\/portaltela.pt\/"},{"@type":"ListItem","position":2,"name":"Detido pela segunda vez no ano por tr\u00e1fico de droga"}]},{"@type":"WebSite","@id":"https:\/\/portaltela.pt\/#website","url":"https:\/\/portaltela.pt\/","name":"Portal Tela Portugal","description":"","potentialAction":[{"@type":"SearchAction","target":{"@type":"EntryPoint","urlTemplate":"https:\/\/portaltela.pt\/?s={search_term_string}"},"query-input":{"@type":"PropertyValueSpecification","valueRequired":true,"valueName":"search_term_string"}}],"inLanguage":"pt-PT"},{"@type":"Person","@id":"https:\/\/portaltela.pt\/#\/schema\/person\/c4278d4a6028830caff9ee44b42d32ed","name":"Telinha","image":{"@type":"ImageObject","inLanguage":"pt-PT","@id":"https:\/\/portaltela.pt\/s.01k8rhncp4jt1\/2025\/11\/talking-bot-125x125.png","url":"https:\/\/portaltela.pt\/s.01k8rhncp4jt1\/2025\/11\/talking-bot-125x125.png","contentUrl":"https:\/\/portaltela.pt\/s.01k8rhncp4jt1\/2025\/11\/talking-bot-125x125.png","caption":"Telinha"},"sameAs":["https:\/\/portaltela.pt\/"],"url":"https:\/\/portaltela.pt\/por\/367410592786\/"}]}},"_links":{"self":[{"href":"https:\/\/portaltela.pt\/api\/wp\/v2\/posts\/144796","targetHints":{"allow":["GET"]}}],"collection":[{"href":"https:\/\/portaltela.pt\/api\/wp\/v2\/posts"}],"about":[{"href":"https:\/\/portaltela.pt\/api\/wp\/v2\/types\/post"}],"author":[{"embeddable":true,"href":"https:\/\/portaltela.pt\/api\/wp\/v2\/users\/2"}],"replies":[{"embeddable":true,"href":"https:\/\/portaltela.pt\/api\/wp\/v2\/comments?post=144796"}],"version-history":[{"count":0,"href":"https:\/\/portaltela.pt\/api\/wp\/v2\/posts\/144796\/revisions"}],"wp:featuredmedia":[{"embeddable":true,"href":"https:\/\/portaltela.pt\/api\/wp\/v2\/media\/144810"}],"wp:attachment":[{"href":"https:\/\/portaltela.pt\/api\/wp\/v2\/media?parent=144796"}],"wp:term":[{"taxonomy":"category","embeddable":true,"href":"https:\/\/portaltela.pt\/api\/wp\/v2\/categories?post=144796"},{"taxonomy":"post_tag","embeddable":true,"href":"https:\/\/portaltela.pt\/api\/wp\/v2\/tags?post=144796"}],"curies":[{"name":"wp","href":"https:\/\/api.w.org\/{rel}","templated":true}]}}