{"id":144787,"date":"2026-01-15T12:07:00","date_gmt":"2026-01-15T15:07:00","guid":{"rendered":"https:\/\/portaltela.pt\/noticias\/2026\/01\/15\/cotrim-denuncia-campanha-sequestrada-e-dano-ja-causado\/"},"modified":"2026-01-15T12:07:00","modified_gmt":"2026-01-15T15:07:00","slug":"cotrim-denuncia-campanha-sequestrada-e-dano-ja-causado","status":"publish","type":"post","link":"https:\/\/portaltela.pt\/noticias\/politica\/2026\/01\/15\/cotrim-denuncia-campanha-sequestrada-e-dano-ja-causado\/","title":{"rendered":"Cotrim denuncia campanha sequestrada e dano j\u00e1 causado"},"content":{"rendered":"<p>O que aconteceu envolve Jo\u00e3o Cotrim de Figueiredo, candidato presidencial da Iniciativa Liberal (IL), que negou ter conhecimento de uma acusa\u00e7\u00e3o vinda de uma ex-assessora da IL. A informa\u00e7\u00e3o foi tornada p\u00fablica pela ex-assessora num comunicado \u00e0 Lusa, alegando ter reportado o caso \u00e0 IL h\u00e1 dois anos. O epis\u00f3dio ocorreu no \u00e2mbito de uma a\u00e7\u00e3o de campanha em Gondomar, onde o candidato discursava.<\/p>\n<p>Imediatamente antes de falar aos jornalistas, o assessor de Cotrim transmitiu instru\u00e7\u00f5es ao candidato, que se pronunciou para negar qualquer conhecimento pr\u00e9vio da acusa\u00e7\u00e3o. Alega ainda que a queixa-crime estaria pronta e seria apresentada no dia seguinte. O candidato referiu que a acusa\u00e7\u00e3o seria apurada em tribunal.<\/p>\n<p>Ao longo do relato, Cotrim mencionou pela primeira vez o apelido da ex-assessora associando-a \u00e0 divulga\u00e7\u00e3o de uma story entre amigos, sem, contudo, confirmar detalhes. Disse que o dano j\u00e1 estaria causado e que a responsabilidade deve ser apurada, mantendo que todos os factos v\u00e3o ser avaliados judicialmente.<\/p>\n<h3>Rea\u00e7\u00e3o do partido e posi\u00e7\u00e3o de lideran\u00e7a<\/h3>\n<p>A IL havia evitado esclarecer se houve den\u00fancia interna de ass\u00e9dio. Ap\u00f3s o surgimento do comunicado, o partido negou qualquer queixa interna ou reporte formal ou informal. A defesa de Cotrim destacou a integridade de Mariana Leit\u00e3o, l\u00edder atual da IL, que na \u00e9poca era chefe de gabinete do grupo parlamentar, sem afirmar ter sido informada do alegado.<\/p>\n<p>O candidato manteve a entourage de apoio da l\u00edder do partido no com\u00edcio daquela noite, sem contestar a vers\u00e3o de Leit\u00e3o. Questionado sobre eventual desconforto na sequ\u00eancia de intera\u00e7\u00f5es, respondeu que tudo ser\u00e1 apurado em tribunal e que n\u00e3o recebeu qualquer comunica\u00e7\u00e3o anterior sobre o tema.<\/p>\n<h3>Impacto na campanha e pr\u00f3ximos passos<\/h3>\n<p>Cotrim afirmou que a campanha precisa manter o foco, argumentando que o tema pode desviar a aten\u00e7\u00e3o de propostas eleitorais importantes. Encarou a divulga\u00e7\u00e3o da acusa\u00e7\u00e3o como tentada a afetar o processo eleitoral, indicando que a queixa-crime entraria em breve e que a prioridade \u00e9 a campanha.<\/p>\n<p>O candidato convergiu para o ritmo da jornada de campanha, citado por apoiantes durante uma passagem pelo Centro de Dia do Soutelo, em Gondomar, onde manteve contacto com eleitores idosos. A situa\u00e7\u00e3o gerou tens\u00e3o entre a agenda p\u00fablica do candidato e a controv\u00e9rsia em curso, que permanece sem resolu\u00e7\u00e3o imediata.<\/p>\n","protected":false},"excerpt":{"rendered":"<ul>\n<li>Jo\u00e3o Cotrim de Figueiredo soube esta manh\u00e3, no fim da a\u00e7\u00e3o de campanha em Gondomar, de um comunicado enviado \u00e0 Lusa pela ex-assessora da Iniciativa Liberal que reportou o caso h\u00e1 dois anos.<\/li>\n<li>O candidato negou ter conhecimento da alega\u00e7\u00e3o h\u00e1 dois anos e afirmou que a queixa-crime est\u00e1 pronta \u00e0 hora do almo\u00e7o e ser\u00e1 entregue ainda hoje.<\/li>\n<li>Referiu pela primeira vez o apelido da ex-assessora, a dizer que a nota aponta que a veracidade dos factos ser\u00e1 apurada em tribunal e que, segundo ela, a story foi divulgada sem consentimento; acrescentou que o dano est\u00e1 causado e, portanto, a responsabilidade tem que ser apurada.<\/li>\n<li>A Iniciativa Liberal negou qualquer queixa interna ou reporte sobre Cotrim e manteve a l\u00edder Mariana Leit\u00e3o no com\u00edcio, com o candidato a elogiar a integridade da dirigente.<\/li>\n<li>Cotrim acusou jornalistas de serem instrumentalizados para dinamitar a campanha, reiterando que tudo ser\u00e1 apurado em tribunal e mantendo o foco na campanha.<\/li>\n<\/ul>\n","protected":false},"author":2,"featured_media":144789,"comment_status":"closed","ping_status":"closed","sticky":false,"template":"","format":"standard","meta":{"footnotes":""},"categories":[1,5],"tags":[3200,823,68,1243,1482,1571],"class_list":["post-144787","post","type-post","status-publish","format-standard","has-post-thumbnail","hentry","category-noticias","category-politica","tag-assedio","tag-campanha","tag-eleicoes","tag-gondomar","tag-iniciativa-liberal","tag-queixa-crime"],"yoast_head":"<!-- This site is optimized with the Yoast SEO plugin v27.2 - https:\/\/yoast.com\/product\/yoast-seo-wordpress\/ -->\n<title>Cotrim denuncia campanha sequestrada e dano j\u00e1 causado - Portal Tela Portugal<\/title>\n<meta name=\"robots\" content=\"index, follow, max-snippet:-1, max-image-preview:large, max-video-preview:-1\" \/>\n<meta property=\"og:locale\" content=\"pt_PT\" \/>\n<meta property=\"og:type\" content=\"article\" \/>\n<meta property=\"og:title\" content=\"Cotrim denuncia campanha sequestrada e dano j\u00e1 causado - Portal Tela Portugal\" \/>\n<meta property=\"og:description\" content=\"Jo\u00e3o Cotrim de Figueiredo soube esta manh\u00e3, no fim da a\u00e7\u00e3o de campanha em Gondomar, de um comunicado enviado \u00e0 Lusa pela ex-assessora da Iniciativa Liberal que reportou o caso h\u00e1 dois anos. O candidato negou ter conhecimento da alega\u00e7\u00e3o h\u00e1 dois anos e afirmou que a queixa-crime est\u00e1 pronta \u00e0 hora do almo\u00e7o e ser\u00e1 entregue ainda hoje. Referiu pela primeira vez o apelido da ex-assessora, a dizer que a nota aponta que a veracidade dos factos ser\u00e1 apurada em tribunal e que, segundo ela, a story foi divulgada sem consentimento; acrescentou que o dano est\u00e1 causado e, portanto, a responsabilidade tem que ser apurada. A Iniciativa Liberal negou qualquer queixa interna ou reporte sobre Cotrim e manteve a l\u00edder Mariana Leit\u00e3o no com\u00edcio, com o candidato a elogiar a integridade da dirigente. Cotrim acusou jornalistas de serem instrumentalizados para dinamitar a campanha, reiterando que tudo ser\u00e1 apurado em tribunal e mantendo o foco na campanha.\" \/>\n<meta property=\"og:url\" content=\"https:\/\/portaltela.pt\/noticias\/2026\/01\/15\/cotrim-denuncia-campanha-sequestrada-e-dano-ja-causado\/\" \/>\n<meta property=\"og:site_name\" content=\"Portal Tela Portugal\" \/>\n<meta property=\"article:published_time\" content=\"2026-01-15T15:07:00+00:00\" \/>\n<meta name=\"author\" content=\"Telinha\" \/>\n<meta name=\"twitter:card\" content=\"summary_large_image\" \/>\n<meta name=\"twitter:label1\" content=\"Escrito por\" \/>\n\t<meta name=\"twitter:data1\" content=\"Telinha\" \/>\n\t<meta name=\"twitter:label2\" content=\"Tempo estimado de leitura\" \/>\n\t<meta name=\"twitter:data2\" content=\"2 minutos\" \/>\n<script type=\"application\/ld+json\" class=\"yoast-schema-graph\">{\"@context\":\"https:\/\/schema.org\",\"@graph\":[{\"@type\":\"Article\",\"@id\":\"https:\/\/portaltela.pt\/noticias\/2026\/01\/15\/cotrim-denuncia-campanha-sequestrada-e-dano-ja-causado\/#article\",\"isPartOf\":{\"@id\":\"https:\/\/portaltela.pt\/noticias\/2026\/01\/15\/cotrim-denuncia-campanha-sequestrada-e-dano-ja-causado\/\"},\"author\":{\"name\":\"Telinha\",\"@id\":\"https:\/\/portaltela.pt\/#\/schema\/person\/c4278d4a6028830caff9ee44b42d32ed\"},\"headline\":\"Cotrim denuncia campanha sequestrada e dano j\u00e1 causado\",\"datePublished\":\"2026-01-15T15:07:00+00:00\",\"mainEntityOfPage\":{\"@id\":\"https:\/\/portaltela.pt\/noticias\/2026\/01\/15\/cotrim-denuncia-campanha-sequestrada-e-dano-ja-causado\/\"},\"wordCount\":414,\"image\":{\"@id\":\"https:\/\/portaltela.pt\/noticias\/2026\/01\/15\/cotrim-denuncia-campanha-sequestrada-e-dano-ja-causado\/#primaryimage\"},\"thumbnailUrl\":\"https:\/\/portaltela.pt\/s.01k8rhncp4jt1\/2026\/01\/andreVentura_outline_cor-151.jpg\",\"keywords\":[\"ass\u00e9dio\",\"campanha\",\"elei\u00e7\u00f5es\",\"Gondomar\",\"Iniciativa Liberal\",\"queixa-crime\"],\"articleSection\":[\"Not\u00edcias\",\"Pol\u00edtica\"],\"inLanguage\":\"pt-PT\"},{\"@type\":\"WebPage\",\"@id\":\"https:\/\/portaltela.pt\/noticias\/2026\/01\/15\/cotrim-denuncia-campanha-sequestrada-e-dano-ja-causado\/\",\"url\":\"https:\/\/portaltela.pt\/noticias\/2026\/01\/15\/cotrim-denuncia-campanha-sequestrada-e-dano-ja-causado\/\",\"name\":\"Cotrim denuncia campanha sequestrada e dano j\u00e1 causado - Portal Tela Portugal\",\"isPartOf\":{\"@id\":\"https:\/\/portaltela.pt\/#website\"},\"primaryImageOfPage\":{\"@id\":\"https:\/\/portaltela.pt\/noticias\/2026\/01\/15\/cotrim-denuncia-campanha-sequestrada-e-dano-ja-causado\/#primaryimage\"},\"image\":{\"@id\":\"https:\/\/portaltela.pt\/noticias\/2026\/01\/15\/cotrim-denuncia-campanha-sequestrada-e-dano-ja-causado\/#primaryimage\"},\"thumbnailUrl\":\"https:\/\/portaltela.pt\/s.01k8rhncp4jt1\/2026\/01\/andreVentura_outline_cor-151.jpg\",\"datePublished\":\"2026-01-15T15:07:00+00:00\",\"author\":{\"@id\":\"https:\/\/portaltela.pt\/#\/schema\/person\/c4278d4a6028830caff9ee44b42d32ed\"},\"breadcrumb\":{\"@id\":\"https:\/\/portaltela.pt\/noticias\/2026\/01\/15\/cotrim-denuncia-campanha-sequestrada-e-dano-ja-causado\/#breadcrumb\"},\"inLanguage\":\"pt-PT\",\"potentialAction\":[{\"@type\":\"ReadAction\",\"target\":[\"https:\/\/portaltela.pt\/noticias\/2026\/01\/15\/cotrim-denuncia-campanha-sequestrada-e-dano-ja-causado\/\"]}]},{\"@type\":\"ImageObject\",\"inLanguage\":\"pt-PT\",\"@id\":\"https:\/\/portaltela.pt\/noticias\/2026\/01\/15\/cotrim-denuncia-campanha-sequestrada-e-dano-ja-causado\/#primaryimage\",\"url\":\"https:\/\/portaltela.pt\/s.01k8rhncp4jt1\/2026\/01\/andreVentura_outline_cor-151.jpg\",\"contentUrl\":\"https:\/\/portaltela.pt\/s.01k8rhncp4jt1\/2026\/01\/andreVentura_outline_cor-151.jpg\",\"width\":796,\"height\":448,\"caption\":\"Photo\"},{\"@type\":\"BreadcrumbList\",\"@id\":\"https:\/\/portaltela.pt\/noticias\/2026\/01\/15\/cotrim-denuncia-campanha-sequestrada-e-dano-ja-causado\/#breadcrumb\",\"itemListElement\":[{\"@type\":\"ListItem\",\"position\":1,\"name\":\"In\u00edcio\",\"item\":\"https:\/\/portaltela.pt\/\"},{\"@type\":\"ListItem\",\"position\":2,\"name\":\"Cotrim denuncia campanha sequestrada e dano j\u00e1 causado\"}]},{\"@type\":\"WebSite\",\"@id\":\"https:\/\/portaltela.pt\/#website\",\"url\":\"https:\/\/portaltela.pt\/\",\"name\":\"Portal Tela Portugal\",\"description\":\"\",\"potentialAction\":[{\"@type\":\"SearchAction\",\"target\":{\"@type\":\"EntryPoint\",\"urlTemplate\":\"https:\/\/portaltela.pt\/?s={search_term_string}\"},\"query-input\":{\"@type\":\"PropertyValueSpecification\",\"valueRequired\":true,\"valueName\":\"search_term_string\"}}],\"inLanguage\":\"pt-PT\"},{\"@type\":\"Person\",\"@id\":\"https:\/\/portaltela.pt\/#\/schema\/person\/c4278d4a6028830caff9ee44b42d32ed\",\"name\":\"Telinha\",\"image\":{\"@type\":\"ImageObject\",\"inLanguage\":\"pt-PT\",\"@id\":\"https:\/\/portaltela.pt\/s.01k8rhncp4jt1\/2025\/11\/talking-bot-125x125.png\",\"url\":\"https:\/\/portaltela.pt\/s.01k8rhncp4jt1\/2025\/11\/talking-bot-125x125.png\",\"contentUrl\":\"https:\/\/portaltela.pt\/s.01k8rhncp4jt1\/2025\/11\/talking-bot-125x125.png\",\"caption\":\"Telinha\"},\"sameAs\":[\"https:\/\/portaltela.pt\/\"],\"url\":\"https:\/\/portaltela.pt\/por\/367410592786\/\"}]}<\/script>\n<!-- \/ Yoast SEO plugin. -->","yoast_head_json":{"title":"Cotrim denuncia campanha sequestrada e dano j\u00e1 causado - Portal Tela Portugal","robots":{"index":"index","follow":"follow","max-snippet":"max-snippet:-1","max-image-preview":"max-image-preview:large","max-video-preview":"max-video-preview:-1"},"og_locale":"pt_PT","og_type":"article","og_title":"Cotrim denuncia campanha sequestrada e dano j\u00e1 causado - Portal Tela Portugal","og_description":"Jo\u00e3o Cotrim de Figueiredo soube esta manh\u00e3, no fim da a\u00e7\u00e3o de campanha em Gondomar, de um comunicado enviado \u00e0 Lusa pela ex-assessora da Iniciativa Liberal que reportou o caso h\u00e1 dois anos. O candidato negou ter conhecimento da alega\u00e7\u00e3o h\u00e1 dois anos e afirmou que a queixa-crime est\u00e1 pronta \u00e0 hora do almo\u00e7o e ser\u00e1 entregue ainda hoje. Referiu pela primeira vez o apelido da ex-assessora, a dizer que a nota aponta que a veracidade dos factos ser\u00e1 apurada em tribunal e que, segundo ela, a story foi divulgada sem consentimento; acrescentou que o dano est\u00e1 causado e, portanto, a responsabilidade tem que ser apurada. A Iniciativa Liberal negou qualquer queixa interna ou reporte sobre Cotrim e manteve a l\u00edder Mariana Leit\u00e3o no com\u00edcio, com o candidato a elogiar a integridade da dirigente. Cotrim acusou jornalistas de serem instrumentalizados para dinamitar a campanha, reiterando que tudo ser\u00e1 apurado em tribunal e mantendo o foco na campanha.","og_url":"https:\/\/portaltela.pt\/noticias\/2026\/01\/15\/cotrim-denuncia-campanha-sequestrada-e-dano-ja-causado\/","og_site_name":"Portal Tela Portugal","article_published_time":"2026-01-15T15:07:00+00:00","author":"Telinha","twitter_card":"summary_large_image","twitter_misc":{"Escrito por":"Telinha","Tempo estimado de leitura":"2 minutos"},"schema":{"@context":"https:\/\/schema.org","@graph":[{"@type":"Article","@id":"https:\/\/portaltela.pt\/noticias\/2026\/01\/15\/cotrim-denuncia-campanha-sequestrada-e-dano-ja-causado\/#article","isPartOf":{"@id":"https:\/\/portaltela.pt\/noticias\/2026\/01\/15\/cotrim-denuncia-campanha-sequestrada-e-dano-ja-causado\/"},"author":{"name":"Telinha","@id":"https:\/\/portaltela.pt\/#\/schema\/person\/c4278d4a6028830caff9ee44b42d32ed"},"headline":"Cotrim denuncia campanha sequestrada e dano j\u00e1 causado","datePublished":"2026-01-15T15:07:00+00:00","mainEntityOfPage":{"@id":"https:\/\/portaltela.pt\/noticias\/2026\/01\/15\/cotrim-denuncia-campanha-sequestrada-e-dano-ja-causado\/"},"wordCount":414,"image":{"@id":"https:\/\/portaltela.pt\/noticias\/2026\/01\/15\/cotrim-denuncia-campanha-sequestrada-e-dano-ja-causado\/#primaryimage"},"thumbnailUrl":"https:\/\/portaltela.pt\/s.01k8rhncp4jt1\/2026\/01\/andreVentura_outline_cor-151.jpg","keywords":["ass\u00e9dio","campanha","elei\u00e7\u00f5es","Gondomar","Iniciativa Liberal","queixa-crime"],"articleSection":["Not\u00edcias","Pol\u00edtica"],"inLanguage":"pt-PT"},{"@type":"WebPage","@id":"https:\/\/portaltela.pt\/noticias\/2026\/01\/15\/cotrim-denuncia-campanha-sequestrada-e-dano-ja-causado\/","url":"https:\/\/portaltela.pt\/noticias\/2026\/01\/15\/cotrim-denuncia-campanha-sequestrada-e-dano-ja-causado\/","name":"Cotrim denuncia campanha sequestrada e dano j\u00e1 causado - Portal Tela Portugal","isPartOf":{"@id":"https:\/\/portaltela.pt\/#website"},"primaryImageOfPage":{"@id":"https:\/\/portaltela.pt\/noticias\/2026\/01\/15\/cotrim-denuncia-campanha-sequestrada-e-dano-ja-causado\/#primaryimage"},"image":{"@id":"https:\/\/portaltela.pt\/noticias\/2026\/01\/15\/cotrim-denuncia-campanha-sequestrada-e-dano-ja-causado\/#primaryimage"},"thumbnailUrl":"https:\/\/portaltela.pt\/s.01k8rhncp4jt1\/2026\/01\/andreVentura_outline_cor-151.jpg","datePublished":"2026-01-15T15:07:00+00:00","author":{"@id":"https:\/\/portaltela.pt\/#\/schema\/person\/c4278d4a6028830caff9ee44b42d32ed"},"breadcrumb":{"@id":"https:\/\/portaltela.pt\/noticias\/2026\/01\/15\/cotrim-denuncia-campanha-sequestrada-e-dano-ja-causado\/#breadcrumb"},"inLanguage":"pt-PT","potentialAction":[{"@type":"ReadAction","target":["https:\/\/portaltela.pt\/noticias\/2026\/01\/15\/cotrim-denuncia-campanha-sequestrada-e-dano-ja-causado\/"]}]},{"@type":"ImageObject","inLanguage":"pt-PT","@id":"https:\/\/portaltela.pt\/noticias\/2026\/01\/15\/cotrim-denuncia-campanha-sequestrada-e-dano-ja-causado\/#primaryimage","url":"https:\/\/portaltela.pt\/s.01k8rhncp4jt1\/2026\/01\/andreVentura_outline_cor-151.jpg","contentUrl":"https:\/\/portaltela.pt\/s.01k8rhncp4jt1\/2026\/01\/andreVentura_outline_cor-151.jpg","width":796,"height":448,"caption":"Photo"},{"@type":"BreadcrumbList","@id":"https:\/\/portaltela.pt\/noticias\/2026\/01\/15\/cotrim-denuncia-campanha-sequestrada-e-dano-ja-causado\/#breadcrumb","itemListElement":[{"@type":"ListItem","position":1,"name":"In\u00edcio","item":"https:\/\/portaltela.pt\/"},{"@type":"ListItem","position":2,"name":"Cotrim denuncia campanha sequestrada e dano j\u00e1 causado"}]},{"@type":"WebSite","@id":"https:\/\/portaltela.pt\/#website","url":"https:\/\/portaltela.pt\/","name":"Portal Tela Portugal","description":"","potentialAction":[{"@type":"SearchAction","target":{"@type":"EntryPoint","urlTemplate":"https:\/\/portaltela.pt\/?s={search_term_string}"},"query-input":{"@type":"PropertyValueSpecification","valueRequired":true,"valueName":"search_term_string"}}],"inLanguage":"pt-PT"},{"@type":"Person","@id":"https:\/\/portaltela.pt\/#\/schema\/person\/c4278d4a6028830caff9ee44b42d32ed","name":"Telinha","image":{"@type":"ImageObject","inLanguage":"pt-PT","@id":"https:\/\/portaltela.pt\/s.01k8rhncp4jt1\/2025\/11\/talking-bot-125x125.png","url":"https:\/\/portaltela.pt\/s.01k8rhncp4jt1\/2025\/11\/talking-bot-125x125.png","contentUrl":"https:\/\/portaltela.pt\/s.01k8rhncp4jt1\/2025\/11\/talking-bot-125x125.png","caption":"Telinha"},"sameAs":["https:\/\/portaltela.pt\/"],"url":"https:\/\/portaltela.pt\/por\/367410592786\/"}]}},"_links":{"self":[{"href":"https:\/\/portaltela.pt\/api\/wp\/v2\/posts\/144787","targetHints":{"allow":["GET"]}}],"collection":[{"href":"https:\/\/portaltela.pt\/api\/wp\/v2\/posts"}],"about":[{"href":"https:\/\/portaltela.pt\/api\/wp\/v2\/types\/post"}],"author":[{"embeddable":true,"href":"https:\/\/portaltela.pt\/api\/wp\/v2\/users\/2"}],"replies":[{"embeddable":true,"href":"https:\/\/portaltela.pt\/api\/wp\/v2\/comments?post=144787"}],"version-history":[{"count":0,"href":"https:\/\/portaltela.pt\/api\/wp\/v2\/posts\/144787\/revisions"}],"wp:featuredmedia":[{"embeddable":true,"href":"https:\/\/portaltela.pt\/api\/wp\/v2\/media\/144789"}],"wp:attachment":[{"href":"https:\/\/portaltela.pt\/api\/wp\/v2\/media?parent=144787"}],"wp:term":[{"taxonomy":"category","embeddable":true,"href":"https:\/\/portaltela.pt\/api\/wp\/v2\/categories?post=144787"},{"taxonomy":"post_tag","embeddable":true,"href":"https:\/\/portaltela.pt\/api\/wp\/v2\/tags?post=144787"}],"curies":[{"name":"wp","href":"https:\/\/api.w.org\/{rel}","templated":true}]}}