{"id":144766,"date":"2026-01-15T12:02:00","date_gmt":"2026-01-15T15:02:00","guid":{"rendered":"https:\/\/portaltela.pt\/noticias\/2026\/01\/15\/detido-pela-segunda-vez-no-ano-por-trafico-de-droga\/"},"modified":"2026-01-15T12:02:00","modified_gmt":"2026-01-15T15:02:00","slug":"detido-pela-segunda-vez-no-ano-por-trafico-de-droga","status":"publish","type":"post","link":"https:\/\/portaltela.pt\/noticias\/2026\/01\/15\/detido-pela-segunda-vez-no-ano-por-trafico-de-droga\/","title":{"rendered":"Detido pela segunda vez no ano por tr\u00e1fico de droga"},"content":{"rendered":"<p>A Pol\u00edcia de Seguran\u00e7a P\u00fablica deteve, na Madeira, um homem de 55 anos por tr\u00e1fico de droga. A deten\u00e7\u00e3o ocorreu na ter\u00e7a-feira, pelas 7h00, em Santana, no \u00e2mbito de uma investiga\u00e7\u00e3o criminal. A opera\u00e7\u00e3o aconteceu ap\u00f3s buscas domicili\u00e1rias coordenadas pela PSP.<\/p>\n<p>Segundo o comunicado da PSP, a opera\u00e7\u00e3o decorreu pela pr\u00e1tica de crimes de amea\u00e7as contra agentes da autoridade, atrav\u00e9s do incitamento de um c\u00e3o de ra\u00e7a perigosa e da amea\u00e7a de uso de arma de fogo. Dado o hist\u00f3rico de viol\u00eancia do suspeito, foi planeada a a\u00e7\u00e3o com o envolvimento de v\u00e1rios meios policiais.<\/p>\n<p>Na apreens\u00e3o ficaram cerca de 160 doses de haxixe, 18 doses de liamba seca e 7.840 euros em numer\u00e1rio, al\u00e9m de outros objetos relacionados com o tr\u00e1fico de estupefacientes. O detido foi igualmente informado de que enfrenta uma segunda deten\u00e7\u00e3o no espa\u00e7o de um ano pela mesma pr\u00e1tica.<\/p>\n<p>O suspeito foi colocado em liberdade ap\u00f3s a apresenta\u00e7\u00e3o no Tribunal, ficando sujeito a Termo de Identidade e Resid\u00eancia. Trata-se da segunda deten\u00e7\u00e3o deste homem no \u00faltimo ano, tamb\u00e9m relacionada com crimes de tr\u00e1fico de estupefacientes.<\/p>\n","protected":false},"excerpt":{"rendered":"<ul>\n<li>A PSP deteve um homem de 55 anos no concelho de Santana, na Madeira, pela pr\u00e1tica de tr\u00e1fico de droga; \u00e9 a segunda deten\u00e7\u00e3o do suspeito no \u00faltimo ano.<\/li>\n<li>A deten\u00e7\u00e3o ocorreu na ter\u00e7a-feira, \u00e0s 7h00, durante buscas domicili\u00e1rias no \u00e2mbito de uma investiga\u00e7\u00e3o de amea\u00e7as a agentes da autoridade relacionadas com incitamento de um c\u00e3o de ra\u00e7a perigosa e uso de arma de fogo.<\/li>\n<li>A PSP afirma que, pelo hist\u00f3rico de viol\u00eancia do visado, foi organizada uma opera\u00e7\u00e3o policial que envolveu v\u00e1rios meios.<\/li>\n<li>Foram apreendidas cerca de 160 doses de haxixe, 18 doses de liamba seca, 7.840 euros em numer\u00e1rio e outros itens associados ao tr\u00e1fico.<\/li>\n<li>O suspeito ficou em liberdade, aguardando os ulteriores tr\u00e2mites do processo, ficando sujeito a Termo de Identidade e Resid\u00eancia.<\/li>\n<\/ul>\n","protected":false},"author":2,"featured_media":144771,"comment_status":"closed","ping_status":"closed","sticky":false,"template":"","format":"standard","meta":{"footnotes":""},"categories":[1],"tags":[217,859,1381,2096,96,1442],"class_list":["post-144766","post","type-post","status-publish","format-standard","has-post-thumbnail","hentry","category-noticias","tag-investigacao-criminal","tag-madeira","tag-psp","tag-santana","tag-trafico-de-droga","tag-trafico-de-estupefacientes"],"yoast_head":"<!-- This site is optimized with the Yoast SEO plugin v27.2 - https:\/\/yoast.com\/product\/yoast-seo-wordpress\/ -->\n<title>Detido pela segunda vez no ano por tr\u00e1fico de droga - Portal Tela Portugal<\/title>\n<meta name=\"robots\" content=\"index, follow, max-snippet:-1, max-image-preview:large, max-video-preview:-1\" \/>\n<meta property=\"og:locale\" content=\"pt_PT\" \/>\n<meta property=\"og:type\" content=\"article\" \/>\n<meta property=\"og:title\" content=\"Detido pela segunda vez no ano por tr\u00e1fico de droga - Portal Tela Portugal\" \/>\n<meta property=\"og:description\" content=\"A PSP deteve um homem de 55 anos no concelho de Santana, na Madeira, pela pr\u00e1tica de tr\u00e1fico de droga; \u00e9 a segunda deten\u00e7\u00e3o do suspeito no \u00faltimo ano. A deten\u00e7\u00e3o ocorreu na ter\u00e7a-feira, \u00e0s 7h00, durante buscas domicili\u00e1rias no \u00e2mbito de uma investiga\u00e7\u00e3o de amea\u00e7as a agentes da autoridade relacionadas com incitamento de um c\u00e3o de ra\u00e7a perigosa e uso de arma de fogo. A PSP afirma que, pelo hist\u00f3rico de viol\u00eancia do visado, foi organizada uma opera\u00e7\u00e3o policial que envolveu v\u00e1rios meios. Foram apreendidas cerca de 160 doses de haxixe, 18 doses de liamba seca, 7.840 euros em numer\u00e1rio e outros itens associados ao tr\u00e1fico. O suspeito ficou em liberdade, aguardando os ulteriores tr\u00e2mites do processo, ficando sujeito a Termo de Identidade e Resid\u00eancia.\" \/>\n<meta property=\"og:url\" content=\"https:\/\/portaltela.pt\/noticias\/2026\/01\/15\/detido-pela-segunda-vez-no-ano-por-trafico-de-droga\/\" \/>\n<meta property=\"og:site_name\" content=\"Portal Tela Portugal\" \/>\n<meta property=\"article:published_time\" content=\"2026-01-15T15:02:00+00:00\" \/>\n<meta name=\"author\" content=\"Telinha\" \/>\n<meta name=\"twitter:card\" content=\"summary_large_image\" \/>\n<meta name=\"twitter:label1\" content=\"Escrito por\" \/>\n\t<meta name=\"twitter:data1\" content=\"Telinha\" \/>\n\t<meta name=\"twitter:label2\" content=\"Tempo estimado de leitura\" \/>\n\t<meta name=\"twitter:data2\" content=\"1 minuto\" \/>\n<script type=\"application\/ld+json\" class=\"yoast-schema-graph\">{\"@context\":\"https:\/\/schema.org\",\"@graph\":[{\"@type\":\"Article\",\"@id\":\"https:\/\/portaltela.pt\/noticias\/2026\/01\/15\/detido-pela-segunda-vez-no-ano-por-trafico-de-droga\/#article\",\"isPartOf\":{\"@id\":\"https:\/\/portaltela.pt\/noticias\/2026\/01\/15\/detido-pela-segunda-vez-no-ano-por-trafico-de-droga\/\"},\"author\":{\"name\":\"Telinha\",\"@id\":\"https:\/\/portaltela.pt\/#\/schema\/person\/c4278d4a6028830caff9ee44b42d32ed\"},\"headline\":\"Detido pela segunda vez no ano por tr\u00e1fico de droga\",\"datePublished\":\"2026-01-15T15:02:00+00:00\",\"mainEntityOfPage\":{\"@id\":\"https:\/\/portaltela.pt\/noticias\/2026\/01\/15\/detido-pela-segunda-vez-no-ano-por-trafico-de-droga\/\"},\"wordCount\":220,\"image\":{\"@id\":\"https:\/\/portaltela.pt\/noticias\/2026\/01\/15\/detido-pela-segunda-vez-no-ano-por-trafico-de-droga\/#primaryimage\"},\"thumbnailUrl\":\"https:\/\/portaltela.pt\/s.01k8rhncp4jt1\/2026\/01\/rede-de-trafico-de-droga.jpg\",\"keywords\":[\"investiga\u00e7\u00e3o criminal\",\"Madeira\",\"PSP\",\"Santana\",\"tr\u00e1fico de droga\",\"tr\u00e1fico de estupefacientes\"],\"articleSection\":[\"Not\u00edcias\"],\"inLanguage\":\"pt-PT\"},{\"@type\":\"WebPage\",\"@id\":\"https:\/\/portaltela.pt\/noticias\/2026\/01\/15\/detido-pela-segunda-vez-no-ano-por-trafico-de-droga\/\",\"url\":\"https:\/\/portaltela.pt\/noticias\/2026\/01\/15\/detido-pela-segunda-vez-no-ano-por-trafico-de-droga\/\",\"name\":\"Detido pela segunda vez no ano por tr\u00e1fico de droga - Portal Tela Portugal\",\"isPartOf\":{\"@id\":\"https:\/\/portaltela.pt\/#website\"},\"primaryImageOfPage\":{\"@id\":\"https:\/\/portaltela.pt\/noticias\/2026\/01\/15\/detido-pela-segunda-vez-no-ano-por-trafico-de-droga\/#primaryimage\"},\"image\":{\"@id\":\"https:\/\/portaltela.pt\/noticias\/2026\/01\/15\/detido-pela-segunda-vez-no-ano-por-trafico-de-droga\/#primaryimage\"},\"thumbnailUrl\":\"https:\/\/portaltela.pt\/s.01k8rhncp4jt1\/2026\/01\/rede-de-trafico-de-droga.jpg\",\"datePublished\":\"2026-01-15T15:02:00+00:00\",\"author\":{\"@id\":\"https:\/\/portaltela.pt\/#\/schema\/person\/c4278d4a6028830caff9ee44b42d32ed\"},\"breadcrumb\":{\"@id\":\"https:\/\/portaltela.pt\/noticias\/2026\/01\/15\/detido-pela-segunda-vez-no-ano-por-trafico-de-droga\/#breadcrumb\"},\"inLanguage\":\"pt-PT\",\"potentialAction\":[{\"@type\":\"ReadAction\",\"target\":[\"https:\/\/portaltela.pt\/noticias\/2026\/01\/15\/detido-pela-segunda-vez-no-ano-por-trafico-de-droga\/\"]}]},{\"@type\":\"ImageObject\",\"inLanguage\":\"pt-PT\",\"@id\":\"https:\/\/portaltela.pt\/noticias\/2026\/01\/15\/detido-pela-segunda-vez-no-ano-por-trafico-de-droga\/#primaryimage\",\"url\":\"https:\/\/portaltela.pt\/s.01k8rhncp4jt1\/2026\/01\/rede-de-trafico-de-droga.jpg\",\"contentUrl\":\"https:\/\/portaltela.pt\/s.01k8rhncp4jt1\/2026\/01\/rede-de-trafico-de-droga.jpg\",\"width\":796,\"height\":448,\"caption\":\"rede de tr\u00e1fico de droga\"},{\"@type\":\"BreadcrumbList\",\"@id\":\"https:\/\/portaltela.pt\/noticias\/2026\/01\/15\/detido-pela-segunda-vez-no-ano-por-trafico-de-droga\/#breadcrumb\",\"itemListElement\":[{\"@type\":\"ListItem\",\"position\":1,\"name\":\"In\u00edcio\",\"item\":\"https:\/\/portaltela.pt\/\"},{\"@type\":\"ListItem\",\"position\":2,\"name\":\"Detido pela segunda vez no ano por tr\u00e1fico de droga\"}]},{\"@type\":\"WebSite\",\"@id\":\"https:\/\/portaltela.pt\/#website\",\"url\":\"https:\/\/portaltela.pt\/\",\"name\":\"Portal Tela Portugal\",\"description\":\"\",\"potentialAction\":[{\"@type\":\"SearchAction\",\"target\":{\"@type\":\"EntryPoint\",\"urlTemplate\":\"https:\/\/portaltela.pt\/?s={search_term_string}\"},\"query-input\":{\"@type\":\"PropertyValueSpecification\",\"valueRequired\":true,\"valueName\":\"search_term_string\"}}],\"inLanguage\":\"pt-PT\"},{\"@type\":\"Person\",\"@id\":\"https:\/\/portaltela.pt\/#\/schema\/person\/c4278d4a6028830caff9ee44b42d32ed\",\"name\":\"Telinha\",\"image\":{\"@type\":\"ImageObject\",\"inLanguage\":\"pt-PT\",\"@id\":\"https:\/\/portaltela.pt\/s.01k8rhncp4jt1\/2025\/11\/talking-bot-125x125.png\",\"url\":\"https:\/\/portaltela.pt\/s.01k8rhncp4jt1\/2025\/11\/talking-bot-125x125.png\",\"contentUrl\":\"https:\/\/portaltela.pt\/s.01k8rhncp4jt1\/2025\/11\/talking-bot-125x125.png\",\"caption\":\"Telinha\"},\"sameAs\":[\"https:\/\/portaltela.pt\/\"],\"url\":\"https:\/\/portaltela.pt\/por\/367410592786\/\"}]}<\/script>\n<!-- \/ Yoast SEO plugin. -->","yoast_head_json":{"title":"Detido pela segunda vez no ano por tr\u00e1fico de droga - Portal Tela Portugal","robots":{"index":"index","follow":"follow","max-snippet":"max-snippet:-1","max-image-preview":"max-image-preview:large","max-video-preview":"max-video-preview:-1"},"og_locale":"pt_PT","og_type":"article","og_title":"Detido pela segunda vez no ano por tr\u00e1fico de droga - Portal Tela Portugal","og_description":"A PSP deteve um homem de 55 anos no concelho de Santana, na Madeira, pela pr\u00e1tica de tr\u00e1fico de droga; \u00e9 a segunda deten\u00e7\u00e3o do suspeito no \u00faltimo ano. A deten\u00e7\u00e3o ocorreu na ter\u00e7a-feira, \u00e0s 7h00, durante buscas domicili\u00e1rias no \u00e2mbito de uma investiga\u00e7\u00e3o de amea\u00e7as a agentes da autoridade relacionadas com incitamento de um c\u00e3o de ra\u00e7a perigosa e uso de arma de fogo. A PSP afirma que, pelo hist\u00f3rico de viol\u00eancia do visado, foi organizada uma opera\u00e7\u00e3o policial que envolveu v\u00e1rios meios. Foram apreendidas cerca de 160 doses de haxixe, 18 doses de liamba seca, 7.840 euros em numer\u00e1rio e outros itens associados ao tr\u00e1fico. O suspeito ficou em liberdade, aguardando os ulteriores tr\u00e2mites do processo, ficando sujeito a Termo de Identidade e Resid\u00eancia.","og_url":"https:\/\/portaltela.pt\/noticias\/2026\/01\/15\/detido-pela-segunda-vez-no-ano-por-trafico-de-droga\/","og_site_name":"Portal Tela Portugal","article_published_time":"2026-01-15T15:02:00+00:00","author":"Telinha","twitter_card":"summary_large_image","twitter_misc":{"Escrito por":"Telinha","Tempo estimado de leitura":"1 minuto"},"schema":{"@context":"https:\/\/schema.org","@graph":[{"@type":"Article","@id":"https:\/\/portaltela.pt\/noticias\/2026\/01\/15\/detido-pela-segunda-vez-no-ano-por-trafico-de-droga\/#article","isPartOf":{"@id":"https:\/\/portaltela.pt\/noticias\/2026\/01\/15\/detido-pela-segunda-vez-no-ano-por-trafico-de-droga\/"},"author":{"name":"Telinha","@id":"https:\/\/portaltela.pt\/#\/schema\/person\/c4278d4a6028830caff9ee44b42d32ed"},"headline":"Detido pela segunda vez no ano por tr\u00e1fico de droga","datePublished":"2026-01-15T15:02:00+00:00","mainEntityOfPage":{"@id":"https:\/\/portaltela.pt\/noticias\/2026\/01\/15\/detido-pela-segunda-vez-no-ano-por-trafico-de-droga\/"},"wordCount":220,"image":{"@id":"https:\/\/portaltela.pt\/noticias\/2026\/01\/15\/detido-pela-segunda-vez-no-ano-por-trafico-de-droga\/#primaryimage"},"thumbnailUrl":"https:\/\/portaltela.pt\/s.01k8rhncp4jt1\/2026\/01\/rede-de-trafico-de-droga.jpg","keywords":["investiga\u00e7\u00e3o criminal","Madeira","PSP","Santana","tr\u00e1fico de droga","tr\u00e1fico de estupefacientes"],"articleSection":["Not\u00edcias"],"inLanguage":"pt-PT"},{"@type":"WebPage","@id":"https:\/\/portaltela.pt\/noticias\/2026\/01\/15\/detido-pela-segunda-vez-no-ano-por-trafico-de-droga\/","url":"https:\/\/portaltela.pt\/noticias\/2026\/01\/15\/detido-pela-segunda-vez-no-ano-por-trafico-de-droga\/","name":"Detido pela segunda vez no ano por tr\u00e1fico de droga - Portal Tela Portugal","isPartOf":{"@id":"https:\/\/portaltela.pt\/#website"},"primaryImageOfPage":{"@id":"https:\/\/portaltela.pt\/noticias\/2026\/01\/15\/detido-pela-segunda-vez-no-ano-por-trafico-de-droga\/#primaryimage"},"image":{"@id":"https:\/\/portaltela.pt\/noticias\/2026\/01\/15\/detido-pela-segunda-vez-no-ano-por-trafico-de-droga\/#primaryimage"},"thumbnailUrl":"https:\/\/portaltela.pt\/s.01k8rhncp4jt1\/2026\/01\/rede-de-trafico-de-droga.jpg","datePublished":"2026-01-15T15:02:00+00:00","author":{"@id":"https:\/\/portaltela.pt\/#\/schema\/person\/c4278d4a6028830caff9ee44b42d32ed"},"breadcrumb":{"@id":"https:\/\/portaltela.pt\/noticias\/2026\/01\/15\/detido-pela-segunda-vez-no-ano-por-trafico-de-droga\/#breadcrumb"},"inLanguage":"pt-PT","potentialAction":[{"@type":"ReadAction","target":["https:\/\/portaltela.pt\/noticias\/2026\/01\/15\/detido-pela-segunda-vez-no-ano-por-trafico-de-droga\/"]}]},{"@type":"ImageObject","inLanguage":"pt-PT","@id":"https:\/\/portaltela.pt\/noticias\/2026\/01\/15\/detido-pela-segunda-vez-no-ano-por-trafico-de-droga\/#primaryimage","url":"https:\/\/portaltela.pt\/s.01k8rhncp4jt1\/2026\/01\/rede-de-trafico-de-droga.jpg","contentUrl":"https:\/\/portaltela.pt\/s.01k8rhncp4jt1\/2026\/01\/rede-de-trafico-de-droga.jpg","width":796,"height":448,"caption":"rede de tr\u00e1fico de droga"},{"@type":"BreadcrumbList","@id":"https:\/\/portaltela.pt\/noticias\/2026\/01\/15\/detido-pela-segunda-vez-no-ano-por-trafico-de-droga\/#breadcrumb","itemListElement":[{"@type":"ListItem","position":1,"name":"In\u00edcio","item":"https:\/\/portaltela.pt\/"},{"@type":"ListItem","position":2,"name":"Detido pela segunda vez no ano por tr\u00e1fico de droga"}]},{"@type":"WebSite","@id":"https:\/\/portaltela.pt\/#website","url":"https:\/\/portaltela.pt\/","name":"Portal Tela Portugal","description":"","potentialAction":[{"@type":"SearchAction","target":{"@type":"EntryPoint","urlTemplate":"https:\/\/portaltela.pt\/?s={search_term_string}"},"query-input":{"@type":"PropertyValueSpecification","valueRequired":true,"valueName":"search_term_string"}}],"inLanguage":"pt-PT"},{"@type":"Person","@id":"https:\/\/portaltela.pt\/#\/schema\/person\/c4278d4a6028830caff9ee44b42d32ed","name":"Telinha","image":{"@type":"ImageObject","inLanguage":"pt-PT","@id":"https:\/\/portaltela.pt\/s.01k8rhncp4jt1\/2025\/11\/talking-bot-125x125.png","url":"https:\/\/portaltela.pt\/s.01k8rhncp4jt1\/2025\/11\/talking-bot-125x125.png","contentUrl":"https:\/\/portaltela.pt\/s.01k8rhncp4jt1\/2025\/11\/talking-bot-125x125.png","caption":"Telinha"},"sameAs":["https:\/\/portaltela.pt\/"],"url":"https:\/\/portaltela.pt\/por\/367410592786\/"}]}},"_links":{"self":[{"href":"https:\/\/portaltela.pt\/api\/wp\/v2\/posts\/144766","targetHints":{"allow":["GET"]}}],"collection":[{"href":"https:\/\/portaltela.pt\/api\/wp\/v2\/posts"}],"about":[{"href":"https:\/\/portaltela.pt\/api\/wp\/v2\/types\/post"}],"author":[{"embeddable":true,"href":"https:\/\/portaltela.pt\/api\/wp\/v2\/users\/2"}],"replies":[{"embeddable":true,"href":"https:\/\/portaltela.pt\/api\/wp\/v2\/comments?post=144766"}],"version-history":[{"count":0,"href":"https:\/\/portaltela.pt\/api\/wp\/v2\/posts\/144766\/revisions"}],"wp:featuredmedia":[{"embeddable":true,"href":"https:\/\/portaltela.pt\/api\/wp\/v2\/media\/144771"}],"wp:attachment":[{"href":"https:\/\/portaltela.pt\/api\/wp\/v2\/media?parent=144766"}],"wp:term":[{"taxonomy":"category","embeddable":true,"href":"https:\/\/portaltela.pt\/api\/wp\/v2\/categories?post=144766"},{"taxonomy":"post_tag","embeddable":true,"href":"https:\/\/portaltela.pt\/api\/wp\/v2\/tags?post=144766"}],"curies":[{"name":"wp","href":"https:\/\/api.w.org\/{rel}","templated":true}]}}