{"id":144709,"date":"2026-01-15T11:22:45","date_gmt":"2026-01-15T14:22:45","guid":{"rendered":"https:\/\/portaltela.pt\/noticias\/2026\/01\/15\/gabinete-de-apoio-a-vitima-da-beira-serra-apoia-82-vitimas\/"},"modified":"2026-01-15T11:22:45","modified_gmt":"2026-01-15T14:22:45","slug":"gabinete-de-apoio-a-vitima-da-beira-serra-apoia-82-vitimas","status":"publish","type":"post","link":"https:\/\/portaltela.pt\/noticias\/2026\/01\/15\/gabinete-de-apoio-a-vitima-da-beira-serra-apoia-82-vitimas\/","title":{"rendered":"Gabinete de Apoio \u00e0 V\u00edtima da Beira Serra apoia 82 v\u00edtimas"},"content":{"rendered":"<p>O Gabinete Intermunicipal de Apoio \u00e0 V\u00edtima (GIAV), coordenado pela Associa\u00e7\u00e3o de Desenvolvimento Integrado da Beira Serra (ADIBER), acompanha 82 v\u00edtimas nos quatro concelhos da regi\u00e3o: Arganil, G\u00f3is, Oliveira do Hospital e T\u00e1bua. O n\u00famero foi destacado no IV Semin\u00e1rio sobre Igualdade e Viol\u00eancia, em Oliveira do Hospital.<\/p>\n<p>Desde a cria\u00e7\u00e3o, o GIAV realizou 820 atendimentos e encaminhamentos, realizou 140 a\u00e7\u00f5es de sensibiliza\u00e7\u00e3o e preven\u00e7\u00e3o e envolveu 2.600 participantes em atividades com as escolas locais. Os n\u00fameros sublinham a import\u00e2ncia da coopera\u00e7\u00e3o entre entidades p\u00fablicas e educativas.<\/p>\n<h3>Parcerias e equipa<\/h3>\n<p>O respons\u00e1vel pela ADIBER destacou que o GIAV integra v\u00e1rias entidades, incluindo a GNR, o Minist\u00e9rio P\u00fablico, as CPCJ, a Seguran\u00e7a Social, Munic\u00edpios e escolas. A coordena\u00e7\u00e3o tem funcionado 24 horas por dia, com forte compromisso da equipa.<\/p>\n<p>Miguel Ventura mencionou o apoio direto \u00e0s v\u00edtimas e aos familiares, bem como o encaminhamento de casos \u00e0s autoridades competentes. A Rede Nacional de Apoio \u00e0 V\u00edtima tamb\u00e9m est\u00e1 ligada ao GIAV.<\/p>\n<h3>Prorroga\u00e7\u00e3o de financiamento<\/h3>\n<p>Esta semana chegou a\u901a\u77e5 da Comiss\u00e3o para a Cidadania e a Igualdade de G\u00e9nero (CIG) que a prioridade do GIAV \u00e9 prorrogada por mais 18 meses. O respons\u00e1vel destacou que o sinal \u00e9 o reconhecimento do trabalho realizado localmente.<\/p>\n<p>O objetivo \u00e9 manter o apoio \u00e0s v\u00edtimas e refor\u00e7ar o impacto social da iniciativa, com continuidade de a\u00e7\u00f5es de sensibiliza\u00e7\u00e3o e de encaminhamento institucional.<\/p>\n<h3>Semin\u00e1rio e tem\u00e1ticas<\/h3>\n<p>O semin\u00e1rio abriu com discuss\u00f5es sobre Viol\u00eancia Dom\u00e9stica, legisla\u00e7\u00e3o e altera\u00e7\u00f5es poss\u00edveis, bem como o papel das For\u00e7as de Seguran\u00e7a no combate a crimes de viol\u00eancia. Tamb\u00e9m houve debate sobre o impacto da viol\u00eancia e da igualdade de g\u00e9nero nos dias atuais.<\/p>\n<p>Especialistas e profissionais da \u00e1rea participaram com interven\u00e7\u00f5es que destacaram os desafios atuais na prote\u00e7\u00e3o de v\u00edtimas e na promo\u00e7\u00e3o de pol\u00edticas mais eficazes.<\/p>\n<h3>Respons\u00e1veis municipais<\/h3>\n<p>Representantes das C\u00e2maras elogiaram o GIAV e o seu papel junto \u00e0s v\u00edtimas. O presidente da C\u00e2mara de Oliveira do Hospital afirmou a necessidade de denunciar crimes p\u00fablicos e unir esfor\u00e7os contra a viol\u00eancia. Na regi\u00e3o, 18 v\u00edtimas s\u00e3o do concelho oliveirense.<\/p>\n<p>A vereadora de Arganil destacou a import\u00e2ncia de trabalhar em rede para a\u00e7\u00f5es r\u00e1pidas e eficazes. Em G\u00f3is, a t\u00e9cnica respons\u00e1vel ressaltou que a igualdade n\u00e3o \u00e9 moda, mas obriga\u00e7\u00e3o pol\u00edtica. Em T\u00e1bua, o vereador salientou o m\u00e9rito da ADIBER e a quantidade de iniciativas no territ\u00f3rio.<\/p>\n","protected":false},"excerpt":{"rendered":"<ul>\n<li>O Gabinete Intermunicipal de Apoio \u00e0 V\u00edtima (GIAV), coordenado pela Associa\u00e7\u00e3o de Desenvolvimento Integrado da Beira Serra (ADIBER), acompanha 82 v\u00edtimas nos quatro concelhos da Beira Serra: Arganil, G\u00f3is, Oliveira do Hospital e T\u00e1bua.<\/li>\n<li>Desde a cria\u00e7\u00e3o, o GIAV realizou 820 atendimentos e encaminhamentos, promoveu 140 a\u00e7\u00f5es de sensibiliza\u00e7\u00e3o e teve 2.600 participantes, sobretudo junto de jovens.<\/li>\n<li>O projeto envolve v\u00e1rias entidades, como a Guarda Nacional Republicana, o Minist\u00e9rio P\u00fablico, as CPCJ, a Seguran\u00e7a Social, Munic\u00edpios e escolas, e funciona 24 horas por dia, sete dias por semana.<\/li>\n<li>A Comiss\u00e3o para a Cidadania e a Igualdade de G\u00e9nero (CIG) autorizou a prorroga\u00e7\u00e3o do financiamento do GIAV por mais 18 meses.<\/li>\n<li>No semin\u00e1rio, autoridades locais destacaram a import\u00e2ncia da iniciativa na luta contra a viol\u00eancia e pela igualdade de g\u00e9nero; 18 v\u00edtimas sinalizadas s\u00e3o do concelho de Oliveira do Hospital.<\/li>\n<\/ul>\n","protected":false},"author":2,"featured_media":144719,"comment_status":"closed","ping_status":"closed","sticky":false,"template":"","format":"standard","meta":{"footnotes":""},"categories":[1],"tags":[1211,1340,1846,2019,243,214],"class_list":["post-144709","post","type-post","status-publish","format-standard","has-post-thumbnail","hentry","category-noticias","tag-apoio-social","tag-arganil","tag-beira-interior","tag-gois","tag-seguranca-social","tag-violencia-domestica"],"yoast_head":"<!-- This site is optimized with the Yoast SEO plugin v27.2 - https:\/\/yoast.com\/product\/yoast-seo-wordpress\/ -->\n<title>Gabinete de Apoio \u00e0 V\u00edtima da Beira Serra apoia 82 v\u00edtimas - Portal Tela Portugal<\/title>\n<meta name=\"robots\" content=\"index, follow, max-snippet:-1, max-image-preview:large, max-video-preview:-1\" \/>\n<meta property=\"og:locale\" content=\"pt_PT\" \/>\n<meta property=\"og:type\" content=\"article\" \/>\n<meta property=\"og:title\" content=\"Gabinete de Apoio \u00e0 V\u00edtima da Beira Serra apoia 82 v\u00edtimas - Portal Tela Portugal\" \/>\n<meta property=\"og:description\" content=\"O Gabinete Intermunicipal de Apoio \u00e0 V\u00edtima (GIAV), coordenado pela Associa\u00e7\u00e3o de Desenvolvimento Integrado da Beira Serra (ADIBER), acompanha 82 v\u00edtimas nos quatro concelhos da Beira Serra: Arganil, G\u00f3is, Oliveira do Hospital e T\u00e1bua. Desde a cria\u00e7\u00e3o, o GIAV realizou 820 atendimentos e encaminhamentos, promoveu 140 a\u00e7\u00f5es de sensibiliza\u00e7\u00e3o e teve 2.600 participantes, sobretudo junto de jovens. O projeto envolve v\u00e1rias entidades, como a Guarda Nacional Republicana, o Minist\u00e9rio P\u00fablico, as CPCJ, a Seguran\u00e7a Social, Munic\u00edpios e escolas, e funciona 24 horas por dia, sete dias por semana. A Comiss\u00e3o para a Cidadania e a Igualdade de G\u00e9nero (CIG) autorizou a prorroga\u00e7\u00e3o do financiamento do GIAV por mais 18 meses. No semin\u00e1rio, autoridades locais destacaram a import\u00e2ncia da iniciativa na luta contra a viol\u00eancia e pela igualdade de g\u00e9nero; 18 v\u00edtimas sinalizadas s\u00e3o do concelho de Oliveira do Hospital.\" \/>\n<meta property=\"og:url\" content=\"https:\/\/portaltela.pt\/noticias\/2026\/01\/15\/gabinete-de-apoio-a-vitima-da-beira-serra-apoia-82-vitimas\/\" \/>\n<meta property=\"og:site_name\" content=\"Portal Tela Portugal\" \/>\n<meta property=\"article:published_time\" content=\"2026-01-15T14:22:45+00:00\" \/>\n<meta name=\"author\" content=\"Telinha\" \/>\n<meta name=\"twitter:card\" content=\"summary_large_image\" \/>\n<meta name=\"twitter:label1\" content=\"Escrito por\" \/>\n\t<meta name=\"twitter:data1\" content=\"Telinha\" \/>\n\t<meta name=\"twitter:label2\" content=\"Tempo estimado de leitura\" \/>\n\t<meta name=\"twitter:data2\" content=\"2 minutos\" \/>\n<script type=\"application\/ld+json\" class=\"yoast-schema-graph\">{\"@context\":\"https:\/\/schema.org\",\"@graph\":[{\"@type\":\"Article\",\"@id\":\"https:\/\/portaltela.pt\/noticias\/2026\/01\/15\/gabinete-de-apoio-a-vitima-da-beira-serra-apoia-82-vitimas\/#article\",\"isPartOf\":{\"@id\":\"https:\/\/portaltela.pt\/noticias\/2026\/01\/15\/gabinete-de-apoio-a-vitima-da-beira-serra-apoia-82-vitimas\/\"},\"author\":{\"name\":\"Telinha\",\"@id\":\"https:\/\/portaltela.pt\/#\/schema\/person\/c4278d4a6028830caff9ee44b42d32ed\"},\"headline\":\"Gabinete de Apoio \u00e0 V\u00edtima da Beira Serra apoia 82 v\u00edtimas\",\"datePublished\":\"2026-01-15T14:22:45+00:00\",\"mainEntityOfPage\":{\"@id\":\"https:\/\/portaltela.pt\/noticias\/2026\/01\/15\/gabinete-de-apoio-a-vitima-da-beira-serra-apoia-82-vitimas\/\"},\"wordCount\":462,\"image\":{\"@id\":\"https:\/\/portaltela.pt\/noticias\/2026\/01\/15\/gabinete-de-apoio-a-vitima-da-beira-serra-apoia-82-vitimas\/#primaryimage\"},\"thumbnailUrl\":\"https:\/\/portaltela.pt\/s.01k8rhncp4jt1\/2026\/01\/unnamed-file-3235.jpg\",\"keywords\":[\"Apoio Social\",\"Arganil\",\"Beira Interior\",\"G\u00f3is\",\"seguran\u00e7a social\",\"viol\u00eancia dom\u00e9stica\"],\"articleSection\":[\"Not\u00edcias\"],\"inLanguage\":\"pt-PT\"},{\"@type\":\"WebPage\",\"@id\":\"https:\/\/portaltela.pt\/noticias\/2026\/01\/15\/gabinete-de-apoio-a-vitima-da-beira-serra-apoia-82-vitimas\/\",\"url\":\"https:\/\/portaltela.pt\/noticias\/2026\/01\/15\/gabinete-de-apoio-a-vitima-da-beira-serra-apoia-82-vitimas\/\",\"name\":\"Gabinete de Apoio \u00e0 V\u00edtima da Beira Serra apoia 82 v\u00edtimas - Portal Tela Portugal\",\"isPartOf\":{\"@id\":\"https:\/\/portaltela.pt\/#website\"},\"primaryImageOfPage\":{\"@id\":\"https:\/\/portaltela.pt\/noticias\/2026\/01\/15\/gabinete-de-apoio-a-vitima-da-beira-serra-apoia-82-vitimas\/#primaryimage\"},\"image\":{\"@id\":\"https:\/\/portaltela.pt\/noticias\/2026\/01\/15\/gabinete-de-apoio-a-vitima-da-beira-serra-apoia-82-vitimas\/#primaryimage\"},\"thumbnailUrl\":\"https:\/\/portaltela.pt\/s.01k8rhncp4jt1\/2026\/01\/unnamed-file-3235.jpg\",\"datePublished\":\"2026-01-15T14:22:45+00:00\",\"author\":{\"@id\":\"https:\/\/portaltela.pt\/#\/schema\/person\/c4278d4a6028830caff9ee44b42d32ed\"},\"breadcrumb\":{\"@id\":\"https:\/\/portaltela.pt\/noticias\/2026\/01\/15\/gabinete-de-apoio-a-vitima-da-beira-serra-apoia-82-vitimas\/#breadcrumb\"},\"inLanguage\":\"pt-PT\",\"potentialAction\":[{\"@type\":\"ReadAction\",\"target\":[\"https:\/\/portaltela.pt\/noticias\/2026\/01\/15\/gabinete-de-apoio-a-vitima-da-beira-serra-apoia-82-vitimas\/\"]}]},{\"@type\":\"ImageObject\",\"inLanguage\":\"pt-PT\",\"@id\":\"https:\/\/portaltela.pt\/noticias\/2026\/01\/15\/gabinete-de-apoio-a-vitima-da-beira-serra-apoia-82-vitimas\/#primaryimage\",\"url\":\"https:\/\/portaltela.pt\/s.01k8rhncp4jt1\/2026\/01\/unnamed-file-3235.jpg\",\"contentUrl\":\"https:\/\/portaltela.pt\/s.01k8rhncp4jt1\/2026\/01\/unnamed-file-3235.jpg\",\"width\":796,\"height\":448,\"caption\":\"Gabinete Intermunicipal de Apoio \u00e0 V\u00edtima da Beira Serra apoia 82 v\u00edtimas de viol\u00eancia\"},{\"@type\":\"BreadcrumbList\",\"@id\":\"https:\/\/portaltela.pt\/noticias\/2026\/01\/15\/gabinete-de-apoio-a-vitima-da-beira-serra-apoia-82-vitimas\/#breadcrumb\",\"itemListElement\":[{\"@type\":\"ListItem\",\"position\":1,\"name\":\"In\u00edcio\",\"item\":\"https:\/\/portaltela.pt\/\"},{\"@type\":\"ListItem\",\"position\":2,\"name\":\"Gabinete de Apoio \u00e0 V\u00edtima da Beira Serra apoia 82 v\u00edtimas\"}]},{\"@type\":\"WebSite\",\"@id\":\"https:\/\/portaltela.pt\/#website\",\"url\":\"https:\/\/portaltela.pt\/\",\"name\":\"Portal Tela Portugal\",\"description\":\"\",\"potentialAction\":[{\"@type\":\"SearchAction\",\"target\":{\"@type\":\"EntryPoint\",\"urlTemplate\":\"https:\/\/portaltela.pt\/?s={search_term_string}\"},\"query-input\":{\"@type\":\"PropertyValueSpecification\",\"valueRequired\":true,\"valueName\":\"search_term_string\"}}],\"inLanguage\":\"pt-PT\"},{\"@type\":\"Person\",\"@id\":\"https:\/\/portaltela.pt\/#\/schema\/person\/c4278d4a6028830caff9ee44b42d32ed\",\"name\":\"Telinha\",\"image\":{\"@type\":\"ImageObject\",\"inLanguage\":\"pt-PT\",\"@id\":\"https:\/\/portaltela.pt\/s.01k8rhncp4jt1\/2025\/11\/talking-bot-125x125.png\",\"url\":\"https:\/\/portaltela.pt\/s.01k8rhncp4jt1\/2025\/11\/talking-bot-125x125.png\",\"contentUrl\":\"https:\/\/portaltela.pt\/s.01k8rhncp4jt1\/2025\/11\/talking-bot-125x125.png\",\"caption\":\"Telinha\"},\"sameAs\":[\"https:\/\/portaltela.pt\/\"],\"url\":\"https:\/\/portaltela.pt\/por\/367410592786\/\"}]}<\/script>\n<!-- \/ Yoast SEO plugin. -->","yoast_head_json":{"title":"Gabinete de Apoio \u00e0 V\u00edtima da Beira Serra apoia 82 v\u00edtimas - Portal Tela Portugal","robots":{"index":"index","follow":"follow","max-snippet":"max-snippet:-1","max-image-preview":"max-image-preview:large","max-video-preview":"max-video-preview:-1"},"og_locale":"pt_PT","og_type":"article","og_title":"Gabinete de Apoio \u00e0 V\u00edtima da Beira Serra apoia 82 v\u00edtimas - Portal Tela Portugal","og_description":"O Gabinete Intermunicipal de Apoio \u00e0 V\u00edtima (GIAV), coordenado pela Associa\u00e7\u00e3o de Desenvolvimento Integrado da Beira Serra (ADIBER), acompanha 82 v\u00edtimas nos quatro concelhos da Beira Serra: Arganil, G\u00f3is, Oliveira do Hospital e T\u00e1bua. Desde a cria\u00e7\u00e3o, o GIAV realizou 820 atendimentos e encaminhamentos, promoveu 140 a\u00e7\u00f5es de sensibiliza\u00e7\u00e3o e teve 2.600 participantes, sobretudo junto de jovens. O projeto envolve v\u00e1rias entidades, como a Guarda Nacional Republicana, o Minist\u00e9rio P\u00fablico, as CPCJ, a Seguran\u00e7a Social, Munic\u00edpios e escolas, e funciona 24 horas por dia, sete dias por semana. A Comiss\u00e3o para a Cidadania e a Igualdade de G\u00e9nero (CIG) autorizou a prorroga\u00e7\u00e3o do financiamento do GIAV por mais 18 meses. No semin\u00e1rio, autoridades locais destacaram a import\u00e2ncia da iniciativa na luta contra a viol\u00eancia e pela igualdade de g\u00e9nero; 18 v\u00edtimas sinalizadas s\u00e3o do concelho de Oliveira do Hospital.","og_url":"https:\/\/portaltela.pt\/noticias\/2026\/01\/15\/gabinete-de-apoio-a-vitima-da-beira-serra-apoia-82-vitimas\/","og_site_name":"Portal Tela Portugal","article_published_time":"2026-01-15T14:22:45+00:00","author":"Telinha","twitter_card":"summary_large_image","twitter_misc":{"Escrito por":"Telinha","Tempo estimado de leitura":"2 minutos"},"schema":{"@context":"https:\/\/schema.org","@graph":[{"@type":"Article","@id":"https:\/\/portaltela.pt\/noticias\/2026\/01\/15\/gabinete-de-apoio-a-vitima-da-beira-serra-apoia-82-vitimas\/#article","isPartOf":{"@id":"https:\/\/portaltela.pt\/noticias\/2026\/01\/15\/gabinete-de-apoio-a-vitima-da-beira-serra-apoia-82-vitimas\/"},"author":{"name":"Telinha","@id":"https:\/\/portaltela.pt\/#\/schema\/person\/c4278d4a6028830caff9ee44b42d32ed"},"headline":"Gabinete de Apoio \u00e0 V\u00edtima da Beira Serra apoia 82 v\u00edtimas","datePublished":"2026-01-15T14:22:45+00:00","mainEntityOfPage":{"@id":"https:\/\/portaltela.pt\/noticias\/2026\/01\/15\/gabinete-de-apoio-a-vitima-da-beira-serra-apoia-82-vitimas\/"},"wordCount":462,"image":{"@id":"https:\/\/portaltela.pt\/noticias\/2026\/01\/15\/gabinete-de-apoio-a-vitima-da-beira-serra-apoia-82-vitimas\/#primaryimage"},"thumbnailUrl":"https:\/\/portaltela.pt\/s.01k8rhncp4jt1\/2026\/01\/unnamed-file-3235.jpg","keywords":["Apoio Social","Arganil","Beira Interior","G\u00f3is","seguran\u00e7a social","viol\u00eancia dom\u00e9stica"],"articleSection":["Not\u00edcias"],"inLanguage":"pt-PT"},{"@type":"WebPage","@id":"https:\/\/portaltela.pt\/noticias\/2026\/01\/15\/gabinete-de-apoio-a-vitima-da-beira-serra-apoia-82-vitimas\/","url":"https:\/\/portaltela.pt\/noticias\/2026\/01\/15\/gabinete-de-apoio-a-vitima-da-beira-serra-apoia-82-vitimas\/","name":"Gabinete de Apoio \u00e0 V\u00edtima da Beira Serra apoia 82 v\u00edtimas - Portal Tela Portugal","isPartOf":{"@id":"https:\/\/portaltela.pt\/#website"},"primaryImageOfPage":{"@id":"https:\/\/portaltela.pt\/noticias\/2026\/01\/15\/gabinete-de-apoio-a-vitima-da-beira-serra-apoia-82-vitimas\/#primaryimage"},"image":{"@id":"https:\/\/portaltela.pt\/noticias\/2026\/01\/15\/gabinete-de-apoio-a-vitima-da-beira-serra-apoia-82-vitimas\/#primaryimage"},"thumbnailUrl":"https:\/\/portaltela.pt\/s.01k8rhncp4jt1\/2026\/01\/unnamed-file-3235.jpg","datePublished":"2026-01-15T14:22:45+00:00","author":{"@id":"https:\/\/portaltela.pt\/#\/schema\/person\/c4278d4a6028830caff9ee44b42d32ed"},"breadcrumb":{"@id":"https:\/\/portaltela.pt\/noticias\/2026\/01\/15\/gabinete-de-apoio-a-vitima-da-beira-serra-apoia-82-vitimas\/#breadcrumb"},"inLanguage":"pt-PT","potentialAction":[{"@type":"ReadAction","target":["https:\/\/portaltela.pt\/noticias\/2026\/01\/15\/gabinete-de-apoio-a-vitima-da-beira-serra-apoia-82-vitimas\/"]}]},{"@type":"ImageObject","inLanguage":"pt-PT","@id":"https:\/\/portaltela.pt\/noticias\/2026\/01\/15\/gabinete-de-apoio-a-vitima-da-beira-serra-apoia-82-vitimas\/#primaryimage","url":"https:\/\/portaltela.pt\/s.01k8rhncp4jt1\/2026\/01\/unnamed-file-3235.jpg","contentUrl":"https:\/\/portaltela.pt\/s.01k8rhncp4jt1\/2026\/01\/unnamed-file-3235.jpg","width":796,"height":448,"caption":"Gabinete Intermunicipal de Apoio \u00e0 V\u00edtima da Beira Serra apoia 82 v\u00edtimas de viol\u00eancia"},{"@type":"BreadcrumbList","@id":"https:\/\/portaltela.pt\/noticias\/2026\/01\/15\/gabinete-de-apoio-a-vitima-da-beira-serra-apoia-82-vitimas\/#breadcrumb","itemListElement":[{"@type":"ListItem","position":1,"name":"In\u00edcio","item":"https:\/\/portaltela.pt\/"},{"@type":"ListItem","position":2,"name":"Gabinete de Apoio \u00e0 V\u00edtima da Beira Serra apoia 82 v\u00edtimas"}]},{"@type":"WebSite","@id":"https:\/\/portaltela.pt\/#website","url":"https:\/\/portaltela.pt\/","name":"Portal Tela Portugal","description":"","potentialAction":[{"@type":"SearchAction","target":{"@type":"EntryPoint","urlTemplate":"https:\/\/portaltela.pt\/?s={search_term_string}"},"query-input":{"@type":"PropertyValueSpecification","valueRequired":true,"valueName":"search_term_string"}}],"inLanguage":"pt-PT"},{"@type":"Person","@id":"https:\/\/portaltela.pt\/#\/schema\/person\/c4278d4a6028830caff9ee44b42d32ed","name":"Telinha","image":{"@type":"ImageObject","inLanguage":"pt-PT","@id":"https:\/\/portaltela.pt\/s.01k8rhncp4jt1\/2025\/11\/talking-bot-125x125.png","url":"https:\/\/portaltela.pt\/s.01k8rhncp4jt1\/2025\/11\/talking-bot-125x125.png","contentUrl":"https:\/\/portaltela.pt\/s.01k8rhncp4jt1\/2025\/11\/talking-bot-125x125.png","caption":"Telinha"},"sameAs":["https:\/\/portaltela.pt\/"],"url":"https:\/\/portaltela.pt\/por\/367410592786\/"}]}},"_links":{"self":[{"href":"https:\/\/portaltela.pt\/api\/wp\/v2\/posts\/144709","targetHints":{"allow":["GET"]}}],"collection":[{"href":"https:\/\/portaltela.pt\/api\/wp\/v2\/posts"}],"about":[{"href":"https:\/\/portaltela.pt\/api\/wp\/v2\/types\/post"}],"author":[{"embeddable":true,"href":"https:\/\/portaltela.pt\/api\/wp\/v2\/users\/2"}],"replies":[{"embeddable":true,"href":"https:\/\/portaltela.pt\/api\/wp\/v2\/comments?post=144709"}],"version-history":[{"count":0,"href":"https:\/\/portaltela.pt\/api\/wp\/v2\/posts\/144709\/revisions"}],"wp:featuredmedia":[{"embeddable":true,"href":"https:\/\/portaltela.pt\/api\/wp\/v2\/media\/144719"}],"wp:attachment":[{"href":"https:\/\/portaltela.pt\/api\/wp\/v2\/media?parent=144709"}],"wp:term":[{"taxonomy":"category","embeddable":true,"href":"https:\/\/portaltela.pt\/api\/wp\/v2\/categories?post=144709"},{"taxonomy":"post_tag","embeddable":true,"href":"https:\/\/portaltela.pt\/api\/wp\/v2\/tags?post=144709"}],"curies":[{"name":"wp","href":"https:\/\/api.w.org\/{rel}","templated":true}]}}