{"id":144662,"date":"2026-01-15T11:22:24","date_gmt":"2026-01-15T14:22:24","guid":{"rendered":"https:\/\/portaltela.pt\/noticias\/2026\/01\/15\/alvaro-pacheco-ve-oportunidade-no-sporting-e-aposta-numa-identidade-forte\/"},"modified":"2026-01-15T11:22:24","modified_gmt":"2026-01-15T14:22:24","slug":"alvaro-pacheco-ve-oportunidade-no-sporting-e-aposta-numa-identidade-forte","status":"publish","type":"post","link":"https:\/\/portaltela.pt\/desporto\/futebol\/2026\/01\/15\/alvaro-pacheco-ve-oportunidade-no-sporting-e-aposta-numa-identidade-forte\/","title":{"rendered":"\u00c1lvaro Pacheco v\u00ea oportunidade no Sporting e aposta numa identidade forte"},"content":{"rendered":"<p>\u00c1lvaro Pacheco assume o comando t\u00e9cnico do Casa Pia e faz antevis\u00e3o da visita ao Sporting, jogo da 18.\u00aa jornada da Liga Betclic que marca o arranque da 2.\u00aa volta. A partida realiza-se em Alvalade, com o Casa Pia a procurar pontos num contexto de desafio frente ao bicampe\u00e3o nacional.<\/p>\n<p>O t\u00e9cnico chegou ao Casa Pia h\u00e1 menos de uma semana e j\u00e1 descreveu a equipa como entusiasmada para absorver novas ideias. Garantiu que o grupo est\u00e1 unido, com vontade de vencer e de adotar uma identidade forte. O objetivo \u00e9 evoluir rapidamente no campeonato.<\/p>\n<p>Pacheco mostrou-se consciente das dificuldades do advers\u00e1rio, destacando a qualidade do Sporting e o seu ataque. Contudo, enfatizou que o foco do Casa Pia est\u00e1 no pr\u00f3prio processo, na identidade da equipa e no caminho a seguir para obter resultados.<\/p>\n<p>Sobre a abordagem t\u00e1tica, o treinador recusou fixar-se num \u00fanico sistema, referindo a import\u00e2ncia dos princ\u00edpios e da identidade. Explicou que algumas mudan\u00e7as ser\u00e3o graduais, mantendo, na pr\u00e1tica, a continuidade do trabalho anterior para sustentar a evolu\u00e7\u00e3o.<\/p>\n<p>Cassiano, antigo colega de Pacheco, foi referido como parte essencial do processo, com possibilidade de facilitar a passagem de ideias ao grupo. O treinador afirmou apreciar a rela\u00e7\u00e3o profissional e o conhecimento m\u00fatuo existente com o defesa-m\u00e9dio.<\/p>\n<p>No que diz respeito a refor\u00e7os, Pacheco confirmou ter solicitado dois jogadores lesiona dos para regressarem em breve. Adoptou ainda a postura de que o foco est\u00e1 no conhecimento do plantel e no potencial existente, mantendo a abertura a oportunidades de mercado.<\/p>\n","protected":false},"excerpt":{"rendered":"<ul>\n<li>\u00c1lvaro Pacheco estreia-se amanh\u00e3 no comando do Casa Pia com a visita ao Sporting, a abrir a 18.\u00aa jornada da Liga Betclic e a 2.\u00aa volta.<\/li>\n<li>O treinador afirma estar feliz por regressar ao futebol portugu\u00eas e por representar o Casa Pia, clube ambicioso e unido.<\/li>\n<li>O foco \u00e9 criar uma identidade forte e uma mentalidade campe\u00e3, testando-a frente ao bicampe\u00e3o nacional em Alvalade.<\/li>\n<li>O t\u00e9cnico j\u00e1 pediu dois refor\u00e7os, Kaique e Duplexe, que est\u00e3o lesionados e devem regressar em breve; o foco atual \u00e9 o conhecimento do plantel.<\/li>\n<li>Refor\u00e7a que a prioridade \u00e9 o coletivo, mantendo a continuidade de princ\u00edpios e identidade, com adapta\u00e7\u00f5es graduais ao sistema.<\/li>\n<\/ul>\n","protected":false},"author":2,"featured_media":144674,"comment_status":"closed","ping_status":"closed","sticky":false,"template":"","format":"standard","meta":{"footnotes":""},"categories":[21,24],"tags":[32,1735,1786,2245,1652,2477],"class_list":["post-144662","post","type-post","status-publish","format-standard","has-post-thumbnail","hentry","category-desporto","category-futebol","tag-futebol","tag-lesionados","tag-liga","tag-liga-betclic","tag-sporting","tag-treinadores"],"yoast_head":"<!-- This site is optimized with the Yoast SEO plugin v27.2 - https:\/\/yoast.com\/product\/yoast-seo-wordpress\/ -->\n<title>\u00c1lvaro Pacheco v\u00ea oportunidade no Sporting e aposta numa identidade forte - Portal Tela Portugal<\/title>\n<meta name=\"robots\" content=\"index, follow, max-snippet:-1, max-image-preview:large, max-video-preview:-1\" \/>\n<meta property=\"og:locale\" content=\"pt_PT\" \/>\n<meta property=\"og:type\" content=\"article\" \/>\n<meta property=\"og:title\" content=\"\u00c1lvaro Pacheco v\u00ea oportunidade no Sporting e aposta numa identidade forte - Portal Tela Portugal\" \/>\n<meta property=\"og:description\" content=\"\u00c1lvaro Pacheco estreia-se amanh\u00e3 no comando do Casa Pia com a visita ao Sporting, a abrir a 18.\u00aa jornada da Liga Betclic e a 2.\u00aa volta. O treinador afirma estar feliz por regressar ao futebol portugu\u00eas e por representar o Casa Pia, clube ambicioso e unido. O foco \u00e9 criar uma identidade forte e uma mentalidade campe\u00e3, testando-a frente ao bicampe\u00e3o nacional em Alvalade. O t\u00e9cnico j\u00e1 pediu dois refor\u00e7os, Kaique e Duplexe, que est\u00e3o lesionados e devem regressar em breve; o foco atual \u00e9 o conhecimento do plantel. Refor\u00e7a que a prioridade \u00e9 o coletivo, mantendo a continuidade de princ\u00edpios e identidade, com adapta\u00e7\u00f5es graduais ao sistema.\" \/>\n<meta property=\"og:url\" content=\"https:\/\/portaltela.pt\/noticias\/2026\/01\/15\/alvaro-pacheco-ve-oportunidade-no-sporting-e-aposta-numa-identidade-forte\/\" \/>\n<meta property=\"og:site_name\" content=\"Portal Tela Portugal\" \/>\n<meta property=\"article:published_time\" content=\"2026-01-15T14:22:24+00:00\" \/>\n<meta name=\"author\" content=\"Telinha\" \/>\n<meta name=\"twitter:card\" content=\"summary_large_image\" \/>\n<meta name=\"twitter:label1\" content=\"Escrito por\" \/>\n\t<meta name=\"twitter:data1\" content=\"Telinha\" \/>\n\t<meta name=\"twitter:label2\" content=\"Tempo estimado de leitura\" \/>\n\t<meta name=\"twitter:data2\" content=\"1 minuto\" \/>\n<script type=\"application\/ld+json\" class=\"yoast-schema-graph\">{\"@context\":\"https:\/\/schema.org\",\"@graph\":[{\"@type\":\"Article\",\"@id\":\"https:\/\/portaltela.pt\/noticias\/2026\/01\/15\/alvaro-pacheco-ve-oportunidade-no-sporting-e-aposta-numa-identidade-forte\/#article\",\"isPartOf\":{\"@id\":\"https:\/\/portaltela.pt\/noticias\/2026\/01\/15\/alvaro-pacheco-ve-oportunidade-no-sporting-e-aposta-numa-identidade-forte\/\"},\"author\":{\"name\":\"Telinha\",\"@id\":\"https:\/\/portaltela.pt\/#\/schema\/person\/c4278d4a6028830caff9ee44b42d32ed\"},\"headline\":\"\u00c1lvaro Pacheco v\u00ea oportunidade no Sporting e aposta numa identidade forte\",\"datePublished\":\"2026-01-15T14:22:24+00:00\",\"mainEntityOfPage\":{\"@id\":\"https:\/\/portaltela.pt\/noticias\/2026\/01\/15\/alvaro-pacheco-ve-oportunidade-no-sporting-e-aposta-numa-identidade-forte\/\"},\"wordCount\":276,\"image\":{\"@id\":\"https:\/\/portaltela.pt\/noticias\/2026\/01\/15\/alvaro-pacheco-ve-oportunidade-no-sporting-e-aposta-numa-identidade-forte\/#primaryimage\"},\"thumbnailUrl\":\"https:\/\/portaltela.pt\/s.01k8rhncp4jt1\/2026\/01\/img_920x518uu2026-01-15-14-17-48-2414932.jpg\",\"keywords\":[\"futebol\",\"Lesionados\",\"Liga\",\"Liga Betclic\",\"Sporting\",\"treinadores\"],\"articleSection\":[\"Desporto\",\"Futebol\"],\"inLanguage\":\"pt-PT\"},{\"@type\":\"WebPage\",\"@id\":\"https:\/\/portaltela.pt\/noticias\/2026\/01\/15\/alvaro-pacheco-ve-oportunidade-no-sporting-e-aposta-numa-identidade-forte\/\",\"url\":\"https:\/\/portaltela.pt\/noticias\/2026\/01\/15\/alvaro-pacheco-ve-oportunidade-no-sporting-e-aposta-numa-identidade-forte\/\",\"name\":\"\u00c1lvaro Pacheco v\u00ea oportunidade no Sporting e aposta numa identidade forte - Portal Tela Portugal\",\"isPartOf\":{\"@id\":\"https:\/\/portaltela.pt\/#website\"},\"primaryImageOfPage\":{\"@id\":\"https:\/\/portaltela.pt\/noticias\/2026\/01\/15\/alvaro-pacheco-ve-oportunidade-no-sporting-e-aposta-numa-identidade-forte\/#primaryimage\"},\"image\":{\"@id\":\"https:\/\/portaltela.pt\/noticias\/2026\/01\/15\/alvaro-pacheco-ve-oportunidade-no-sporting-e-aposta-numa-identidade-forte\/#primaryimage\"},\"thumbnailUrl\":\"https:\/\/portaltela.pt\/s.01k8rhncp4jt1\/2026\/01\/img_920x518uu2026-01-15-14-17-48-2414932.jpg\",\"datePublished\":\"2026-01-15T14:22:24+00:00\",\"author\":{\"@id\":\"https:\/\/portaltela.pt\/#\/schema\/person\/c4278d4a6028830caff9ee44b42d32ed\"},\"breadcrumb\":{\"@id\":\"https:\/\/portaltela.pt\/noticias\/2026\/01\/15\/alvaro-pacheco-ve-oportunidade-no-sporting-e-aposta-numa-identidade-forte\/#breadcrumb\"},\"inLanguage\":\"pt-PT\",\"potentialAction\":[{\"@type\":\"ReadAction\",\"target\":[\"https:\/\/portaltela.pt\/noticias\/2026\/01\/15\/alvaro-pacheco-ve-oportunidade-no-sporting-e-aposta-numa-identidade-forte\/\"]}]},{\"@type\":\"ImageObject\",\"inLanguage\":\"pt-PT\",\"@id\":\"https:\/\/portaltela.pt\/noticias\/2026\/01\/15\/alvaro-pacheco-ve-oportunidade-no-sporting-e-aposta-numa-identidade-forte\/#primaryimage\",\"url\":\"https:\/\/portaltela.pt\/s.01k8rhncp4jt1\/2026\/01\/img_920x518uu2026-01-15-14-17-48-2414932.jpg\",\"contentUrl\":\"https:\/\/portaltela.pt\/s.01k8rhncp4jt1\/2026\/01\/img_920x518uu2026-01-15-14-17-48-2414932.jpg\",\"width\":796,\"height\":448,\"caption\":\"\u00c1lvaro Pacheco fez a antevis\u00e3o da visita do Casa Pia ao Sporting\"},{\"@type\":\"BreadcrumbList\",\"@id\":\"https:\/\/portaltela.pt\/noticias\/2026\/01\/15\/alvaro-pacheco-ve-oportunidade-no-sporting-e-aposta-numa-identidade-forte\/#breadcrumb\",\"itemListElement\":[{\"@type\":\"ListItem\",\"position\":1,\"name\":\"In\u00edcio\",\"item\":\"https:\/\/portaltela.pt\/\"},{\"@type\":\"ListItem\",\"position\":2,\"name\":\"\u00c1lvaro Pacheco v\u00ea oportunidade no Sporting e aposta numa identidade forte\"}]},{\"@type\":\"WebSite\",\"@id\":\"https:\/\/portaltela.pt\/#website\",\"url\":\"https:\/\/portaltela.pt\/\",\"name\":\"Portal Tela Portugal\",\"description\":\"\",\"potentialAction\":[{\"@type\":\"SearchAction\",\"target\":{\"@type\":\"EntryPoint\",\"urlTemplate\":\"https:\/\/portaltela.pt\/?s={search_term_string}\"},\"query-input\":{\"@type\":\"PropertyValueSpecification\",\"valueRequired\":true,\"valueName\":\"search_term_string\"}}],\"inLanguage\":\"pt-PT\"},{\"@type\":\"Person\",\"@id\":\"https:\/\/portaltela.pt\/#\/schema\/person\/c4278d4a6028830caff9ee44b42d32ed\",\"name\":\"Telinha\",\"image\":{\"@type\":\"ImageObject\",\"inLanguage\":\"pt-PT\",\"@id\":\"https:\/\/portaltela.pt\/s.01k8rhncp4jt1\/2025\/11\/talking-bot-125x125.png\",\"url\":\"https:\/\/portaltela.pt\/s.01k8rhncp4jt1\/2025\/11\/talking-bot-125x125.png\",\"contentUrl\":\"https:\/\/portaltela.pt\/s.01k8rhncp4jt1\/2025\/11\/talking-bot-125x125.png\",\"caption\":\"Telinha\"},\"sameAs\":[\"https:\/\/portaltela.pt\/\"],\"url\":\"https:\/\/portaltela.pt\/por\/367410592786\/\"}]}<\/script>\n<!-- \/ Yoast SEO plugin. -->","yoast_head_json":{"title":"\u00c1lvaro Pacheco v\u00ea oportunidade no Sporting e aposta numa identidade forte - Portal Tela Portugal","robots":{"index":"index","follow":"follow","max-snippet":"max-snippet:-1","max-image-preview":"max-image-preview:large","max-video-preview":"max-video-preview:-1"},"og_locale":"pt_PT","og_type":"article","og_title":"\u00c1lvaro Pacheco v\u00ea oportunidade no Sporting e aposta numa identidade forte - Portal Tela Portugal","og_description":"\u00c1lvaro Pacheco estreia-se amanh\u00e3 no comando do Casa Pia com a visita ao Sporting, a abrir a 18.\u00aa jornada da Liga Betclic e a 2.\u00aa volta. O treinador afirma estar feliz por regressar ao futebol portugu\u00eas e por representar o Casa Pia, clube ambicioso e unido. O foco \u00e9 criar uma identidade forte e uma mentalidade campe\u00e3, testando-a frente ao bicampe\u00e3o nacional em Alvalade. O t\u00e9cnico j\u00e1 pediu dois refor\u00e7os, Kaique e Duplexe, que est\u00e3o lesionados e devem regressar em breve; o foco atual \u00e9 o conhecimento do plantel. Refor\u00e7a que a prioridade \u00e9 o coletivo, mantendo a continuidade de princ\u00edpios e identidade, com adapta\u00e7\u00f5es graduais ao sistema.","og_url":"https:\/\/portaltela.pt\/noticias\/2026\/01\/15\/alvaro-pacheco-ve-oportunidade-no-sporting-e-aposta-numa-identidade-forte\/","og_site_name":"Portal Tela Portugal","article_published_time":"2026-01-15T14:22:24+00:00","author":"Telinha","twitter_card":"summary_large_image","twitter_misc":{"Escrito por":"Telinha","Tempo estimado de leitura":"1 minuto"},"schema":{"@context":"https:\/\/schema.org","@graph":[{"@type":"Article","@id":"https:\/\/portaltela.pt\/noticias\/2026\/01\/15\/alvaro-pacheco-ve-oportunidade-no-sporting-e-aposta-numa-identidade-forte\/#article","isPartOf":{"@id":"https:\/\/portaltela.pt\/noticias\/2026\/01\/15\/alvaro-pacheco-ve-oportunidade-no-sporting-e-aposta-numa-identidade-forte\/"},"author":{"name":"Telinha","@id":"https:\/\/portaltela.pt\/#\/schema\/person\/c4278d4a6028830caff9ee44b42d32ed"},"headline":"\u00c1lvaro Pacheco v\u00ea oportunidade no Sporting e aposta numa identidade forte","datePublished":"2026-01-15T14:22:24+00:00","mainEntityOfPage":{"@id":"https:\/\/portaltela.pt\/noticias\/2026\/01\/15\/alvaro-pacheco-ve-oportunidade-no-sporting-e-aposta-numa-identidade-forte\/"},"wordCount":276,"image":{"@id":"https:\/\/portaltela.pt\/noticias\/2026\/01\/15\/alvaro-pacheco-ve-oportunidade-no-sporting-e-aposta-numa-identidade-forte\/#primaryimage"},"thumbnailUrl":"https:\/\/portaltela.pt\/s.01k8rhncp4jt1\/2026\/01\/img_920x518uu2026-01-15-14-17-48-2414932.jpg","keywords":["futebol","Lesionados","Liga","Liga Betclic","Sporting","treinadores"],"articleSection":["Desporto","Futebol"],"inLanguage":"pt-PT"},{"@type":"WebPage","@id":"https:\/\/portaltela.pt\/noticias\/2026\/01\/15\/alvaro-pacheco-ve-oportunidade-no-sporting-e-aposta-numa-identidade-forte\/","url":"https:\/\/portaltela.pt\/noticias\/2026\/01\/15\/alvaro-pacheco-ve-oportunidade-no-sporting-e-aposta-numa-identidade-forte\/","name":"\u00c1lvaro Pacheco v\u00ea oportunidade no Sporting e aposta numa identidade forte - Portal Tela Portugal","isPartOf":{"@id":"https:\/\/portaltela.pt\/#website"},"primaryImageOfPage":{"@id":"https:\/\/portaltela.pt\/noticias\/2026\/01\/15\/alvaro-pacheco-ve-oportunidade-no-sporting-e-aposta-numa-identidade-forte\/#primaryimage"},"image":{"@id":"https:\/\/portaltela.pt\/noticias\/2026\/01\/15\/alvaro-pacheco-ve-oportunidade-no-sporting-e-aposta-numa-identidade-forte\/#primaryimage"},"thumbnailUrl":"https:\/\/portaltela.pt\/s.01k8rhncp4jt1\/2026\/01\/img_920x518uu2026-01-15-14-17-48-2414932.jpg","datePublished":"2026-01-15T14:22:24+00:00","author":{"@id":"https:\/\/portaltela.pt\/#\/schema\/person\/c4278d4a6028830caff9ee44b42d32ed"},"breadcrumb":{"@id":"https:\/\/portaltela.pt\/noticias\/2026\/01\/15\/alvaro-pacheco-ve-oportunidade-no-sporting-e-aposta-numa-identidade-forte\/#breadcrumb"},"inLanguage":"pt-PT","potentialAction":[{"@type":"ReadAction","target":["https:\/\/portaltela.pt\/noticias\/2026\/01\/15\/alvaro-pacheco-ve-oportunidade-no-sporting-e-aposta-numa-identidade-forte\/"]}]},{"@type":"ImageObject","inLanguage":"pt-PT","@id":"https:\/\/portaltela.pt\/noticias\/2026\/01\/15\/alvaro-pacheco-ve-oportunidade-no-sporting-e-aposta-numa-identidade-forte\/#primaryimage","url":"https:\/\/portaltela.pt\/s.01k8rhncp4jt1\/2026\/01\/img_920x518uu2026-01-15-14-17-48-2414932.jpg","contentUrl":"https:\/\/portaltela.pt\/s.01k8rhncp4jt1\/2026\/01\/img_920x518uu2026-01-15-14-17-48-2414932.jpg","width":796,"height":448,"caption":"\u00c1lvaro Pacheco fez a antevis\u00e3o da visita do Casa Pia ao Sporting"},{"@type":"BreadcrumbList","@id":"https:\/\/portaltela.pt\/noticias\/2026\/01\/15\/alvaro-pacheco-ve-oportunidade-no-sporting-e-aposta-numa-identidade-forte\/#breadcrumb","itemListElement":[{"@type":"ListItem","position":1,"name":"In\u00edcio","item":"https:\/\/portaltela.pt\/"},{"@type":"ListItem","position":2,"name":"\u00c1lvaro Pacheco v\u00ea oportunidade no Sporting e aposta numa identidade forte"}]},{"@type":"WebSite","@id":"https:\/\/portaltela.pt\/#website","url":"https:\/\/portaltela.pt\/","name":"Portal Tela Portugal","description":"","potentialAction":[{"@type":"SearchAction","target":{"@type":"EntryPoint","urlTemplate":"https:\/\/portaltela.pt\/?s={search_term_string}"},"query-input":{"@type":"PropertyValueSpecification","valueRequired":true,"valueName":"search_term_string"}}],"inLanguage":"pt-PT"},{"@type":"Person","@id":"https:\/\/portaltela.pt\/#\/schema\/person\/c4278d4a6028830caff9ee44b42d32ed","name":"Telinha","image":{"@type":"ImageObject","inLanguage":"pt-PT","@id":"https:\/\/portaltela.pt\/s.01k8rhncp4jt1\/2025\/11\/talking-bot-125x125.png","url":"https:\/\/portaltela.pt\/s.01k8rhncp4jt1\/2025\/11\/talking-bot-125x125.png","contentUrl":"https:\/\/portaltela.pt\/s.01k8rhncp4jt1\/2025\/11\/talking-bot-125x125.png","caption":"Telinha"},"sameAs":["https:\/\/portaltela.pt\/"],"url":"https:\/\/portaltela.pt\/por\/367410592786\/"}]}},"_links":{"self":[{"href":"https:\/\/portaltela.pt\/api\/wp\/v2\/posts\/144662","targetHints":{"allow":["GET"]}}],"collection":[{"href":"https:\/\/portaltela.pt\/api\/wp\/v2\/posts"}],"about":[{"href":"https:\/\/portaltela.pt\/api\/wp\/v2\/types\/post"}],"author":[{"embeddable":true,"href":"https:\/\/portaltela.pt\/api\/wp\/v2\/users\/2"}],"replies":[{"embeddable":true,"href":"https:\/\/portaltela.pt\/api\/wp\/v2\/comments?post=144662"}],"version-history":[{"count":0,"href":"https:\/\/portaltela.pt\/api\/wp\/v2\/posts\/144662\/revisions"}],"wp:featuredmedia":[{"embeddable":true,"href":"https:\/\/portaltela.pt\/api\/wp\/v2\/media\/144674"}],"wp:attachment":[{"href":"https:\/\/portaltela.pt\/api\/wp\/v2\/media?parent=144662"}],"wp:term":[{"taxonomy":"category","embeddable":true,"href":"https:\/\/portaltela.pt\/api\/wp\/v2\/categories?post=144662"},{"taxonomy":"post_tag","embeddable":true,"href":"https:\/\/portaltela.pt\/api\/wp\/v2\/tags?post=144662"}],"curies":[{"name":"wp","href":"https:\/\/api.w.org\/{rel}","templated":true}]}}