{"id":144579,"date":"2026-01-15T10:51:00","date_gmt":"2026-01-15T13:51:00","guid":{"rendered":"https:\/\/portaltela.pt\/noticias\/2026\/01\/15\/tres-agentes-da-policia-feridos-durante-perseguicao-no-porto\/"},"modified":"2026-01-15T10:51:00","modified_gmt":"2026-01-15T13:51:00","slug":"tres-agentes-da-policia-feridos-durante-perseguicao-no-porto","status":"publish","type":"post","link":"https:\/\/portaltela.pt\/noticias\/2026\/01\/15\/tres-agentes-da-policia-feridos-durante-perseguicao-no-porto\/","title":{"rendered":"Tr\u00eas agentes da pol\u00edcia feridos durante persegui\u00e7\u00e3o no Porto"},"content":{"rendered":"<p>Tr\u00eas agentes da PSP ficaram feridos ligeiramente numa persegui\u00e7\u00e3o ocorrida no Porto, ap\u00f3s a viatura policial ter sido abalroada. O incidente aconteceu na noite de quarta-feira, e foi divulgado pela PSP nesta sexta-feira.<\/p>\n<p>O condutor de 39 anos, sem carta de condu\u00e7\u00e3o v\u00e1lida, ter\u00e1 iniciado a fuga ao ser intercetado pela pol\u00edcia, depois de supostamente conduzir um carro roubado. A PSP afirma que o acidente envolveu tamb\u00e9m o ve\u00edculo policial em que seguiam os agentes.<\/p>\n<p>A deten\u00e7\u00e3o do ve\u00edculo come\u00e7ou em Campanh\u00e3, quando o suspeito abordou uma mulher de 43 anos que entrava no seu autom\u00f3vel, o que ter\u00e1 resultado num empurr\u00e3o para fora da v\u00edtima e na fuga subsequente. A v\u00edtima ficou ilesa, segundo as informa\u00e7\u00f5es oficiais.<\/p>\n<p>A viatura foi localizada perto do bairro da Pasteleira. O condutor iniciou a fuga, aumentando a velocidade e circulando por vezes em sentido contr\u00e1rio, para evitar a atua\u00e7\u00e3o policial, segundo a PSP.<\/p>\n<p>No decorrer da persegui\u00e7\u00e3o, o ve\u00edculo em fuga embateu na viatura da PSP, onde seguiam os tr\u00eas agentes feridos. O condutor, aponta a PSP, n\u00e3o possu\u00eda habilita\u00e7\u00e3o para conduzir, e estava acompanhado por um homem de 50 anos; ambos sofreram ferimentos ligeiros.<\/p>\n","protected":false},"excerpt":{"rendered":"<ul>\n<li>Tr\u00eas agentes da PSP ficaram feridos de forma ligeira durante uma persegui\u00e7\u00e3o no Porto, ap\u00f3s a viatura ser abalroada pelo ve\u00edculo em fuga, que era roubado e conduzido por um homem de 39 anos sem carta.<\/li>\n<li>O condutor abordou uma mulher de 43 anos em Campanh\u00e3 \u00e0s 22h10, obrigando-a a sair da viatura sob amea\u00e7a, e fugiu com o ve\u00edculo.<\/li>\n<li>A viatura foi localizada perto do bairro da Pasteleira; o homem continuou a fuga, passando por v\u00e1rias art\u00e9rias, incluindo a Avenida da Boavista, A20, IC29 e Rua Alvarinho Santos, em Gondomar, por vezes em sentido contr\u00e1rio.<\/li>\n<li>A persegui\u00e7\u00e3o terminou quando o ve\u00edculo em fuga embateu na viatura policial onde seguiam os agentes feridos.<\/li>\n<li>O condutor, de 39 anos, n\u00e3o tinha habilita\u00e7\u00e3o para conduzir e seguia acompanhado de um homem de 50 anos; ambos ficaram feridos de forma ligeira.<\/li>\n<\/ul>\n","protected":false},"author":2,"featured_media":144581,"comment_status":"closed","ping_status":"closed","sticky":false,"template":"","format":"standard","meta":{"footnotes":""},"categories":[1],"tags":[2088,1806,1802,982,203,250],"class_list":["post-144579","post","type-post","status-publish","format-standard","has-post-thumbnail","hentry","category-noticias","tag-acidente-de-viacao","tag-falta-de-habilitacao","tag-policia-judiciaria","tag-porto","tag-roubo","tag-seguranca-publica"],"yoast_head":"<!-- This site is optimized with the Yoast SEO plugin v27.2 - https:\/\/yoast.com\/product\/yoast-seo-wordpress\/ -->\n<title>Tr\u00eas agentes da pol\u00edcia feridos durante persegui\u00e7\u00e3o no Porto - Portal Tela Portugal<\/title>\n<meta name=\"robots\" content=\"index, follow, max-snippet:-1, max-image-preview:large, max-video-preview:-1\" \/>\n<meta property=\"og:locale\" content=\"pt_PT\" \/>\n<meta property=\"og:type\" content=\"article\" \/>\n<meta property=\"og:title\" content=\"Tr\u00eas agentes da pol\u00edcia feridos durante persegui\u00e7\u00e3o no Porto - Portal Tela Portugal\" \/>\n<meta property=\"og:description\" content=\"Tr\u00eas agentes da PSP ficaram feridos de forma ligeira durante uma persegui\u00e7\u00e3o no Porto, ap\u00f3s a viatura ser abalroada pelo ve\u00edculo em fuga, que era roubado e conduzido por um homem de 39 anos sem carta. O condutor abordou uma mulher de 43 anos em Campanh\u00e3 \u00e0s 22h10, obrigando-a a sair da viatura sob amea\u00e7a, e fugiu com o ve\u00edculo. A viatura foi localizada perto do bairro da Pasteleira; o homem continuou a fuga, passando por v\u00e1rias art\u00e9rias, incluindo a Avenida da Boavista, A20, IC29 e Rua Alvarinho Santos, em Gondomar, por vezes em sentido contr\u00e1rio. A persegui\u00e7\u00e3o terminou quando o ve\u00edculo em fuga embateu na viatura policial onde seguiam os agentes feridos. O condutor, de 39 anos, n\u00e3o tinha habilita\u00e7\u00e3o para conduzir e seguia acompanhado de um homem de 50 anos; ambos ficaram feridos de forma ligeira.\" \/>\n<meta property=\"og:url\" content=\"https:\/\/portaltela.pt\/noticias\/2026\/01\/15\/tres-agentes-da-policia-feridos-durante-perseguicao-no-porto\/\" \/>\n<meta property=\"og:site_name\" content=\"Portal Tela Portugal\" \/>\n<meta property=\"article:published_time\" content=\"2026-01-15T13:51:00+00:00\" \/>\n<meta name=\"author\" content=\"Telinha\" \/>\n<meta name=\"twitter:card\" content=\"summary_large_image\" \/>\n<meta name=\"twitter:label1\" content=\"Escrito por\" \/>\n\t<meta name=\"twitter:data1\" content=\"Telinha\" \/>\n\t<meta name=\"twitter:label2\" content=\"Tempo estimado de leitura\" \/>\n\t<meta name=\"twitter:data2\" content=\"1 minuto\" \/>\n<script type=\"application\/ld+json\" class=\"yoast-schema-graph\">{\"@context\":\"https:\/\/schema.org\",\"@graph\":[{\"@type\":\"Article\",\"@id\":\"https:\/\/portaltela.pt\/noticias\/2026\/01\/15\/tres-agentes-da-policia-feridos-durante-perseguicao-no-porto\/#article\",\"isPartOf\":{\"@id\":\"https:\/\/portaltela.pt\/noticias\/2026\/01\/15\/tres-agentes-da-policia-feridos-durante-perseguicao-no-porto\/\"},\"author\":{\"name\":\"Telinha\",\"@id\":\"https:\/\/portaltela.pt\/#\/schema\/person\/c4278d4a6028830caff9ee44b42d32ed\"},\"headline\":\"Tr\u00eas agentes da pol\u00edcia feridos durante persegui\u00e7\u00e3o no Porto\",\"datePublished\":\"2026-01-15T13:51:00+00:00\",\"mainEntityOfPage\":{\"@id\":\"https:\/\/portaltela.pt\/noticias\/2026\/01\/15\/tres-agentes-da-policia-feridos-durante-perseguicao-no-porto\/\"},\"wordCount\":225,\"image\":{\"@id\":\"https:\/\/portaltela.pt\/noticias\/2026\/01\/15\/tres-agentes-da-policia-feridos-durante-perseguicao-no-porto\/#primaryimage\"},\"thumbnailUrl\":\"https:\/\/portaltela.pt\/s.01k8rhncp4jt1\/2026\/01\/skoda-policia-porto-1.jpg\",\"keywords\":[\"acidente de via\u00e7\u00e3o\",\"falta de habilita\u00e7\u00e3o\",\"Pol\u00edcia Judici\u00e1ria\",\"Porto\",\"roubo\",\"seguran\u00e7a p\u00fablica\"],\"articleSection\":[\"Not\u00edcias\"],\"inLanguage\":\"pt-PT\"},{\"@type\":\"WebPage\",\"@id\":\"https:\/\/portaltela.pt\/noticias\/2026\/01\/15\/tres-agentes-da-policia-feridos-durante-perseguicao-no-porto\/\",\"url\":\"https:\/\/portaltela.pt\/noticias\/2026\/01\/15\/tres-agentes-da-policia-feridos-durante-perseguicao-no-porto\/\",\"name\":\"Tr\u00eas agentes da pol\u00edcia feridos durante persegui\u00e7\u00e3o no Porto - Portal Tela Portugal\",\"isPartOf\":{\"@id\":\"https:\/\/portaltela.pt\/#website\"},\"primaryImageOfPage\":{\"@id\":\"https:\/\/portaltela.pt\/noticias\/2026\/01\/15\/tres-agentes-da-policia-feridos-durante-perseguicao-no-porto\/#primaryimage\"},\"image\":{\"@id\":\"https:\/\/portaltela.pt\/noticias\/2026\/01\/15\/tres-agentes-da-policia-feridos-durante-perseguicao-no-porto\/#primaryimage\"},\"thumbnailUrl\":\"https:\/\/portaltela.pt\/s.01k8rhncp4jt1\/2026\/01\/skoda-policia-porto-1.jpg\",\"datePublished\":\"2026-01-15T13:51:00+00:00\",\"author\":{\"@id\":\"https:\/\/portaltela.pt\/#\/schema\/person\/c4278d4a6028830caff9ee44b42d32ed\"},\"breadcrumb\":{\"@id\":\"https:\/\/portaltela.pt\/noticias\/2026\/01\/15\/tres-agentes-da-policia-feridos-durante-perseguicao-no-porto\/#breadcrumb\"},\"inLanguage\":\"pt-PT\",\"potentialAction\":[{\"@type\":\"ReadAction\",\"target\":[\"https:\/\/portaltela.pt\/noticias\/2026\/01\/15\/tres-agentes-da-policia-feridos-durante-perseguicao-no-porto\/\"]}]},{\"@type\":\"ImageObject\",\"inLanguage\":\"pt-PT\",\"@id\":\"https:\/\/portaltela.pt\/noticias\/2026\/01\/15\/tres-agentes-da-policia-feridos-durante-perseguicao-no-porto\/#primaryimage\",\"url\":\"https:\/\/portaltela.pt\/s.01k8rhncp4jt1\/2026\/01\/skoda-policia-porto-1.jpg\",\"contentUrl\":\"https:\/\/portaltela.pt\/s.01k8rhncp4jt1\/2026\/01\/skoda-policia-porto-1.jpg\",\"width\":796,\"height\":448,\"caption\":\"Photo\"},{\"@type\":\"BreadcrumbList\",\"@id\":\"https:\/\/portaltela.pt\/noticias\/2026\/01\/15\/tres-agentes-da-policia-feridos-durante-perseguicao-no-porto\/#breadcrumb\",\"itemListElement\":[{\"@type\":\"ListItem\",\"position\":1,\"name\":\"In\u00edcio\",\"item\":\"https:\/\/portaltela.pt\/\"},{\"@type\":\"ListItem\",\"position\":2,\"name\":\"Tr\u00eas agentes da pol\u00edcia feridos durante persegui\u00e7\u00e3o no Porto\"}]},{\"@type\":\"WebSite\",\"@id\":\"https:\/\/portaltela.pt\/#website\",\"url\":\"https:\/\/portaltela.pt\/\",\"name\":\"Portal Tela Portugal\",\"description\":\"\",\"potentialAction\":[{\"@type\":\"SearchAction\",\"target\":{\"@type\":\"EntryPoint\",\"urlTemplate\":\"https:\/\/portaltela.pt\/?s={search_term_string}\"},\"query-input\":{\"@type\":\"PropertyValueSpecification\",\"valueRequired\":true,\"valueName\":\"search_term_string\"}}],\"inLanguage\":\"pt-PT\"},{\"@type\":\"Person\",\"@id\":\"https:\/\/portaltela.pt\/#\/schema\/person\/c4278d4a6028830caff9ee44b42d32ed\",\"name\":\"Telinha\",\"image\":{\"@type\":\"ImageObject\",\"inLanguage\":\"pt-PT\",\"@id\":\"https:\/\/portaltela.pt\/s.01k8rhncp4jt1\/2025\/11\/talking-bot-125x125.png\",\"url\":\"https:\/\/portaltela.pt\/s.01k8rhncp4jt1\/2025\/11\/talking-bot-125x125.png\",\"contentUrl\":\"https:\/\/portaltela.pt\/s.01k8rhncp4jt1\/2025\/11\/talking-bot-125x125.png\",\"caption\":\"Telinha\"},\"sameAs\":[\"https:\/\/portaltela.pt\/\"],\"url\":\"https:\/\/portaltela.pt\/por\/367410592786\/\"}]}<\/script>\n<!-- \/ Yoast SEO plugin. -->","yoast_head_json":{"title":"Tr\u00eas agentes da pol\u00edcia feridos durante persegui\u00e7\u00e3o no Porto - Portal Tela Portugal","robots":{"index":"index","follow":"follow","max-snippet":"max-snippet:-1","max-image-preview":"max-image-preview:large","max-video-preview":"max-video-preview:-1"},"og_locale":"pt_PT","og_type":"article","og_title":"Tr\u00eas agentes da pol\u00edcia feridos durante persegui\u00e7\u00e3o no Porto - Portal Tela Portugal","og_description":"Tr\u00eas agentes da PSP ficaram feridos de forma ligeira durante uma persegui\u00e7\u00e3o no Porto, ap\u00f3s a viatura ser abalroada pelo ve\u00edculo em fuga, que era roubado e conduzido por um homem de 39 anos sem carta. O condutor abordou uma mulher de 43 anos em Campanh\u00e3 \u00e0s 22h10, obrigando-a a sair da viatura sob amea\u00e7a, e fugiu com o ve\u00edculo. A viatura foi localizada perto do bairro da Pasteleira; o homem continuou a fuga, passando por v\u00e1rias art\u00e9rias, incluindo a Avenida da Boavista, A20, IC29 e Rua Alvarinho Santos, em Gondomar, por vezes em sentido contr\u00e1rio. A persegui\u00e7\u00e3o terminou quando o ve\u00edculo em fuga embateu na viatura policial onde seguiam os agentes feridos. O condutor, de 39 anos, n\u00e3o tinha habilita\u00e7\u00e3o para conduzir e seguia acompanhado de um homem de 50 anos; ambos ficaram feridos de forma ligeira.","og_url":"https:\/\/portaltela.pt\/noticias\/2026\/01\/15\/tres-agentes-da-policia-feridos-durante-perseguicao-no-porto\/","og_site_name":"Portal Tela Portugal","article_published_time":"2026-01-15T13:51:00+00:00","author":"Telinha","twitter_card":"summary_large_image","twitter_misc":{"Escrito por":"Telinha","Tempo estimado de leitura":"1 minuto"},"schema":{"@context":"https:\/\/schema.org","@graph":[{"@type":"Article","@id":"https:\/\/portaltela.pt\/noticias\/2026\/01\/15\/tres-agentes-da-policia-feridos-durante-perseguicao-no-porto\/#article","isPartOf":{"@id":"https:\/\/portaltela.pt\/noticias\/2026\/01\/15\/tres-agentes-da-policia-feridos-durante-perseguicao-no-porto\/"},"author":{"name":"Telinha","@id":"https:\/\/portaltela.pt\/#\/schema\/person\/c4278d4a6028830caff9ee44b42d32ed"},"headline":"Tr\u00eas agentes da pol\u00edcia feridos durante persegui\u00e7\u00e3o no Porto","datePublished":"2026-01-15T13:51:00+00:00","mainEntityOfPage":{"@id":"https:\/\/portaltela.pt\/noticias\/2026\/01\/15\/tres-agentes-da-policia-feridos-durante-perseguicao-no-porto\/"},"wordCount":225,"image":{"@id":"https:\/\/portaltela.pt\/noticias\/2026\/01\/15\/tres-agentes-da-policia-feridos-durante-perseguicao-no-porto\/#primaryimage"},"thumbnailUrl":"https:\/\/portaltela.pt\/s.01k8rhncp4jt1\/2026\/01\/skoda-policia-porto-1.jpg","keywords":["acidente de via\u00e7\u00e3o","falta de habilita\u00e7\u00e3o","Pol\u00edcia Judici\u00e1ria","Porto","roubo","seguran\u00e7a p\u00fablica"],"articleSection":["Not\u00edcias"],"inLanguage":"pt-PT"},{"@type":"WebPage","@id":"https:\/\/portaltela.pt\/noticias\/2026\/01\/15\/tres-agentes-da-policia-feridos-durante-perseguicao-no-porto\/","url":"https:\/\/portaltela.pt\/noticias\/2026\/01\/15\/tres-agentes-da-policia-feridos-durante-perseguicao-no-porto\/","name":"Tr\u00eas agentes da pol\u00edcia feridos durante persegui\u00e7\u00e3o no Porto - Portal Tela Portugal","isPartOf":{"@id":"https:\/\/portaltela.pt\/#website"},"primaryImageOfPage":{"@id":"https:\/\/portaltela.pt\/noticias\/2026\/01\/15\/tres-agentes-da-policia-feridos-durante-perseguicao-no-porto\/#primaryimage"},"image":{"@id":"https:\/\/portaltela.pt\/noticias\/2026\/01\/15\/tres-agentes-da-policia-feridos-durante-perseguicao-no-porto\/#primaryimage"},"thumbnailUrl":"https:\/\/portaltela.pt\/s.01k8rhncp4jt1\/2026\/01\/skoda-policia-porto-1.jpg","datePublished":"2026-01-15T13:51:00+00:00","author":{"@id":"https:\/\/portaltela.pt\/#\/schema\/person\/c4278d4a6028830caff9ee44b42d32ed"},"breadcrumb":{"@id":"https:\/\/portaltela.pt\/noticias\/2026\/01\/15\/tres-agentes-da-policia-feridos-durante-perseguicao-no-porto\/#breadcrumb"},"inLanguage":"pt-PT","potentialAction":[{"@type":"ReadAction","target":["https:\/\/portaltela.pt\/noticias\/2026\/01\/15\/tres-agentes-da-policia-feridos-durante-perseguicao-no-porto\/"]}]},{"@type":"ImageObject","inLanguage":"pt-PT","@id":"https:\/\/portaltela.pt\/noticias\/2026\/01\/15\/tres-agentes-da-policia-feridos-durante-perseguicao-no-porto\/#primaryimage","url":"https:\/\/portaltela.pt\/s.01k8rhncp4jt1\/2026\/01\/skoda-policia-porto-1.jpg","contentUrl":"https:\/\/portaltela.pt\/s.01k8rhncp4jt1\/2026\/01\/skoda-policia-porto-1.jpg","width":796,"height":448,"caption":"Photo"},{"@type":"BreadcrumbList","@id":"https:\/\/portaltela.pt\/noticias\/2026\/01\/15\/tres-agentes-da-policia-feridos-durante-perseguicao-no-porto\/#breadcrumb","itemListElement":[{"@type":"ListItem","position":1,"name":"In\u00edcio","item":"https:\/\/portaltela.pt\/"},{"@type":"ListItem","position":2,"name":"Tr\u00eas agentes da pol\u00edcia feridos durante persegui\u00e7\u00e3o no Porto"}]},{"@type":"WebSite","@id":"https:\/\/portaltela.pt\/#website","url":"https:\/\/portaltela.pt\/","name":"Portal Tela Portugal","description":"","potentialAction":[{"@type":"SearchAction","target":{"@type":"EntryPoint","urlTemplate":"https:\/\/portaltela.pt\/?s={search_term_string}"},"query-input":{"@type":"PropertyValueSpecification","valueRequired":true,"valueName":"search_term_string"}}],"inLanguage":"pt-PT"},{"@type":"Person","@id":"https:\/\/portaltela.pt\/#\/schema\/person\/c4278d4a6028830caff9ee44b42d32ed","name":"Telinha","image":{"@type":"ImageObject","inLanguage":"pt-PT","@id":"https:\/\/portaltela.pt\/s.01k8rhncp4jt1\/2025\/11\/talking-bot-125x125.png","url":"https:\/\/portaltela.pt\/s.01k8rhncp4jt1\/2025\/11\/talking-bot-125x125.png","contentUrl":"https:\/\/portaltela.pt\/s.01k8rhncp4jt1\/2025\/11\/talking-bot-125x125.png","caption":"Telinha"},"sameAs":["https:\/\/portaltela.pt\/"],"url":"https:\/\/portaltela.pt\/por\/367410592786\/"}]}},"_links":{"self":[{"href":"https:\/\/portaltela.pt\/api\/wp\/v2\/posts\/144579","targetHints":{"allow":["GET"]}}],"collection":[{"href":"https:\/\/portaltela.pt\/api\/wp\/v2\/posts"}],"about":[{"href":"https:\/\/portaltela.pt\/api\/wp\/v2\/types\/post"}],"author":[{"embeddable":true,"href":"https:\/\/portaltela.pt\/api\/wp\/v2\/users\/2"}],"replies":[{"embeddable":true,"href":"https:\/\/portaltela.pt\/api\/wp\/v2\/comments?post=144579"}],"version-history":[{"count":0,"href":"https:\/\/portaltela.pt\/api\/wp\/v2\/posts\/144579\/revisions"}],"wp:featuredmedia":[{"embeddable":true,"href":"https:\/\/portaltela.pt\/api\/wp\/v2\/media\/144581"}],"wp:attachment":[{"href":"https:\/\/portaltela.pt\/api\/wp\/v2\/media?parent=144579"}],"wp:term":[{"taxonomy":"category","embeddable":true,"href":"https:\/\/portaltela.pt\/api\/wp\/v2\/categories?post=144579"},{"taxonomy":"post_tag","embeddable":true,"href":"https:\/\/portaltela.pt\/api\/wp\/v2\/tags?post=144579"}],"curies":[{"name":"wp","href":"https:\/\/api.w.org\/{rel}","templated":true}]}}