{"id":144445,"date":"2026-01-15T10:01:28","date_gmt":"2026-01-15T13:01:28","guid":{"rendered":"https:\/\/portaltela.pt\/noticias\/2026\/01\/15\/idosos-enganados-por-cuidadora-assinam-doacao-de-predio-sem-conhecimento\/"},"modified":"2026-01-15T10:01:28","modified_gmt":"2026-01-15T13:01:28","slug":"idosos-enganados-por-cuidadora-assinam-doacao-de-predio-sem-conhecimento","status":"publish","type":"post","link":"https:\/\/portaltela.pt\/noticias\/2026\/01\/15\/idosos-enganados-por-cuidadora-assinam-doacao-de-predio-sem-conhecimento\/","title":{"rendered":"Idosos enganados por cuidadora assinam doa\u00e7\u00e3o de pr\u00e9dio sem conhecimento"},"content":{"rendered":"<p>Os idosos enganados por uma cuidadora assinaram um documento que os habilitava a doar o pr\u00e9dio onde residem, sem terem conhecimento pleno do conte\u00fado. A cuidadora \u00e9 a principal arguida no tribunal de Coimbra, acusada de burla qualificada e branqueamento.<\/p>\n<p>O Minist\u00e9rio P\u00fablico sustenta que a assinatura ocorreu num contexto de manobra criminosa, levando \u00e0 transfer\u00eancia de bens sem consentimento informado dos propriet\u00e1rios. O pr\u00e9dio em causa ainda n\u00e3o teve a sua titularidade confirmada em tribunal.<\/p>\n<p>O processo tramita no Tribunal de Coimbra, com a acusa\u00e7\u00e3o formal apresentada contra a cuidadora. N\u00e3o foram divulgados detalhes adicionais sobre a data de julgamento nem sobre eventuais consequ\u00eancias civis ou penais j\u00e1 definidas. As informa\u00e7\u00f5es dispon\u00edveis s\u00e3o, neste momento, limitadas ao enquadramento das acusa\u00e7\u00f5es.<\/p>\n","protected":false},"excerpt":{"rendered":"<ul>\n<li>Idosos enganados por cuidadora assinaram um documento para doar o pr\u00e9dio sem saberem o que estavam a assinar.<\/li>\n<li>A acusada \u00e9 processada no tribunal de Coimbra por burla qualificada e branqueamento.<\/li>\n<li>O caso envolve a alegada pr\u00e1tica de burlas que levou \u00e0 doa\u00e7\u00e3o do im\u00f3vel sem o conhecimento dos idosos.<\/li>\n<\/ul>\n","protected":false},"author":2,"featured_media":144446,"comment_status":"closed","ping_status":"closed","sticky":false,"template":"","format":"standard","meta":{"footnotes":""},"categories":[1],"tags":[746,1570,689,147,2736,215],"class_list":["post-144445","post","type-post","status-publish","format-standard","has-post-thumbnail","hentry","category-noticias","tag-abuso-de-confianca","tag-branqueamento","tag-burla-qualificada","tag-crime","tag-idosos","tag-investigacao"],"yoast_head":"<!-- This site is optimized with the Yoast SEO plugin v27.2 - https:\/\/yoast.com\/product\/yoast-seo-wordpress\/ -->\n<title>Idosos enganados por cuidadora assinam doa\u00e7\u00e3o de pr\u00e9dio sem conhecimento - Portal Tela Portugal<\/title>\n<meta name=\"robots\" content=\"index, follow, max-snippet:-1, max-image-preview:large, max-video-preview:-1\" \/>\n<meta property=\"og:locale\" content=\"pt_PT\" \/>\n<meta property=\"og:type\" content=\"article\" \/>\n<meta property=\"og:title\" content=\"Idosos enganados por cuidadora assinam doa\u00e7\u00e3o de pr\u00e9dio sem conhecimento - Portal Tela Portugal\" \/>\n<meta property=\"og:description\" content=\"Idosos enganados por cuidadora assinaram um documento para doar o pr\u00e9dio sem saberem o que estavam a assinar. A acusada \u00e9 processada no tribunal de Coimbra por burla qualificada e branqueamento. O caso envolve a alegada pr\u00e1tica de burlas que levou \u00e0 doa\u00e7\u00e3o do im\u00f3vel sem o conhecimento dos idosos.\" \/>\n<meta property=\"og:url\" content=\"https:\/\/portaltela.pt\/noticias\/2026\/01\/15\/idosos-enganados-por-cuidadora-assinam-doacao-de-predio-sem-conhecimento\/\" \/>\n<meta property=\"og:site_name\" content=\"Portal Tela Portugal\" \/>\n<meta property=\"article:published_time\" content=\"2026-01-15T13:01:28+00:00\" \/>\n<meta name=\"author\" content=\"Telinha\" \/>\n<meta name=\"twitter:card\" content=\"summary_large_image\" \/>\n<meta name=\"twitter:label1\" content=\"Escrito por\" \/>\n\t<meta name=\"twitter:data1\" content=\"Telinha\" \/>\n\t<meta name=\"twitter:label2\" content=\"Tempo estimado de leitura\" \/>\n\t<meta name=\"twitter:data2\" content=\"1 minuto\" \/>\n<script type=\"application\/ld+json\" class=\"yoast-schema-graph\">{\"@context\":\"https:\/\/schema.org\",\"@graph\":[{\"@type\":\"Article\",\"@id\":\"https:\/\/portaltela.pt\/noticias\/2026\/01\/15\/idosos-enganados-por-cuidadora-assinam-doacao-de-predio-sem-conhecimento\/#article\",\"isPartOf\":{\"@id\":\"https:\/\/portaltela.pt\/noticias\/2026\/01\/15\/idosos-enganados-por-cuidadora-assinam-doacao-de-predio-sem-conhecimento\/\"},\"author\":{\"name\":\"Telinha\",\"@id\":\"https:\/\/portaltela.pt\/#\/schema\/person\/c4278d4a6028830caff9ee44b42d32ed\"},\"headline\":\"Idosos enganados por cuidadora assinam doa\u00e7\u00e3o de pr\u00e9dio sem conhecimento\",\"datePublished\":\"2026-01-15T13:01:28+00:00\",\"mainEntityOfPage\":{\"@id\":\"https:\/\/portaltela.pt\/noticias\/2026\/01\/15\/idosos-enganados-por-cuidadora-assinam-doacao-de-predio-sem-conhecimento\/\"},\"wordCount\":146,\"image\":{\"@id\":\"https:\/\/portaltela.pt\/noticias\/2026\/01\/15\/idosos-enganados-por-cuidadora-assinam-doacao-de-predio-sem-conhecimento\/#primaryimage\"},\"thumbnailUrl\":\"https:\/\/portaltela.pt\/s.01k8rhncp4jt1\/2026\/01\/img_1280x722uu2024-09-20-23-04-53-1752424.jpg\",\"keywords\":[\"abuso de confian\u00e7a\",\"branqueamento\",\"burla qualificada\",\"crime\",\"idosos\",\"investiga\u00e7\u00e3o\"],\"articleSection\":[\"Not\u00edcias\"],\"inLanguage\":\"pt-PT\"},{\"@type\":\"WebPage\",\"@id\":\"https:\/\/portaltela.pt\/noticias\/2026\/01\/15\/idosos-enganados-por-cuidadora-assinam-doacao-de-predio-sem-conhecimento\/\",\"url\":\"https:\/\/portaltela.pt\/noticias\/2026\/01\/15\/idosos-enganados-por-cuidadora-assinam-doacao-de-predio-sem-conhecimento\/\",\"name\":\"Idosos enganados por cuidadora assinam doa\u00e7\u00e3o de pr\u00e9dio sem conhecimento - Portal Tela Portugal\",\"isPartOf\":{\"@id\":\"https:\/\/portaltela.pt\/#website\"},\"primaryImageOfPage\":{\"@id\":\"https:\/\/portaltela.pt\/noticias\/2026\/01\/15\/idosos-enganados-por-cuidadora-assinam-doacao-de-predio-sem-conhecimento\/#primaryimage\"},\"image\":{\"@id\":\"https:\/\/portaltela.pt\/noticias\/2026\/01\/15\/idosos-enganados-por-cuidadora-assinam-doacao-de-predio-sem-conhecimento\/#primaryimage\"},\"thumbnailUrl\":\"https:\/\/portaltela.pt\/s.01k8rhncp4jt1\/2026\/01\/img_1280x722uu2024-09-20-23-04-53-1752424.jpg\",\"datePublished\":\"2026-01-15T13:01:28+00:00\",\"author\":{\"@id\":\"https:\/\/portaltela.pt\/#\/schema\/person\/c4278d4a6028830caff9ee44b42d32ed\"},\"breadcrumb\":{\"@id\":\"https:\/\/portaltela.pt\/noticias\/2026\/01\/15\/idosos-enganados-por-cuidadora-assinam-doacao-de-predio-sem-conhecimento\/#breadcrumb\"},\"inLanguage\":\"pt-PT\",\"potentialAction\":[{\"@type\":\"ReadAction\",\"target\":[\"https:\/\/portaltela.pt\/noticias\/2026\/01\/15\/idosos-enganados-por-cuidadora-assinam-doacao-de-predio-sem-conhecimento\/\"]}]},{\"@type\":\"ImageObject\",\"inLanguage\":\"pt-PT\",\"@id\":\"https:\/\/portaltela.pt\/noticias\/2026\/01\/15\/idosos-enganados-por-cuidadora-assinam-doacao-de-predio-sem-conhecimento\/#primaryimage\",\"url\":\"https:\/\/portaltela.pt\/s.01k8rhncp4jt1\/2026\/01\/img_1280x722uu2024-09-20-23-04-53-1752424.jpg\",\"contentUrl\":\"https:\/\/portaltela.pt\/s.01k8rhncp4jt1\/2026\/01\/img_1280x722uu2024-09-20-23-04-53-1752424.jpg\",\"width\":796,\"height\":448,\"caption\":\"Photo\"},{\"@type\":\"BreadcrumbList\",\"@id\":\"https:\/\/portaltela.pt\/noticias\/2026\/01\/15\/idosos-enganados-por-cuidadora-assinam-doacao-de-predio-sem-conhecimento\/#breadcrumb\",\"itemListElement\":[{\"@type\":\"ListItem\",\"position\":1,\"name\":\"In\u00edcio\",\"item\":\"https:\/\/portaltela.pt\/\"},{\"@type\":\"ListItem\",\"position\":2,\"name\":\"Idosos enganados por cuidadora assinam doa\u00e7\u00e3o de pr\u00e9dio sem conhecimento\"}]},{\"@type\":\"WebSite\",\"@id\":\"https:\/\/portaltela.pt\/#website\",\"url\":\"https:\/\/portaltela.pt\/\",\"name\":\"Portal Tela Portugal\",\"description\":\"\",\"potentialAction\":[{\"@type\":\"SearchAction\",\"target\":{\"@type\":\"EntryPoint\",\"urlTemplate\":\"https:\/\/portaltela.pt\/?s={search_term_string}\"},\"query-input\":{\"@type\":\"PropertyValueSpecification\",\"valueRequired\":true,\"valueName\":\"search_term_string\"}}],\"inLanguage\":\"pt-PT\"},{\"@type\":\"Person\",\"@id\":\"https:\/\/portaltela.pt\/#\/schema\/person\/c4278d4a6028830caff9ee44b42d32ed\",\"name\":\"Telinha\",\"image\":{\"@type\":\"ImageObject\",\"inLanguage\":\"pt-PT\",\"@id\":\"https:\/\/portaltela.pt\/s.01k8rhncp4jt1\/2025\/11\/talking-bot-125x125.png\",\"url\":\"https:\/\/portaltela.pt\/s.01k8rhncp4jt1\/2025\/11\/talking-bot-125x125.png\",\"contentUrl\":\"https:\/\/portaltela.pt\/s.01k8rhncp4jt1\/2025\/11\/talking-bot-125x125.png\",\"caption\":\"Telinha\"},\"sameAs\":[\"https:\/\/portaltela.pt\/\"],\"url\":\"https:\/\/portaltela.pt\/por\/367410592786\/\"}]}<\/script>\n<!-- \/ Yoast SEO plugin. -->","yoast_head_json":{"title":"Idosos enganados por cuidadora assinam doa\u00e7\u00e3o de pr\u00e9dio sem conhecimento - Portal Tela Portugal","robots":{"index":"index","follow":"follow","max-snippet":"max-snippet:-1","max-image-preview":"max-image-preview:large","max-video-preview":"max-video-preview:-1"},"og_locale":"pt_PT","og_type":"article","og_title":"Idosos enganados por cuidadora assinam doa\u00e7\u00e3o de pr\u00e9dio sem conhecimento - Portal Tela Portugal","og_description":"Idosos enganados por cuidadora assinaram um documento para doar o pr\u00e9dio sem saberem o que estavam a assinar. A acusada \u00e9 processada no tribunal de Coimbra por burla qualificada e branqueamento. O caso envolve a alegada pr\u00e1tica de burlas que levou \u00e0 doa\u00e7\u00e3o do im\u00f3vel sem o conhecimento dos idosos.","og_url":"https:\/\/portaltela.pt\/noticias\/2026\/01\/15\/idosos-enganados-por-cuidadora-assinam-doacao-de-predio-sem-conhecimento\/","og_site_name":"Portal Tela Portugal","article_published_time":"2026-01-15T13:01:28+00:00","author":"Telinha","twitter_card":"summary_large_image","twitter_misc":{"Escrito por":"Telinha","Tempo estimado de leitura":"1 minuto"},"schema":{"@context":"https:\/\/schema.org","@graph":[{"@type":"Article","@id":"https:\/\/portaltela.pt\/noticias\/2026\/01\/15\/idosos-enganados-por-cuidadora-assinam-doacao-de-predio-sem-conhecimento\/#article","isPartOf":{"@id":"https:\/\/portaltela.pt\/noticias\/2026\/01\/15\/idosos-enganados-por-cuidadora-assinam-doacao-de-predio-sem-conhecimento\/"},"author":{"name":"Telinha","@id":"https:\/\/portaltela.pt\/#\/schema\/person\/c4278d4a6028830caff9ee44b42d32ed"},"headline":"Idosos enganados por cuidadora assinam doa\u00e7\u00e3o de pr\u00e9dio sem conhecimento","datePublished":"2026-01-15T13:01:28+00:00","mainEntityOfPage":{"@id":"https:\/\/portaltela.pt\/noticias\/2026\/01\/15\/idosos-enganados-por-cuidadora-assinam-doacao-de-predio-sem-conhecimento\/"},"wordCount":146,"image":{"@id":"https:\/\/portaltela.pt\/noticias\/2026\/01\/15\/idosos-enganados-por-cuidadora-assinam-doacao-de-predio-sem-conhecimento\/#primaryimage"},"thumbnailUrl":"https:\/\/portaltela.pt\/s.01k8rhncp4jt1\/2026\/01\/img_1280x722uu2024-09-20-23-04-53-1752424.jpg","keywords":["abuso de confian\u00e7a","branqueamento","burla qualificada","crime","idosos","investiga\u00e7\u00e3o"],"articleSection":["Not\u00edcias"],"inLanguage":"pt-PT"},{"@type":"WebPage","@id":"https:\/\/portaltela.pt\/noticias\/2026\/01\/15\/idosos-enganados-por-cuidadora-assinam-doacao-de-predio-sem-conhecimento\/","url":"https:\/\/portaltela.pt\/noticias\/2026\/01\/15\/idosos-enganados-por-cuidadora-assinam-doacao-de-predio-sem-conhecimento\/","name":"Idosos enganados por cuidadora assinam doa\u00e7\u00e3o de pr\u00e9dio sem conhecimento - Portal Tela Portugal","isPartOf":{"@id":"https:\/\/portaltela.pt\/#website"},"primaryImageOfPage":{"@id":"https:\/\/portaltela.pt\/noticias\/2026\/01\/15\/idosos-enganados-por-cuidadora-assinam-doacao-de-predio-sem-conhecimento\/#primaryimage"},"image":{"@id":"https:\/\/portaltela.pt\/noticias\/2026\/01\/15\/idosos-enganados-por-cuidadora-assinam-doacao-de-predio-sem-conhecimento\/#primaryimage"},"thumbnailUrl":"https:\/\/portaltela.pt\/s.01k8rhncp4jt1\/2026\/01\/img_1280x722uu2024-09-20-23-04-53-1752424.jpg","datePublished":"2026-01-15T13:01:28+00:00","author":{"@id":"https:\/\/portaltela.pt\/#\/schema\/person\/c4278d4a6028830caff9ee44b42d32ed"},"breadcrumb":{"@id":"https:\/\/portaltela.pt\/noticias\/2026\/01\/15\/idosos-enganados-por-cuidadora-assinam-doacao-de-predio-sem-conhecimento\/#breadcrumb"},"inLanguage":"pt-PT","potentialAction":[{"@type":"ReadAction","target":["https:\/\/portaltela.pt\/noticias\/2026\/01\/15\/idosos-enganados-por-cuidadora-assinam-doacao-de-predio-sem-conhecimento\/"]}]},{"@type":"ImageObject","inLanguage":"pt-PT","@id":"https:\/\/portaltela.pt\/noticias\/2026\/01\/15\/idosos-enganados-por-cuidadora-assinam-doacao-de-predio-sem-conhecimento\/#primaryimage","url":"https:\/\/portaltela.pt\/s.01k8rhncp4jt1\/2026\/01\/img_1280x722uu2024-09-20-23-04-53-1752424.jpg","contentUrl":"https:\/\/portaltela.pt\/s.01k8rhncp4jt1\/2026\/01\/img_1280x722uu2024-09-20-23-04-53-1752424.jpg","width":796,"height":448,"caption":"Photo"},{"@type":"BreadcrumbList","@id":"https:\/\/portaltela.pt\/noticias\/2026\/01\/15\/idosos-enganados-por-cuidadora-assinam-doacao-de-predio-sem-conhecimento\/#breadcrumb","itemListElement":[{"@type":"ListItem","position":1,"name":"In\u00edcio","item":"https:\/\/portaltela.pt\/"},{"@type":"ListItem","position":2,"name":"Idosos enganados por cuidadora assinam doa\u00e7\u00e3o de pr\u00e9dio sem conhecimento"}]},{"@type":"WebSite","@id":"https:\/\/portaltela.pt\/#website","url":"https:\/\/portaltela.pt\/","name":"Portal Tela Portugal","description":"","potentialAction":[{"@type":"SearchAction","target":{"@type":"EntryPoint","urlTemplate":"https:\/\/portaltela.pt\/?s={search_term_string}"},"query-input":{"@type":"PropertyValueSpecification","valueRequired":true,"valueName":"search_term_string"}}],"inLanguage":"pt-PT"},{"@type":"Person","@id":"https:\/\/portaltela.pt\/#\/schema\/person\/c4278d4a6028830caff9ee44b42d32ed","name":"Telinha","image":{"@type":"ImageObject","inLanguage":"pt-PT","@id":"https:\/\/portaltela.pt\/s.01k8rhncp4jt1\/2025\/11\/talking-bot-125x125.png","url":"https:\/\/portaltela.pt\/s.01k8rhncp4jt1\/2025\/11\/talking-bot-125x125.png","contentUrl":"https:\/\/portaltela.pt\/s.01k8rhncp4jt1\/2025\/11\/talking-bot-125x125.png","caption":"Telinha"},"sameAs":["https:\/\/portaltela.pt\/"],"url":"https:\/\/portaltela.pt\/por\/367410592786\/"}]}},"_links":{"self":[{"href":"https:\/\/portaltela.pt\/api\/wp\/v2\/posts\/144445","targetHints":{"allow":["GET"]}}],"collection":[{"href":"https:\/\/portaltela.pt\/api\/wp\/v2\/posts"}],"about":[{"href":"https:\/\/portaltela.pt\/api\/wp\/v2\/types\/post"}],"author":[{"embeddable":true,"href":"https:\/\/portaltela.pt\/api\/wp\/v2\/users\/2"}],"replies":[{"embeddable":true,"href":"https:\/\/portaltela.pt\/api\/wp\/v2\/comments?post=144445"}],"version-history":[{"count":0,"href":"https:\/\/portaltela.pt\/api\/wp\/v2\/posts\/144445\/revisions"}],"wp:featuredmedia":[{"embeddable":true,"href":"https:\/\/portaltela.pt\/api\/wp\/v2\/media\/144446"}],"wp:attachment":[{"href":"https:\/\/portaltela.pt\/api\/wp\/v2\/media?parent=144445"}],"wp:term":[{"taxonomy":"category","embeddable":true,"href":"https:\/\/portaltela.pt\/api\/wp\/v2\/categories?post=144445"},{"taxonomy":"post_tag","embeddable":true,"href":"https:\/\/portaltela.pt\/api\/wp\/v2\/tags?post=144445"}],"curies":[{"name":"wp","href":"https:\/\/api.w.org\/{rel}","templated":true}]}}