{"id":144405,"date":"2026-01-15T09:44:00","date_gmt":"2026-01-15T12:44:00","guid":{"rendered":"https:\/\/portaltela.pt\/noticias\/2026\/01\/15\/prisao-preventiva-decretada-para-suspeito-de-crimes-contra-propriedade\/"},"modified":"2026-01-15T09:44:00","modified_gmt":"2026-01-15T12:44:00","slug":"prisao-preventiva-decretada-para-suspeito-de-crimes-contra-propriedade","status":"publish","type":"post","link":"https:\/\/portaltela.pt\/noticias\/2026\/01\/15\/prisao-preventiva-decretada-para-suspeito-de-crimes-contra-propriedade\/","title":{"rendered":"Pris\u00e3o preventiva decretada para suspeito de crimes contra propriedade"},"content":{"rendered":"<p>Um homem de 37 anos ficou em pris\u00e3o preventiva depois de ser detido pela Pol\u00edcia de Seguran\u00e7a P\u00fablica (PSP) de Angra do Hero\u00edsmo, nos A\u00e7ores, nesta quinta-feira. O suspeito \u00e9 fortemente indiciado da pr\u00e1tica de crimes contra a propriedade no centro da cidade, anunciou o Comando Regional da PSP.<\/p>\n<p>Segundo a PSP, o cazul foi dirigido pela Esquadra de Angra do Hero\u00edsmo, na ilha Terceira. A investiga\u00e7\u00e3o aponta para a alegada pr\u00e1tica de sete crimes, cinco furtos e dois roubos, com o suspeito j\u00e1 referenciado pelas autoridades como consumidor de estupefacientes. Durante a opera\u00e7\u00e3o, foram recuperados e apreendidos v\u00e1rios artigos furtados em estabelecimentos comerciais.<\/p>\n<p>O homem foi apresentado \u00e0 autoridade judici\u00e1ria competente e ficou sujeito \u00e0 medida de coa\u00e7\u00e3o mais gravosa, a pris\u00e3o preventiva, por se tratar de reincidente neste tipo de crime, confirmou a PSP \u00e0 Lusa. A Esquadra de Angra do Hero\u00edsmo afirma manter a estrat\u00e9gia de preven\u00e7\u00e3o e combate \u00e0 criminalidade, visando aumentar o sentimento de seguran\u00e7a na popula\u00e7\u00e3o.<\/p>\n","protected":false},"excerpt":{"rendered":"<ul>\n<li>Um homem de 37 anos foi colocado em pris\u00e3o preventiva, acusado de crimes contra a propriedade, no concelho de Angra do Hero\u00edsmo, A\u00e7ores.<\/li>\n<li>A deten\u00e7\u00e3o ocorreu por parte da Esquadra de Angra do Hero\u00edsmo, no \u00e2mbito de a pol\u00edcia considerar o suspeito fortemente indiciado.<\/li>\n<li>A PSP adianta que o homem \u00e9 suspeito de sete crimes na zona central de Angra do Hero\u00edsmo: cinco furtos e dois roubos, com hist\u00f3rico de consumo de estupefacientes.<\/li>\n<li>Durante a opera\u00e7\u00e3o, foram recuperados e apreendidos v\u00e1rios artigos furtados em estabelecimentos comerciais, e o suspeito foi detido.<\/li>\n<li>O homem ficou em pris\u00e3o preventiva por ser reincidente neste tipo de crime; a PSP pretende manter a presen\u00e7a no combate \u00e0 criminalidade e aumentar a sensa\u00e7\u00e3o de seguran\u00e7a na popula\u00e7\u00e3o.<\/li>\n<\/ul>\n","protected":false},"author":2,"featured_media":144425,"comment_status":"closed","ping_status":"closed","sticky":false,"template":"","format":"standard","meta":{"footnotes":""},"categories":[1],"tags":[822,2919,147,424,554,203],"class_list":["post-144405","post","type-post","status-publish","format-standard","has-post-thumbnail","hentry","category-noticias","tag-acores","tag-angra-do-heroismo","tag-crime","tag-furto","tag-policia-publica","tag-roubo"],"yoast_head":"<!-- This site is optimized with the Yoast SEO plugin v27.2 - https:\/\/yoast.com\/product\/yoast-seo-wordpress\/ -->\n<title>Pris\u00e3o preventiva decretada para suspeito de crimes contra propriedade - Portal Tela Portugal<\/title>\n<meta name=\"robots\" content=\"index, follow, max-snippet:-1, max-image-preview:large, max-video-preview:-1\" \/>\n<meta property=\"og:locale\" content=\"pt_PT\" \/>\n<meta property=\"og:type\" content=\"article\" \/>\n<meta property=\"og:title\" content=\"Pris\u00e3o preventiva decretada para suspeito de crimes contra propriedade - Portal Tela Portugal\" \/>\n<meta property=\"og:description\" content=\"Um homem de 37 anos foi colocado em pris\u00e3o preventiva, acusado de crimes contra a propriedade, no concelho de Angra do Hero\u00edsmo, A\u00e7ores. A deten\u00e7\u00e3o ocorreu por parte da Esquadra de Angra do Hero\u00edsmo, no \u00e2mbito de a pol\u00edcia considerar o suspeito fortemente indiciado. A PSP adianta que o homem \u00e9 suspeito de sete crimes na zona central de Angra do Hero\u00edsmo: cinco furtos e dois roubos, com hist\u00f3rico de consumo de estupefacientes. Durante a opera\u00e7\u00e3o, foram recuperados e apreendidos v\u00e1rios artigos furtados em estabelecimentos comerciais, e o suspeito foi detido. O homem ficou em pris\u00e3o preventiva por ser reincidente neste tipo de crime; a PSP pretende manter a presen\u00e7a no combate \u00e0 criminalidade e aumentar a sensa\u00e7\u00e3o de seguran\u00e7a na popula\u00e7\u00e3o.\" \/>\n<meta property=\"og:url\" content=\"https:\/\/portaltela.pt\/noticias\/2026\/01\/15\/prisao-preventiva-decretada-para-suspeito-de-crimes-contra-propriedade\/\" \/>\n<meta property=\"og:site_name\" content=\"Portal Tela Portugal\" \/>\n<meta property=\"article:published_time\" content=\"2026-01-15T12:44:00+00:00\" \/>\n<meta name=\"author\" content=\"Telinha\" \/>\n<meta name=\"twitter:card\" content=\"summary_large_image\" \/>\n<meta name=\"twitter:label1\" content=\"Escrito por\" \/>\n\t<meta name=\"twitter:data1\" content=\"Telinha\" \/>\n\t<meta name=\"twitter:label2\" content=\"Tempo estimado de leitura\" \/>\n\t<meta name=\"twitter:data2\" content=\"1 minuto\" \/>\n<script type=\"application\/ld+json\" class=\"yoast-schema-graph\">{\"@context\":\"https:\/\/schema.org\",\"@graph\":[{\"@type\":\"Article\",\"@id\":\"https:\/\/portaltela.pt\/noticias\/2026\/01\/15\/prisao-preventiva-decretada-para-suspeito-de-crimes-contra-propriedade\/#article\",\"isPartOf\":{\"@id\":\"https:\/\/portaltela.pt\/noticias\/2026\/01\/15\/prisao-preventiva-decretada-para-suspeito-de-crimes-contra-propriedade\/\"},\"author\":{\"name\":\"Telinha\",\"@id\":\"https:\/\/portaltela.pt\/#\/schema\/person\/c4278d4a6028830caff9ee44b42d32ed\"},\"headline\":\"Pris\u00e3o preventiva decretada para suspeito de crimes contra propriedade\",\"datePublished\":\"2026-01-15T12:44:00+00:00\",\"mainEntityOfPage\":{\"@id\":\"https:\/\/portaltela.pt\/noticias\/2026\/01\/15\/prisao-preventiva-decretada-para-suspeito-de-crimes-contra-propriedade\/\"},\"wordCount\":186,\"image\":{\"@id\":\"https:\/\/portaltela.pt\/noticias\/2026\/01\/15\/prisao-preventiva-decretada-para-suspeito-de-crimes-contra-propriedade\/#primaryimage\"},\"thumbnailUrl\":\"https:\/\/portaltela.pt\/s.01k8rhncp4jt1\/2026\/01\/andreVentura_outline_cor-142.jpg\",\"keywords\":[\"A\u00e7ores\",\"Angra do Hero\u00edsmo\",\"crime\",\"furto\",\"pol\u00edcia p\u00fablica\",\"roubo\"],\"articleSection\":[\"Not\u00edcias\"],\"inLanguage\":\"pt-PT\"},{\"@type\":\"WebPage\",\"@id\":\"https:\/\/portaltela.pt\/noticias\/2026\/01\/15\/prisao-preventiva-decretada-para-suspeito-de-crimes-contra-propriedade\/\",\"url\":\"https:\/\/portaltela.pt\/noticias\/2026\/01\/15\/prisao-preventiva-decretada-para-suspeito-de-crimes-contra-propriedade\/\",\"name\":\"Pris\u00e3o preventiva decretada para suspeito de crimes contra propriedade - Portal Tela Portugal\",\"isPartOf\":{\"@id\":\"https:\/\/portaltela.pt\/#website\"},\"primaryImageOfPage\":{\"@id\":\"https:\/\/portaltela.pt\/noticias\/2026\/01\/15\/prisao-preventiva-decretada-para-suspeito-de-crimes-contra-propriedade\/#primaryimage\"},\"image\":{\"@id\":\"https:\/\/portaltela.pt\/noticias\/2026\/01\/15\/prisao-preventiva-decretada-para-suspeito-de-crimes-contra-propriedade\/#primaryimage\"},\"thumbnailUrl\":\"https:\/\/portaltela.pt\/s.01k8rhncp4jt1\/2026\/01\/andreVentura_outline_cor-142.jpg\",\"datePublished\":\"2026-01-15T12:44:00+00:00\",\"author\":{\"@id\":\"https:\/\/portaltela.pt\/#\/schema\/person\/c4278d4a6028830caff9ee44b42d32ed\"},\"breadcrumb\":{\"@id\":\"https:\/\/portaltela.pt\/noticias\/2026\/01\/15\/prisao-preventiva-decretada-para-suspeito-de-crimes-contra-propriedade\/#breadcrumb\"},\"inLanguage\":\"pt-PT\",\"potentialAction\":[{\"@type\":\"ReadAction\",\"target\":[\"https:\/\/portaltela.pt\/noticias\/2026\/01\/15\/prisao-preventiva-decretada-para-suspeito-de-crimes-contra-propriedade\/\"]}]},{\"@type\":\"ImageObject\",\"inLanguage\":\"pt-PT\",\"@id\":\"https:\/\/portaltela.pt\/noticias\/2026\/01\/15\/prisao-preventiva-decretada-para-suspeito-de-crimes-contra-propriedade\/#primaryimage\",\"url\":\"https:\/\/portaltela.pt\/s.01k8rhncp4jt1\/2026\/01\/andreVentura_outline_cor-142.jpg\",\"contentUrl\":\"https:\/\/portaltela.pt\/s.01k8rhncp4jt1\/2026\/01\/andreVentura_outline_cor-142.jpg\",\"width\":796,\"height\":448,\"caption\":\"Photo\"},{\"@type\":\"BreadcrumbList\",\"@id\":\"https:\/\/portaltela.pt\/noticias\/2026\/01\/15\/prisao-preventiva-decretada-para-suspeito-de-crimes-contra-propriedade\/#breadcrumb\",\"itemListElement\":[{\"@type\":\"ListItem\",\"position\":1,\"name\":\"In\u00edcio\",\"item\":\"https:\/\/portaltela.pt\/\"},{\"@type\":\"ListItem\",\"position\":2,\"name\":\"Pris\u00e3o preventiva decretada para suspeito de crimes contra propriedade\"}]},{\"@type\":\"WebSite\",\"@id\":\"https:\/\/portaltela.pt\/#website\",\"url\":\"https:\/\/portaltela.pt\/\",\"name\":\"Portal Tela Portugal\",\"description\":\"\",\"potentialAction\":[{\"@type\":\"SearchAction\",\"target\":{\"@type\":\"EntryPoint\",\"urlTemplate\":\"https:\/\/portaltela.pt\/?s={search_term_string}\"},\"query-input\":{\"@type\":\"PropertyValueSpecification\",\"valueRequired\":true,\"valueName\":\"search_term_string\"}}],\"inLanguage\":\"pt-PT\"},{\"@type\":\"Person\",\"@id\":\"https:\/\/portaltela.pt\/#\/schema\/person\/c4278d4a6028830caff9ee44b42d32ed\",\"name\":\"Telinha\",\"image\":{\"@type\":\"ImageObject\",\"inLanguage\":\"pt-PT\",\"@id\":\"https:\/\/portaltela.pt\/s.01k8rhncp4jt1\/2025\/11\/talking-bot-125x125.png\",\"url\":\"https:\/\/portaltela.pt\/s.01k8rhncp4jt1\/2025\/11\/talking-bot-125x125.png\",\"contentUrl\":\"https:\/\/portaltela.pt\/s.01k8rhncp4jt1\/2025\/11\/talking-bot-125x125.png\",\"caption\":\"Telinha\"},\"sameAs\":[\"https:\/\/portaltela.pt\/\"],\"url\":\"https:\/\/portaltela.pt\/por\/367410592786\/\"}]}<\/script>\n<!-- \/ Yoast SEO plugin. -->","yoast_head_json":{"title":"Pris\u00e3o preventiva decretada para suspeito de crimes contra propriedade - Portal Tela Portugal","robots":{"index":"index","follow":"follow","max-snippet":"max-snippet:-1","max-image-preview":"max-image-preview:large","max-video-preview":"max-video-preview:-1"},"og_locale":"pt_PT","og_type":"article","og_title":"Pris\u00e3o preventiva decretada para suspeito de crimes contra propriedade - Portal Tela Portugal","og_description":"Um homem de 37 anos foi colocado em pris\u00e3o preventiva, acusado de crimes contra a propriedade, no concelho de Angra do Hero\u00edsmo, A\u00e7ores. A deten\u00e7\u00e3o ocorreu por parte da Esquadra de Angra do Hero\u00edsmo, no \u00e2mbito de a pol\u00edcia considerar o suspeito fortemente indiciado. A PSP adianta que o homem \u00e9 suspeito de sete crimes na zona central de Angra do Hero\u00edsmo: cinco furtos e dois roubos, com hist\u00f3rico de consumo de estupefacientes. Durante a opera\u00e7\u00e3o, foram recuperados e apreendidos v\u00e1rios artigos furtados em estabelecimentos comerciais, e o suspeito foi detido. O homem ficou em pris\u00e3o preventiva por ser reincidente neste tipo de crime; a PSP pretende manter a presen\u00e7a no combate \u00e0 criminalidade e aumentar a sensa\u00e7\u00e3o de seguran\u00e7a na popula\u00e7\u00e3o.","og_url":"https:\/\/portaltela.pt\/noticias\/2026\/01\/15\/prisao-preventiva-decretada-para-suspeito-de-crimes-contra-propriedade\/","og_site_name":"Portal Tela Portugal","article_published_time":"2026-01-15T12:44:00+00:00","author":"Telinha","twitter_card":"summary_large_image","twitter_misc":{"Escrito por":"Telinha","Tempo estimado de leitura":"1 minuto"},"schema":{"@context":"https:\/\/schema.org","@graph":[{"@type":"Article","@id":"https:\/\/portaltela.pt\/noticias\/2026\/01\/15\/prisao-preventiva-decretada-para-suspeito-de-crimes-contra-propriedade\/#article","isPartOf":{"@id":"https:\/\/portaltela.pt\/noticias\/2026\/01\/15\/prisao-preventiva-decretada-para-suspeito-de-crimes-contra-propriedade\/"},"author":{"name":"Telinha","@id":"https:\/\/portaltela.pt\/#\/schema\/person\/c4278d4a6028830caff9ee44b42d32ed"},"headline":"Pris\u00e3o preventiva decretada para suspeito de crimes contra propriedade","datePublished":"2026-01-15T12:44:00+00:00","mainEntityOfPage":{"@id":"https:\/\/portaltela.pt\/noticias\/2026\/01\/15\/prisao-preventiva-decretada-para-suspeito-de-crimes-contra-propriedade\/"},"wordCount":186,"image":{"@id":"https:\/\/portaltela.pt\/noticias\/2026\/01\/15\/prisao-preventiva-decretada-para-suspeito-de-crimes-contra-propriedade\/#primaryimage"},"thumbnailUrl":"https:\/\/portaltela.pt\/s.01k8rhncp4jt1\/2026\/01\/andreVentura_outline_cor-142.jpg","keywords":["A\u00e7ores","Angra do Hero\u00edsmo","crime","furto","pol\u00edcia p\u00fablica","roubo"],"articleSection":["Not\u00edcias"],"inLanguage":"pt-PT"},{"@type":"WebPage","@id":"https:\/\/portaltela.pt\/noticias\/2026\/01\/15\/prisao-preventiva-decretada-para-suspeito-de-crimes-contra-propriedade\/","url":"https:\/\/portaltela.pt\/noticias\/2026\/01\/15\/prisao-preventiva-decretada-para-suspeito-de-crimes-contra-propriedade\/","name":"Pris\u00e3o preventiva decretada para suspeito de crimes contra propriedade - Portal Tela Portugal","isPartOf":{"@id":"https:\/\/portaltela.pt\/#website"},"primaryImageOfPage":{"@id":"https:\/\/portaltela.pt\/noticias\/2026\/01\/15\/prisao-preventiva-decretada-para-suspeito-de-crimes-contra-propriedade\/#primaryimage"},"image":{"@id":"https:\/\/portaltela.pt\/noticias\/2026\/01\/15\/prisao-preventiva-decretada-para-suspeito-de-crimes-contra-propriedade\/#primaryimage"},"thumbnailUrl":"https:\/\/portaltela.pt\/s.01k8rhncp4jt1\/2026\/01\/andreVentura_outline_cor-142.jpg","datePublished":"2026-01-15T12:44:00+00:00","author":{"@id":"https:\/\/portaltela.pt\/#\/schema\/person\/c4278d4a6028830caff9ee44b42d32ed"},"breadcrumb":{"@id":"https:\/\/portaltela.pt\/noticias\/2026\/01\/15\/prisao-preventiva-decretada-para-suspeito-de-crimes-contra-propriedade\/#breadcrumb"},"inLanguage":"pt-PT","potentialAction":[{"@type":"ReadAction","target":["https:\/\/portaltela.pt\/noticias\/2026\/01\/15\/prisao-preventiva-decretada-para-suspeito-de-crimes-contra-propriedade\/"]}]},{"@type":"ImageObject","inLanguage":"pt-PT","@id":"https:\/\/portaltela.pt\/noticias\/2026\/01\/15\/prisao-preventiva-decretada-para-suspeito-de-crimes-contra-propriedade\/#primaryimage","url":"https:\/\/portaltela.pt\/s.01k8rhncp4jt1\/2026\/01\/andreVentura_outline_cor-142.jpg","contentUrl":"https:\/\/portaltela.pt\/s.01k8rhncp4jt1\/2026\/01\/andreVentura_outline_cor-142.jpg","width":796,"height":448,"caption":"Photo"},{"@type":"BreadcrumbList","@id":"https:\/\/portaltela.pt\/noticias\/2026\/01\/15\/prisao-preventiva-decretada-para-suspeito-de-crimes-contra-propriedade\/#breadcrumb","itemListElement":[{"@type":"ListItem","position":1,"name":"In\u00edcio","item":"https:\/\/portaltela.pt\/"},{"@type":"ListItem","position":2,"name":"Pris\u00e3o preventiva decretada para suspeito de crimes contra propriedade"}]},{"@type":"WebSite","@id":"https:\/\/portaltela.pt\/#website","url":"https:\/\/portaltela.pt\/","name":"Portal Tela Portugal","description":"","potentialAction":[{"@type":"SearchAction","target":{"@type":"EntryPoint","urlTemplate":"https:\/\/portaltela.pt\/?s={search_term_string}"},"query-input":{"@type":"PropertyValueSpecification","valueRequired":true,"valueName":"search_term_string"}}],"inLanguage":"pt-PT"},{"@type":"Person","@id":"https:\/\/portaltela.pt\/#\/schema\/person\/c4278d4a6028830caff9ee44b42d32ed","name":"Telinha","image":{"@type":"ImageObject","inLanguage":"pt-PT","@id":"https:\/\/portaltela.pt\/s.01k8rhncp4jt1\/2025\/11\/talking-bot-125x125.png","url":"https:\/\/portaltela.pt\/s.01k8rhncp4jt1\/2025\/11\/talking-bot-125x125.png","contentUrl":"https:\/\/portaltela.pt\/s.01k8rhncp4jt1\/2025\/11\/talking-bot-125x125.png","caption":"Telinha"},"sameAs":["https:\/\/portaltela.pt\/"],"url":"https:\/\/portaltela.pt\/por\/367410592786\/"}]}},"_links":{"self":[{"href":"https:\/\/portaltela.pt\/api\/wp\/v2\/posts\/144405","targetHints":{"allow":["GET"]}}],"collection":[{"href":"https:\/\/portaltela.pt\/api\/wp\/v2\/posts"}],"about":[{"href":"https:\/\/portaltela.pt\/api\/wp\/v2\/types\/post"}],"author":[{"embeddable":true,"href":"https:\/\/portaltela.pt\/api\/wp\/v2\/users\/2"}],"replies":[{"embeddable":true,"href":"https:\/\/portaltela.pt\/api\/wp\/v2\/comments?post=144405"}],"version-history":[{"count":0,"href":"https:\/\/portaltela.pt\/api\/wp\/v2\/posts\/144405\/revisions"}],"wp:featuredmedia":[{"embeddable":true,"href":"https:\/\/portaltela.pt\/api\/wp\/v2\/media\/144425"}],"wp:attachment":[{"href":"https:\/\/portaltela.pt\/api\/wp\/v2\/media?parent=144405"}],"wp:term":[{"taxonomy":"category","embeddable":true,"href":"https:\/\/portaltela.pt\/api\/wp\/v2\/categories?post=144405"},{"taxonomy":"post_tag","embeddable":true,"href":"https:\/\/portaltela.pt\/api\/wp\/v2\/tags?post=144405"}],"curies":[{"name":"wp","href":"https:\/\/api.w.org\/{rel}","templated":true}]}}