{"id":144395,"date":"2026-01-15T09:26:16","date_gmt":"2026-01-15T12:26:16","guid":{"rendered":"https:\/\/portaltela.pt\/noticias\/2026\/01\/15\/tabua-mantem-imi-familiar-e-beneficio-aos-bombeiros-em-2026\/"},"modified":"2026-01-15T09:26:16","modified_gmt":"2026-01-15T12:26:16","slug":"tabua-mantem-imi-familiar-e-beneficio-aos-bombeiros-em-2026","status":"publish","type":"post","link":"https:\/\/portaltela.pt\/noticias\/2026\/01\/15\/tabua-mantem-imi-familiar-e-beneficio-aos-bombeiros-em-2026\/","title":{"rendered":"T\u00e1bua mant\u00e9m IMI Familiar e benef\u00edcio aos bombeiros em 2026"},"content":{"rendered":"<p>Em T\u00e1bua, a C\u00e2mara Municipal aprovou manter inalteradas as taxas do Imposto Municipal sobre Im\u00f3veis (IMI) para 2026, com aprova\u00e7\u00e3o tamb\u00e9m pela Assembleia Municipal. A delibera\u00e7\u00e3o visa garantir estabilidade fiscal aos mun\u00edcipes, l\u00ea-se no comunicado.<\/p>\n<p>A decis\u00e3o mant\u00e9m o IMI de pr\u00e9dios urbanos nos 0,35% e de pr\u00e9dios r\u00fasticos nos 0,8%, valores abaixo dos limites m\u00e1ximos permitidos. Paralelamente, o Munic\u00edpio refor\u00e7a o apoio \u00e0s fam\u00edlias atrav\u00e9s do IMI Familiar.<\/p>\n<h3>IMI Familiar: quem beneficia e como funciona<\/h3>\n<p>O IMI Familiar aplica-se a im\u00f3veis destinados a habita\u00e7\u00e3o pr\u00f3pria e permanente, com uma dedu\u00e7\u00e3o fixa consoante o n\u00famero de dependentes: 30 euros para um dependente, 70 euros para dois, e 140 euros para tr\u00eas ou mais. A medida resulta num al\u00edvio direto na fatura do IMI.<\/p>\n<p>Este benef\u00edcio \u00e9 descrito pela autarquia como uma forma de reduzir o encargo fiscal anual das fam\u00edlias tabuenses, mantendo o compromisso com o bem-estar dos agregados familiares do concelho.<\/p>\n<h3>Apoio aos Bombeiros Volunt\u00e1rios do concelho<\/h3>\n<p>A C\u00e2mara refor\u00e7a ainda o apoio aos Bombeiros Volunt\u00e1rios, ao abrigo do Regulamento de Concess\u00e3o de Benef\u00edcios Sociais e Incentivo ao Voluntariado, em vigor desde 2024. Os bombeiros passam a beneficiar da restitui\u00e7\u00e3o da taxa anual de IMI da habita\u00e7\u00e3o pr\u00f3pria e permanente, at\u00e9 ao limite de 100 euros.<\/p>\n<p>Para o Munic\u00edpio, este apoio reconhece o servi\u00e7o prestado pela corpora\u00e7\u00e3o, incentiva o voluntariado e valoriza a dedica\u00e7\u00e3o dos bombeiros \u00e0 comunidade.<\/p>\n","protected":false},"excerpt":{"rendered":"<ul>\n<li>O Munic\u00edpio de T\u00e1bua mant\u00e9m, em 2026, as taxas do IMI inalteradas: 0,35% para pr\u00e9dios urbanos e 0,8% para pr\u00e9dios r\u00fasticos.<\/li>\n<li>A delibera\u00e7\u00e3o foi un\u00e2nime na C\u00e2mara Municipal e tamb\u00e9m aprovada pela Assembleia Municipal.<\/li>\n<li>O IMI Familiar mant\u00e9m-se: dedu\u00e7\u00e3o fixa no valor a pagar conforme dependentes, sendo 30 euros (1 dependente), 70 euros (2 dependentes) e 140 euros (3 ou mais dependentes).<\/li>\n<li>O apoio estende-se aos Bombeiros Volunt\u00e1rios do concelho, com restitui\u00e7\u00e3o da taxa anual de IMI da habita\u00e7\u00e3o pr\u00f3pria e permanente at\u00e9 ao m\u00e1ximo de 100 euros.<\/li>\n<li>A autarquia classifica estas medidas como reconhecimento pelo servi\u00e7o dos bombeiros e como forma de aliviar o encargo fiscal \u00e0s fam\u00edlias tabuenses.<\/li>\n<\/ul>\n","protected":false},"author":2,"featured_media":144416,"comment_status":"closed","ping_status":"closed","sticky":false,"template":"","format":"standard","meta":{"footnotes":""},"categories":[1],"tags":[1211,971,148,150,1208,1598],"class_list":["post-144395","post","type-post","status-publish","format-standard","has-post-thumbnail","hentry","category-noticias","tag-apoio-social","tag-bombeiros","tag-familias","tag-habitacao","tag-imi","tag-imi-familiar"],"yoast_head":"<!-- This site is optimized with the Yoast SEO plugin v27.2 - https:\/\/yoast.com\/product\/yoast-seo-wordpress\/ -->\n<title>T\u00e1bua mant\u00e9m IMI Familiar e benef\u00edcio aos bombeiros em 2026 - Portal Tela Portugal<\/title>\n<meta name=\"robots\" content=\"index, follow, max-snippet:-1, max-image-preview:large, max-video-preview:-1\" \/>\n<meta property=\"og:locale\" content=\"pt_PT\" \/>\n<meta property=\"og:type\" content=\"article\" \/>\n<meta property=\"og:title\" content=\"T\u00e1bua mant\u00e9m IMI Familiar e benef\u00edcio aos bombeiros em 2026 - Portal Tela Portugal\" \/>\n<meta property=\"og:description\" content=\"O Munic\u00edpio de T\u00e1bua mant\u00e9m, em 2026, as taxas do IMI inalteradas: 0,35% para pr\u00e9dios urbanos e 0,8% para pr\u00e9dios r\u00fasticos. A delibera\u00e7\u00e3o foi un\u00e2nime na C\u00e2mara Municipal e tamb\u00e9m aprovada pela Assembleia Municipal. O IMI Familiar mant\u00e9m-se: dedu\u00e7\u00e3o fixa no valor a pagar conforme dependentes, sendo 30 euros (1 dependente), 70 euros (2 dependentes) e 140 euros (3 ou mais dependentes). O apoio estende-se aos Bombeiros Volunt\u00e1rios do concelho, com restitui\u00e7\u00e3o da taxa anual de IMI da habita\u00e7\u00e3o pr\u00f3pria e permanente at\u00e9 ao m\u00e1ximo de 100 euros. A autarquia classifica estas medidas como reconhecimento pelo servi\u00e7o dos bombeiros e como forma de aliviar o encargo fiscal \u00e0s fam\u00edlias tabuenses.\" \/>\n<meta property=\"og:url\" content=\"https:\/\/portaltela.pt\/noticias\/2026\/01\/15\/tabua-mantem-imi-familiar-e-beneficio-aos-bombeiros-em-2026\/\" \/>\n<meta property=\"og:site_name\" content=\"Portal Tela Portugal\" \/>\n<meta property=\"article:published_time\" content=\"2026-01-15T12:26:16+00:00\" \/>\n<meta name=\"author\" content=\"Telinha\" \/>\n<meta name=\"twitter:card\" content=\"summary_large_image\" \/>\n<meta name=\"twitter:label1\" content=\"Escrito por\" \/>\n\t<meta name=\"twitter:data1\" content=\"Telinha\" \/>\n\t<meta name=\"twitter:label2\" content=\"Tempo estimado de leitura\" \/>\n\t<meta name=\"twitter:data2\" content=\"1 minuto\" \/>\n<script type=\"application\/ld+json\" class=\"yoast-schema-graph\">{\"@context\":\"https:\/\/schema.org\",\"@graph\":[{\"@type\":\"Article\",\"@id\":\"https:\/\/portaltela.pt\/noticias\/2026\/01\/15\/tabua-mantem-imi-familiar-e-beneficio-aos-bombeiros-em-2026\/#article\",\"isPartOf\":{\"@id\":\"https:\/\/portaltela.pt\/noticias\/2026\/01\/15\/tabua-mantem-imi-familiar-e-beneficio-aos-bombeiros-em-2026\/\"},\"author\":{\"name\":\"Telinha\",\"@id\":\"https:\/\/portaltela.pt\/#\/schema\/person\/c4278d4a6028830caff9ee44b42d32ed\"},\"headline\":\"T\u00e1bua mant\u00e9m IMI Familiar e benef\u00edcio aos bombeiros em 2026\",\"datePublished\":\"2026-01-15T12:26:16+00:00\",\"mainEntityOfPage\":{\"@id\":\"https:\/\/portaltela.pt\/noticias\/2026\/01\/15\/tabua-mantem-imi-familiar-e-beneficio-aos-bombeiros-em-2026\/\"},\"wordCount\":271,\"image\":{\"@id\":\"https:\/\/portaltela.pt\/noticias\/2026\/01\/15\/tabua-mantem-imi-familiar-e-beneficio-aos-bombeiros-em-2026\/#primaryimage\"},\"thumbnailUrl\":\"https:\/\/portaltela.pt\/s.01k8rhncp4jt1\/2026\/01\/unnamed-file-3207.jpg\",\"keywords\":[\"Apoio Social\",\"bombeiros\",\"fam\u00edlias\",\"habita\u00e7\u00e3o\",\"IMI\",\"IMI Familiar\"],\"articleSection\":[\"Not\u00edcias\"],\"inLanguage\":\"pt-PT\"},{\"@type\":\"WebPage\",\"@id\":\"https:\/\/portaltela.pt\/noticias\/2026\/01\/15\/tabua-mantem-imi-familiar-e-beneficio-aos-bombeiros-em-2026\/\",\"url\":\"https:\/\/portaltela.pt\/noticias\/2026\/01\/15\/tabua-mantem-imi-familiar-e-beneficio-aos-bombeiros-em-2026\/\",\"name\":\"T\u00e1bua mant\u00e9m IMI Familiar e benef\u00edcio aos bombeiros em 2026 - Portal Tela Portugal\",\"isPartOf\":{\"@id\":\"https:\/\/portaltela.pt\/#website\"},\"primaryImageOfPage\":{\"@id\":\"https:\/\/portaltela.pt\/noticias\/2026\/01\/15\/tabua-mantem-imi-familiar-e-beneficio-aos-bombeiros-em-2026\/#primaryimage\"},\"image\":{\"@id\":\"https:\/\/portaltela.pt\/noticias\/2026\/01\/15\/tabua-mantem-imi-familiar-e-beneficio-aos-bombeiros-em-2026\/#primaryimage\"},\"thumbnailUrl\":\"https:\/\/portaltela.pt\/s.01k8rhncp4jt1\/2026\/01\/unnamed-file-3207.jpg\",\"datePublished\":\"2026-01-15T12:26:16+00:00\",\"author\":{\"@id\":\"https:\/\/portaltela.pt\/#\/schema\/person\/c4278d4a6028830caff9ee44b42d32ed\"},\"breadcrumb\":{\"@id\":\"https:\/\/portaltela.pt\/noticias\/2026\/01\/15\/tabua-mantem-imi-familiar-e-beneficio-aos-bombeiros-em-2026\/#breadcrumb\"},\"inLanguage\":\"pt-PT\",\"potentialAction\":[{\"@type\":\"ReadAction\",\"target\":[\"https:\/\/portaltela.pt\/noticias\/2026\/01\/15\/tabua-mantem-imi-familiar-e-beneficio-aos-bombeiros-em-2026\/\"]}]},{\"@type\":\"ImageObject\",\"inLanguage\":\"pt-PT\",\"@id\":\"https:\/\/portaltela.pt\/noticias\/2026\/01\/15\/tabua-mantem-imi-familiar-e-beneficio-aos-bombeiros-em-2026\/#primaryimage\",\"url\":\"https:\/\/portaltela.pt\/s.01k8rhncp4jt1\/2026\/01\/unnamed-file-3207.jpg\",\"contentUrl\":\"https:\/\/portaltela.pt\/s.01k8rhncp4jt1\/2026\/01\/unnamed-file-3207.jpg\",\"width\":796,\"height\":448,\"caption\":\"C\u00e2mara de T\u00e1bua pede ao Governo discrimina\u00e7\u00e3o positiva para territ\u00f3rios do interior\"},{\"@type\":\"BreadcrumbList\",\"@id\":\"https:\/\/portaltela.pt\/noticias\/2026\/01\/15\/tabua-mantem-imi-familiar-e-beneficio-aos-bombeiros-em-2026\/#breadcrumb\",\"itemListElement\":[{\"@type\":\"ListItem\",\"position\":1,\"name\":\"In\u00edcio\",\"item\":\"https:\/\/portaltela.pt\/\"},{\"@type\":\"ListItem\",\"position\":2,\"name\":\"T\u00e1bua mant\u00e9m IMI Familiar e benef\u00edcio aos bombeiros em 2026\"}]},{\"@type\":\"WebSite\",\"@id\":\"https:\/\/portaltela.pt\/#website\",\"url\":\"https:\/\/portaltela.pt\/\",\"name\":\"Portal Tela Portugal\",\"description\":\"\",\"potentialAction\":[{\"@type\":\"SearchAction\",\"target\":{\"@type\":\"EntryPoint\",\"urlTemplate\":\"https:\/\/portaltela.pt\/?s={search_term_string}\"},\"query-input\":{\"@type\":\"PropertyValueSpecification\",\"valueRequired\":true,\"valueName\":\"search_term_string\"}}],\"inLanguage\":\"pt-PT\"},{\"@type\":\"Person\",\"@id\":\"https:\/\/portaltela.pt\/#\/schema\/person\/c4278d4a6028830caff9ee44b42d32ed\",\"name\":\"Telinha\",\"image\":{\"@type\":\"ImageObject\",\"inLanguage\":\"pt-PT\",\"@id\":\"https:\/\/portaltela.pt\/s.01k8rhncp4jt1\/2025\/11\/talking-bot-125x125.png\",\"url\":\"https:\/\/portaltela.pt\/s.01k8rhncp4jt1\/2025\/11\/talking-bot-125x125.png\",\"contentUrl\":\"https:\/\/portaltela.pt\/s.01k8rhncp4jt1\/2025\/11\/talking-bot-125x125.png\",\"caption\":\"Telinha\"},\"sameAs\":[\"https:\/\/portaltela.pt\/\"],\"url\":\"https:\/\/portaltela.pt\/por\/367410592786\/\"}]}<\/script>\n<!-- \/ Yoast SEO plugin. -->","yoast_head_json":{"title":"T\u00e1bua mant\u00e9m IMI Familiar e benef\u00edcio aos bombeiros em 2026 - Portal Tela Portugal","robots":{"index":"index","follow":"follow","max-snippet":"max-snippet:-1","max-image-preview":"max-image-preview:large","max-video-preview":"max-video-preview:-1"},"og_locale":"pt_PT","og_type":"article","og_title":"T\u00e1bua mant\u00e9m IMI Familiar e benef\u00edcio aos bombeiros em 2026 - Portal Tela Portugal","og_description":"O Munic\u00edpio de T\u00e1bua mant\u00e9m, em 2026, as taxas do IMI inalteradas: 0,35% para pr\u00e9dios urbanos e 0,8% para pr\u00e9dios r\u00fasticos. A delibera\u00e7\u00e3o foi un\u00e2nime na C\u00e2mara Municipal e tamb\u00e9m aprovada pela Assembleia Municipal. O IMI Familiar mant\u00e9m-se: dedu\u00e7\u00e3o fixa no valor a pagar conforme dependentes, sendo 30 euros (1 dependente), 70 euros (2 dependentes) e 140 euros (3 ou mais dependentes). O apoio estende-se aos Bombeiros Volunt\u00e1rios do concelho, com restitui\u00e7\u00e3o da taxa anual de IMI da habita\u00e7\u00e3o pr\u00f3pria e permanente at\u00e9 ao m\u00e1ximo de 100 euros. A autarquia classifica estas medidas como reconhecimento pelo servi\u00e7o dos bombeiros e como forma de aliviar o encargo fiscal \u00e0s fam\u00edlias tabuenses.","og_url":"https:\/\/portaltela.pt\/noticias\/2026\/01\/15\/tabua-mantem-imi-familiar-e-beneficio-aos-bombeiros-em-2026\/","og_site_name":"Portal Tela Portugal","article_published_time":"2026-01-15T12:26:16+00:00","author":"Telinha","twitter_card":"summary_large_image","twitter_misc":{"Escrito por":"Telinha","Tempo estimado de leitura":"1 minuto"},"schema":{"@context":"https:\/\/schema.org","@graph":[{"@type":"Article","@id":"https:\/\/portaltela.pt\/noticias\/2026\/01\/15\/tabua-mantem-imi-familiar-e-beneficio-aos-bombeiros-em-2026\/#article","isPartOf":{"@id":"https:\/\/portaltela.pt\/noticias\/2026\/01\/15\/tabua-mantem-imi-familiar-e-beneficio-aos-bombeiros-em-2026\/"},"author":{"name":"Telinha","@id":"https:\/\/portaltela.pt\/#\/schema\/person\/c4278d4a6028830caff9ee44b42d32ed"},"headline":"T\u00e1bua mant\u00e9m IMI Familiar e benef\u00edcio aos bombeiros em 2026","datePublished":"2026-01-15T12:26:16+00:00","mainEntityOfPage":{"@id":"https:\/\/portaltela.pt\/noticias\/2026\/01\/15\/tabua-mantem-imi-familiar-e-beneficio-aos-bombeiros-em-2026\/"},"wordCount":271,"image":{"@id":"https:\/\/portaltela.pt\/noticias\/2026\/01\/15\/tabua-mantem-imi-familiar-e-beneficio-aos-bombeiros-em-2026\/#primaryimage"},"thumbnailUrl":"https:\/\/portaltela.pt\/s.01k8rhncp4jt1\/2026\/01\/unnamed-file-3207.jpg","keywords":["Apoio Social","bombeiros","fam\u00edlias","habita\u00e7\u00e3o","IMI","IMI Familiar"],"articleSection":["Not\u00edcias"],"inLanguage":"pt-PT"},{"@type":"WebPage","@id":"https:\/\/portaltela.pt\/noticias\/2026\/01\/15\/tabua-mantem-imi-familiar-e-beneficio-aos-bombeiros-em-2026\/","url":"https:\/\/portaltela.pt\/noticias\/2026\/01\/15\/tabua-mantem-imi-familiar-e-beneficio-aos-bombeiros-em-2026\/","name":"T\u00e1bua mant\u00e9m IMI Familiar e benef\u00edcio aos bombeiros em 2026 - Portal Tela Portugal","isPartOf":{"@id":"https:\/\/portaltela.pt\/#website"},"primaryImageOfPage":{"@id":"https:\/\/portaltela.pt\/noticias\/2026\/01\/15\/tabua-mantem-imi-familiar-e-beneficio-aos-bombeiros-em-2026\/#primaryimage"},"image":{"@id":"https:\/\/portaltela.pt\/noticias\/2026\/01\/15\/tabua-mantem-imi-familiar-e-beneficio-aos-bombeiros-em-2026\/#primaryimage"},"thumbnailUrl":"https:\/\/portaltela.pt\/s.01k8rhncp4jt1\/2026\/01\/unnamed-file-3207.jpg","datePublished":"2026-01-15T12:26:16+00:00","author":{"@id":"https:\/\/portaltela.pt\/#\/schema\/person\/c4278d4a6028830caff9ee44b42d32ed"},"breadcrumb":{"@id":"https:\/\/portaltela.pt\/noticias\/2026\/01\/15\/tabua-mantem-imi-familiar-e-beneficio-aos-bombeiros-em-2026\/#breadcrumb"},"inLanguage":"pt-PT","potentialAction":[{"@type":"ReadAction","target":["https:\/\/portaltela.pt\/noticias\/2026\/01\/15\/tabua-mantem-imi-familiar-e-beneficio-aos-bombeiros-em-2026\/"]}]},{"@type":"ImageObject","inLanguage":"pt-PT","@id":"https:\/\/portaltela.pt\/noticias\/2026\/01\/15\/tabua-mantem-imi-familiar-e-beneficio-aos-bombeiros-em-2026\/#primaryimage","url":"https:\/\/portaltela.pt\/s.01k8rhncp4jt1\/2026\/01\/unnamed-file-3207.jpg","contentUrl":"https:\/\/portaltela.pt\/s.01k8rhncp4jt1\/2026\/01\/unnamed-file-3207.jpg","width":796,"height":448,"caption":"C\u00e2mara de T\u00e1bua pede ao Governo discrimina\u00e7\u00e3o positiva para territ\u00f3rios do interior"},{"@type":"BreadcrumbList","@id":"https:\/\/portaltela.pt\/noticias\/2026\/01\/15\/tabua-mantem-imi-familiar-e-beneficio-aos-bombeiros-em-2026\/#breadcrumb","itemListElement":[{"@type":"ListItem","position":1,"name":"In\u00edcio","item":"https:\/\/portaltela.pt\/"},{"@type":"ListItem","position":2,"name":"T\u00e1bua mant\u00e9m IMI Familiar e benef\u00edcio aos bombeiros em 2026"}]},{"@type":"WebSite","@id":"https:\/\/portaltela.pt\/#website","url":"https:\/\/portaltela.pt\/","name":"Portal Tela Portugal","description":"","potentialAction":[{"@type":"SearchAction","target":{"@type":"EntryPoint","urlTemplate":"https:\/\/portaltela.pt\/?s={search_term_string}"},"query-input":{"@type":"PropertyValueSpecification","valueRequired":true,"valueName":"search_term_string"}}],"inLanguage":"pt-PT"},{"@type":"Person","@id":"https:\/\/portaltela.pt\/#\/schema\/person\/c4278d4a6028830caff9ee44b42d32ed","name":"Telinha","image":{"@type":"ImageObject","inLanguage":"pt-PT","@id":"https:\/\/portaltela.pt\/s.01k8rhncp4jt1\/2025\/11\/talking-bot-125x125.png","url":"https:\/\/portaltela.pt\/s.01k8rhncp4jt1\/2025\/11\/talking-bot-125x125.png","contentUrl":"https:\/\/portaltela.pt\/s.01k8rhncp4jt1\/2025\/11\/talking-bot-125x125.png","caption":"Telinha"},"sameAs":["https:\/\/portaltela.pt\/"],"url":"https:\/\/portaltela.pt\/por\/367410592786\/"}]}},"_links":{"self":[{"href":"https:\/\/portaltela.pt\/api\/wp\/v2\/posts\/144395","targetHints":{"allow":["GET"]}}],"collection":[{"href":"https:\/\/portaltela.pt\/api\/wp\/v2\/posts"}],"about":[{"href":"https:\/\/portaltela.pt\/api\/wp\/v2\/types\/post"}],"author":[{"embeddable":true,"href":"https:\/\/portaltela.pt\/api\/wp\/v2\/users\/2"}],"replies":[{"embeddable":true,"href":"https:\/\/portaltela.pt\/api\/wp\/v2\/comments?post=144395"}],"version-history":[{"count":0,"href":"https:\/\/portaltela.pt\/api\/wp\/v2\/posts\/144395\/revisions"}],"wp:featuredmedia":[{"embeddable":true,"href":"https:\/\/portaltela.pt\/api\/wp\/v2\/media\/144416"}],"wp:attachment":[{"href":"https:\/\/portaltela.pt\/api\/wp\/v2\/media?parent=144395"}],"wp:term":[{"taxonomy":"category","embeddable":true,"href":"https:\/\/portaltela.pt\/api\/wp\/v2\/categories?post=144395"},{"taxonomy":"post_tag","embeddable":true,"href":"https:\/\/portaltela.pt\/api\/wp\/v2\/tags?post=144395"}],"curies":[{"name":"wp","href":"https:\/\/api.w.org\/{rel}","templated":true}]}}