{"id":144325,"date":"2026-01-15T09:27:09","date_gmt":"2026-01-15T12:27:09","guid":{"rendered":"https:\/\/portaltela.pt\/noticias\/2026\/01\/15\/irao-afirma-que-jovem-manifestante-nao-foi-condenado-a-morte\/"},"modified":"2026-01-15T09:27:09","modified_gmt":"2026-01-15T12:27:09","slug":"irao-afirma-que-jovem-manifestante-nao-foi-condenado-a-morte","status":"publish","type":"post","link":"https:\/\/portaltela.pt\/noticias\/2026\/01\/15\/irao-afirma-que-jovem-manifestante-nao-foi-condenado-a-morte\/","title":{"rendered":"Ir\u00e3o afirma que jovem manifestante n\u00e3o foi condenado \u00e0 morte"},"content":{"rendered":"<p>Afinal, Erfan Soltani n\u00e3o foi condenado \u00e0 morte no Ir\u00e3o. A informa\u00e7\u00e3o foi publicada pelo sistema judici\u00e1rio iraniano nesta quinta-feira, ap\u00f3s relatos de familiares de uma poss\u00edvel execu\u00e7\u00e3o na quarta-feira.<\/p>\n<p>Soltani, de 26 anos, est\u00e1 detido na pris\u00e3o central de Karaj e ser\u00e1 acusado de conluio contra a seguran\u00e7a interna do pa\u00eds e de propaganda contra o regime. As autoridades afirmar que a pena de morte n\u00e3o se aplica a estas acusa\u00e7\u00f5es, mesmo que confirmadas por tribunal.<\/p>\n<p>Direitos humanos j\u00e1 tinham alertado, no in\u00edcio desta semana, para uma poss\u00edvel condena\u00e7\u00e3o \u00e0 morte. O Departamento de Estado dos EUA indicou que este poderia ser o primeiro caso de execu\u00e7\u00e3o desde o in\u00edcio dos protestos.<\/p>\n<p>Soltani, propriet\u00e1rio de uma loja, foi detido na quinta-feira da semana passada por participa\u00e7\u00e3o em protestos anti-governo. A deten\u00e7\u00e3o ocorreu em casa, e ele permaneceu em pris\u00e3o preventiva.<\/p>\n<h3>Atualiza\u00e7\u00e3o sobre Soltani<\/h3>\n<p>A imprensa estatal cita o sistema judici\u00e1rio como a esclarecer a situa\u00e7\u00e3o, sem confirmar qualquer execu\u00e7\u00e3o recente. Disp\u00f5e-se de relatos contradit\u00f3rios entre entidades internacionais e familiares, que seguem aguardando desfechos.<\/p>\n<p>Os protestos no Ir\u00e3o j\u00e1 deixaram mais de 2.500 mortos e mais de 18.100 deten\u00e7\u00f5es, segundo a organiza\u00e7\u00e3o Human Rights Activists. As autoridades iranianas n\u00e3o divulgaram n\u00fameros oficiais atualizados.<\/p>\n","protected":false},"excerpt":{"rendered":"<ul>\n<li>O Sistema judici\u00e1rio do Ir\u00e3o afirmou que Erfan Soltani, de 26 anos, n\u00e3o foi condenado \u00e0 morte e ser\u00e1 acusado de conluio contra a seguran\u00e7a interna do pa\u00eds e atividades de propaganda contra o regime, sem aplica\u00e7\u00e3o da pena capital para tais acusa\u00e7\u00f5es.<\/li>\n<li>Anteriormente, houve relatos de que Soltani teria sido condenado \u00e0 morte; o Departamento de Estado dos EUA afirmou que seria o primeiro manifestante executado, o que acabou por n\u00e3o se confirmar.<\/li>\n<li>Soltani foi preso na quinta-feira da semana anterior por participa\u00e7\u00e3o em protesto anti-governo, detido em casa e mantido em pris\u00e3o preventiva.<\/li>\n<li>A poss\u00edvel recusa de execu\u00e7\u00e3o pode estar relacionada com press\u00f5es internacionais, em especial dos Estados Unidos, que disseram ter garantias de que as execu\u00e7\u00f5es foram suspensas.<\/li>\n<li>Os protestos no Ir\u00e3o j\u00e1 provocaram mais de 2.500 mortes e mais de 18.100 deten\u00e7\u00f5es, de acordo com a organiza\u00e7\u00e3o Human Rights Activists (HRAS), com sede nos Estados Unidos.<\/li>\n<\/ul>\n","protected":false},"author":2,"featured_media":144349,"comment_status":"closed","ping_status":"closed","sticky":false,"template":"","format":"standard","meta":{"footnotes":""},"categories":[1],"tags":[2633,2846,3153,2023,2857,2730],"class_list":["post-144325","post","type-post","status-publish","format-standard","has-post-thumbnail","hentry","category-noticias","tag-direitos-humanos","tag-human-rights-watch","tag-ira","tag-organizacoes-internacionais","tag-protestos","tag-protestos-internacionais"],"yoast_head":"<!-- This site is optimized with the Yoast SEO plugin v27.2 - https:\/\/yoast.com\/product\/yoast-seo-wordpress\/ -->\n<title>Ir\u00e3o afirma que jovem manifestante n\u00e3o foi condenado \u00e0 morte - Portal Tela Portugal<\/title>\n<meta name=\"robots\" content=\"index, follow, max-snippet:-1, max-image-preview:large, max-video-preview:-1\" \/>\n<meta property=\"og:locale\" content=\"pt_PT\" \/>\n<meta property=\"og:type\" content=\"article\" \/>\n<meta property=\"og:title\" content=\"Ir\u00e3o afirma que jovem manifestante n\u00e3o foi condenado \u00e0 morte - Portal Tela Portugal\" \/>\n<meta property=\"og:description\" content=\"O Sistema judici\u00e1rio do Ir\u00e3o afirmou que Erfan Soltani, de 26 anos, n\u00e3o foi condenado \u00e0 morte e ser\u00e1 acusado de conluio contra a seguran\u00e7a interna do pa\u00eds e atividades de propaganda contra o regime, sem aplica\u00e7\u00e3o da pena capital para tais acusa\u00e7\u00f5es. Anteriormente, houve relatos de que Soltani teria sido condenado \u00e0 morte; o Departamento de Estado dos EUA afirmou que seria o primeiro manifestante executado, o que acabou por n\u00e3o se confirmar. Soltani foi preso na quinta-feira da semana anterior por participa\u00e7\u00e3o em protesto anti-governo, detido em casa e mantido em pris\u00e3o preventiva. A poss\u00edvel recusa de execu\u00e7\u00e3o pode estar relacionada com press\u00f5es internacionais, em especial dos Estados Unidos, que disseram ter garantias de que as execu\u00e7\u00f5es foram suspensas. Os protestos no Ir\u00e3o j\u00e1 provocaram mais de 2.500 mortes e mais de 18.100 deten\u00e7\u00f5es, de acordo com a organiza\u00e7\u00e3o Human Rights Activists (HRAS), com sede nos Estados Unidos.\" \/>\n<meta property=\"og:url\" content=\"https:\/\/portaltela.pt\/noticias\/2026\/01\/15\/irao-afirma-que-jovem-manifestante-nao-foi-condenado-a-morte\/\" \/>\n<meta property=\"og:site_name\" content=\"Portal Tela Portugal\" \/>\n<meta property=\"article:published_time\" content=\"2026-01-15T12:27:09+00:00\" \/>\n<meta name=\"author\" content=\"Telinha\" \/>\n<meta name=\"twitter:card\" content=\"summary_large_image\" \/>\n<meta name=\"twitter:label1\" content=\"Escrito por\" \/>\n\t<meta name=\"twitter:data1\" content=\"Telinha\" \/>\n\t<meta name=\"twitter:label2\" content=\"Tempo estimado de leitura\" \/>\n\t<meta name=\"twitter:data2\" content=\"1 minuto\" \/>\n<script type=\"application\/ld+json\" class=\"yoast-schema-graph\">{\"@context\":\"https:\/\/schema.org\",\"@graph\":[{\"@type\":\"Article\",\"@id\":\"https:\/\/portaltela.pt\/noticias\/2026\/01\/15\/irao-afirma-que-jovem-manifestante-nao-foi-condenado-a-morte\/#article\",\"isPartOf\":{\"@id\":\"https:\/\/portaltela.pt\/noticias\/2026\/01\/15\/irao-afirma-que-jovem-manifestante-nao-foi-condenado-a-morte\/\"},\"author\":{\"name\":\"Telinha\",\"@id\":\"https:\/\/portaltela.pt\/#\/schema\/person\/c4278d4a6028830caff9ee44b42d32ed\"},\"headline\":\"Ir\u00e3o afirma que jovem manifestante n\u00e3o foi condenado \u00e0 morte\",\"datePublished\":\"2026-01-15T12:27:09+00:00\",\"mainEntityOfPage\":{\"@id\":\"https:\/\/portaltela.pt\/noticias\/2026\/01\/15\/irao-afirma-que-jovem-manifestante-nao-foi-condenado-a-morte\/\"},\"wordCount\":241,\"image\":{\"@id\":\"https:\/\/portaltela.pt\/noticias\/2026\/01\/15\/irao-afirma-que-jovem-manifestante-nao-foi-condenado-a-morte\/#primaryimage\"},\"thumbnailUrl\":\"https:\/\/portaltela.pt\/s.01k8rhncp4jt1\/2026\/01\/img_1500x1000uu2026-01-13-15-27-02-2259876-2.jpg\",\"keywords\":[\"direitos humanos\",\"Human Rights Watch\",\"Ir\u00e3\",\"organiza\u00e7\u00f5es internacionais\",\"protestos\",\"protestos internacionais\"],\"articleSection\":[\"Not\u00edcias\"],\"inLanguage\":\"pt-PT\"},{\"@type\":\"WebPage\",\"@id\":\"https:\/\/portaltela.pt\/noticias\/2026\/01\/15\/irao-afirma-que-jovem-manifestante-nao-foi-condenado-a-morte\/\",\"url\":\"https:\/\/portaltela.pt\/noticias\/2026\/01\/15\/irao-afirma-que-jovem-manifestante-nao-foi-condenado-a-morte\/\",\"name\":\"Ir\u00e3o afirma que jovem manifestante n\u00e3o foi condenado \u00e0 morte - Portal Tela Portugal\",\"isPartOf\":{\"@id\":\"https:\/\/portaltela.pt\/#website\"},\"primaryImageOfPage\":{\"@id\":\"https:\/\/portaltela.pt\/noticias\/2026\/01\/15\/irao-afirma-que-jovem-manifestante-nao-foi-condenado-a-morte\/#primaryimage\"},\"image\":{\"@id\":\"https:\/\/portaltela.pt\/noticias\/2026\/01\/15\/irao-afirma-que-jovem-manifestante-nao-foi-condenado-a-morte\/#primaryimage\"},\"thumbnailUrl\":\"https:\/\/portaltela.pt\/s.01k8rhncp4jt1\/2026\/01\/img_1500x1000uu2026-01-13-15-27-02-2259876-2.jpg\",\"datePublished\":\"2026-01-15T12:27:09+00:00\",\"author\":{\"@id\":\"https:\/\/portaltela.pt\/#\/schema\/person\/c4278d4a6028830caff9ee44b42d32ed\"},\"breadcrumb\":{\"@id\":\"https:\/\/portaltela.pt\/noticias\/2026\/01\/15\/irao-afirma-que-jovem-manifestante-nao-foi-condenado-a-morte\/#breadcrumb\"},\"inLanguage\":\"pt-PT\",\"potentialAction\":[{\"@type\":\"ReadAction\",\"target\":[\"https:\/\/portaltela.pt\/noticias\/2026\/01\/15\/irao-afirma-que-jovem-manifestante-nao-foi-condenado-a-morte\/\"]}]},{\"@type\":\"ImageObject\",\"inLanguage\":\"pt-PT\",\"@id\":\"https:\/\/portaltela.pt\/noticias\/2026\/01\/15\/irao-afirma-que-jovem-manifestante-nao-foi-condenado-a-morte\/#primaryimage\",\"url\":\"https:\/\/portaltela.pt\/s.01k8rhncp4jt1\/2026\/01\/img_1500x1000uu2026-01-13-15-27-02-2259876-2.jpg\",\"contentUrl\":\"https:\/\/portaltela.pt\/s.01k8rhncp4jt1\/2026\/01\/img_1500x1000uu2026-01-13-15-27-02-2259876-2.jpg\",\"width\":796,\"height\":448,\"caption\":\"Erfan Soltani, afinal, n\u00e3o foi condenado a pena de morte\"},{\"@type\":\"BreadcrumbList\",\"@id\":\"https:\/\/portaltela.pt\/noticias\/2026\/01\/15\/irao-afirma-que-jovem-manifestante-nao-foi-condenado-a-morte\/#breadcrumb\",\"itemListElement\":[{\"@type\":\"ListItem\",\"position\":1,\"name\":\"In\u00edcio\",\"item\":\"https:\/\/portaltela.pt\/\"},{\"@type\":\"ListItem\",\"position\":2,\"name\":\"Ir\u00e3o afirma que jovem manifestante n\u00e3o foi condenado \u00e0 morte\"}]},{\"@type\":\"WebSite\",\"@id\":\"https:\/\/portaltela.pt\/#website\",\"url\":\"https:\/\/portaltela.pt\/\",\"name\":\"Portal Tela Portugal\",\"description\":\"\",\"potentialAction\":[{\"@type\":\"SearchAction\",\"target\":{\"@type\":\"EntryPoint\",\"urlTemplate\":\"https:\/\/portaltela.pt\/?s={search_term_string}\"},\"query-input\":{\"@type\":\"PropertyValueSpecification\",\"valueRequired\":true,\"valueName\":\"search_term_string\"}}],\"inLanguage\":\"pt-PT\"},{\"@type\":\"Person\",\"@id\":\"https:\/\/portaltela.pt\/#\/schema\/person\/c4278d4a6028830caff9ee44b42d32ed\",\"name\":\"Telinha\",\"image\":{\"@type\":\"ImageObject\",\"inLanguage\":\"pt-PT\",\"@id\":\"https:\/\/portaltela.pt\/s.01k8rhncp4jt1\/2025\/11\/talking-bot-125x125.png\",\"url\":\"https:\/\/portaltela.pt\/s.01k8rhncp4jt1\/2025\/11\/talking-bot-125x125.png\",\"contentUrl\":\"https:\/\/portaltela.pt\/s.01k8rhncp4jt1\/2025\/11\/talking-bot-125x125.png\",\"caption\":\"Telinha\"},\"sameAs\":[\"https:\/\/portaltela.pt\/\"],\"url\":\"https:\/\/portaltela.pt\/por\/367410592786\/\"}]}<\/script>\n<!-- \/ Yoast SEO plugin. -->","yoast_head_json":{"title":"Ir\u00e3o afirma que jovem manifestante n\u00e3o foi condenado \u00e0 morte - Portal Tela Portugal","robots":{"index":"index","follow":"follow","max-snippet":"max-snippet:-1","max-image-preview":"max-image-preview:large","max-video-preview":"max-video-preview:-1"},"og_locale":"pt_PT","og_type":"article","og_title":"Ir\u00e3o afirma que jovem manifestante n\u00e3o foi condenado \u00e0 morte - Portal Tela Portugal","og_description":"O Sistema judici\u00e1rio do Ir\u00e3o afirmou que Erfan Soltani, de 26 anos, n\u00e3o foi condenado \u00e0 morte e ser\u00e1 acusado de conluio contra a seguran\u00e7a interna do pa\u00eds e atividades de propaganda contra o regime, sem aplica\u00e7\u00e3o da pena capital para tais acusa\u00e7\u00f5es. Anteriormente, houve relatos de que Soltani teria sido condenado \u00e0 morte; o Departamento de Estado dos EUA afirmou que seria o primeiro manifestante executado, o que acabou por n\u00e3o se confirmar. Soltani foi preso na quinta-feira da semana anterior por participa\u00e7\u00e3o em protesto anti-governo, detido em casa e mantido em pris\u00e3o preventiva. A poss\u00edvel recusa de execu\u00e7\u00e3o pode estar relacionada com press\u00f5es internacionais, em especial dos Estados Unidos, que disseram ter garantias de que as execu\u00e7\u00f5es foram suspensas. Os protestos no Ir\u00e3o j\u00e1 provocaram mais de 2.500 mortes e mais de 18.100 deten\u00e7\u00f5es, de acordo com a organiza\u00e7\u00e3o Human Rights Activists (HRAS), com sede nos Estados Unidos.","og_url":"https:\/\/portaltela.pt\/noticias\/2026\/01\/15\/irao-afirma-que-jovem-manifestante-nao-foi-condenado-a-morte\/","og_site_name":"Portal Tela Portugal","article_published_time":"2026-01-15T12:27:09+00:00","author":"Telinha","twitter_card":"summary_large_image","twitter_misc":{"Escrito por":"Telinha","Tempo estimado de leitura":"1 minuto"},"schema":{"@context":"https:\/\/schema.org","@graph":[{"@type":"Article","@id":"https:\/\/portaltela.pt\/noticias\/2026\/01\/15\/irao-afirma-que-jovem-manifestante-nao-foi-condenado-a-morte\/#article","isPartOf":{"@id":"https:\/\/portaltela.pt\/noticias\/2026\/01\/15\/irao-afirma-que-jovem-manifestante-nao-foi-condenado-a-morte\/"},"author":{"name":"Telinha","@id":"https:\/\/portaltela.pt\/#\/schema\/person\/c4278d4a6028830caff9ee44b42d32ed"},"headline":"Ir\u00e3o afirma que jovem manifestante n\u00e3o foi condenado \u00e0 morte","datePublished":"2026-01-15T12:27:09+00:00","mainEntityOfPage":{"@id":"https:\/\/portaltela.pt\/noticias\/2026\/01\/15\/irao-afirma-que-jovem-manifestante-nao-foi-condenado-a-morte\/"},"wordCount":241,"image":{"@id":"https:\/\/portaltela.pt\/noticias\/2026\/01\/15\/irao-afirma-que-jovem-manifestante-nao-foi-condenado-a-morte\/#primaryimage"},"thumbnailUrl":"https:\/\/portaltela.pt\/s.01k8rhncp4jt1\/2026\/01\/img_1500x1000uu2026-01-13-15-27-02-2259876-2.jpg","keywords":["direitos humanos","Human Rights Watch","Ir\u00e3","organiza\u00e7\u00f5es internacionais","protestos","protestos internacionais"],"articleSection":["Not\u00edcias"],"inLanguage":"pt-PT"},{"@type":"WebPage","@id":"https:\/\/portaltela.pt\/noticias\/2026\/01\/15\/irao-afirma-que-jovem-manifestante-nao-foi-condenado-a-morte\/","url":"https:\/\/portaltela.pt\/noticias\/2026\/01\/15\/irao-afirma-que-jovem-manifestante-nao-foi-condenado-a-morte\/","name":"Ir\u00e3o afirma que jovem manifestante n\u00e3o foi condenado \u00e0 morte - Portal Tela Portugal","isPartOf":{"@id":"https:\/\/portaltela.pt\/#website"},"primaryImageOfPage":{"@id":"https:\/\/portaltela.pt\/noticias\/2026\/01\/15\/irao-afirma-que-jovem-manifestante-nao-foi-condenado-a-morte\/#primaryimage"},"image":{"@id":"https:\/\/portaltela.pt\/noticias\/2026\/01\/15\/irao-afirma-que-jovem-manifestante-nao-foi-condenado-a-morte\/#primaryimage"},"thumbnailUrl":"https:\/\/portaltela.pt\/s.01k8rhncp4jt1\/2026\/01\/img_1500x1000uu2026-01-13-15-27-02-2259876-2.jpg","datePublished":"2026-01-15T12:27:09+00:00","author":{"@id":"https:\/\/portaltela.pt\/#\/schema\/person\/c4278d4a6028830caff9ee44b42d32ed"},"breadcrumb":{"@id":"https:\/\/portaltela.pt\/noticias\/2026\/01\/15\/irao-afirma-que-jovem-manifestante-nao-foi-condenado-a-morte\/#breadcrumb"},"inLanguage":"pt-PT","potentialAction":[{"@type":"ReadAction","target":["https:\/\/portaltela.pt\/noticias\/2026\/01\/15\/irao-afirma-que-jovem-manifestante-nao-foi-condenado-a-morte\/"]}]},{"@type":"ImageObject","inLanguage":"pt-PT","@id":"https:\/\/portaltela.pt\/noticias\/2026\/01\/15\/irao-afirma-que-jovem-manifestante-nao-foi-condenado-a-morte\/#primaryimage","url":"https:\/\/portaltela.pt\/s.01k8rhncp4jt1\/2026\/01\/img_1500x1000uu2026-01-13-15-27-02-2259876-2.jpg","contentUrl":"https:\/\/portaltela.pt\/s.01k8rhncp4jt1\/2026\/01\/img_1500x1000uu2026-01-13-15-27-02-2259876-2.jpg","width":796,"height":448,"caption":"Erfan Soltani, afinal, n\u00e3o foi condenado a pena de morte"},{"@type":"BreadcrumbList","@id":"https:\/\/portaltela.pt\/noticias\/2026\/01\/15\/irao-afirma-que-jovem-manifestante-nao-foi-condenado-a-morte\/#breadcrumb","itemListElement":[{"@type":"ListItem","position":1,"name":"In\u00edcio","item":"https:\/\/portaltela.pt\/"},{"@type":"ListItem","position":2,"name":"Ir\u00e3o afirma que jovem manifestante n\u00e3o foi condenado \u00e0 morte"}]},{"@type":"WebSite","@id":"https:\/\/portaltela.pt\/#website","url":"https:\/\/portaltela.pt\/","name":"Portal Tela Portugal","description":"","potentialAction":[{"@type":"SearchAction","target":{"@type":"EntryPoint","urlTemplate":"https:\/\/portaltela.pt\/?s={search_term_string}"},"query-input":{"@type":"PropertyValueSpecification","valueRequired":true,"valueName":"search_term_string"}}],"inLanguage":"pt-PT"},{"@type":"Person","@id":"https:\/\/portaltela.pt\/#\/schema\/person\/c4278d4a6028830caff9ee44b42d32ed","name":"Telinha","image":{"@type":"ImageObject","inLanguage":"pt-PT","@id":"https:\/\/portaltela.pt\/s.01k8rhncp4jt1\/2025\/11\/talking-bot-125x125.png","url":"https:\/\/portaltela.pt\/s.01k8rhncp4jt1\/2025\/11\/talking-bot-125x125.png","contentUrl":"https:\/\/portaltela.pt\/s.01k8rhncp4jt1\/2025\/11\/talking-bot-125x125.png","caption":"Telinha"},"sameAs":["https:\/\/portaltela.pt\/"],"url":"https:\/\/portaltela.pt\/por\/367410592786\/"}]}},"_links":{"self":[{"href":"https:\/\/portaltela.pt\/api\/wp\/v2\/posts\/144325","targetHints":{"allow":["GET"]}}],"collection":[{"href":"https:\/\/portaltela.pt\/api\/wp\/v2\/posts"}],"about":[{"href":"https:\/\/portaltela.pt\/api\/wp\/v2\/types\/post"}],"author":[{"embeddable":true,"href":"https:\/\/portaltela.pt\/api\/wp\/v2\/users\/2"}],"replies":[{"embeddable":true,"href":"https:\/\/portaltela.pt\/api\/wp\/v2\/comments?post=144325"}],"version-history":[{"count":0,"href":"https:\/\/portaltela.pt\/api\/wp\/v2\/posts\/144325\/revisions"}],"wp:featuredmedia":[{"embeddable":true,"href":"https:\/\/portaltela.pt\/api\/wp\/v2\/media\/144349"}],"wp:attachment":[{"href":"https:\/\/portaltela.pt\/api\/wp\/v2\/media?parent=144325"}],"wp:term":[{"taxonomy":"category","embeddable":true,"href":"https:\/\/portaltela.pt\/api\/wp\/v2\/categories?post=144325"},{"taxonomy":"post_tag","embeddable":true,"href":"https:\/\/portaltela.pt\/api\/wp\/v2\/tags?post=144325"}],"curies":[{"name":"wp","href":"https:\/\/api.w.org\/{rel}","templated":true}]}}