{"id":144318,"date":"2026-01-15T09:03:39","date_gmt":"2026-01-15T12:03:39","guid":{"rendered":"https:\/\/portaltela.pt\/noticias\/2026\/01\/15\/polo-regional-do-new-european-bauhaus-liderado-pela-universidade-de-coimbra\/"},"modified":"2026-01-15T09:03:39","modified_gmt":"2026-01-15T12:03:39","slug":"polo-regional-do-new-european-bauhaus-liderado-pela-universidade-de-coimbra","status":"publish","type":"post","link":"https:\/\/portaltela.pt\/noticias\/2026\/01\/15\/polo-regional-do-new-european-bauhaus-liderado-pela-universidade-de-coimbra\/","title":{"rendered":"P\u00f3lo regional do New European Bauhaus, liderado pela Universidade de Coimbra"},"content":{"rendered":"<p>O polo regional Coimbra Bauhaus foi lan\u00e7ado oficialmente esta semana, no \u00e2mbito do New European Bauhaus (Novo Bauhaus Europeu) da Uni\u00e3o Europeia. Liderado pela Universidade de Coimbra (UC), o projeto agrega institui\u00e7\u00f5es acad\u00e9micas, cient\u00edficas, culturais, autarquias e parceiros da sociedade civil e do setor empresarial da regi\u00e3o de Coimbra.<\/p>\n<p>O objetivo \u00e9 promover projetos inovadores e criativos que reflitam os valores de sustentabilidade, inclus\u00e3o e est\u00e9tica. O Coimbra Bauhaus Local Chapter pretende facilitar di\u00e1logo, cocria\u00e7\u00e3o e experimenta\u00e7\u00e3o a escala territorial, reconectando comunidades com a natureza e promovendo espa\u00e7os mais inclusivos e sustent\u00e1veis.<\/p>\n<p>Agora reconhecido pela Comiss\u00e3o Europeia como um dos 13 polos regionais j\u00e1 institu\u00eddos, o polo visa fortalecer a liga\u00e7\u00e3o entre comunidades, ci\u00eancia e cultura. O enfoque est\u00e1 na inova\u00e7\u00e3o urbana, na coes\u00e3o territorial e no bem-estar coletivo, mantendo a Regi\u00e3o de Coimbra como refer\u00eancia de mobilidade inteligente e prote\u00e7\u00e3o ambiental.<\/p>\n<p>O papel da UC \u00e9 central, com mais de 60 projetos cooperativos em curso que incorporam sustentabilidade, inclus\u00e3o e\/ou est\u00e9tica na transforma\u00e7\u00e3o urbana. Exemplos de iniciativas incluem parcerias com entidades p\u00fablicas e privadas para promover patrim\u00f3nio, alimenta\u00e7\u00e3o sustent\u00e1vel e planeamento do espa\u00e7o p\u00fablico.<\/p>\n<p>O primeiro financiamento obtido atrav\u00e9s de concurso espec\u00edfico para o New European Bauhaus foi o projeto CONVIVIUM, coordenado pela UC e envolvendo 10 parceiros de sete pa\u00edses. Em 2024 recebeu 3,5 milh\u00f5es de euros para apoiar agricultores, comunidades e a rela\u00e7\u00e3o entre alimenta\u00e7\u00e3o, pessoas e ambiente.<\/p>\n<p>J\u00e1 o projeto UTOPIZE, coordenado pela Comunidade Intermunicipal da Regi\u00e3o de Coimbra, com apoio de cerca de 4 milh\u00f5es de euros em 2025, foca a transforma\u00e7\u00e3o do espa\u00e7o p\u00fablico segundo os valores do Novo Bauhaus Europeu. Os parceiros do Coimbra Bauhaus incluem a Comunidade Intermunicipal da Regi\u00e3o de Coimbra, o Itecons, o Jazz ao Centro Clube, a Bonae Spei e v\u00e1rias autarquias locais.<\/p>\n<p>Segundo Delfim Le\u00e3o, Coordenador do Coimbra Bauhaus e Vice-Reitor da UC, a iniciativa resulta de uma rede transversal que cruza universidade, autarquias, cultura, empresas e sociedade civil. O objetivo \u00e9 gerar identidade partilhada, perten\u00e7a e bem-estar, articulando ci\u00eancia, cultura e participa\u00e7\u00e3o c\u00edvica.<\/p>\n<p>As informa\u00e7\u00f5es sobre as iniciativas do Coimbra Bauhaus ficar\u00e3o dispon\u00edveis na rede institucional da UC, com detalhes sobre projetos, parcerias e atividades previstas.<\/p>\n","protected":false},"excerpt":{"rendered":"<ul>\n<li>Foi lan\u00e7ado esta semana o Coimbra Bauhaus Local Chapter, o polo regional do New European Bauhaus em Portugal, liderado pela Universidade de Coimbra.<\/li>\n<li>A Comiss\u00e3o Europeia j\u00e1 reconhece o polo como um dos treze polos regionais do New European Bauhaus, com foco em di\u00e1logo, cocria\u00e7\u00e3o e experimenta\u00e7\u00e3o \u00e0 escala territorial.<\/li>\n<li>O objetivo \u00e9 promover projetos que reconectem as comunidades com a natureza, reforcem o sentimento de perten\u00e7a e contribuam para meios-ambiente mais inclusivos, sustent\u00e1veis e belos na Regi\u00e3o de Coimbra.<\/li>\n<li>A UC j\u00e1 controla mais de sessenta projetos cooperativos e de investiga\u00e7\u00e3o que incorporam sustentabilidade, inclus\u00e3o e\/ou est\u00e9tica na transforma\u00e7\u00e3o urbana e cultural; o projeto CONVIVIUM recebeu, em 2024, tr\u00eas milh\u00f5es e quinhentos mil euros de financiamento comunit\u00e1rio.<\/li>\n<li>O Coimbra Bauhaus envolve a Comunidade Intermunicipal da Regi\u00e3o de Coimbra, o Itecons, o Jazz ao Centro Clube, a Bonae Spei, v\u00e1rios munic\u00edpios e a empresa Cleanwatts Digital como parceiros.<\/li>\n<\/ul>\n","protected":false},"author":2,"featured_media":144352,"comment_status":"closed","ping_status":"closed","sticky":false,"template":"","format":"standard","meta":{"footnotes":""},"categories":[1],"tags":[167,1070,145,755,202,58],"class_list":["post-144318","post","type-post","status-publish","format-standard","has-post-thumbnail","hentry","category-noticias","tag-ambiente","tag-coimbra","tag-cultura","tag-desenvolvimento-sustentavel","tag-mobilidade-urbana-e-cidades-inteligentes","tag-universidades"],"yoast_head":"<!-- This site is optimized with the Yoast SEO plugin v27.2 - https:\/\/yoast.com\/product\/yoast-seo-wordpress\/ -->\n<title>P\u00f3lo regional do New European Bauhaus, liderado pela Universidade de Coimbra - Portal Tela Portugal<\/title>\n<meta name=\"robots\" content=\"index, follow, max-snippet:-1, max-image-preview:large, max-video-preview:-1\" \/>\n<meta property=\"og:locale\" content=\"pt_PT\" \/>\n<meta property=\"og:type\" content=\"article\" \/>\n<meta property=\"og:title\" content=\"P\u00f3lo regional do New European Bauhaus, liderado pela Universidade de Coimbra - Portal Tela Portugal\" \/>\n<meta property=\"og:description\" content=\"Foi lan\u00e7ado esta semana o Coimbra Bauhaus Local Chapter, o polo regional do New European Bauhaus em Portugal, liderado pela Universidade de Coimbra. A Comiss\u00e3o Europeia j\u00e1 reconhece o polo como um dos treze polos regionais do New European Bauhaus, com foco em di\u00e1logo, cocria\u00e7\u00e3o e experimenta\u00e7\u00e3o \u00e0 escala territorial. O objetivo \u00e9 promover projetos que reconectem as comunidades com a natureza, reforcem o sentimento de perten\u00e7a e contribuam para meios-ambiente mais inclusivos, sustent\u00e1veis e belos na Regi\u00e3o de Coimbra. A UC j\u00e1 controla mais de sessenta projetos cooperativos e de investiga\u00e7\u00e3o que incorporam sustentabilidade, inclus\u00e3o e\/ou est\u00e9tica na transforma\u00e7\u00e3o urbana e cultural; o projeto CONVIVIUM recebeu, em 2024, tr\u00eas milh\u00f5es e quinhentos mil euros de financiamento comunit\u00e1rio. O Coimbra Bauhaus envolve a Comunidade Intermunicipal da Regi\u00e3o de Coimbra, o Itecons, o Jazz ao Centro Clube, a Bonae Spei, v\u00e1rios munic\u00edpios e a empresa Cleanwatts Digital como parceiros.\" \/>\n<meta property=\"og:url\" content=\"https:\/\/portaltela.pt\/noticias\/2026\/01\/15\/polo-regional-do-new-european-bauhaus-liderado-pela-universidade-de-coimbra\/\" \/>\n<meta property=\"og:site_name\" content=\"Portal Tela Portugal\" \/>\n<meta property=\"article:published_time\" content=\"2026-01-15T12:03:39+00:00\" \/>\n<meta name=\"author\" content=\"Telinha\" \/>\n<meta name=\"twitter:card\" content=\"summary_large_image\" \/>\n<meta name=\"twitter:label1\" content=\"Escrito por\" \/>\n\t<meta name=\"twitter:data1\" content=\"Telinha\" \/>\n\t<meta name=\"twitter:label2\" content=\"Tempo estimado de leitura\" \/>\n\t<meta name=\"twitter:data2\" content=\"2 minutos\" \/>\n<script type=\"application\/ld+json\" class=\"yoast-schema-graph\">{\"@context\":\"https:\/\/schema.org\",\"@graph\":[{\"@type\":\"Article\",\"@id\":\"https:\/\/portaltela.pt\/noticias\/2026\/01\/15\/polo-regional-do-new-european-bauhaus-liderado-pela-universidade-de-coimbra\/#article\",\"isPartOf\":{\"@id\":\"https:\/\/portaltela.pt\/noticias\/2026\/01\/15\/polo-regional-do-new-european-bauhaus-liderado-pela-universidade-de-coimbra\/\"},\"author\":{\"name\":\"Telinha\",\"@id\":\"https:\/\/portaltela.pt\/#\/schema\/person\/c4278d4a6028830caff9ee44b42d32ed\"},\"headline\":\"P\u00f3lo regional do New European Bauhaus, liderado pela Universidade de Coimbra\",\"datePublished\":\"2026-01-15T12:03:39+00:00\",\"mainEntityOfPage\":{\"@id\":\"https:\/\/portaltela.pt\/noticias\/2026\/01\/15\/polo-regional-do-new-european-bauhaus-liderado-pela-universidade-de-coimbra\/\"},\"wordCount\":414,\"image\":{\"@id\":\"https:\/\/portaltela.pt\/noticias\/2026\/01\/15\/polo-regional-do-new-european-bauhaus-liderado-pela-universidade-de-coimbra\/#primaryimage\"},\"thumbnailUrl\":\"https:\/\/portaltela.pt\/s.01k8rhncp4jt1\/2026\/01\/unnamed-file-3204.jpg\",\"keywords\":[\"ambiente\",\"Coimbra\",\"cultura\",\"desenvolvimento sustent\u00e1vel\",\"Mobilidade Urbana e Cidades Inteligentes\",\"universidades\"],\"articleSection\":[\"Not\u00edcias\"],\"inLanguage\":\"pt-PT\"},{\"@type\":\"WebPage\",\"@id\":\"https:\/\/portaltela.pt\/noticias\/2026\/01\/15\/polo-regional-do-new-european-bauhaus-liderado-pela-universidade-de-coimbra\/\",\"url\":\"https:\/\/portaltela.pt\/noticias\/2026\/01\/15\/polo-regional-do-new-european-bauhaus-liderado-pela-universidade-de-coimbra\/\",\"name\":\"P\u00f3lo regional do New European Bauhaus, liderado pela Universidade de Coimbra - Portal Tela Portugal\",\"isPartOf\":{\"@id\":\"https:\/\/portaltela.pt\/#website\"},\"primaryImageOfPage\":{\"@id\":\"https:\/\/portaltela.pt\/noticias\/2026\/01\/15\/polo-regional-do-new-european-bauhaus-liderado-pela-universidade-de-coimbra\/#primaryimage\"},\"image\":{\"@id\":\"https:\/\/portaltela.pt\/noticias\/2026\/01\/15\/polo-regional-do-new-european-bauhaus-liderado-pela-universidade-de-coimbra\/#primaryimage\"},\"thumbnailUrl\":\"https:\/\/portaltela.pt\/s.01k8rhncp4jt1\/2026\/01\/unnamed-file-3204.jpg\",\"datePublished\":\"2026-01-15T12:03:39+00:00\",\"author\":{\"@id\":\"https:\/\/portaltela.pt\/#\/schema\/person\/c4278d4a6028830caff9ee44b42d32ed\"},\"breadcrumb\":{\"@id\":\"https:\/\/portaltela.pt\/noticias\/2026\/01\/15\/polo-regional-do-new-european-bauhaus-liderado-pela-universidade-de-coimbra\/#breadcrumb\"},\"inLanguage\":\"pt-PT\",\"potentialAction\":[{\"@type\":\"ReadAction\",\"target\":[\"https:\/\/portaltela.pt\/noticias\/2026\/01\/15\/polo-regional-do-new-european-bauhaus-liderado-pela-universidade-de-coimbra\/\"]}]},{\"@type\":\"ImageObject\",\"inLanguage\":\"pt-PT\",\"@id\":\"https:\/\/portaltela.pt\/noticias\/2026\/01\/15\/polo-regional-do-new-european-bauhaus-liderado-pela-universidade-de-coimbra\/#primaryimage\",\"url\":\"https:\/\/portaltela.pt\/s.01k8rhncp4jt1\/2026\/01\/unnamed-file-3204.jpg\",\"contentUrl\":\"https:\/\/portaltela.pt\/s.01k8rhncp4jt1\/2026\/01\/unnamed-file-3204.jpg\",\"width\":796,\"height\":448,\"caption\":\"Lan\u00e7ado polo regional do New European Bauhaus liderado pela Universidade de Coimbra\"},{\"@type\":\"BreadcrumbList\",\"@id\":\"https:\/\/portaltela.pt\/noticias\/2026\/01\/15\/polo-regional-do-new-european-bauhaus-liderado-pela-universidade-de-coimbra\/#breadcrumb\",\"itemListElement\":[{\"@type\":\"ListItem\",\"position\":1,\"name\":\"In\u00edcio\",\"item\":\"https:\/\/portaltela.pt\/\"},{\"@type\":\"ListItem\",\"position\":2,\"name\":\"P\u00f3lo regional do New European Bauhaus, liderado pela Universidade de Coimbra\"}]},{\"@type\":\"WebSite\",\"@id\":\"https:\/\/portaltela.pt\/#website\",\"url\":\"https:\/\/portaltela.pt\/\",\"name\":\"Portal Tela Portugal\",\"description\":\"\",\"potentialAction\":[{\"@type\":\"SearchAction\",\"target\":{\"@type\":\"EntryPoint\",\"urlTemplate\":\"https:\/\/portaltela.pt\/?s={search_term_string}\"},\"query-input\":{\"@type\":\"PropertyValueSpecification\",\"valueRequired\":true,\"valueName\":\"search_term_string\"}}],\"inLanguage\":\"pt-PT\"},{\"@type\":\"Person\",\"@id\":\"https:\/\/portaltela.pt\/#\/schema\/person\/c4278d4a6028830caff9ee44b42d32ed\",\"name\":\"Telinha\",\"image\":{\"@type\":\"ImageObject\",\"inLanguage\":\"pt-PT\",\"@id\":\"https:\/\/portaltela.pt\/s.01k8rhncp4jt1\/2025\/11\/talking-bot-125x125.png\",\"url\":\"https:\/\/portaltela.pt\/s.01k8rhncp4jt1\/2025\/11\/talking-bot-125x125.png\",\"contentUrl\":\"https:\/\/portaltela.pt\/s.01k8rhncp4jt1\/2025\/11\/talking-bot-125x125.png\",\"caption\":\"Telinha\"},\"sameAs\":[\"https:\/\/portaltela.pt\/\"],\"url\":\"https:\/\/portaltela.pt\/por\/367410592786\/\"}]}<\/script>\n<!-- \/ Yoast SEO plugin. -->","yoast_head_json":{"title":"P\u00f3lo regional do New European Bauhaus, liderado pela Universidade de Coimbra - Portal Tela Portugal","robots":{"index":"index","follow":"follow","max-snippet":"max-snippet:-1","max-image-preview":"max-image-preview:large","max-video-preview":"max-video-preview:-1"},"og_locale":"pt_PT","og_type":"article","og_title":"P\u00f3lo regional do New European Bauhaus, liderado pela Universidade de Coimbra - Portal Tela Portugal","og_description":"Foi lan\u00e7ado esta semana o Coimbra Bauhaus Local Chapter, o polo regional do New European Bauhaus em Portugal, liderado pela Universidade de Coimbra. A Comiss\u00e3o Europeia j\u00e1 reconhece o polo como um dos treze polos regionais do New European Bauhaus, com foco em di\u00e1logo, cocria\u00e7\u00e3o e experimenta\u00e7\u00e3o \u00e0 escala territorial. O objetivo \u00e9 promover projetos que reconectem as comunidades com a natureza, reforcem o sentimento de perten\u00e7a e contribuam para meios-ambiente mais inclusivos, sustent\u00e1veis e belos na Regi\u00e3o de Coimbra. A UC j\u00e1 controla mais de sessenta projetos cooperativos e de investiga\u00e7\u00e3o que incorporam sustentabilidade, inclus\u00e3o e\/ou est\u00e9tica na transforma\u00e7\u00e3o urbana e cultural; o projeto CONVIVIUM recebeu, em 2024, tr\u00eas milh\u00f5es e quinhentos mil euros de financiamento comunit\u00e1rio. O Coimbra Bauhaus envolve a Comunidade Intermunicipal da Regi\u00e3o de Coimbra, o Itecons, o Jazz ao Centro Clube, a Bonae Spei, v\u00e1rios munic\u00edpios e a empresa Cleanwatts Digital como parceiros.","og_url":"https:\/\/portaltela.pt\/noticias\/2026\/01\/15\/polo-regional-do-new-european-bauhaus-liderado-pela-universidade-de-coimbra\/","og_site_name":"Portal Tela Portugal","article_published_time":"2026-01-15T12:03:39+00:00","author":"Telinha","twitter_card":"summary_large_image","twitter_misc":{"Escrito por":"Telinha","Tempo estimado de leitura":"2 minutos"},"schema":{"@context":"https:\/\/schema.org","@graph":[{"@type":"Article","@id":"https:\/\/portaltela.pt\/noticias\/2026\/01\/15\/polo-regional-do-new-european-bauhaus-liderado-pela-universidade-de-coimbra\/#article","isPartOf":{"@id":"https:\/\/portaltela.pt\/noticias\/2026\/01\/15\/polo-regional-do-new-european-bauhaus-liderado-pela-universidade-de-coimbra\/"},"author":{"name":"Telinha","@id":"https:\/\/portaltela.pt\/#\/schema\/person\/c4278d4a6028830caff9ee44b42d32ed"},"headline":"P\u00f3lo regional do New European Bauhaus, liderado pela Universidade de Coimbra","datePublished":"2026-01-15T12:03:39+00:00","mainEntityOfPage":{"@id":"https:\/\/portaltela.pt\/noticias\/2026\/01\/15\/polo-regional-do-new-european-bauhaus-liderado-pela-universidade-de-coimbra\/"},"wordCount":414,"image":{"@id":"https:\/\/portaltela.pt\/noticias\/2026\/01\/15\/polo-regional-do-new-european-bauhaus-liderado-pela-universidade-de-coimbra\/#primaryimage"},"thumbnailUrl":"https:\/\/portaltela.pt\/s.01k8rhncp4jt1\/2026\/01\/unnamed-file-3204.jpg","keywords":["ambiente","Coimbra","cultura","desenvolvimento sustent\u00e1vel","Mobilidade Urbana e Cidades Inteligentes","universidades"],"articleSection":["Not\u00edcias"],"inLanguage":"pt-PT"},{"@type":"WebPage","@id":"https:\/\/portaltela.pt\/noticias\/2026\/01\/15\/polo-regional-do-new-european-bauhaus-liderado-pela-universidade-de-coimbra\/","url":"https:\/\/portaltela.pt\/noticias\/2026\/01\/15\/polo-regional-do-new-european-bauhaus-liderado-pela-universidade-de-coimbra\/","name":"P\u00f3lo regional do New European Bauhaus, liderado pela Universidade de Coimbra - Portal Tela Portugal","isPartOf":{"@id":"https:\/\/portaltela.pt\/#website"},"primaryImageOfPage":{"@id":"https:\/\/portaltela.pt\/noticias\/2026\/01\/15\/polo-regional-do-new-european-bauhaus-liderado-pela-universidade-de-coimbra\/#primaryimage"},"image":{"@id":"https:\/\/portaltela.pt\/noticias\/2026\/01\/15\/polo-regional-do-new-european-bauhaus-liderado-pela-universidade-de-coimbra\/#primaryimage"},"thumbnailUrl":"https:\/\/portaltela.pt\/s.01k8rhncp4jt1\/2026\/01\/unnamed-file-3204.jpg","datePublished":"2026-01-15T12:03:39+00:00","author":{"@id":"https:\/\/portaltela.pt\/#\/schema\/person\/c4278d4a6028830caff9ee44b42d32ed"},"breadcrumb":{"@id":"https:\/\/portaltela.pt\/noticias\/2026\/01\/15\/polo-regional-do-new-european-bauhaus-liderado-pela-universidade-de-coimbra\/#breadcrumb"},"inLanguage":"pt-PT","potentialAction":[{"@type":"ReadAction","target":["https:\/\/portaltela.pt\/noticias\/2026\/01\/15\/polo-regional-do-new-european-bauhaus-liderado-pela-universidade-de-coimbra\/"]}]},{"@type":"ImageObject","inLanguage":"pt-PT","@id":"https:\/\/portaltela.pt\/noticias\/2026\/01\/15\/polo-regional-do-new-european-bauhaus-liderado-pela-universidade-de-coimbra\/#primaryimage","url":"https:\/\/portaltela.pt\/s.01k8rhncp4jt1\/2026\/01\/unnamed-file-3204.jpg","contentUrl":"https:\/\/portaltela.pt\/s.01k8rhncp4jt1\/2026\/01\/unnamed-file-3204.jpg","width":796,"height":448,"caption":"Lan\u00e7ado polo regional do New European Bauhaus liderado pela Universidade de Coimbra"},{"@type":"BreadcrumbList","@id":"https:\/\/portaltela.pt\/noticias\/2026\/01\/15\/polo-regional-do-new-european-bauhaus-liderado-pela-universidade-de-coimbra\/#breadcrumb","itemListElement":[{"@type":"ListItem","position":1,"name":"In\u00edcio","item":"https:\/\/portaltela.pt\/"},{"@type":"ListItem","position":2,"name":"P\u00f3lo regional do New European Bauhaus, liderado pela Universidade de Coimbra"}]},{"@type":"WebSite","@id":"https:\/\/portaltela.pt\/#website","url":"https:\/\/portaltela.pt\/","name":"Portal Tela Portugal","description":"","potentialAction":[{"@type":"SearchAction","target":{"@type":"EntryPoint","urlTemplate":"https:\/\/portaltela.pt\/?s={search_term_string}"},"query-input":{"@type":"PropertyValueSpecification","valueRequired":true,"valueName":"search_term_string"}}],"inLanguage":"pt-PT"},{"@type":"Person","@id":"https:\/\/portaltela.pt\/#\/schema\/person\/c4278d4a6028830caff9ee44b42d32ed","name":"Telinha","image":{"@type":"ImageObject","inLanguage":"pt-PT","@id":"https:\/\/portaltela.pt\/s.01k8rhncp4jt1\/2025\/11\/talking-bot-125x125.png","url":"https:\/\/portaltela.pt\/s.01k8rhncp4jt1\/2025\/11\/talking-bot-125x125.png","contentUrl":"https:\/\/portaltela.pt\/s.01k8rhncp4jt1\/2025\/11\/talking-bot-125x125.png","caption":"Telinha"},"sameAs":["https:\/\/portaltela.pt\/"],"url":"https:\/\/portaltela.pt\/por\/367410592786\/"}]}},"_links":{"self":[{"href":"https:\/\/portaltela.pt\/api\/wp\/v2\/posts\/144318","targetHints":{"allow":["GET"]}}],"collection":[{"href":"https:\/\/portaltela.pt\/api\/wp\/v2\/posts"}],"about":[{"href":"https:\/\/portaltela.pt\/api\/wp\/v2\/types\/post"}],"author":[{"embeddable":true,"href":"https:\/\/portaltela.pt\/api\/wp\/v2\/users\/2"}],"replies":[{"embeddable":true,"href":"https:\/\/portaltela.pt\/api\/wp\/v2\/comments?post=144318"}],"version-history":[{"count":0,"href":"https:\/\/portaltela.pt\/api\/wp\/v2\/posts\/144318\/revisions"}],"wp:featuredmedia":[{"embeddable":true,"href":"https:\/\/portaltela.pt\/api\/wp\/v2\/media\/144352"}],"wp:attachment":[{"href":"https:\/\/portaltela.pt\/api\/wp\/v2\/media?parent=144318"}],"wp:term":[{"taxonomy":"category","embeddable":true,"href":"https:\/\/portaltela.pt\/api\/wp\/v2\/categories?post=144318"},{"taxonomy":"post_tag","embeddable":true,"href":"https:\/\/portaltela.pt\/api\/wp\/v2\/tags?post=144318"}],"curies":[{"name":"wp","href":"https:\/\/api.w.org\/{rel}","templated":true}]}}