{"id":144249,"date":"2026-01-15T08:41:00","date_gmt":"2026-01-15T11:41:00","guid":{"rendered":"https:\/\/portaltela.pt\/noticias\/2026\/01\/15\/rejeitado-deixa-o-real-e-junta-se-ao-albacete\/"},"modified":"2026-01-15T08:41:00","modified_gmt":"2026-01-15T11:41:00","slug":"rejeitado-deixa-o-real-e-junta-se-ao-albacete","status":"publish","type":"post","link":"https:\/\/portaltela.pt\/desporto\/futebol\/2026\/01\/15\/rejeitado-deixa-o-real-e-junta-se-ao-albacete\/","title":{"rendered":"Rejeitado deixa o Real e junta-se ao Albacete"},"content":{"rendered":"<p>O Real Madrid caiu precocemente da Ta\u00e7a do Rei ao perder por 3-2 diante do Albacete, da segunda divis\u00e3o. A estreia de \u00c1lvaro Arbeloa no comando do clube terminou com uma derrota inesperada e uma elimina\u00e7\u00e3o que surpreendeu a equipa merengue.<\/p>\n<p>Jesus Vallejo, antigo prod\u00edgio do Sarago\u00e7a, viveu momentos dram\u00e1ticos. O defesa, j\u00e1 a atuar pelo Albacete, chorou ao final do jogo, demonstrando a emo\u00e7\u00e3o de vencer o antigo clube. Vallejo foi contratado pelo Real Madrid, mas n\u00e3o teve oportunidade de se afirmar naquele per\u00edodo.<\/p>\n<p>Vallejo, de 29 anos, mudou-se para o Albacete no in\u00edcio da \u00faltima \u00e9poca. Desde ent\u00e3o, tornou-se titular indiscut\u00edvel, somando 18 jogos e um golo. Mesmo n\u00e3o jogando nesta eliminat\u00f3ria, acompanhou a partida junto da equipa \u00e0 beira da linha lateral.<\/p>\n<h3>Vingan\u00e7a e emo\u00e7\u00e3o de Vallejo<\/h3>\n<p>Vallejo transferiu-se para o Albacete no ver\u00e3o passado, abrindo a possibilidade de uma revanche pessoal frente ao Real Madrid. A vit\u00f3ria do Albacete, com o t\u00edtulo de ex\u2011jogador, ficou marcada pela emo\u00e7\u00e3o do antigo talento merengue.<\/p>\n<p>A derrota para o Albacete n\u00e3o apenas eliminou o Real Madrid da Ta\u00e7a do Rei, mas tamb\u00e9m destacou a trajet\u00f3ria de Vallejo, que deixou o clube de origem h\u00e1 poucos meses. O jogo deu espa\u00e7o a mem\u00f3rias e a uma narrativa de supera\u00e7\u00e3o, sem conclus\u00f5es adicionais.<\/p>\n","protected":false},"excerpt":{"rendered":"<ul>\n<li>O Real Madrid foi eliminado da Ta\u00e7a do Rei pelo Albacete, derrotado por 3-2, numa estreia de pesadelo de \u00c1lvaro Arbeloa na lideran\u00e7a da equipa.<\/li>\n<li>Jesus Vallejo, antigo talento do Sarago\u00e7a, chorou no final do jogo, celebrando de forma emotiva a vit\u00f3ria do seu novo clube.<\/li>\n<li>Vallejo deixou o Real Madrid pela porta pequena no ver\u00e3o, transferindo-se para o Albacete, depois de uma passagem de dez anos pelo clube merengue.<\/li>\n<li>No Real Madrid, Vallejo disputou 35 jogos e marcou um golo, tendo passado por v\u00e1rios empr\u00e9stimos antes da venda ao Albacete.<\/li>\n<li>Em Albacete, o defesa de 29 anos tornou-se titular, j\u00e1 somando 18 jogos e 1 golo, e n\u00e3o p\u00f4de jogar por les\u00e3o, acompanhando a partida junto \u00e0 linha lateral.<\/li>\n<\/ul>\n","protected":false},"author":2,"featured_media":144254,"comment_status":"closed","ping_status":"closed","sticky":false,"template":"","format":"standard","meta":{"footnotes":""},"categories":[21,24],"tags":[2583,2960,152,2031,32,2714],"class_list":["post-144249","post","type-post","status-publish","format-standard","has-post-thumbnail","hentry","category-desporto","category-futebol","tag-albacete","tag-arbeloa","tag-desporto","tag-espanha","tag-futebol","tag-real-madrid"],"yoast_head":"<!-- This site is optimized with the Yoast SEO plugin v27.2 - https:\/\/yoast.com\/product\/yoast-seo-wordpress\/ -->\n<title>Rejeitado deixa o Real e junta-se ao Albacete - Portal Tela Portugal<\/title>\n<meta name=\"robots\" content=\"index, follow, max-snippet:-1, max-image-preview:large, max-video-preview:-1\" \/>\n<meta property=\"og:locale\" content=\"pt_PT\" \/>\n<meta property=\"og:type\" content=\"article\" \/>\n<meta property=\"og:title\" content=\"Rejeitado deixa o Real e junta-se ao Albacete - Portal Tela Portugal\" \/>\n<meta property=\"og:description\" content=\"O Real Madrid foi eliminado da Ta\u00e7a do Rei pelo Albacete, derrotado por 3-2, numa estreia de pesadelo de \u00c1lvaro Arbeloa na lideran\u00e7a da equipa. Jesus Vallejo, antigo talento do Sarago\u00e7a, chorou no final do jogo, celebrando de forma emotiva a vit\u00f3ria do seu novo clube. Vallejo deixou o Real Madrid pela porta pequena no ver\u00e3o, transferindo-se para o Albacete, depois de uma passagem de dez anos pelo clube merengue. No Real Madrid, Vallejo disputou 35 jogos e marcou um golo, tendo passado por v\u00e1rios empr\u00e9stimos antes da venda ao Albacete. Em Albacete, o defesa de 29 anos tornou-se titular, j\u00e1 somando 18 jogos e 1 golo, e n\u00e3o p\u00f4de jogar por les\u00e3o, acompanhando a partida junto \u00e0 linha lateral.\" \/>\n<meta property=\"og:url\" content=\"https:\/\/portaltela.pt\/noticias\/2026\/01\/15\/rejeitado-deixa-o-real-e-junta-se-ao-albacete\/\" \/>\n<meta property=\"og:site_name\" content=\"Portal Tela Portugal\" \/>\n<meta property=\"article:published_time\" content=\"2026-01-15T11:41:00+00:00\" \/>\n<meta name=\"author\" content=\"Telinha\" \/>\n<meta name=\"twitter:card\" content=\"summary_large_image\" \/>\n<meta name=\"twitter:label1\" content=\"Escrito por\" \/>\n\t<meta name=\"twitter:data1\" content=\"Telinha\" \/>\n\t<meta name=\"twitter:label2\" content=\"Tempo estimado de leitura\" \/>\n\t<meta name=\"twitter:data2\" content=\"1 minuto\" \/>\n<script type=\"application\/ld+json\" class=\"yoast-schema-graph\">{\"@context\":\"https:\/\/schema.org\",\"@graph\":[{\"@type\":\"Article\",\"@id\":\"https:\/\/portaltela.pt\/noticias\/2026\/01\/15\/rejeitado-deixa-o-real-e-junta-se-ao-albacete\/#article\",\"isPartOf\":{\"@id\":\"https:\/\/portaltela.pt\/noticias\/2026\/01\/15\/rejeitado-deixa-o-real-e-junta-se-ao-albacete\/\"},\"author\":{\"name\":\"Telinha\",\"@id\":\"https:\/\/portaltela.pt\/#\/schema\/person\/c4278d4a6028830caff9ee44b42d32ed\"},\"headline\":\"Rejeitado deixa o Real e junta-se ao Albacete\",\"datePublished\":\"2026-01-15T11:41:00+00:00\",\"mainEntityOfPage\":{\"@id\":\"https:\/\/portaltela.pt\/noticias\/2026\/01\/15\/rejeitado-deixa-o-real-e-junta-se-ao-albacete\/\"},\"wordCount\":246,\"image\":{\"@id\":\"https:\/\/portaltela.pt\/noticias\/2026\/01\/15\/rejeitado-deixa-o-real-e-junta-se-ao-albacete\/#primaryimage\"},\"thumbnailUrl\":\"https:\/\/portaltela.pt\/s.01k8rhncp4jt1\/2026\/01\/c3a64a21-c4ea-41da-89e5-bdd4f6837664.jpg\",\"keywords\":[\"Albacete\",\"Arbeloa\",\"desporto\",\"Espanha\",\"futebol\",\"Real Madrid\"],\"articleSection\":[\"Desporto\",\"Futebol\"],\"inLanguage\":\"pt-PT\"},{\"@type\":\"WebPage\",\"@id\":\"https:\/\/portaltela.pt\/noticias\/2026\/01\/15\/rejeitado-deixa-o-real-e-junta-se-ao-albacete\/\",\"url\":\"https:\/\/portaltela.pt\/noticias\/2026\/01\/15\/rejeitado-deixa-o-real-e-junta-se-ao-albacete\/\",\"name\":\"Rejeitado deixa o Real e junta-se ao Albacete - Portal Tela Portugal\",\"isPartOf\":{\"@id\":\"https:\/\/portaltela.pt\/#website\"},\"primaryImageOfPage\":{\"@id\":\"https:\/\/portaltela.pt\/noticias\/2026\/01\/15\/rejeitado-deixa-o-real-e-junta-se-ao-albacete\/#primaryimage\"},\"image\":{\"@id\":\"https:\/\/portaltela.pt\/noticias\/2026\/01\/15\/rejeitado-deixa-o-real-e-junta-se-ao-albacete\/#primaryimage\"},\"thumbnailUrl\":\"https:\/\/portaltela.pt\/s.01k8rhncp4jt1\/2026\/01\/c3a64a21-c4ea-41da-89e5-bdd4f6837664.jpg\",\"datePublished\":\"2026-01-15T11:41:00+00:00\",\"author\":{\"@id\":\"https:\/\/portaltela.pt\/#\/schema\/person\/c4278d4a6028830caff9ee44b42d32ed\"},\"breadcrumb\":{\"@id\":\"https:\/\/portaltela.pt\/noticias\/2026\/01\/15\/rejeitado-deixa-o-real-e-junta-se-ao-albacete\/#breadcrumb\"},\"inLanguage\":\"pt-PT\",\"potentialAction\":[{\"@type\":\"ReadAction\",\"target\":[\"https:\/\/portaltela.pt\/noticias\/2026\/01\/15\/rejeitado-deixa-o-real-e-junta-se-ao-albacete\/\"]}]},{\"@type\":\"ImageObject\",\"inLanguage\":\"pt-PT\",\"@id\":\"https:\/\/portaltela.pt\/noticias\/2026\/01\/15\/rejeitado-deixa-o-real-e-junta-se-ao-albacete\/#primaryimage\",\"url\":\"https:\/\/portaltela.pt\/s.01k8rhncp4jt1\/2026\/01\/c3a64a21-c4ea-41da-89e5-bdd4f6837664.jpg\",\"contentUrl\":\"https:\/\/portaltela.pt\/s.01k8rhncp4jt1\/2026\/01\/c3a64a21-c4ea-41da-89e5-bdd4f6837664.jpg\",\"width\":796,\"height\":448,\"caption\":\"A emo\u00e7\u00e3o de Jesus Vallejo\"},{\"@type\":\"BreadcrumbList\",\"@id\":\"https:\/\/portaltela.pt\/noticias\/2026\/01\/15\/rejeitado-deixa-o-real-e-junta-se-ao-albacete\/#breadcrumb\",\"itemListElement\":[{\"@type\":\"ListItem\",\"position\":1,\"name\":\"In\u00edcio\",\"item\":\"https:\/\/portaltela.pt\/\"},{\"@type\":\"ListItem\",\"position\":2,\"name\":\"Rejeitado deixa o Real e junta-se ao Albacete\"}]},{\"@type\":\"WebSite\",\"@id\":\"https:\/\/portaltela.pt\/#website\",\"url\":\"https:\/\/portaltela.pt\/\",\"name\":\"Portal Tela Portugal\",\"description\":\"\",\"potentialAction\":[{\"@type\":\"SearchAction\",\"target\":{\"@type\":\"EntryPoint\",\"urlTemplate\":\"https:\/\/portaltela.pt\/?s={search_term_string}\"},\"query-input\":{\"@type\":\"PropertyValueSpecification\",\"valueRequired\":true,\"valueName\":\"search_term_string\"}}],\"inLanguage\":\"pt-PT\"},{\"@type\":\"Person\",\"@id\":\"https:\/\/portaltela.pt\/#\/schema\/person\/c4278d4a6028830caff9ee44b42d32ed\",\"name\":\"Telinha\",\"image\":{\"@type\":\"ImageObject\",\"inLanguage\":\"pt-PT\",\"@id\":\"https:\/\/portaltela.pt\/s.01k8rhncp4jt1\/2025\/11\/talking-bot-125x125.png\",\"url\":\"https:\/\/portaltela.pt\/s.01k8rhncp4jt1\/2025\/11\/talking-bot-125x125.png\",\"contentUrl\":\"https:\/\/portaltela.pt\/s.01k8rhncp4jt1\/2025\/11\/talking-bot-125x125.png\",\"caption\":\"Telinha\"},\"sameAs\":[\"https:\/\/portaltela.pt\/\"],\"url\":\"https:\/\/portaltela.pt\/por\/367410592786\/\"}]}<\/script>\n<!-- \/ Yoast SEO plugin. -->","yoast_head_json":{"title":"Rejeitado deixa o Real e junta-se ao Albacete - Portal Tela Portugal","robots":{"index":"index","follow":"follow","max-snippet":"max-snippet:-1","max-image-preview":"max-image-preview:large","max-video-preview":"max-video-preview:-1"},"og_locale":"pt_PT","og_type":"article","og_title":"Rejeitado deixa o Real e junta-se ao Albacete - Portal Tela Portugal","og_description":"O Real Madrid foi eliminado da Ta\u00e7a do Rei pelo Albacete, derrotado por 3-2, numa estreia de pesadelo de \u00c1lvaro Arbeloa na lideran\u00e7a da equipa. Jesus Vallejo, antigo talento do Sarago\u00e7a, chorou no final do jogo, celebrando de forma emotiva a vit\u00f3ria do seu novo clube. Vallejo deixou o Real Madrid pela porta pequena no ver\u00e3o, transferindo-se para o Albacete, depois de uma passagem de dez anos pelo clube merengue. No Real Madrid, Vallejo disputou 35 jogos e marcou um golo, tendo passado por v\u00e1rios empr\u00e9stimos antes da venda ao Albacete. Em Albacete, o defesa de 29 anos tornou-se titular, j\u00e1 somando 18 jogos e 1 golo, e n\u00e3o p\u00f4de jogar por les\u00e3o, acompanhando a partida junto \u00e0 linha lateral.","og_url":"https:\/\/portaltela.pt\/noticias\/2026\/01\/15\/rejeitado-deixa-o-real-e-junta-se-ao-albacete\/","og_site_name":"Portal Tela Portugal","article_published_time":"2026-01-15T11:41:00+00:00","author":"Telinha","twitter_card":"summary_large_image","twitter_misc":{"Escrito por":"Telinha","Tempo estimado de leitura":"1 minuto"},"schema":{"@context":"https:\/\/schema.org","@graph":[{"@type":"Article","@id":"https:\/\/portaltela.pt\/noticias\/2026\/01\/15\/rejeitado-deixa-o-real-e-junta-se-ao-albacete\/#article","isPartOf":{"@id":"https:\/\/portaltela.pt\/noticias\/2026\/01\/15\/rejeitado-deixa-o-real-e-junta-se-ao-albacete\/"},"author":{"name":"Telinha","@id":"https:\/\/portaltela.pt\/#\/schema\/person\/c4278d4a6028830caff9ee44b42d32ed"},"headline":"Rejeitado deixa o Real e junta-se ao Albacete","datePublished":"2026-01-15T11:41:00+00:00","mainEntityOfPage":{"@id":"https:\/\/portaltela.pt\/noticias\/2026\/01\/15\/rejeitado-deixa-o-real-e-junta-se-ao-albacete\/"},"wordCount":246,"image":{"@id":"https:\/\/portaltela.pt\/noticias\/2026\/01\/15\/rejeitado-deixa-o-real-e-junta-se-ao-albacete\/#primaryimage"},"thumbnailUrl":"https:\/\/portaltela.pt\/s.01k8rhncp4jt1\/2026\/01\/c3a64a21-c4ea-41da-89e5-bdd4f6837664.jpg","keywords":["Albacete","Arbeloa","desporto","Espanha","futebol","Real Madrid"],"articleSection":["Desporto","Futebol"],"inLanguage":"pt-PT"},{"@type":"WebPage","@id":"https:\/\/portaltela.pt\/noticias\/2026\/01\/15\/rejeitado-deixa-o-real-e-junta-se-ao-albacete\/","url":"https:\/\/portaltela.pt\/noticias\/2026\/01\/15\/rejeitado-deixa-o-real-e-junta-se-ao-albacete\/","name":"Rejeitado deixa o Real e junta-se ao Albacete - Portal Tela Portugal","isPartOf":{"@id":"https:\/\/portaltela.pt\/#website"},"primaryImageOfPage":{"@id":"https:\/\/portaltela.pt\/noticias\/2026\/01\/15\/rejeitado-deixa-o-real-e-junta-se-ao-albacete\/#primaryimage"},"image":{"@id":"https:\/\/portaltela.pt\/noticias\/2026\/01\/15\/rejeitado-deixa-o-real-e-junta-se-ao-albacete\/#primaryimage"},"thumbnailUrl":"https:\/\/portaltela.pt\/s.01k8rhncp4jt1\/2026\/01\/c3a64a21-c4ea-41da-89e5-bdd4f6837664.jpg","datePublished":"2026-01-15T11:41:00+00:00","author":{"@id":"https:\/\/portaltela.pt\/#\/schema\/person\/c4278d4a6028830caff9ee44b42d32ed"},"breadcrumb":{"@id":"https:\/\/portaltela.pt\/noticias\/2026\/01\/15\/rejeitado-deixa-o-real-e-junta-se-ao-albacete\/#breadcrumb"},"inLanguage":"pt-PT","potentialAction":[{"@type":"ReadAction","target":["https:\/\/portaltela.pt\/noticias\/2026\/01\/15\/rejeitado-deixa-o-real-e-junta-se-ao-albacete\/"]}]},{"@type":"ImageObject","inLanguage":"pt-PT","@id":"https:\/\/portaltela.pt\/noticias\/2026\/01\/15\/rejeitado-deixa-o-real-e-junta-se-ao-albacete\/#primaryimage","url":"https:\/\/portaltela.pt\/s.01k8rhncp4jt1\/2026\/01\/c3a64a21-c4ea-41da-89e5-bdd4f6837664.jpg","contentUrl":"https:\/\/portaltela.pt\/s.01k8rhncp4jt1\/2026\/01\/c3a64a21-c4ea-41da-89e5-bdd4f6837664.jpg","width":796,"height":448,"caption":"A emo\u00e7\u00e3o de Jesus Vallejo"},{"@type":"BreadcrumbList","@id":"https:\/\/portaltela.pt\/noticias\/2026\/01\/15\/rejeitado-deixa-o-real-e-junta-se-ao-albacete\/#breadcrumb","itemListElement":[{"@type":"ListItem","position":1,"name":"In\u00edcio","item":"https:\/\/portaltela.pt\/"},{"@type":"ListItem","position":2,"name":"Rejeitado deixa o Real e junta-se ao Albacete"}]},{"@type":"WebSite","@id":"https:\/\/portaltela.pt\/#website","url":"https:\/\/portaltela.pt\/","name":"Portal Tela Portugal","description":"","potentialAction":[{"@type":"SearchAction","target":{"@type":"EntryPoint","urlTemplate":"https:\/\/portaltela.pt\/?s={search_term_string}"},"query-input":{"@type":"PropertyValueSpecification","valueRequired":true,"valueName":"search_term_string"}}],"inLanguage":"pt-PT"},{"@type":"Person","@id":"https:\/\/portaltela.pt\/#\/schema\/person\/c4278d4a6028830caff9ee44b42d32ed","name":"Telinha","image":{"@type":"ImageObject","inLanguage":"pt-PT","@id":"https:\/\/portaltela.pt\/s.01k8rhncp4jt1\/2025\/11\/talking-bot-125x125.png","url":"https:\/\/portaltela.pt\/s.01k8rhncp4jt1\/2025\/11\/talking-bot-125x125.png","contentUrl":"https:\/\/portaltela.pt\/s.01k8rhncp4jt1\/2025\/11\/talking-bot-125x125.png","caption":"Telinha"},"sameAs":["https:\/\/portaltela.pt\/"],"url":"https:\/\/portaltela.pt\/por\/367410592786\/"}]}},"_links":{"self":[{"href":"https:\/\/portaltela.pt\/api\/wp\/v2\/posts\/144249","targetHints":{"allow":["GET"]}}],"collection":[{"href":"https:\/\/portaltela.pt\/api\/wp\/v2\/posts"}],"about":[{"href":"https:\/\/portaltela.pt\/api\/wp\/v2\/types\/post"}],"author":[{"embeddable":true,"href":"https:\/\/portaltela.pt\/api\/wp\/v2\/users\/2"}],"replies":[{"embeddable":true,"href":"https:\/\/portaltela.pt\/api\/wp\/v2\/comments?post=144249"}],"version-history":[{"count":0,"href":"https:\/\/portaltela.pt\/api\/wp\/v2\/posts\/144249\/revisions"}],"wp:featuredmedia":[{"embeddable":true,"href":"https:\/\/portaltela.pt\/api\/wp\/v2\/media\/144254"}],"wp:attachment":[{"href":"https:\/\/portaltela.pt\/api\/wp\/v2\/media?parent=144249"}],"wp:term":[{"taxonomy":"category","embeddable":true,"href":"https:\/\/portaltela.pt\/api\/wp\/v2\/categories?post=144249"},{"taxonomy":"post_tag","embeddable":true,"href":"https:\/\/portaltela.pt\/api\/wp\/v2\/tags?post=144249"}],"curies":[{"name":"wp","href":"https:\/\/api.w.org\/{rel}","templated":true}]}}