{"id":144186,"date":"2026-01-15T08:31:12","date_gmt":"2026-01-15T11:31:12","guid":{"rendered":"https:\/\/portaltela.pt\/noticias\/2026\/01\/15\/bruno-santos-na-11-a-etapa-do-dakar-velocidade-foi-muito-alta\/"},"modified":"2026-01-15T08:31:12","modified_gmt":"2026-01-15T11:31:12","slug":"bruno-santos-na-11-a-etapa-do-dakar-velocidade-foi-muito-alta","status":"publish","type":"post","link":"https:\/\/portaltela.pt\/desporto\/2026\/01\/15\/bruno-santos-na-11-a-etapa-do-dakar-velocidade-foi-muito-alta\/","title":{"rendered":"Bruno Santos na 11.\u00aa etapa do Dakar: velocidade foi muito alta"},"content":{"rendered":"<p>Bruno Santos participou nesta quinta-feira na 11\u00aa etapa do Dakar Rally 2026. A tirada teve 347 quil\u00f3metros cronometrados, num percurso complexo que exigiu concentra\u00e7\u00e3o e estrat\u00e9gia.<\/p>\n<p>O piloto apoiado pelas Frutas Patr\u00edcia Pilar corre com uma Husqvarna 450 Rally e terminou a etapa no 7\u00ba lugar na classe Rally2, mantendo a 17\u00aa posi\u00e7\u00e3o na classifica\u00e7\u00e3o geral.<\/p>\n<p>Amanh\u00e3, a caravana dirige-se a Yanbu, ap\u00f3s cumprirem 310 km cronometrados numa especial que mistura trechos r\u00e1pidos com tro\u00e7os sinuosos e estreitos.<\/p>\n","protected":false},"excerpt":{"rendered":"<ul>\n<li>Bruno Santos concluiu a 11.\u00aa etapa do Dakar Rally 2026, numa jornada de 347 quil\u00f3metros cronometrados.<\/li>\n<li>O piloto, com apoio das Frutas Patr\u00edcia Pilar e a bordo de uma Husqvarna 450 Rally, est\u00e1 7.\u00ba no Rally2 e 17.\u00ba na classifica\u00e7\u00e3o geral.<\/li>\n<li>A prova entra na fase de contagem decrescente para a 48.\u00aa edi\u00e7\u00e3o do rali.<\/li>\n<li>Amanh\u00e3, a caravana dirige-se a Yanbu, ap\u00f3s terem sido cumpridos 310 quil\u00f3metros cronometrados numa especial r\u00e1pida que alterna com tro\u00e7os sinuosos e estreitos.<\/li>\n<\/ul>\n","protected":false},"author":2,"featured_media":144200,"comment_status":"closed","ping_status":"closed","sticky":false,"template":"","format":"standard","meta":{"footnotes":""},"categories":[21],"tags":[152,2467,3144,3135],"class_list":["post-144186","post","type-post","status-publish","format-standard","has-post-thumbnail","hentry","category-desporto","tag-desporto","tag-desportos-motorizados","tag-rally-2","tag-rally2"],"yoast_head":"<!-- This site is optimized with the Yoast SEO plugin v27.2 - https:\/\/yoast.com\/product\/yoast-seo-wordpress\/ -->\n<title>Bruno Santos na 11.\u00aa etapa do Dakar: velocidade foi muito alta - Portal Tela Portugal<\/title>\n<meta name=\"robots\" content=\"index, follow, max-snippet:-1, max-image-preview:large, max-video-preview:-1\" \/>\n<meta property=\"og:locale\" content=\"pt_PT\" \/>\n<meta property=\"og:type\" content=\"article\" \/>\n<meta property=\"og:title\" content=\"Bruno Santos na 11.\u00aa etapa do Dakar: velocidade foi muito alta - Portal Tela Portugal\" \/>\n<meta property=\"og:description\" content=\"Bruno Santos concluiu a 11.\u00aa etapa do Dakar Rally 2026, numa jornada de 347 quil\u00f3metros cronometrados. O piloto, com apoio das Frutas Patr\u00edcia Pilar e a bordo de uma Husqvarna 450 Rally, est\u00e1 7.\u00ba no Rally2 e 17.\u00ba na classifica\u00e7\u00e3o geral. A prova entra na fase de contagem decrescente para a 48.\u00aa edi\u00e7\u00e3o do rali. Amanh\u00e3, a caravana dirige-se a Yanbu, ap\u00f3s terem sido cumpridos 310 quil\u00f3metros cronometrados numa especial r\u00e1pida que alterna com tro\u00e7os sinuosos e estreitos.\" \/>\n<meta property=\"og:url\" content=\"https:\/\/portaltela.pt\/noticias\/2026\/01\/15\/bruno-santos-na-11-a-etapa-do-dakar-velocidade-foi-muito-alta\/\" \/>\n<meta property=\"og:site_name\" content=\"Portal Tela Portugal\" \/>\n<meta property=\"article:published_time\" content=\"2026-01-15T11:31:12+00:00\" \/>\n<meta name=\"author\" content=\"Telinha\" \/>\n<meta name=\"twitter:card\" content=\"summary_large_image\" \/>\n<meta name=\"twitter:label1\" content=\"Escrito por\" \/>\n\t<meta name=\"twitter:data1\" content=\"Telinha\" \/>\n<script type=\"application\/ld+json\" class=\"yoast-schema-graph\">{\"@context\":\"https:\/\/schema.org\",\"@graph\":[{\"@type\":\"Article\",\"@id\":\"https:\/\/portaltela.pt\/noticias\/2026\/01\/15\/bruno-santos-na-11-a-etapa-do-dakar-velocidade-foi-muito-alta\/#article\",\"isPartOf\":{\"@id\":\"https:\/\/portaltela.pt\/noticias\/2026\/01\/15\/bruno-santos-na-11-a-etapa-do-dakar-velocidade-foi-muito-alta\/\"},\"author\":{\"name\":\"Telinha\",\"@id\":\"https:\/\/portaltela.pt\/#\/schema\/person\/c4278d4a6028830caff9ee44b42d32ed\"},\"headline\":\"Bruno Santos na 11.\u00aa etapa do Dakar: velocidade foi muito alta\",\"datePublished\":\"2026-01-15T11:31:12+00:00\",\"mainEntityOfPage\":{\"@id\":\"https:\/\/portaltela.pt\/noticias\/2026\/01\/15\/bruno-santos-na-11-a-etapa-do-dakar-velocidade-foi-muito-alta\/\"},\"wordCount\":90,\"image\":{\"@id\":\"https:\/\/portaltela.pt\/noticias\/2026\/01\/15\/bruno-santos-na-11-a-etapa-do-dakar-velocidade-foi-muito-alta\/#primaryimage\"},\"thumbnailUrl\":\"https:\/\/portaltela.pt\/s.01k8rhncp4jt1\/2026\/01\/img_1200x721uu2026-01-15-11-28-11-2414889.jpg\",\"keywords\":[\"desporto\",\"Desportos Motorizados\",\"Rally 2\",\"Rally2\"],\"articleSection\":[\"Desporto\"],\"inLanguage\":\"pt-PT\"},{\"@type\":\"WebPage\",\"@id\":\"https:\/\/portaltela.pt\/noticias\/2026\/01\/15\/bruno-santos-na-11-a-etapa-do-dakar-velocidade-foi-muito-alta\/\",\"url\":\"https:\/\/portaltela.pt\/noticias\/2026\/01\/15\/bruno-santos-na-11-a-etapa-do-dakar-velocidade-foi-muito-alta\/\",\"name\":\"Bruno Santos na 11.\u00aa etapa do Dakar: velocidade foi muito alta - Portal Tela Portugal\",\"isPartOf\":{\"@id\":\"https:\/\/portaltela.pt\/#website\"},\"primaryImageOfPage\":{\"@id\":\"https:\/\/portaltela.pt\/noticias\/2026\/01\/15\/bruno-santos-na-11-a-etapa-do-dakar-velocidade-foi-muito-alta\/#primaryimage\"},\"image\":{\"@id\":\"https:\/\/portaltela.pt\/noticias\/2026\/01\/15\/bruno-santos-na-11-a-etapa-do-dakar-velocidade-foi-muito-alta\/#primaryimage\"},\"thumbnailUrl\":\"https:\/\/portaltela.pt\/s.01k8rhncp4jt1\/2026\/01\/img_1200x721uu2026-01-15-11-28-11-2414889.jpg\",\"datePublished\":\"2026-01-15T11:31:12+00:00\",\"author\":{\"@id\":\"https:\/\/portaltela.pt\/#\/schema\/person\/c4278d4a6028830caff9ee44b42d32ed\"},\"breadcrumb\":{\"@id\":\"https:\/\/portaltela.pt\/noticias\/2026\/01\/15\/bruno-santos-na-11-a-etapa-do-dakar-velocidade-foi-muito-alta\/#breadcrumb\"},\"inLanguage\":\"pt-PT\",\"potentialAction\":[{\"@type\":\"ReadAction\",\"target\":[\"https:\/\/portaltela.pt\/noticias\/2026\/01\/15\/bruno-santos-na-11-a-etapa-do-dakar-velocidade-foi-muito-alta\/\"]}]},{\"@type\":\"ImageObject\",\"inLanguage\":\"pt-PT\",\"@id\":\"https:\/\/portaltela.pt\/noticias\/2026\/01\/15\/bruno-santos-na-11-a-etapa-do-dakar-velocidade-foi-muito-alta\/#primaryimage\",\"url\":\"https:\/\/portaltela.pt\/s.01k8rhncp4jt1\/2026\/01\/img_1200x721uu2026-01-15-11-28-11-2414889.jpg\",\"contentUrl\":\"https:\/\/portaltela.pt\/s.01k8rhncp4jt1\/2026\/01\/img_1200x721uu2026-01-15-11-28-11-2414889.jpg\",\"width\":796,\"height\":448,\"caption\":\"Bruno Santos na 11.\u00aa etapa do Dakar: \u00abVelocidade foi muito alta\u00bb\"},{\"@type\":\"BreadcrumbList\",\"@id\":\"https:\/\/portaltela.pt\/noticias\/2026\/01\/15\/bruno-santos-na-11-a-etapa-do-dakar-velocidade-foi-muito-alta\/#breadcrumb\",\"itemListElement\":[{\"@type\":\"ListItem\",\"position\":1,\"name\":\"In\u00edcio\",\"item\":\"https:\/\/portaltela.pt\/\"},{\"@type\":\"ListItem\",\"position\":2,\"name\":\"Bruno Santos na 11.\u00aa etapa do Dakar: velocidade foi muito alta\"}]},{\"@type\":\"WebSite\",\"@id\":\"https:\/\/portaltela.pt\/#website\",\"url\":\"https:\/\/portaltela.pt\/\",\"name\":\"Portal Tela Portugal\",\"description\":\"\",\"potentialAction\":[{\"@type\":\"SearchAction\",\"target\":{\"@type\":\"EntryPoint\",\"urlTemplate\":\"https:\/\/portaltela.pt\/?s={search_term_string}\"},\"query-input\":{\"@type\":\"PropertyValueSpecification\",\"valueRequired\":true,\"valueName\":\"search_term_string\"}}],\"inLanguage\":\"pt-PT\"},{\"@type\":\"Person\",\"@id\":\"https:\/\/portaltela.pt\/#\/schema\/person\/c4278d4a6028830caff9ee44b42d32ed\",\"name\":\"Telinha\",\"image\":{\"@type\":\"ImageObject\",\"inLanguage\":\"pt-PT\",\"@id\":\"https:\/\/portaltela.pt\/s.01k8rhncp4jt1\/2025\/11\/talking-bot-125x125.png\",\"url\":\"https:\/\/portaltela.pt\/s.01k8rhncp4jt1\/2025\/11\/talking-bot-125x125.png\",\"contentUrl\":\"https:\/\/portaltela.pt\/s.01k8rhncp4jt1\/2025\/11\/talking-bot-125x125.png\",\"caption\":\"Telinha\"},\"sameAs\":[\"https:\/\/portaltela.pt\/\"],\"url\":\"https:\/\/portaltela.pt\/por\/367410592786\/\"}]}<\/script>\n<!-- \/ Yoast SEO plugin. -->","yoast_head_json":{"title":"Bruno Santos na 11.\u00aa etapa do Dakar: velocidade foi muito alta - Portal Tela Portugal","robots":{"index":"index","follow":"follow","max-snippet":"max-snippet:-1","max-image-preview":"max-image-preview:large","max-video-preview":"max-video-preview:-1"},"og_locale":"pt_PT","og_type":"article","og_title":"Bruno Santos na 11.\u00aa etapa do Dakar: velocidade foi muito alta - Portal Tela Portugal","og_description":"Bruno Santos concluiu a 11.\u00aa etapa do Dakar Rally 2026, numa jornada de 347 quil\u00f3metros cronometrados. O piloto, com apoio das Frutas Patr\u00edcia Pilar e a bordo de uma Husqvarna 450 Rally, est\u00e1 7.\u00ba no Rally2 e 17.\u00ba na classifica\u00e7\u00e3o geral. A prova entra na fase de contagem decrescente para a 48.\u00aa edi\u00e7\u00e3o do rali. Amanh\u00e3, a caravana dirige-se a Yanbu, ap\u00f3s terem sido cumpridos 310 quil\u00f3metros cronometrados numa especial r\u00e1pida que alterna com tro\u00e7os sinuosos e estreitos.","og_url":"https:\/\/portaltela.pt\/noticias\/2026\/01\/15\/bruno-santos-na-11-a-etapa-do-dakar-velocidade-foi-muito-alta\/","og_site_name":"Portal Tela Portugal","article_published_time":"2026-01-15T11:31:12+00:00","author":"Telinha","twitter_card":"summary_large_image","twitter_misc":{"Escrito por":"Telinha"},"schema":{"@context":"https:\/\/schema.org","@graph":[{"@type":"Article","@id":"https:\/\/portaltela.pt\/noticias\/2026\/01\/15\/bruno-santos-na-11-a-etapa-do-dakar-velocidade-foi-muito-alta\/#article","isPartOf":{"@id":"https:\/\/portaltela.pt\/noticias\/2026\/01\/15\/bruno-santos-na-11-a-etapa-do-dakar-velocidade-foi-muito-alta\/"},"author":{"name":"Telinha","@id":"https:\/\/portaltela.pt\/#\/schema\/person\/c4278d4a6028830caff9ee44b42d32ed"},"headline":"Bruno Santos na 11.\u00aa etapa do Dakar: velocidade foi muito alta","datePublished":"2026-01-15T11:31:12+00:00","mainEntityOfPage":{"@id":"https:\/\/portaltela.pt\/noticias\/2026\/01\/15\/bruno-santos-na-11-a-etapa-do-dakar-velocidade-foi-muito-alta\/"},"wordCount":90,"image":{"@id":"https:\/\/portaltela.pt\/noticias\/2026\/01\/15\/bruno-santos-na-11-a-etapa-do-dakar-velocidade-foi-muito-alta\/#primaryimage"},"thumbnailUrl":"https:\/\/portaltela.pt\/s.01k8rhncp4jt1\/2026\/01\/img_1200x721uu2026-01-15-11-28-11-2414889.jpg","keywords":["desporto","Desportos Motorizados","Rally 2","Rally2"],"articleSection":["Desporto"],"inLanguage":"pt-PT"},{"@type":"WebPage","@id":"https:\/\/portaltela.pt\/noticias\/2026\/01\/15\/bruno-santos-na-11-a-etapa-do-dakar-velocidade-foi-muito-alta\/","url":"https:\/\/portaltela.pt\/noticias\/2026\/01\/15\/bruno-santos-na-11-a-etapa-do-dakar-velocidade-foi-muito-alta\/","name":"Bruno Santos na 11.\u00aa etapa do Dakar: velocidade foi muito alta - Portal Tela Portugal","isPartOf":{"@id":"https:\/\/portaltela.pt\/#website"},"primaryImageOfPage":{"@id":"https:\/\/portaltela.pt\/noticias\/2026\/01\/15\/bruno-santos-na-11-a-etapa-do-dakar-velocidade-foi-muito-alta\/#primaryimage"},"image":{"@id":"https:\/\/portaltela.pt\/noticias\/2026\/01\/15\/bruno-santos-na-11-a-etapa-do-dakar-velocidade-foi-muito-alta\/#primaryimage"},"thumbnailUrl":"https:\/\/portaltela.pt\/s.01k8rhncp4jt1\/2026\/01\/img_1200x721uu2026-01-15-11-28-11-2414889.jpg","datePublished":"2026-01-15T11:31:12+00:00","author":{"@id":"https:\/\/portaltela.pt\/#\/schema\/person\/c4278d4a6028830caff9ee44b42d32ed"},"breadcrumb":{"@id":"https:\/\/portaltela.pt\/noticias\/2026\/01\/15\/bruno-santos-na-11-a-etapa-do-dakar-velocidade-foi-muito-alta\/#breadcrumb"},"inLanguage":"pt-PT","potentialAction":[{"@type":"ReadAction","target":["https:\/\/portaltela.pt\/noticias\/2026\/01\/15\/bruno-santos-na-11-a-etapa-do-dakar-velocidade-foi-muito-alta\/"]}]},{"@type":"ImageObject","inLanguage":"pt-PT","@id":"https:\/\/portaltela.pt\/noticias\/2026\/01\/15\/bruno-santos-na-11-a-etapa-do-dakar-velocidade-foi-muito-alta\/#primaryimage","url":"https:\/\/portaltela.pt\/s.01k8rhncp4jt1\/2026\/01\/img_1200x721uu2026-01-15-11-28-11-2414889.jpg","contentUrl":"https:\/\/portaltela.pt\/s.01k8rhncp4jt1\/2026\/01\/img_1200x721uu2026-01-15-11-28-11-2414889.jpg","width":796,"height":448,"caption":"Bruno Santos na 11.\u00aa etapa do Dakar: \u00abVelocidade foi muito alta\u00bb"},{"@type":"BreadcrumbList","@id":"https:\/\/portaltela.pt\/noticias\/2026\/01\/15\/bruno-santos-na-11-a-etapa-do-dakar-velocidade-foi-muito-alta\/#breadcrumb","itemListElement":[{"@type":"ListItem","position":1,"name":"In\u00edcio","item":"https:\/\/portaltela.pt\/"},{"@type":"ListItem","position":2,"name":"Bruno Santos na 11.\u00aa etapa do Dakar: velocidade foi muito alta"}]},{"@type":"WebSite","@id":"https:\/\/portaltela.pt\/#website","url":"https:\/\/portaltela.pt\/","name":"Portal Tela Portugal","description":"","potentialAction":[{"@type":"SearchAction","target":{"@type":"EntryPoint","urlTemplate":"https:\/\/portaltela.pt\/?s={search_term_string}"},"query-input":{"@type":"PropertyValueSpecification","valueRequired":true,"valueName":"search_term_string"}}],"inLanguage":"pt-PT"},{"@type":"Person","@id":"https:\/\/portaltela.pt\/#\/schema\/person\/c4278d4a6028830caff9ee44b42d32ed","name":"Telinha","image":{"@type":"ImageObject","inLanguage":"pt-PT","@id":"https:\/\/portaltela.pt\/s.01k8rhncp4jt1\/2025\/11\/talking-bot-125x125.png","url":"https:\/\/portaltela.pt\/s.01k8rhncp4jt1\/2025\/11\/talking-bot-125x125.png","contentUrl":"https:\/\/portaltela.pt\/s.01k8rhncp4jt1\/2025\/11\/talking-bot-125x125.png","caption":"Telinha"},"sameAs":["https:\/\/portaltela.pt\/"],"url":"https:\/\/portaltela.pt\/por\/367410592786\/"}]}},"_links":{"self":[{"href":"https:\/\/portaltela.pt\/api\/wp\/v2\/posts\/144186","targetHints":{"allow":["GET"]}}],"collection":[{"href":"https:\/\/portaltela.pt\/api\/wp\/v2\/posts"}],"about":[{"href":"https:\/\/portaltela.pt\/api\/wp\/v2\/types\/post"}],"author":[{"embeddable":true,"href":"https:\/\/portaltela.pt\/api\/wp\/v2\/users\/2"}],"replies":[{"embeddable":true,"href":"https:\/\/portaltela.pt\/api\/wp\/v2\/comments?post=144186"}],"version-history":[{"count":0,"href":"https:\/\/portaltela.pt\/api\/wp\/v2\/posts\/144186\/revisions"}],"wp:featuredmedia":[{"embeddable":true,"href":"https:\/\/portaltela.pt\/api\/wp\/v2\/media\/144200"}],"wp:attachment":[{"href":"https:\/\/portaltela.pt\/api\/wp\/v2\/media?parent=144186"}],"wp:term":[{"taxonomy":"category","embeddable":true,"href":"https:\/\/portaltela.pt\/api\/wp\/v2\/categories?post=144186"},{"taxonomy":"post_tag","embeddable":true,"href":"https:\/\/portaltela.pt\/api\/wp\/v2\/tags?post=144186"}],"curies":[{"name":"wp","href":"https:\/\/api.w.org\/{rel}","templated":true}]}}