{"id":144157,"date":"2026-01-15T08:17:00","date_gmt":"2026-01-15T11:17:00","guid":{"rendered":"https:\/\/portaltela.pt\/noticias\/2026\/01\/15\/mobilidade-urbana-tecnologia-deve-servir-as-pessoas-dizem-especialistas\/"},"modified":"2026-01-15T08:17:00","modified_gmt":"2026-01-15T11:17:00","slug":"mobilidade-urbana-tecnologia-deve-servir-as-pessoas-dizem-especialistas","status":"publish","type":"post","link":"https:\/\/portaltela.pt\/noticias\/2026\/01\/15\/mobilidade-urbana-tecnologia-deve-servir-as-pessoas-dizem-especialistas\/","title":{"rendered":"Mobilidade urbana: tecnologia deve servir as pessoas, dizem especialistas"},"content":{"rendered":"<p>A mobilidade urbana em Portugal vive um momento de transforma\u00e7\u00e3o, impulsionada pela integra\u00e7\u00e3o entre tecnologia, planeamento urbano e participa\u00e7\u00e3o c\u00edvica. Jorge Pinho de Sousa, presidente da ITS Portugal, defende que a tecnologia deve servir as pessoas, n\u00e3o o contr\u00e1rio.<\/p>\n<p>A associa\u00e7\u00e3o ITS Portugal promove a partilha de informa\u00e7\u00e3o sobre solu\u00e7\u00f5es inteligentes de transporte, conectando tecnologia, pol\u00edticas p\u00fablicas e intermodalidade. O objetivo \u00e9 tornar a mobilidade mais segura, eficaz, sustent\u00e1vel e inclusiva.<\/p>\n<p>A evolu\u00e7\u00e3o da mobilidade nas cidades portuguesas envolve mais do que tecnologia; exige uma abordagem integrada e centrada na qualidade de vida, especialmente em \u00e1reas perif\u00e9ricas e rurais onde a procura \u00e9 menos est\u00e1vel.<\/p>\n<h3>Tecnologia que transforma a rede de mobilidade<\/h3>\n<p>A tecnologia deve simplificar e integrar servi\u00e7os de mobilidade, n\u00e3o adicionar complexidade. A IST Portugal alerta para melhorias na simples utiliza\u00e7\u00e3o, com informa\u00e7\u00e3o clara e em tempo real, eliminando barreiras entre modos.<\/p>\n<p>Sistemas de pagamento eletr\u00f4nico, gest\u00e3o de parques e digitais twins ajudam a reorganizar rotas, otimizar espa\u00e7os e prever fluxos, contribuindo para cidades mais eficientes e menos congestionadas. O 5G facilita a conectividade de diversos dispositivos.<\/p>\n<p>Cada cidade tem um contexto \u00fanico; solu\u00e7\u00f5es devem respeitar geografia, hist\u00f3ria e densidade. N\u00e3o se trata de copiar modelos, mas de desenhar um roteiro adapt\u00e1vel que melhore a qualidade de vida.<\/p>\n<h3>Participa\u00e7\u00e3o cidad\u00e3 como vetor estrat\u00e9gico<\/h3>\n<p>A participa\u00e7\u00e3o ativa dos cidad\u00e3os \u00e9 essencial para evitar solu\u00e7\u00f5es tecnicamente avan\u00e7adas sem aceita\u00e7\u00e3o pr\u00e1tica. Consultas p\u00fablicas, focus groups e encontros informais ajudam a alinhar necessidades reais com os servi\u00e7os de mobilidade.<\/p>\n<p>A coopera\u00e7\u00e3o entre munic\u00edpios, autoridades, operadores, academia e empresas pode criar transportes mais seguros, eficientes e sustent\u00e1veis, com foco na acessibilidade a trabalho, sa\u00fade, ensino e lazer.<\/p>\n<h3>Olhar para o futuro e exemplos de sucesso<\/h3>\n<p>A vis\u00e3o para os pr\u00f3ximos dez anos \u00e9 de mobilidade mais fluida, natural e confort\u00e1vel, integrada na vida urbana. Priorizar pe\u00f5es, bicicletas e transportes p\u00fablicos eficientes \u00e9 central para a cidade de proximidade, os chamados 15 minutos.<\/p>\n<p>Projetos com participa\u00e7\u00e3o cidad\u00e3, como iniciativas universit\u00e1rias para repensar a mobilidade, mostram que a combina\u00e7\u00e3o de tecnologia, planeamento e envolvimento p\u00fablico gera redesenho de ruas, ciclovias e parques.<\/p>\n<p>Nas redes internacionais existem exemplos de centros urbanos sem circula\u00e7\u00e3o autom\u00f3vel, onde transporte p\u00fablico eficiente e espa\u00e7os verdes convivem de forma integrada. Em Portugal, a mobilidade deve ocupar o centro das pol\u00edticas urbanas como elemento de qualidade de vida e sustentabilidade ambiental.<\/p>\n","protected":false},"excerpt":{"rendered":"<ul>\n<li>O presidente da Associa\u00e7\u00e3o ITS Portugal, Jorge Pinho de Sousa, defende uma mobilidade integrada entre tecnologia, planeamento urbano e participa\u00e7\u00e3o dos cidad\u00e3os.<\/li>\n<li>Em Portugal, a mobilidade urbana est\u00e1 a transformar-se com tecnologias que prometem transporte mais eficiente, sustent\u00e1vel e inclusivo, mas s\u00f3 funcionam com planeamento e foco na qualidade de vida.<\/li>\n<li>Os transportes a pedido, criados desde 2016, ajudam zonas de baixa densidade e grupos vulner\u00e1veis, mas exigem sistemas de informa\u00e7\u00e3o e apoios como call centers ou apps.<\/li>\n<li>Tecnologias como pagamentos eletr\u00f3nicos, gest\u00e3o de parques e g\u00eameos digitais (digital twins) permitem reorganizar rotas e espa\u00e7os, com o 5G a facilitar a expans\u00e3o de ve\u00edculos aut\u00f3nomos.<\/li>\n<li>A participa\u00e7\u00e3o cidad\u00e3 \u00e9 essencial: consultas, focus groups e envolvimento direto ajudam a desenhar solu\u00e7\u00f5es que melhorem a vida nas cidades, com exemplos como a iniciativa da Universidade do Porto para a VCI.<\/li>\n<\/ul>\n","protected":false},"author":2,"featured_media":144162,"comment_status":"closed","ping_status":"closed","sticky":false,"template":"","format":"standard","meta":{"footnotes":""},"categories":[1],"tags":[370,202,1249,3148,153,189],"class_list":["post-144157","post","type-post","status-publish","format-standard","has-post-thumbnail","hentry","category-noticias","tag-cidadania","tag-mobilidade-urbana-e-cidades-inteligentes","tag-participacao","tag-planeamento-urbano","tag-tecnologia","tag-urbanismo"],"yoast_head":"<!-- This site is optimized with the Yoast SEO plugin v27.2 - https:\/\/yoast.com\/product\/yoast-seo-wordpress\/ -->\n<title>Mobilidade urbana: tecnologia deve servir as pessoas, dizem especialistas - Portal Tela Portugal<\/title>\n<meta name=\"robots\" content=\"index, follow, max-snippet:-1, max-image-preview:large, max-video-preview:-1\" \/>\n<meta property=\"og:locale\" content=\"pt_PT\" \/>\n<meta property=\"og:type\" content=\"article\" \/>\n<meta property=\"og:title\" content=\"Mobilidade urbana: tecnologia deve servir as pessoas, dizem especialistas - Portal Tela Portugal\" \/>\n<meta property=\"og:description\" content=\"O presidente da Associa\u00e7\u00e3o ITS Portugal, Jorge Pinho de Sousa, defende uma mobilidade integrada entre tecnologia, planeamento urbano e participa\u00e7\u00e3o dos cidad\u00e3os. Em Portugal, a mobilidade urbana est\u00e1 a transformar-se com tecnologias que prometem transporte mais eficiente, sustent\u00e1vel e inclusivo, mas s\u00f3 funcionam com planeamento e foco na qualidade de vida. Os transportes a pedido, criados desde 2016, ajudam zonas de baixa densidade e grupos vulner\u00e1veis, mas exigem sistemas de informa\u00e7\u00e3o e apoios como call centers ou apps. Tecnologias como pagamentos eletr\u00f3nicos, gest\u00e3o de parques e g\u00eameos digitais (digital twins) permitem reorganizar rotas e espa\u00e7os, com o 5G a facilitar a expans\u00e3o de ve\u00edculos aut\u00f3nomos. A participa\u00e7\u00e3o cidad\u00e3 \u00e9 essencial: consultas, focus groups e envolvimento direto ajudam a desenhar solu\u00e7\u00f5es que melhorem a vida nas cidades, com exemplos como a iniciativa da Universidade do Porto para a VCI.\" \/>\n<meta property=\"og:url\" content=\"https:\/\/portaltela.pt\/noticias\/2026\/01\/15\/mobilidade-urbana-tecnologia-deve-servir-as-pessoas-dizem-especialistas\/\" \/>\n<meta property=\"og:site_name\" content=\"Portal Tela Portugal\" \/>\n<meta property=\"article:published_time\" content=\"2026-01-15T11:17:00+00:00\" \/>\n<meta name=\"author\" content=\"Telinha\" \/>\n<meta name=\"twitter:card\" content=\"summary_large_image\" \/>\n<meta name=\"twitter:label1\" content=\"Escrito por\" \/>\n\t<meta name=\"twitter:data1\" content=\"Telinha\" \/>\n\t<meta name=\"twitter:label2\" content=\"Tempo estimado de leitura\" \/>\n\t<meta name=\"twitter:data2\" content=\"2 minutos\" \/>\n<script type=\"application\/ld+json\" class=\"yoast-schema-graph\">{\"@context\":\"https:\/\/schema.org\",\"@graph\":[{\"@type\":\"Article\",\"@id\":\"https:\/\/portaltela.pt\/noticias\/2026\/01\/15\/mobilidade-urbana-tecnologia-deve-servir-as-pessoas-dizem-especialistas\/#article\",\"isPartOf\":{\"@id\":\"https:\/\/portaltela.pt\/noticias\/2026\/01\/15\/mobilidade-urbana-tecnologia-deve-servir-as-pessoas-dizem-especialistas\/\"},\"author\":{\"name\":\"Telinha\",\"@id\":\"https:\/\/portaltela.pt\/#\/schema\/person\/c4278d4a6028830caff9ee44b42d32ed\"},\"headline\":\"Mobilidade urbana: tecnologia deve servir as pessoas, dizem especialistas\",\"datePublished\":\"2026-01-15T11:17:00+00:00\",\"mainEntityOfPage\":{\"@id\":\"https:\/\/portaltela.pt\/noticias\/2026\/01\/15\/mobilidade-urbana-tecnologia-deve-servir-as-pessoas-dizem-especialistas\/\"},\"wordCount\":446,\"image\":{\"@id\":\"https:\/\/portaltela.pt\/noticias\/2026\/01\/15\/mobilidade-urbana-tecnologia-deve-servir-as-pessoas-dizem-especialistas\/#primaryimage\"},\"thumbnailUrl\":\"https:\/\/portaltela.pt\/s.01k8rhncp4jt1\/2026\/01\/2044024.jpg\",\"keywords\":[\"cidadania\",\"Mobilidade Urbana e Cidades Inteligentes\",\"participa\u00e7\u00e3o\",\"planeamento urbano\",\"tecnologia\",\"urbanismo\"],\"articleSection\":[\"Not\u00edcias\"],\"inLanguage\":\"pt-PT\"},{\"@type\":\"WebPage\",\"@id\":\"https:\/\/portaltela.pt\/noticias\/2026\/01\/15\/mobilidade-urbana-tecnologia-deve-servir-as-pessoas-dizem-especialistas\/\",\"url\":\"https:\/\/portaltela.pt\/noticias\/2026\/01\/15\/mobilidade-urbana-tecnologia-deve-servir-as-pessoas-dizem-especialistas\/\",\"name\":\"Mobilidade urbana: tecnologia deve servir as pessoas, dizem especialistas - Portal Tela Portugal\",\"isPartOf\":{\"@id\":\"https:\/\/portaltela.pt\/#website\"},\"primaryImageOfPage\":{\"@id\":\"https:\/\/portaltela.pt\/noticias\/2026\/01\/15\/mobilidade-urbana-tecnologia-deve-servir-as-pessoas-dizem-especialistas\/#primaryimage\"},\"image\":{\"@id\":\"https:\/\/portaltela.pt\/noticias\/2026\/01\/15\/mobilidade-urbana-tecnologia-deve-servir-as-pessoas-dizem-especialistas\/#primaryimage\"},\"thumbnailUrl\":\"https:\/\/portaltela.pt\/s.01k8rhncp4jt1\/2026\/01\/2044024.jpg\",\"datePublished\":\"2026-01-15T11:17:00+00:00\",\"author\":{\"@id\":\"https:\/\/portaltela.pt\/#\/schema\/person\/c4278d4a6028830caff9ee44b42d32ed\"},\"breadcrumb\":{\"@id\":\"https:\/\/portaltela.pt\/noticias\/2026\/01\/15\/mobilidade-urbana-tecnologia-deve-servir-as-pessoas-dizem-especialistas\/#breadcrumb\"},\"inLanguage\":\"pt-PT\",\"potentialAction\":[{\"@type\":\"ReadAction\",\"target\":[\"https:\/\/portaltela.pt\/noticias\/2026\/01\/15\/mobilidade-urbana-tecnologia-deve-servir-as-pessoas-dizem-especialistas\/\"]}]},{\"@type\":\"ImageObject\",\"inLanguage\":\"pt-PT\",\"@id\":\"https:\/\/portaltela.pt\/noticias\/2026\/01\/15\/mobilidade-urbana-tecnologia-deve-servir-as-pessoas-dizem-especialistas\/#primaryimage\",\"url\":\"https:\/\/portaltela.pt\/s.01k8rhncp4jt1\/2026\/01\/2044024.jpg\",\"contentUrl\":\"https:\/\/portaltela.pt\/s.01k8rhncp4jt1\/2026\/01\/2044024.jpg\",\"width\":796,\"height\":448,\"caption\":\"Photo\"},{\"@type\":\"BreadcrumbList\",\"@id\":\"https:\/\/portaltela.pt\/noticias\/2026\/01\/15\/mobilidade-urbana-tecnologia-deve-servir-as-pessoas-dizem-especialistas\/#breadcrumb\",\"itemListElement\":[{\"@type\":\"ListItem\",\"position\":1,\"name\":\"In\u00edcio\",\"item\":\"https:\/\/portaltela.pt\/\"},{\"@type\":\"ListItem\",\"position\":2,\"name\":\"Mobilidade urbana: tecnologia deve servir as pessoas, dizem especialistas\"}]},{\"@type\":\"WebSite\",\"@id\":\"https:\/\/portaltela.pt\/#website\",\"url\":\"https:\/\/portaltela.pt\/\",\"name\":\"Portal Tela Portugal\",\"description\":\"\",\"potentialAction\":[{\"@type\":\"SearchAction\",\"target\":{\"@type\":\"EntryPoint\",\"urlTemplate\":\"https:\/\/portaltela.pt\/?s={search_term_string}\"},\"query-input\":{\"@type\":\"PropertyValueSpecification\",\"valueRequired\":true,\"valueName\":\"search_term_string\"}}],\"inLanguage\":\"pt-PT\"},{\"@type\":\"Person\",\"@id\":\"https:\/\/portaltela.pt\/#\/schema\/person\/c4278d4a6028830caff9ee44b42d32ed\",\"name\":\"Telinha\",\"image\":{\"@type\":\"ImageObject\",\"inLanguage\":\"pt-PT\",\"@id\":\"https:\/\/portaltela.pt\/s.01k8rhncp4jt1\/2025\/11\/talking-bot-125x125.png\",\"url\":\"https:\/\/portaltela.pt\/s.01k8rhncp4jt1\/2025\/11\/talking-bot-125x125.png\",\"contentUrl\":\"https:\/\/portaltela.pt\/s.01k8rhncp4jt1\/2025\/11\/talking-bot-125x125.png\",\"caption\":\"Telinha\"},\"sameAs\":[\"https:\/\/portaltela.pt\/\"],\"url\":\"https:\/\/portaltela.pt\/por\/367410592786\/\"}]}<\/script>\n<!-- \/ Yoast SEO plugin. -->","yoast_head_json":{"title":"Mobilidade urbana: tecnologia deve servir as pessoas, dizem especialistas - Portal Tela Portugal","robots":{"index":"index","follow":"follow","max-snippet":"max-snippet:-1","max-image-preview":"max-image-preview:large","max-video-preview":"max-video-preview:-1"},"og_locale":"pt_PT","og_type":"article","og_title":"Mobilidade urbana: tecnologia deve servir as pessoas, dizem especialistas - Portal Tela Portugal","og_description":"O presidente da Associa\u00e7\u00e3o ITS Portugal, Jorge Pinho de Sousa, defende uma mobilidade integrada entre tecnologia, planeamento urbano e participa\u00e7\u00e3o dos cidad\u00e3os. Em Portugal, a mobilidade urbana est\u00e1 a transformar-se com tecnologias que prometem transporte mais eficiente, sustent\u00e1vel e inclusivo, mas s\u00f3 funcionam com planeamento e foco na qualidade de vida. Os transportes a pedido, criados desde 2016, ajudam zonas de baixa densidade e grupos vulner\u00e1veis, mas exigem sistemas de informa\u00e7\u00e3o e apoios como call centers ou apps. Tecnologias como pagamentos eletr\u00f3nicos, gest\u00e3o de parques e g\u00eameos digitais (digital twins) permitem reorganizar rotas e espa\u00e7os, com o 5G a facilitar a expans\u00e3o de ve\u00edculos aut\u00f3nomos. A participa\u00e7\u00e3o cidad\u00e3 \u00e9 essencial: consultas, focus groups e envolvimento direto ajudam a desenhar solu\u00e7\u00f5es que melhorem a vida nas cidades, com exemplos como a iniciativa da Universidade do Porto para a VCI.","og_url":"https:\/\/portaltela.pt\/noticias\/2026\/01\/15\/mobilidade-urbana-tecnologia-deve-servir-as-pessoas-dizem-especialistas\/","og_site_name":"Portal Tela Portugal","article_published_time":"2026-01-15T11:17:00+00:00","author":"Telinha","twitter_card":"summary_large_image","twitter_misc":{"Escrito por":"Telinha","Tempo estimado de leitura":"2 minutos"},"schema":{"@context":"https:\/\/schema.org","@graph":[{"@type":"Article","@id":"https:\/\/portaltela.pt\/noticias\/2026\/01\/15\/mobilidade-urbana-tecnologia-deve-servir-as-pessoas-dizem-especialistas\/#article","isPartOf":{"@id":"https:\/\/portaltela.pt\/noticias\/2026\/01\/15\/mobilidade-urbana-tecnologia-deve-servir-as-pessoas-dizem-especialistas\/"},"author":{"name":"Telinha","@id":"https:\/\/portaltela.pt\/#\/schema\/person\/c4278d4a6028830caff9ee44b42d32ed"},"headline":"Mobilidade urbana: tecnologia deve servir as pessoas, dizem especialistas","datePublished":"2026-01-15T11:17:00+00:00","mainEntityOfPage":{"@id":"https:\/\/portaltela.pt\/noticias\/2026\/01\/15\/mobilidade-urbana-tecnologia-deve-servir-as-pessoas-dizem-especialistas\/"},"wordCount":446,"image":{"@id":"https:\/\/portaltela.pt\/noticias\/2026\/01\/15\/mobilidade-urbana-tecnologia-deve-servir-as-pessoas-dizem-especialistas\/#primaryimage"},"thumbnailUrl":"https:\/\/portaltela.pt\/s.01k8rhncp4jt1\/2026\/01\/2044024.jpg","keywords":["cidadania","Mobilidade Urbana e Cidades Inteligentes","participa\u00e7\u00e3o","planeamento urbano","tecnologia","urbanismo"],"articleSection":["Not\u00edcias"],"inLanguage":"pt-PT"},{"@type":"WebPage","@id":"https:\/\/portaltela.pt\/noticias\/2026\/01\/15\/mobilidade-urbana-tecnologia-deve-servir-as-pessoas-dizem-especialistas\/","url":"https:\/\/portaltela.pt\/noticias\/2026\/01\/15\/mobilidade-urbana-tecnologia-deve-servir-as-pessoas-dizem-especialistas\/","name":"Mobilidade urbana: tecnologia deve servir as pessoas, dizem especialistas - Portal Tela Portugal","isPartOf":{"@id":"https:\/\/portaltela.pt\/#website"},"primaryImageOfPage":{"@id":"https:\/\/portaltela.pt\/noticias\/2026\/01\/15\/mobilidade-urbana-tecnologia-deve-servir-as-pessoas-dizem-especialistas\/#primaryimage"},"image":{"@id":"https:\/\/portaltela.pt\/noticias\/2026\/01\/15\/mobilidade-urbana-tecnologia-deve-servir-as-pessoas-dizem-especialistas\/#primaryimage"},"thumbnailUrl":"https:\/\/portaltela.pt\/s.01k8rhncp4jt1\/2026\/01\/2044024.jpg","datePublished":"2026-01-15T11:17:00+00:00","author":{"@id":"https:\/\/portaltela.pt\/#\/schema\/person\/c4278d4a6028830caff9ee44b42d32ed"},"breadcrumb":{"@id":"https:\/\/portaltela.pt\/noticias\/2026\/01\/15\/mobilidade-urbana-tecnologia-deve-servir-as-pessoas-dizem-especialistas\/#breadcrumb"},"inLanguage":"pt-PT","potentialAction":[{"@type":"ReadAction","target":["https:\/\/portaltela.pt\/noticias\/2026\/01\/15\/mobilidade-urbana-tecnologia-deve-servir-as-pessoas-dizem-especialistas\/"]}]},{"@type":"ImageObject","inLanguage":"pt-PT","@id":"https:\/\/portaltela.pt\/noticias\/2026\/01\/15\/mobilidade-urbana-tecnologia-deve-servir-as-pessoas-dizem-especialistas\/#primaryimage","url":"https:\/\/portaltela.pt\/s.01k8rhncp4jt1\/2026\/01\/2044024.jpg","contentUrl":"https:\/\/portaltela.pt\/s.01k8rhncp4jt1\/2026\/01\/2044024.jpg","width":796,"height":448,"caption":"Photo"},{"@type":"BreadcrumbList","@id":"https:\/\/portaltela.pt\/noticias\/2026\/01\/15\/mobilidade-urbana-tecnologia-deve-servir-as-pessoas-dizem-especialistas\/#breadcrumb","itemListElement":[{"@type":"ListItem","position":1,"name":"In\u00edcio","item":"https:\/\/portaltela.pt\/"},{"@type":"ListItem","position":2,"name":"Mobilidade urbana: tecnologia deve servir as pessoas, dizem especialistas"}]},{"@type":"WebSite","@id":"https:\/\/portaltela.pt\/#website","url":"https:\/\/portaltela.pt\/","name":"Portal Tela Portugal","description":"","potentialAction":[{"@type":"SearchAction","target":{"@type":"EntryPoint","urlTemplate":"https:\/\/portaltela.pt\/?s={search_term_string}"},"query-input":{"@type":"PropertyValueSpecification","valueRequired":true,"valueName":"search_term_string"}}],"inLanguage":"pt-PT"},{"@type":"Person","@id":"https:\/\/portaltela.pt\/#\/schema\/person\/c4278d4a6028830caff9ee44b42d32ed","name":"Telinha","image":{"@type":"ImageObject","inLanguage":"pt-PT","@id":"https:\/\/portaltela.pt\/s.01k8rhncp4jt1\/2025\/11\/talking-bot-125x125.png","url":"https:\/\/portaltela.pt\/s.01k8rhncp4jt1\/2025\/11\/talking-bot-125x125.png","contentUrl":"https:\/\/portaltela.pt\/s.01k8rhncp4jt1\/2025\/11\/talking-bot-125x125.png","caption":"Telinha"},"sameAs":["https:\/\/portaltela.pt\/"],"url":"https:\/\/portaltela.pt\/por\/367410592786\/"}]}},"_links":{"self":[{"href":"https:\/\/portaltela.pt\/api\/wp\/v2\/posts\/144157","targetHints":{"allow":["GET"]}}],"collection":[{"href":"https:\/\/portaltela.pt\/api\/wp\/v2\/posts"}],"about":[{"href":"https:\/\/portaltela.pt\/api\/wp\/v2\/types\/post"}],"author":[{"embeddable":true,"href":"https:\/\/portaltela.pt\/api\/wp\/v2\/users\/2"}],"replies":[{"embeddable":true,"href":"https:\/\/portaltela.pt\/api\/wp\/v2\/comments?post=144157"}],"version-history":[{"count":0,"href":"https:\/\/portaltela.pt\/api\/wp\/v2\/posts\/144157\/revisions"}],"wp:featuredmedia":[{"embeddable":true,"href":"https:\/\/portaltela.pt\/api\/wp\/v2\/media\/144162"}],"wp:attachment":[{"href":"https:\/\/portaltela.pt\/api\/wp\/v2\/media?parent=144157"}],"wp:term":[{"taxonomy":"category","embeddable":true,"href":"https:\/\/portaltela.pt\/api\/wp\/v2\/categories?post=144157"},{"taxonomy":"post_tag","embeddable":true,"href":"https:\/\/portaltela.pt\/api\/wp\/v2\/tags?post=144157"}],"curies":[{"name":"wp","href":"https:\/\/api.w.org\/{rel}","templated":true}]}}