{"id":144101,"date":"2026-01-15T07:56:00","date_gmt":"2026-01-15T10:56:00","guid":{"rendered":"https:\/\/portaltela.pt\/noticias\/2026\/01\/15\/ex-assessora-da-il-afirma-ter-reportado-assedio-de-joao-cotrim-figueiredo-em-2023\/"},"modified":"2026-01-15T07:56:00","modified_gmt":"2026-01-15T10:56:00","slug":"ex-assessora-da-il-afirma-ter-reportado-assedio-de-joao-cotrim-figueiredo-em-2023","status":"publish","type":"post","link":"https:\/\/portaltela.pt\/noticias\/politica\/2026\/01\/15\/ex-assessora-da-il-afirma-ter-reportado-assedio-de-joao-cotrim-figueiredo-em-2023\/","title":{"rendered":"Ex-assessora da IL afirma ter reportado ass\u00e9dio de Jo\u00e3o Cotrim Figueiredo em 2023"},"content":{"rendered":"<p>A ex-assessora do grupo parlamentar da Iniciativa Liberal (IL) afirmou que uma publica\u00e7\u00e3o sobre um alegado ass\u00e9dio sexual envolvendo Jo\u00e3o Cotrim de Figueiredo foi difundida sem o seu consentimento. O conte\u00fado, surgido numa rede social, foi partilhado no dia 12 de janeiro e a sua veracidade dever\u00e1 ser apurada nos tribunais, segundo o comunicado enviado \u00e0 Lusa.<\/p>\n<p>In\u00eas Bich\u00e3o explicou que o material privado, originalmente partilhado em contexto restrito, foi usado de forma indevida em plena campanha eleitoral. A advogada disse ainda que os factos j\u00e1 tinham sido reportados internamente, em 2023, e que n\u00e3o participou nem participa de qualquer divulga\u00e7\u00e3o p\u00fablica. O IL limitou-se a dizer que n\u00e3o vai alimentar uma campanha suja relacionada com as elei\u00e7\u00f5es.<\/p>\n<p>A antiga assessora indicou ainda que a divulga\u00e7\u00e3o n\u00e3o autorizada do seu nome e imagem, bem como as tentativas de intimida\u00e7\u00e3o que tem recebido, configuram il\u00edcitos relevantes. Adiantou que n\u00e3o pretende alimentar a pol\u00e9mica, mas defendeu exercer os seus direitos nos tribunais para melhor esclarecer a situa\u00e7\u00e3o.<\/p>\n<p>Cotirm de Figueiredo reagiu, afirmando que a den\u00fancia \u00e9 absolutamente falsa. O candidato presidencial disse que vai apresentar uma queixa-crime, classificando a acusa\u00e7\u00e3o de difama\u00e7\u00e3o como incorreta. O caso foi levado \u00e0 comunica\u00e7\u00e3o de imprensa na sequ\u00eancia da publica\u00e7\u00e3o feita por uma antiga assessora parlamentar da IL.<\/p>\n","protected":false},"excerpt":{"rendered":"<ul>\n<li>A ex-assessora da Iniciativa Liberal, In\u00eas Bich\u00e3o, afirma que a publica\u00e7\u00e3o sobre alegado ass\u00e9dio de Jo\u00e3o Cotrim Figueiredo foi difundida sem consentimento, em 12 de janeiro, e que a veracidade dos factos ser\u00e1 apurada nos tribunais.<\/li>\n<li>Bich\u00e3oque aponta que o conte\u00fado privado foi originalmente partilhado em contexto restrito e n\u00e3o p\u00fablico, e que a divulga\u00e7\u00e3o est\u00e1 a ser utilizada no \u00e2mbito da campanha eleitoral.<\/li>\n<li>A advogada adianta que os factos foram reportados em sede interna durante o ano de 2023 e que a divulga\u00e7\u00e3o violou direitos de privacidade, incluindo amea\u00e7as e intimida\u00e7\u00f5es que tem recebido.<\/li>\n<li>A Iniciativa Liberal afirma que n\u00e3o vai alimentar \u201cuma campanha suja\u201d ligada \u00e0s elei\u00e7\u00f5es presidenciais e que n\u00e3o teve interven\u00e7\u00e3o na divulga\u00e7\u00e3o.<\/li>\n<li>O candidato presidencial Jo\u00e3o Cotrim de Figueiredo nega as acusa\u00e7\u00f5es, afirma que s\u00e3o falsas e diz que vai avan\u00e7ar com uma queixa-crime por difama\u00e7\u00e3o.<\/li>\n<\/ul>\n","protected":false},"author":2,"featured_media":144119,"comment_status":"closed","ping_status":"closed","sticky":false,"template":"","format":"standard","meta":{"footnotes":""},"categories":[1,5],"tags":[1039,823,2442,68,1482,2832],"class_list":["post-144101","post","type-post","status-publish","format-standard","has-post-thumbnail","hentry","category-noticias","category-politica","tag-assedio-sexista","tag-campanha","tag-difamacao","tag-eleicoes","tag-iniciativa-liberal","tag-politica"],"yoast_head":"<!-- This site is optimized with the Yoast SEO plugin v27.2 - https:\/\/yoast.com\/product\/yoast-seo-wordpress\/ -->\n<title>Ex-assessora da IL afirma ter reportado ass\u00e9dio de Jo\u00e3o Cotrim Figueiredo em 2023 - Portal Tela Portugal<\/title>\n<meta name=\"robots\" content=\"index, follow, max-snippet:-1, max-image-preview:large, max-video-preview:-1\" \/>\n<meta property=\"og:locale\" content=\"pt_PT\" \/>\n<meta property=\"og:type\" content=\"article\" \/>\n<meta property=\"og:title\" content=\"Ex-assessora da IL afirma ter reportado ass\u00e9dio de Jo\u00e3o Cotrim Figueiredo em 2023 - Portal Tela Portugal\" \/>\n<meta property=\"og:description\" content=\"A ex-assessora da Iniciativa Liberal, In\u00eas Bich\u00e3o, afirma que a publica\u00e7\u00e3o sobre alegado ass\u00e9dio de Jo\u00e3o Cotrim Figueiredo foi difundida sem consentimento, em 12 de janeiro, e que a veracidade dos factos ser\u00e1 apurada nos tribunais. Bich\u00e3oque aponta que o conte\u00fado privado foi originalmente partilhado em contexto restrito e n\u00e3o p\u00fablico, e que a divulga\u00e7\u00e3o est\u00e1 a ser utilizada no \u00e2mbito da campanha eleitoral. A advogada adianta que os factos foram reportados em sede interna durante o ano de 2023 e que a divulga\u00e7\u00e3o violou direitos de privacidade, incluindo amea\u00e7as e intimida\u00e7\u00f5es que tem recebido. A Iniciativa Liberal afirma que n\u00e3o vai alimentar \u201cuma campanha suja\u201d ligada \u00e0s elei\u00e7\u00f5es presidenciais e que n\u00e3o teve interven\u00e7\u00e3o na divulga\u00e7\u00e3o. O candidato presidencial Jo\u00e3o Cotrim de Figueiredo nega as acusa\u00e7\u00f5es, afirma que s\u00e3o falsas e diz que vai avan\u00e7ar com uma queixa-crime por difama\u00e7\u00e3o.\" \/>\n<meta property=\"og:url\" content=\"https:\/\/portaltela.pt\/noticias\/2026\/01\/15\/ex-assessora-da-il-afirma-ter-reportado-assedio-de-joao-cotrim-figueiredo-em-2023\/\" \/>\n<meta property=\"og:site_name\" content=\"Portal Tela Portugal\" \/>\n<meta property=\"article:published_time\" content=\"2026-01-15T10:56:00+00:00\" \/>\n<meta name=\"author\" content=\"Telinha\" \/>\n<meta name=\"twitter:card\" content=\"summary_large_image\" \/>\n<meta name=\"twitter:label1\" content=\"Escrito por\" \/>\n\t<meta name=\"twitter:data1\" content=\"Telinha\" \/>\n\t<meta name=\"twitter:label2\" content=\"Tempo estimado de leitura\" \/>\n\t<meta name=\"twitter:data2\" content=\"1 minuto\" \/>\n<script type=\"application\/ld+json\" class=\"yoast-schema-graph\">{\"@context\":\"https:\/\/schema.org\",\"@graph\":[{\"@type\":\"Article\",\"@id\":\"https:\/\/portaltela.pt\/noticias\/2026\/01\/15\/ex-assessora-da-il-afirma-ter-reportado-assedio-de-joao-cotrim-figueiredo-em-2023\/#article\",\"isPartOf\":{\"@id\":\"https:\/\/portaltela.pt\/noticias\/2026\/01\/15\/ex-assessora-da-il-afirma-ter-reportado-assedio-de-joao-cotrim-figueiredo-em-2023\/\"},\"author\":{\"name\":\"Telinha\",\"@id\":\"https:\/\/portaltela.pt\/#\/schema\/person\/c4278d4a6028830caff9ee44b42d32ed\"},\"headline\":\"Ex-assessora da IL afirma ter reportado ass\u00e9dio de Jo\u00e3o Cotrim Figueiredo em 2023\",\"datePublished\":\"2026-01-15T10:56:00+00:00\",\"mainEntityOfPage\":{\"@id\":\"https:\/\/portaltela.pt\/noticias\/2026\/01\/15\/ex-assessora-da-il-afirma-ter-reportado-assedio-de-joao-cotrim-figueiredo-em-2023\/\"},\"wordCount\":245,\"image\":{\"@id\":\"https:\/\/portaltela.pt\/noticias\/2026\/01\/15\/ex-assessora-da-il-afirma-ter-reportado-assedio-de-joao-cotrim-figueiredo-em-2023\/#primaryimage\"},\"thumbnailUrl\":\"https:\/\/portaltela.pt\/s.01k8rhncp4jt1\/2026\/01\/2059452.jpg\",\"keywords\":[\"ass\u00e9dio sexista\",\"campanha\",\"difama\u00e7\u00e3o\",\"elei\u00e7\u00f5es\",\"Iniciativa Liberal\",\"pol\u00edtica\"],\"articleSection\":[\"Not\u00edcias\",\"Pol\u00edtica\"],\"inLanguage\":\"pt-PT\"},{\"@type\":\"WebPage\",\"@id\":\"https:\/\/portaltela.pt\/noticias\/2026\/01\/15\/ex-assessora-da-il-afirma-ter-reportado-assedio-de-joao-cotrim-figueiredo-em-2023\/\",\"url\":\"https:\/\/portaltela.pt\/noticias\/2026\/01\/15\/ex-assessora-da-il-afirma-ter-reportado-assedio-de-joao-cotrim-figueiredo-em-2023\/\",\"name\":\"Ex-assessora da IL afirma ter reportado ass\u00e9dio de Jo\u00e3o Cotrim Figueiredo em 2023 - Portal Tela Portugal\",\"isPartOf\":{\"@id\":\"https:\/\/portaltela.pt\/#website\"},\"primaryImageOfPage\":{\"@id\":\"https:\/\/portaltela.pt\/noticias\/2026\/01\/15\/ex-assessora-da-il-afirma-ter-reportado-assedio-de-joao-cotrim-figueiredo-em-2023\/#primaryimage\"},\"image\":{\"@id\":\"https:\/\/portaltela.pt\/noticias\/2026\/01\/15\/ex-assessora-da-il-afirma-ter-reportado-assedio-de-joao-cotrim-figueiredo-em-2023\/#primaryimage\"},\"thumbnailUrl\":\"https:\/\/portaltela.pt\/s.01k8rhncp4jt1\/2026\/01\/2059452.jpg\",\"datePublished\":\"2026-01-15T10:56:00+00:00\",\"author\":{\"@id\":\"https:\/\/portaltela.pt\/#\/schema\/person\/c4278d4a6028830caff9ee44b42d32ed\"},\"breadcrumb\":{\"@id\":\"https:\/\/portaltela.pt\/noticias\/2026\/01\/15\/ex-assessora-da-il-afirma-ter-reportado-assedio-de-joao-cotrim-figueiredo-em-2023\/#breadcrumb\"},\"inLanguage\":\"pt-PT\",\"potentialAction\":[{\"@type\":\"ReadAction\",\"target\":[\"https:\/\/portaltela.pt\/noticias\/2026\/01\/15\/ex-assessora-da-il-afirma-ter-reportado-assedio-de-joao-cotrim-figueiredo-em-2023\/\"]}]},{\"@type\":\"ImageObject\",\"inLanguage\":\"pt-PT\",\"@id\":\"https:\/\/portaltela.pt\/noticias\/2026\/01\/15\/ex-assessora-da-il-afirma-ter-reportado-assedio-de-joao-cotrim-figueiredo-em-2023\/#primaryimage\",\"url\":\"https:\/\/portaltela.pt\/s.01k8rhncp4jt1\/2026\/01\/2059452.jpg\",\"contentUrl\":\"https:\/\/portaltela.pt\/s.01k8rhncp4jt1\/2026\/01\/2059452.jpg\",\"width\":796,\"height\":448,\"caption\":\"Jo\u00e3o Cotrim Figueiredo \u00e9 candidato \u00e0 Presid\u00eancia da Rep\u00fablica\"},{\"@type\":\"BreadcrumbList\",\"@id\":\"https:\/\/portaltela.pt\/noticias\/2026\/01\/15\/ex-assessora-da-il-afirma-ter-reportado-assedio-de-joao-cotrim-figueiredo-em-2023\/#breadcrumb\",\"itemListElement\":[{\"@type\":\"ListItem\",\"position\":1,\"name\":\"In\u00edcio\",\"item\":\"https:\/\/portaltela.pt\/\"},{\"@type\":\"ListItem\",\"position\":2,\"name\":\"Ex-assessora da IL afirma ter reportado ass\u00e9dio de Jo\u00e3o Cotrim Figueiredo em 2023\"}]},{\"@type\":\"WebSite\",\"@id\":\"https:\/\/portaltela.pt\/#website\",\"url\":\"https:\/\/portaltela.pt\/\",\"name\":\"Portal Tela Portugal\",\"description\":\"\",\"potentialAction\":[{\"@type\":\"SearchAction\",\"target\":{\"@type\":\"EntryPoint\",\"urlTemplate\":\"https:\/\/portaltela.pt\/?s={search_term_string}\"},\"query-input\":{\"@type\":\"PropertyValueSpecification\",\"valueRequired\":true,\"valueName\":\"search_term_string\"}}],\"inLanguage\":\"pt-PT\"},{\"@type\":\"Person\",\"@id\":\"https:\/\/portaltela.pt\/#\/schema\/person\/c4278d4a6028830caff9ee44b42d32ed\",\"name\":\"Telinha\",\"image\":{\"@type\":\"ImageObject\",\"inLanguage\":\"pt-PT\",\"@id\":\"https:\/\/portaltela.pt\/s.01k8rhncp4jt1\/2025\/11\/talking-bot-125x125.png\",\"url\":\"https:\/\/portaltela.pt\/s.01k8rhncp4jt1\/2025\/11\/talking-bot-125x125.png\",\"contentUrl\":\"https:\/\/portaltela.pt\/s.01k8rhncp4jt1\/2025\/11\/talking-bot-125x125.png\",\"caption\":\"Telinha\"},\"sameAs\":[\"https:\/\/portaltela.pt\/\"],\"url\":\"https:\/\/portaltela.pt\/por\/367410592786\/\"}]}<\/script>\n<!-- \/ Yoast SEO plugin. -->","yoast_head_json":{"title":"Ex-assessora da IL afirma ter reportado ass\u00e9dio de Jo\u00e3o Cotrim Figueiredo em 2023 - Portal Tela Portugal","robots":{"index":"index","follow":"follow","max-snippet":"max-snippet:-1","max-image-preview":"max-image-preview:large","max-video-preview":"max-video-preview:-1"},"og_locale":"pt_PT","og_type":"article","og_title":"Ex-assessora da IL afirma ter reportado ass\u00e9dio de Jo\u00e3o Cotrim Figueiredo em 2023 - Portal Tela Portugal","og_description":"A ex-assessora da Iniciativa Liberal, In\u00eas Bich\u00e3o, afirma que a publica\u00e7\u00e3o sobre alegado ass\u00e9dio de Jo\u00e3o Cotrim Figueiredo foi difundida sem consentimento, em 12 de janeiro, e que a veracidade dos factos ser\u00e1 apurada nos tribunais. Bich\u00e3oque aponta que o conte\u00fado privado foi originalmente partilhado em contexto restrito e n\u00e3o p\u00fablico, e que a divulga\u00e7\u00e3o est\u00e1 a ser utilizada no \u00e2mbito da campanha eleitoral. A advogada adianta que os factos foram reportados em sede interna durante o ano de 2023 e que a divulga\u00e7\u00e3o violou direitos de privacidade, incluindo amea\u00e7as e intimida\u00e7\u00f5es que tem recebido. A Iniciativa Liberal afirma que n\u00e3o vai alimentar \u201cuma campanha suja\u201d ligada \u00e0s elei\u00e7\u00f5es presidenciais e que n\u00e3o teve interven\u00e7\u00e3o na divulga\u00e7\u00e3o. O candidato presidencial Jo\u00e3o Cotrim de Figueiredo nega as acusa\u00e7\u00f5es, afirma que s\u00e3o falsas e diz que vai avan\u00e7ar com uma queixa-crime por difama\u00e7\u00e3o.","og_url":"https:\/\/portaltela.pt\/noticias\/2026\/01\/15\/ex-assessora-da-il-afirma-ter-reportado-assedio-de-joao-cotrim-figueiredo-em-2023\/","og_site_name":"Portal Tela Portugal","article_published_time":"2026-01-15T10:56:00+00:00","author":"Telinha","twitter_card":"summary_large_image","twitter_misc":{"Escrito por":"Telinha","Tempo estimado de leitura":"1 minuto"},"schema":{"@context":"https:\/\/schema.org","@graph":[{"@type":"Article","@id":"https:\/\/portaltela.pt\/noticias\/2026\/01\/15\/ex-assessora-da-il-afirma-ter-reportado-assedio-de-joao-cotrim-figueiredo-em-2023\/#article","isPartOf":{"@id":"https:\/\/portaltela.pt\/noticias\/2026\/01\/15\/ex-assessora-da-il-afirma-ter-reportado-assedio-de-joao-cotrim-figueiredo-em-2023\/"},"author":{"name":"Telinha","@id":"https:\/\/portaltela.pt\/#\/schema\/person\/c4278d4a6028830caff9ee44b42d32ed"},"headline":"Ex-assessora da IL afirma ter reportado ass\u00e9dio de Jo\u00e3o Cotrim Figueiredo em 2023","datePublished":"2026-01-15T10:56:00+00:00","mainEntityOfPage":{"@id":"https:\/\/portaltela.pt\/noticias\/2026\/01\/15\/ex-assessora-da-il-afirma-ter-reportado-assedio-de-joao-cotrim-figueiredo-em-2023\/"},"wordCount":245,"image":{"@id":"https:\/\/portaltela.pt\/noticias\/2026\/01\/15\/ex-assessora-da-il-afirma-ter-reportado-assedio-de-joao-cotrim-figueiredo-em-2023\/#primaryimage"},"thumbnailUrl":"https:\/\/portaltela.pt\/s.01k8rhncp4jt1\/2026\/01\/2059452.jpg","keywords":["ass\u00e9dio sexista","campanha","difama\u00e7\u00e3o","elei\u00e7\u00f5es","Iniciativa Liberal","pol\u00edtica"],"articleSection":["Not\u00edcias","Pol\u00edtica"],"inLanguage":"pt-PT"},{"@type":"WebPage","@id":"https:\/\/portaltela.pt\/noticias\/2026\/01\/15\/ex-assessora-da-il-afirma-ter-reportado-assedio-de-joao-cotrim-figueiredo-em-2023\/","url":"https:\/\/portaltela.pt\/noticias\/2026\/01\/15\/ex-assessora-da-il-afirma-ter-reportado-assedio-de-joao-cotrim-figueiredo-em-2023\/","name":"Ex-assessora da IL afirma ter reportado ass\u00e9dio de Jo\u00e3o Cotrim Figueiredo em 2023 - Portal Tela Portugal","isPartOf":{"@id":"https:\/\/portaltela.pt\/#website"},"primaryImageOfPage":{"@id":"https:\/\/portaltela.pt\/noticias\/2026\/01\/15\/ex-assessora-da-il-afirma-ter-reportado-assedio-de-joao-cotrim-figueiredo-em-2023\/#primaryimage"},"image":{"@id":"https:\/\/portaltela.pt\/noticias\/2026\/01\/15\/ex-assessora-da-il-afirma-ter-reportado-assedio-de-joao-cotrim-figueiredo-em-2023\/#primaryimage"},"thumbnailUrl":"https:\/\/portaltela.pt\/s.01k8rhncp4jt1\/2026\/01\/2059452.jpg","datePublished":"2026-01-15T10:56:00+00:00","author":{"@id":"https:\/\/portaltela.pt\/#\/schema\/person\/c4278d4a6028830caff9ee44b42d32ed"},"breadcrumb":{"@id":"https:\/\/portaltela.pt\/noticias\/2026\/01\/15\/ex-assessora-da-il-afirma-ter-reportado-assedio-de-joao-cotrim-figueiredo-em-2023\/#breadcrumb"},"inLanguage":"pt-PT","potentialAction":[{"@type":"ReadAction","target":["https:\/\/portaltela.pt\/noticias\/2026\/01\/15\/ex-assessora-da-il-afirma-ter-reportado-assedio-de-joao-cotrim-figueiredo-em-2023\/"]}]},{"@type":"ImageObject","inLanguage":"pt-PT","@id":"https:\/\/portaltela.pt\/noticias\/2026\/01\/15\/ex-assessora-da-il-afirma-ter-reportado-assedio-de-joao-cotrim-figueiredo-em-2023\/#primaryimage","url":"https:\/\/portaltela.pt\/s.01k8rhncp4jt1\/2026\/01\/2059452.jpg","contentUrl":"https:\/\/portaltela.pt\/s.01k8rhncp4jt1\/2026\/01\/2059452.jpg","width":796,"height":448,"caption":"Jo\u00e3o Cotrim Figueiredo \u00e9 candidato \u00e0 Presid\u00eancia da Rep\u00fablica"},{"@type":"BreadcrumbList","@id":"https:\/\/portaltela.pt\/noticias\/2026\/01\/15\/ex-assessora-da-il-afirma-ter-reportado-assedio-de-joao-cotrim-figueiredo-em-2023\/#breadcrumb","itemListElement":[{"@type":"ListItem","position":1,"name":"In\u00edcio","item":"https:\/\/portaltela.pt\/"},{"@type":"ListItem","position":2,"name":"Ex-assessora da IL afirma ter reportado ass\u00e9dio de Jo\u00e3o Cotrim Figueiredo em 2023"}]},{"@type":"WebSite","@id":"https:\/\/portaltela.pt\/#website","url":"https:\/\/portaltela.pt\/","name":"Portal Tela Portugal","description":"","potentialAction":[{"@type":"SearchAction","target":{"@type":"EntryPoint","urlTemplate":"https:\/\/portaltela.pt\/?s={search_term_string}"},"query-input":{"@type":"PropertyValueSpecification","valueRequired":true,"valueName":"search_term_string"}}],"inLanguage":"pt-PT"},{"@type":"Person","@id":"https:\/\/portaltela.pt\/#\/schema\/person\/c4278d4a6028830caff9ee44b42d32ed","name":"Telinha","image":{"@type":"ImageObject","inLanguage":"pt-PT","@id":"https:\/\/portaltela.pt\/s.01k8rhncp4jt1\/2025\/11\/talking-bot-125x125.png","url":"https:\/\/portaltela.pt\/s.01k8rhncp4jt1\/2025\/11\/talking-bot-125x125.png","contentUrl":"https:\/\/portaltela.pt\/s.01k8rhncp4jt1\/2025\/11\/talking-bot-125x125.png","caption":"Telinha"},"sameAs":["https:\/\/portaltela.pt\/"],"url":"https:\/\/portaltela.pt\/por\/367410592786\/"}]}},"_links":{"self":[{"href":"https:\/\/portaltela.pt\/api\/wp\/v2\/posts\/144101","targetHints":{"allow":["GET"]}}],"collection":[{"href":"https:\/\/portaltela.pt\/api\/wp\/v2\/posts"}],"about":[{"href":"https:\/\/portaltela.pt\/api\/wp\/v2\/types\/post"}],"author":[{"embeddable":true,"href":"https:\/\/portaltela.pt\/api\/wp\/v2\/users\/2"}],"replies":[{"embeddable":true,"href":"https:\/\/portaltela.pt\/api\/wp\/v2\/comments?post=144101"}],"version-history":[{"count":0,"href":"https:\/\/portaltela.pt\/api\/wp\/v2\/posts\/144101\/revisions"}],"wp:featuredmedia":[{"embeddable":true,"href":"https:\/\/portaltela.pt\/api\/wp\/v2\/media\/144119"}],"wp:attachment":[{"href":"https:\/\/portaltela.pt\/api\/wp\/v2\/media?parent=144101"}],"wp:term":[{"taxonomy":"category","embeddable":true,"href":"https:\/\/portaltela.pt\/api\/wp\/v2\/categories?post=144101"},{"taxonomy":"post_tag","embeddable":true,"href":"https:\/\/portaltela.pt\/api\/wp\/v2\/tags?post=144101"}],"curies":[{"name":"wp","href":"https:\/\/api.w.org\/{rel}","templated":true}]}}