{"id":143963,"date":"2026-01-15T07:03:46","date_gmt":"2026-01-15T10:03:46","guid":{"rendered":"https:\/\/portaltela.pt\/noticias\/2026\/01\/15\/gois-presente-na-inauguracao-de-exposicao-dedicada-a-monsenhor-nunes-pereira\/"},"modified":"2026-01-15T07:03:46","modified_gmt":"2026-01-15T10:03:46","slug":"gois-presente-na-inauguracao-de-exposicao-dedicada-a-monsenhor-nunes-pereira","status":"publish","type":"post","link":"https:\/\/portaltela.pt\/noticias\/2026\/01\/15\/gois-presente-na-inauguracao-de-exposicao-dedicada-a-monsenhor-nunes-pereira\/","title":{"rendered":"G\u00f3is presente na inaugura\u00e7\u00e3o de exposi\u00e7\u00e3o dedicada a Monsenhor Nunes Pereira"},"content":{"rendered":"<p>O Munic\u00edpio de G\u00f3is foi representado pela vereadora Paula Matos no arranque das Comemora\u00e7\u00f5es a Monsenhor Nunes Pereira, com a inaugura\u00e7\u00e3o da exposi\u00e7\u00e3o &#8216;Nunes Pereira e o tra\u00e7o: 1927\u20132001&#8217;, na Oficina-Museu Nunes Pereira, no Semin\u00e1rio Maior de Coimbra.<\/p>\n<p>A mostra re\u00fane mais de uma centena de obras, organizadas em oito n\u00facleos expositivos, revelando a diversidade de temas, t\u00e9cnicas e suportes que marcaram o percurso art\u00edstico de Nunes Pereira.<\/p>\n<p>A exposi\u00e7\u00e3o prop\u00f5e uma leitura abrangente da obra, evidenciando a riqueza e a evolu\u00e7\u00e3o do tra\u00e7o ao longo de v\u00e1rias d\u00e9cadas.<\/p>\n<h3>Exposi\u00e7\u00e3o<\/h3>\n<p>As pe\u00e7as est\u00e3o distribu\u00eddas em oito n\u00facleos, com foco na variedade de t\u00e9cnicas utilizadas pelo artista.<\/p>\n<p>A curadoria enfatiza a evolu\u00e7\u00e3o do tra\u00e7o ao longo do tempo, oferecendo uma vis\u00e3o panor\u00e2mica da produ\u00e7\u00e3o.<\/p>\n","protected":false},"excerpt":{"rendered":"<ul>\n<li>O Munic\u00edpio de G\u00f3is foi representado pela vereadora Paula Matos no in\u00edcio das Comemora\u00e7\u00f5es a Monsenhor Nunes Pereira.<\/li>\n<li>A inaugura\u00e7\u00e3o da exposi\u00e7\u00e3o ocorreu na Oficina-Museu Nunes Pereira, no Semin\u00e1rio Maior de Coimbra.<\/li>\n<li>A mostra, intitulada \u201cNunes Pereira e o tra\u00e7o: 1927\u20132001\u201d, re\u00fane mais de uma centena de obras.<\/li>\n<li>As obras est\u00e3o organizadas em oito n\u00facleos expositivos, evidenciando a diversidade de temas, t\u00e9cnicas e suportes.<\/li>\n<li>A exposi\u00e7\u00e3o prop\u00f5e uma leitura global da obra, destacando a riqueza e a evolu\u00e7\u00e3o do tra\u00e7o ao longo de v\u00e1rias d\u00e9cadas.<\/li>\n<\/ul>\n","protected":false},"author":2,"featured_media":143983,"comment_status":"closed","ping_status":"closed","sticky":false,"template":"","format":"standard","meta":{"footnotes":""},"categories":[1],"tags":[70,1070,1718,1397,2019,2954],"class_list":["post-143963","post","type-post","status-publish","format-standard","has-post-thumbnail","hentry","category-noticias","tag-arte","tag-coimbra","tag-cultura-e-turismo","tag-exposicoes","tag-gois","tag-museus-e-monumentos-de-portugal"],"yoast_head":"<!-- This site is optimized with the Yoast SEO plugin v27.2 - https:\/\/yoast.com\/product\/yoast-seo-wordpress\/ -->\n<title>G\u00f3is presente na inaugura\u00e7\u00e3o de exposi\u00e7\u00e3o dedicada a Monsenhor Nunes Pereira - Portal Tela Portugal<\/title>\n<meta name=\"robots\" content=\"index, follow, max-snippet:-1, max-image-preview:large, max-video-preview:-1\" \/>\n<meta property=\"og:locale\" content=\"pt_PT\" \/>\n<meta property=\"og:type\" content=\"article\" \/>\n<meta property=\"og:title\" content=\"G\u00f3is presente na inaugura\u00e7\u00e3o de exposi\u00e7\u00e3o dedicada a Monsenhor Nunes Pereira - Portal Tela Portugal\" \/>\n<meta property=\"og:description\" content=\"O Munic\u00edpio de G\u00f3is foi representado pela vereadora Paula Matos no in\u00edcio das Comemora\u00e7\u00f5es a Monsenhor Nunes Pereira. A inaugura\u00e7\u00e3o da exposi\u00e7\u00e3o ocorreu na Oficina-Museu Nunes Pereira, no Semin\u00e1rio Maior de Coimbra. A mostra, intitulada \u201cNunes Pereira e o tra\u00e7o: 1927\u20132001\u201d, re\u00fane mais de uma centena de obras. As obras est\u00e3o organizadas em oito n\u00facleos expositivos, evidenciando a diversidade de temas, t\u00e9cnicas e suportes. A exposi\u00e7\u00e3o prop\u00f5e uma leitura global da obra, destacando a riqueza e a evolu\u00e7\u00e3o do tra\u00e7o ao longo de v\u00e1rias d\u00e9cadas.\" \/>\n<meta property=\"og:url\" content=\"https:\/\/portaltela.pt\/noticias\/2026\/01\/15\/gois-presente-na-inauguracao-de-exposicao-dedicada-a-monsenhor-nunes-pereira\/\" \/>\n<meta property=\"og:site_name\" content=\"Portal Tela Portugal\" \/>\n<meta property=\"article:published_time\" content=\"2026-01-15T10:03:46+00:00\" \/>\n<meta name=\"author\" content=\"Telinha\" \/>\n<meta name=\"twitter:card\" content=\"summary_large_image\" \/>\n<meta name=\"twitter:label1\" content=\"Escrito por\" \/>\n\t<meta name=\"twitter:data1\" content=\"Telinha\" \/>\n\t<meta name=\"twitter:label2\" content=\"Tempo estimado de leitura\" \/>\n\t<meta name=\"twitter:data2\" content=\"1 minuto\" \/>\n<script type=\"application\/ld+json\" class=\"yoast-schema-graph\">{\"@context\":\"https:\/\/schema.org\",\"@graph\":[{\"@type\":\"Article\",\"@id\":\"https:\/\/portaltela.pt\/noticias\/2026\/01\/15\/gois-presente-na-inauguracao-de-exposicao-dedicada-a-monsenhor-nunes-pereira\/#article\",\"isPartOf\":{\"@id\":\"https:\/\/portaltela.pt\/noticias\/2026\/01\/15\/gois-presente-na-inauguracao-de-exposicao-dedicada-a-monsenhor-nunes-pereira\/\"},\"author\":{\"name\":\"Telinha\",\"@id\":\"https:\/\/portaltela.pt\/#\/schema\/person\/c4278d4a6028830caff9ee44b42d32ed\"},\"headline\":\"G\u00f3is presente na inaugura\u00e7\u00e3o de exposi\u00e7\u00e3o dedicada a Monsenhor Nunes Pereira\",\"datePublished\":\"2026-01-15T10:03:46+00:00\",\"mainEntityOfPage\":{\"@id\":\"https:\/\/portaltela.pt\/noticias\/2026\/01\/15\/gois-presente-na-inauguracao-de-exposicao-dedicada-a-monsenhor-nunes-pereira\/\"},\"wordCount\":164,\"image\":{\"@id\":\"https:\/\/portaltela.pt\/noticias\/2026\/01\/15\/gois-presente-na-inauguracao-de-exposicao-dedicada-a-monsenhor-nunes-pereira\/#primaryimage\"},\"thumbnailUrl\":\"https:\/\/portaltela.pt\/s.01k8rhncp4jt1\/2026\/01\/unnamed-file-3173.jpg\",\"keywords\":[\"arte\",\"Coimbra\",\"Cultura e Turismo\",\"exposi\u00e7\u00f5es\",\"G\u00f3is\",\"Museus e Monumentos de Portugal\"],\"articleSection\":[\"Not\u00edcias\"],\"inLanguage\":\"pt-PT\"},{\"@type\":\"WebPage\",\"@id\":\"https:\/\/portaltela.pt\/noticias\/2026\/01\/15\/gois-presente-na-inauguracao-de-exposicao-dedicada-a-monsenhor-nunes-pereira\/\",\"url\":\"https:\/\/portaltela.pt\/noticias\/2026\/01\/15\/gois-presente-na-inauguracao-de-exposicao-dedicada-a-monsenhor-nunes-pereira\/\",\"name\":\"G\u00f3is presente na inaugura\u00e7\u00e3o de exposi\u00e7\u00e3o dedicada a Monsenhor Nunes Pereira - Portal Tela Portugal\",\"isPartOf\":{\"@id\":\"https:\/\/portaltela.pt\/#website\"},\"primaryImageOfPage\":{\"@id\":\"https:\/\/portaltela.pt\/noticias\/2026\/01\/15\/gois-presente-na-inauguracao-de-exposicao-dedicada-a-monsenhor-nunes-pereira\/#primaryimage\"},\"image\":{\"@id\":\"https:\/\/portaltela.pt\/noticias\/2026\/01\/15\/gois-presente-na-inauguracao-de-exposicao-dedicada-a-monsenhor-nunes-pereira\/#primaryimage\"},\"thumbnailUrl\":\"https:\/\/portaltela.pt\/s.01k8rhncp4jt1\/2026\/01\/unnamed-file-3173.jpg\",\"datePublished\":\"2026-01-15T10:03:46+00:00\",\"author\":{\"@id\":\"https:\/\/portaltela.pt\/#\/schema\/person\/c4278d4a6028830caff9ee44b42d32ed\"},\"breadcrumb\":{\"@id\":\"https:\/\/portaltela.pt\/noticias\/2026\/01\/15\/gois-presente-na-inauguracao-de-exposicao-dedicada-a-monsenhor-nunes-pereira\/#breadcrumb\"},\"inLanguage\":\"pt-PT\",\"potentialAction\":[{\"@type\":\"ReadAction\",\"target\":[\"https:\/\/portaltela.pt\/noticias\/2026\/01\/15\/gois-presente-na-inauguracao-de-exposicao-dedicada-a-monsenhor-nunes-pereira\/\"]}]},{\"@type\":\"ImageObject\",\"inLanguage\":\"pt-PT\",\"@id\":\"https:\/\/portaltela.pt\/noticias\/2026\/01\/15\/gois-presente-na-inauguracao-de-exposicao-dedicada-a-monsenhor-nunes-pereira\/#primaryimage\",\"url\":\"https:\/\/portaltela.pt\/s.01k8rhncp4jt1\/2026\/01\/unnamed-file-3173.jpg\",\"contentUrl\":\"https:\/\/portaltela.pt\/s.01k8rhncp4jt1\/2026\/01\/unnamed-file-3173.jpg\",\"width\":796,\"height\":448,\"caption\":\"Munic\u00edpio de G\u00f3is marca presen\u00e7a na inaugura\u00e7\u00e3o de exposi\u00e7\u00e3o dedicada a Monsenhor Nunes Pereira\"},{\"@type\":\"BreadcrumbList\",\"@id\":\"https:\/\/portaltela.pt\/noticias\/2026\/01\/15\/gois-presente-na-inauguracao-de-exposicao-dedicada-a-monsenhor-nunes-pereira\/#breadcrumb\",\"itemListElement\":[{\"@type\":\"ListItem\",\"position\":1,\"name\":\"In\u00edcio\",\"item\":\"https:\/\/portaltela.pt\/\"},{\"@type\":\"ListItem\",\"position\":2,\"name\":\"G\u00f3is presente na inaugura\u00e7\u00e3o de exposi\u00e7\u00e3o dedicada a Monsenhor Nunes Pereira\"}]},{\"@type\":\"WebSite\",\"@id\":\"https:\/\/portaltela.pt\/#website\",\"url\":\"https:\/\/portaltela.pt\/\",\"name\":\"Portal Tela Portugal\",\"description\":\"\",\"potentialAction\":[{\"@type\":\"SearchAction\",\"target\":{\"@type\":\"EntryPoint\",\"urlTemplate\":\"https:\/\/portaltela.pt\/?s={search_term_string}\"},\"query-input\":{\"@type\":\"PropertyValueSpecification\",\"valueRequired\":true,\"valueName\":\"search_term_string\"}}],\"inLanguage\":\"pt-PT\"},{\"@type\":\"Person\",\"@id\":\"https:\/\/portaltela.pt\/#\/schema\/person\/c4278d4a6028830caff9ee44b42d32ed\",\"name\":\"Telinha\",\"image\":{\"@type\":\"ImageObject\",\"inLanguage\":\"pt-PT\",\"@id\":\"https:\/\/portaltela.pt\/s.01k8rhncp4jt1\/2025\/11\/talking-bot-125x125.png\",\"url\":\"https:\/\/portaltela.pt\/s.01k8rhncp4jt1\/2025\/11\/talking-bot-125x125.png\",\"contentUrl\":\"https:\/\/portaltela.pt\/s.01k8rhncp4jt1\/2025\/11\/talking-bot-125x125.png\",\"caption\":\"Telinha\"},\"sameAs\":[\"https:\/\/portaltela.pt\/\"],\"url\":\"https:\/\/portaltela.pt\/por\/367410592786\/\"}]}<\/script>\n<!-- \/ Yoast SEO plugin. -->","yoast_head_json":{"title":"G\u00f3is presente na inaugura\u00e7\u00e3o de exposi\u00e7\u00e3o dedicada a Monsenhor Nunes Pereira - Portal Tela Portugal","robots":{"index":"index","follow":"follow","max-snippet":"max-snippet:-1","max-image-preview":"max-image-preview:large","max-video-preview":"max-video-preview:-1"},"og_locale":"pt_PT","og_type":"article","og_title":"G\u00f3is presente na inaugura\u00e7\u00e3o de exposi\u00e7\u00e3o dedicada a Monsenhor Nunes Pereira - Portal Tela Portugal","og_description":"O Munic\u00edpio de G\u00f3is foi representado pela vereadora Paula Matos no in\u00edcio das Comemora\u00e7\u00f5es a Monsenhor Nunes Pereira. A inaugura\u00e7\u00e3o da exposi\u00e7\u00e3o ocorreu na Oficina-Museu Nunes Pereira, no Semin\u00e1rio Maior de Coimbra. A mostra, intitulada \u201cNunes Pereira e o tra\u00e7o: 1927\u20132001\u201d, re\u00fane mais de uma centena de obras. As obras est\u00e3o organizadas em oito n\u00facleos expositivos, evidenciando a diversidade de temas, t\u00e9cnicas e suportes. A exposi\u00e7\u00e3o prop\u00f5e uma leitura global da obra, destacando a riqueza e a evolu\u00e7\u00e3o do tra\u00e7o ao longo de v\u00e1rias d\u00e9cadas.","og_url":"https:\/\/portaltela.pt\/noticias\/2026\/01\/15\/gois-presente-na-inauguracao-de-exposicao-dedicada-a-monsenhor-nunes-pereira\/","og_site_name":"Portal Tela Portugal","article_published_time":"2026-01-15T10:03:46+00:00","author":"Telinha","twitter_card":"summary_large_image","twitter_misc":{"Escrito por":"Telinha","Tempo estimado de leitura":"1 minuto"},"schema":{"@context":"https:\/\/schema.org","@graph":[{"@type":"Article","@id":"https:\/\/portaltela.pt\/noticias\/2026\/01\/15\/gois-presente-na-inauguracao-de-exposicao-dedicada-a-monsenhor-nunes-pereira\/#article","isPartOf":{"@id":"https:\/\/portaltela.pt\/noticias\/2026\/01\/15\/gois-presente-na-inauguracao-de-exposicao-dedicada-a-monsenhor-nunes-pereira\/"},"author":{"name":"Telinha","@id":"https:\/\/portaltela.pt\/#\/schema\/person\/c4278d4a6028830caff9ee44b42d32ed"},"headline":"G\u00f3is presente na inaugura\u00e7\u00e3o de exposi\u00e7\u00e3o dedicada a Monsenhor Nunes Pereira","datePublished":"2026-01-15T10:03:46+00:00","mainEntityOfPage":{"@id":"https:\/\/portaltela.pt\/noticias\/2026\/01\/15\/gois-presente-na-inauguracao-de-exposicao-dedicada-a-monsenhor-nunes-pereira\/"},"wordCount":164,"image":{"@id":"https:\/\/portaltela.pt\/noticias\/2026\/01\/15\/gois-presente-na-inauguracao-de-exposicao-dedicada-a-monsenhor-nunes-pereira\/#primaryimage"},"thumbnailUrl":"https:\/\/portaltela.pt\/s.01k8rhncp4jt1\/2026\/01\/unnamed-file-3173.jpg","keywords":["arte","Coimbra","Cultura e Turismo","exposi\u00e7\u00f5es","G\u00f3is","Museus e Monumentos de Portugal"],"articleSection":["Not\u00edcias"],"inLanguage":"pt-PT"},{"@type":"WebPage","@id":"https:\/\/portaltela.pt\/noticias\/2026\/01\/15\/gois-presente-na-inauguracao-de-exposicao-dedicada-a-monsenhor-nunes-pereira\/","url":"https:\/\/portaltela.pt\/noticias\/2026\/01\/15\/gois-presente-na-inauguracao-de-exposicao-dedicada-a-monsenhor-nunes-pereira\/","name":"G\u00f3is presente na inaugura\u00e7\u00e3o de exposi\u00e7\u00e3o dedicada a Monsenhor Nunes Pereira - Portal Tela Portugal","isPartOf":{"@id":"https:\/\/portaltela.pt\/#website"},"primaryImageOfPage":{"@id":"https:\/\/portaltela.pt\/noticias\/2026\/01\/15\/gois-presente-na-inauguracao-de-exposicao-dedicada-a-monsenhor-nunes-pereira\/#primaryimage"},"image":{"@id":"https:\/\/portaltela.pt\/noticias\/2026\/01\/15\/gois-presente-na-inauguracao-de-exposicao-dedicada-a-monsenhor-nunes-pereira\/#primaryimage"},"thumbnailUrl":"https:\/\/portaltela.pt\/s.01k8rhncp4jt1\/2026\/01\/unnamed-file-3173.jpg","datePublished":"2026-01-15T10:03:46+00:00","author":{"@id":"https:\/\/portaltela.pt\/#\/schema\/person\/c4278d4a6028830caff9ee44b42d32ed"},"breadcrumb":{"@id":"https:\/\/portaltela.pt\/noticias\/2026\/01\/15\/gois-presente-na-inauguracao-de-exposicao-dedicada-a-monsenhor-nunes-pereira\/#breadcrumb"},"inLanguage":"pt-PT","potentialAction":[{"@type":"ReadAction","target":["https:\/\/portaltela.pt\/noticias\/2026\/01\/15\/gois-presente-na-inauguracao-de-exposicao-dedicada-a-monsenhor-nunes-pereira\/"]}]},{"@type":"ImageObject","inLanguage":"pt-PT","@id":"https:\/\/portaltela.pt\/noticias\/2026\/01\/15\/gois-presente-na-inauguracao-de-exposicao-dedicada-a-monsenhor-nunes-pereira\/#primaryimage","url":"https:\/\/portaltela.pt\/s.01k8rhncp4jt1\/2026\/01\/unnamed-file-3173.jpg","contentUrl":"https:\/\/portaltela.pt\/s.01k8rhncp4jt1\/2026\/01\/unnamed-file-3173.jpg","width":796,"height":448,"caption":"Munic\u00edpio de G\u00f3is marca presen\u00e7a na inaugura\u00e7\u00e3o de exposi\u00e7\u00e3o dedicada a Monsenhor Nunes Pereira"},{"@type":"BreadcrumbList","@id":"https:\/\/portaltela.pt\/noticias\/2026\/01\/15\/gois-presente-na-inauguracao-de-exposicao-dedicada-a-monsenhor-nunes-pereira\/#breadcrumb","itemListElement":[{"@type":"ListItem","position":1,"name":"In\u00edcio","item":"https:\/\/portaltela.pt\/"},{"@type":"ListItem","position":2,"name":"G\u00f3is presente na inaugura\u00e7\u00e3o de exposi\u00e7\u00e3o dedicada a Monsenhor Nunes Pereira"}]},{"@type":"WebSite","@id":"https:\/\/portaltela.pt\/#website","url":"https:\/\/portaltela.pt\/","name":"Portal Tela Portugal","description":"","potentialAction":[{"@type":"SearchAction","target":{"@type":"EntryPoint","urlTemplate":"https:\/\/portaltela.pt\/?s={search_term_string}"},"query-input":{"@type":"PropertyValueSpecification","valueRequired":true,"valueName":"search_term_string"}}],"inLanguage":"pt-PT"},{"@type":"Person","@id":"https:\/\/portaltela.pt\/#\/schema\/person\/c4278d4a6028830caff9ee44b42d32ed","name":"Telinha","image":{"@type":"ImageObject","inLanguage":"pt-PT","@id":"https:\/\/portaltela.pt\/s.01k8rhncp4jt1\/2025\/11\/talking-bot-125x125.png","url":"https:\/\/portaltela.pt\/s.01k8rhncp4jt1\/2025\/11\/talking-bot-125x125.png","contentUrl":"https:\/\/portaltela.pt\/s.01k8rhncp4jt1\/2025\/11\/talking-bot-125x125.png","caption":"Telinha"},"sameAs":["https:\/\/portaltela.pt\/"],"url":"https:\/\/portaltela.pt\/por\/367410592786\/"}]}},"_links":{"self":[{"href":"https:\/\/portaltela.pt\/api\/wp\/v2\/posts\/143963","targetHints":{"allow":["GET"]}}],"collection":[{"href":"https:\/\/portaltela.pt\/api\/wp\/v2\/posts"}],"about":[{"href":"https:\/\/portaltela.pt\/api\/wp\/v2\/types\/post"}],"author":[{"embeddable":true,"href":"https:\/\/portaltela.pt\/api\/wp\/v2\/users\/2"}],"replies":[{"embeddable":true,"href":"https:\/\/portaltela.pt\/api\/wp\/v2\/comments?post=143963"}],"version-history":[{"count":0,"href":"https:\/\/portaltela.pt\/api\/wp\/v2\/posts\/143963\/revisions"}],"wp:featuredmedia":[{"embeddable":true,"href":"https:\/\/portaltela.pt\/api\/wp\/v2\/media\/143983"}],"wp:attachment":[{"href":"https:\/\/portaltela.pt\/api\/wp\/v2\/media?parent=143963"}],"wp:term":[{"taxonomy":"category","embeddable":true,"href":"https:\/\/portaltela.pt\/api\/wp\/v2\/categories?post=143963"},{"taxonomy":"post_tag","embeddable":true,"href":"https:\/\/portaltela.pt\/api\/wp\/v2\/tags?post=143963"}],"curies":[{"name":"wp","href":"https:\/\/api.w.org\/{rel}","templated":true}]}}