{"id":143873,"date":"2026-01-15T06:48:21","date_gmt":"2026-01-15T09:48:21","guid":{"rendered":"https:\/\/portaltela.pt\/noticias\/2026\/01\/15\/autoridade-suica-de-concorrencia-abre-investigacao-contra-a-microsoft\/"},"modified":"2026-01-15T06:48:21","modified_gmt":"2026-01-15T09:48:21","slug":"autoridade-suica-de-concorrencia-abre-investigacao-contra-a-microsoft","status":"publish","type":"post","link":"https:\/\/portaltela.pt\/noticias\/economia\/2026\/01\/15\/autoridade-suica-de-concorrencia-abre-investigacao-contra-a-microsoft\/","title":{"rendered":"Autoridade su\u00ed\u00e7a de concorr\u00eancia abre investiga\u00e7\u00e3o contra a Microsoft"},"content":{"rendered":"<p>A autoridade su\u00ed\u00e7a da concorr\u00eancia, a Comiss\u00e3o da Concorr\u00eancia (Comco), abriu uma investiga\u00e7\u00e3o contra a Microsoft. A a\u00e7\u00e3o ocorreu na sequ\u00eancia de den\u00fancias sobre aumentos significativos no pre\u00e7o das licen\u00e7as, especialmente do Microsoft 365, junto de empresas e entidades p\u00fablicas na Su\u00ed\u00e7a. A abertura da inquiri\u00e7\u00e3o foi anunciada pela Comco na quinta-feira, 15 de [m\u00eas].<\/p>\n<p>A Comco informou que iniciou uma investiga\u00e7\u00e3o preliminar para avaliar se os aumentos configuram ind\u00edcios de restri\u00e7\u00f5es ilegais \u00e0 concorr\u00eancia. O foco inicial recai sobre os pre\u00e7os de licen\u00e7as de produtos Microsoft no mercado su\u00ed\u00e7o, com especial aten\u00e7\u00e3o ao Microsoft 365 utilizado por privados e pelo setor p\u00fablico.<\/p>\n<p>A filial su\u00ed\u00e7a da Microsoft afirmou, via meio de comunica\u00e7\u00e3o, o seu compromisso com a legisla\u00e7\u00e3o su\u00ed\u00e7a de concorr\u00eancia e a coopera\u00e7\u00e3o com a Comco durante a fase preliminar da investiga\u00e7\u00e3o.<\/p>\n<h3>Investiga\u00e7\u00e3o preliminar<\/h3>\n<p>Durante esta etapa, a Comco analisa se existem restri\u00e7\u00f5es \u00e0 concorr\u00eancia que possam justificar uma investiga\u00e7\u00e3o mais aprofundada, sem antecipar conclus\u00f5es. A Comco n\u00e3o detalha ainda prazos ou consequ\u00eancias potenciais, mantendo o car\u00e1ter inicial do processo.<\/p>\n","protected":false},"excerpt":{"rendered":"<ul>\n<li>A Comiss\u00e3o da Concorr\u00eancia (Comco) da Su\u00ed\u00e7a abriu uma investiga\u00e7\u00e3o preliminar contra a Microsoft, por alegados aumentos significativos no pre\u00e7o de licen\u00e7as.<\/li>\n<li>Os aumentos dizem respeito ao produto Microsoft 365, utilizado por empresas e por um grande n\u00famero de administra\u00e7\u00f5es e entidades p\u00fablicas.<\/li>\n<li>A investiga\u00e7\u00e3o tem como objetivo avaliar se esses aumentos constituem ind\u00edcios de restri\u00e7\u00f5es ilegais \u00e0 concorr\u00eancia.<\/li>\n<li>A etapa preliminar permite \u00e0 Comco decidir se deve abrir uma investiga\u00e7\u00e3o mais aprofundada.<\/li>\n<li>A Microsoft na Su\u00ed\u00e7a informou que ir\u00e1 cooperar e respeitar a legisla\u00e7\u00e3o su\u00ed\u00e7a de concorr\u00eancia durante o processo.<\/li>\n<\/ul>\n","protected":false},"author":2,"featured_media":143924,"comment_status":"closed","ping_status":"closed","sticky":false,"template":"","format":"standard","meta":{"footnotes":""},"categories":[2,1],"tags":[3177,2207,2114,215,2297,2824],"class_list":["post-143873","post","type-post","status-publish","format-standard","has-post-thumbnail","hentry","category-economia","category-noticias","tag-autoridade-publica","tag-concorrencia","tag-concorrencia-internacional","tag-investigacao","tag-investigacoes-internacionais","tag-setor-publico"],"yoast_head":"<!-- This site is optimized with the Yoast SEO plugin v27.2 - https:\/\/yoast.com\/product\/yoast-seo-wordpress\/ -->\n<title>Autoridade su\u00ed\u00e7a de concorr\u00eancia abre investiga\u00e7\u00e3o contra a Microsoft - Portal Tela Portugal<\/title>\n<meta name=\"robots\" content=\"index, follow, max-snippet:-1, max-image-preview:large, max-video-preview:-1\" \/>\n<meta property=\"og:locale\" content=\"pt_PT\" \/>\n<meta property=\"og:type\" content=\"article\" \/>\n<meta property=\"og:title\" content=\"Autoridade su\u00ed\u00e7a de concorr\u00eancia abre investiga\u00e7\u00e3o contra a Microsoft - Portal Tela Portugal\" \/>\n<meta property=\"og:description\" content=\"A Comiss\u00e3o da Concorr\u00eancia (Comco) da Su\u00ed\u00e7a abriu uma investiga\u00e7\u00e3o preliminar contra a Microsoft, por alegados aumentos significativos no pre\u00e7o de licen\u00e7as. Os aumentos dizem respeito ao produto Microsoft 365, utilizado por empresas e por um grande n\u00famero de administra\u00e7\u00f5es e entidades p\u00fablicas. A investiga\u00e7\u00e3o tem como objetivo avaliar se esses aumentos constituem ind\u00edcios de restri\u00e7\u00f5es ilegais \u00e0 concorr\u00eancia. A etapa preliminar permite \u00e0 Comco decidir se deve abrir uma investiga\u00e7\u00e3o mais aprofundada. A Microsoft na Su\u00ed\u00e7a informou que ir\u00e1 cooperar e respeitar a legisla\u00e7\u00e3o su\u00ed\u00e7a de concorr\u00eancia durante o processo.\" \/>\n<meta property=\"og:url\" content=\"https:\/\/portaltela.pt\/noticias\/2026\/01\/15\/autoridade-suica-de-concorrencia-abre-investigacao-contra-a-microsoft\/\" \/>\n<meta property=\"og:site_name\" content=\"Portal Tela Portugal\" \/>\n<meta property=\"article:published_time\" content=\"2026-01-15T09:48:21+00:00\" \/>\n<meta name=\"author\" content=\"Telinha\" \/>\n<meta name=\"twitter:card\" content=\"summary_large_image\" \/>\n<meta name=\"twitter:label1\" content=\"Escrito por\" \/>\n\t<meta name=\"twitter:data1\" content=\"Telinha\" \/>\n\t<meta name=\"twitter:label2\" content=\"Tempo estimado de leitura\" \/>\n\t<meta name=\"twitter:data2\" content=\"1 minuto\" \/>\n<script type=\"application\/ld+json\" class=\"yoast-schema-graph\">{\"@context\":\"https:\/\/schema.org\",\"@graph\":[{\"@type\":\"Article\",\"@id\":\"https:\/\/portaltela.pt\/noticias\/2026\/01\/15\/autoridade-suica-de-concorrencia-abre-investigacao-contra-a-microsoft\/#article\",\"isPartOf\":{\"@id\":\"https:\/\/portaltela.pt\/noticias\/2026\/01\/15\/autoridade-suica-de-concorrencia-abre-investigacao-contra-a-microsoft\/\"},\"author\":{\"name\":\"Telinha\",\"@id\":\"https:\/\/portaltela.pt\/#\/schema\/person\/c4278d4a6028830caff9ee44b42d32ed\"},\"headline\":\"Autoridade su\u00ed\u00e7a de concorr\u00eancia abre investiga\u00e7\u00e3o contra a Microsoft\",\"datePublished\":\"2026-01-15T09:48:21+00:00\",\"mainEntityOfPage\":{\"@id\":\"https:\/\/portaltela.pt\/noticias\/2026\/01\/15\/autoridade-suica-de-concorrencia-abre-investigacao-contra-a-microsoft\/\"},\"wordCount\":217,\"image\":{\"@id\":\"https:\/\/portaltela.pt\/noticias\/2026\/01\/15\/autoridade-suica-de-concorrencia-abre-investigacao-contra-a-microsoft\/#primaryimage\"},\"thumbnailUrl\":\"https:\/\/portaltela.pt\/s.01k8rhncp4jt1\/2026\/01\/unnamed-file-3166.jpg\",\"keywords\":[\"autoridade p\u00fablica\",\"concorr\u00eancia\",\"concorr\u00eancia internacional\",\"investiga\u00e7\u00e3o\",\"investiga\u00e7\u00f5es internacionais\",\"setor p\u00fablico\"],\"articleSection\":[\"Economia\",\"Not\u00edcias\"],\"inLanguage\":\"pt-PT\"},{\"@type\":\"WebPage\",\"@id\":\"https:\/\/portaltela.pt\/noticias\/2026\/01\/15\/autoridade-suica-de-concorrencia-abre-investigacao-contra-a-microsoft\/\",\"url\":\"https:\/\/portaltela.pt\/noticias\/2026\/01\/15\/autoridade-suica-de-concorrencia-abre-investigacao-contra-a-microsoft\/\",\"name\":\"Autoridade su\u00ed\u00e7a de concorr\u00eancia abre investiga\u00e7\u00e3o contra a Microsoft - Portal Tela Portugal\",\"isPartOf\":{\"@id\":\"https:\/\/portaltela.pt\/#website\"},\"primaryImageOfPage\":{\"@id\":\"https:\/\/portaltela.pt\/noticias\/2026\/01\/15\/autoridade-suica-de-concorrencia-abre-investigacao-contra-a-microsoft\/#primaryimage\"},\"image\":{\"@id\":\"https:\/\/portaltela.pt\/noticias\/2026\/01\/15\/autoridade-suica-de-concorrencia-abre-investigacao-contra-a-microsoft\/#primaryimage\"},\"thumbnailUrl\":\"https:\/\/portaltela.pt\/s.01k8rhncp4jt1\/2026\/01\/unnamed-file-3166.jpg\",\"datePublished\":\"2026-01-15T09:48:21+00:00\",\"author\":{\"@id\":\"https:\/\/portaltela.pt\/#\/schema\/person\/c4278d4a6028830caff9ee44b42d32ed\"},\"breadcrumb\":{\"@id\":\"https:\/\/portaltela.pt\/noticias\/2026\/01\/15\/autoridade-suica-de-concorrencia-abre-investigacao-contra-a-microsoft\/#breadcrumb\"},\"inLanguage\":\"pt-PT\",\"potentialAction\":[{\"@type\":\"ReadAction\",\"target\":[\"https:\/\/portaltela.pt\/noticias\/2026\/01\/15\/autoridade-suica-de-concorrencia-abre-investigacao-contra-a-microsoft\/\"]}]},{\"@type\":\"ImageObject\",\"inLanguage\":\"pt-PT\",\"@id\":\"https:\/\/portaltela.pt\/noticias\/2026\/01\/15\/autoridade-suica-de-concorrencia-abre-investigacao-contra-a-microsoft\/#primaryimage\",\"url\":\"https:\/\/portaltela.pt\/s.01k8rhncp4jt1\/2026\/01\/unnamed-file-3166.jpg\",\"contentUrl\":\"https:\/\/portaltela.pt\/s.01k8rhncp4jt1\/2026\/01\/unnamed-file-3166.jpg\",\"width\":796,\"height\":448,\"caption\":\"Autoridade da concorr\u00eancia su\u00ed\u00e7a abre investiga\u00e7\u00e3o contra Microsoft\"},{\"@type\":\"BreadcrumbList\",\"@id\":\"https:\/\/portaltela.pt\/noticias\/2026\/01\/15\/autoridade-suica-de-concorrencia-abre-investigacao-contra-a-microsoft\/#breadcrumb\",\"itemListElement\":[{\"@type\":\"ListItem\",\"position\":1,\"name\":\"In\u00edcio\",\"item\":\"https:\/\/portaltela.pt\/\"},{\"@type\":\"ListItem\",\"position\":2,\"name\":\"Autoridade su\u00ed\u00e7a de concorr\u00eancia abre investiga\u00e7\u00e3o contra a Microsoft\"}]},{\"@type\":\"WebSite\",\"@id\":\"https:\/\/portaltela.pt\/#website\",\"url\":\"https:\/\/portaltela.pt\/\",\"name\":\"Portal Tela Portugal\",\"description\":\"\",\"potentialAction\":[{\"@type\":\"SearchAction\",\"target\":{\"@type\":\"EntryPoint\",\"urlTemplate\":\"https:\/\/portaltela.pt\/?s={search_term_string}\"},\"query-input\":{\"@type\":\"PropertyValueSpecification\",\"valueRequired\":true,\"valueName\":\"search_term_string\"}}],\"inLanguage\":\"pt-PT\"},{\"@type\":\"Person\",\"@id\":\"https:\/\/portaltela.pt\/#\/schema\/person\/c4278d4a6028830caff9ee44b42d32ed\",\"name\":\"Telinha\",\"image\":{\"@type\":\"ImageObject\",\"inLanguage\":\"pt-PT\",\"@id\":\"https:\/\/portaltela.pt\/s.01k8rhncp4jt1\/2025\/11\/talking-bot-125x125.png\",\"url\":\"https:\/\/portaltela.pt\/s.01k8rhncp4jt1\/2025\/11\/talking-bot-125x125.png\",\"contentUrl\":\"https:\/\/portaltela.pt\/s.01k8rhncp4jt1\/2025\/11\/talking-bot-125x125.png\",\"caption\":\"Telinha\"},\"sameAs\":[\"https:\/\/portaltela.pt\/\"],\"url\":\"https:\/\/portaltela.pt\/por\/367410592786\/\"}]}<\/script>\n<!-- \/ Yoast SEO plugin. -->","yoast_head_json":{"title":"Autoridade su\u00ed\u00e7a de concorr\u00eancia abre investiga\u00e7\u00e3o contra a Microsoft - Portal Tela Portugal","robots":{"index":"index","follow":"follow","max-snippet":"max-snippet:-1","max-image-preview":"max-image-preview:large","max-video-preview":"max-video-preview:-1"},"og_locale":"pt_PT","og_type":"article","og_title":"Autoridade su\u00ed\u00e7a de concorr\u00eancia abre investiga\u00e7\u00e3o contra a Microsoft - Portal Tela Portugal","og_description":"A Comiss\u00e3o da Concorr\u00eancia (Comco) da Su\u00ed\u00e7a abriu uma investiga\u00e7\u00e3o preliminar contra a Microsoft, por alegados aumentos significativos no pre\u00e7o de licen\u00e7as. Os aumentos dizem respeito ao produto Microsoft 365, utilizado por empresas e por um grande n\u00famero de administra\u00e7\u00f5es e entidades p\u00fablicas. A investiga\u00e7\u00e3o tem como objetivo avaliar se esses aumentos constituem ind\u00edcios de restri\u00e7\u00f5es ilegais \u00e0 concorr\u00eancia. A etapa preliminar permite \u00e0 Comco decidir se deve abrir uma investiga\u00e7\u00e3o mais aprofundada. A Microsoft na Su\u00ed\u00e7a informou que ir\u00e1 cooperar e respeitar a legisla\u00e7\u00e3o su\u00ed\u00e7a de concorr\u00eancia durante o processo.","og_url":"https:\/\/portaltela.pt\/noticias\/2026\/01\/15\/autoridade-suica-de-concorrencia-abre-investigacao-contra-a-microsoft\/","og_site_name":"Portal Tela Portugal","article_published_time":"2026-01-15T09:48:21+00:00","author":"Telinha","twitter_card":"summary_large_image","twitter_misc":{"Escrito por":"Telinha","Tempo estimado de leitura":"1 minuto"},"schema":{"@context":"https:\/\/schema.org","@graph":[{"@type":"Article","@id":"https:\/\/portaltela.pt\/noticias\/2026\/01\/15\/autoridade-suica-de-concorrencia-abre-investigacao-contra-a-microsoft\/#article","isPartOf":{"@id":"https:\/\/portaltela.pt\/noticias\/2026\/01\/15\/autoridade-suica-de-concorrencia-abre-investigacao-contra-a-microsoft\/"},"author":{"name":"Telinha","@id":"https:\/\/portaltela.pt\/#\/schema\/person\/c4278d4a6028830caff9ee44b42d32ed"},"headline":"Autoridade su\u00ed\u00e7a de concorr\u00eancia abre investiga\u00e7\u00e3o contra a Microsoft","datePublished":"2026-01-15T09:48:21+00:00","mainEntityOfPage":{"@id":"https:\/\/portaltela.pt\/noticias\/2026\/01\/15\/autoridade-suica-de-concorrencia-abre-investigacao-contra-a-microsoft\/"},"wordCount":217,"image":{"@id":"https:\/\/portaltela.pt\/noticias\/2026\/01\/15\/autoridade-suica-de-concorrencia-abre-investigacao-contra-a-microsoft\/#primaryimage"},"thumbnailUrl":"https:\/\/portaltela.pt\/s.01k8rhncp4jt1\/2026\/01\/unnamed-file-3166.jpg","keywords":["autoridade p\u00fablica","concorr\u00eancia","concorr\u00eancia internacional","investiga\u00e7\u00e3o","investiga\u00e7\u00f5es internacionais","setor p\u00fablico"],"articleSection":["Economia","Not\u00edcias"],"inLanguage":"pt-PT"},{"@type":"WebPage","@id":"https:\/\/portaltela.pt\/noticias\/2026\/01\/15\/autoridade-suica-de-concorrencia-abre-investigacao-contra-a-microsoft\/","url":"https:\/\/portaltela.pt\/noticias\/2026\/01\/15\/autoridade-suica-de-concorrencia-abre-investigacao-contra-a-microsoft\/","name":"Autoridade su\u00ed\u00e7a de concorr\u00eancia abre investiga\u00e7\u00e3o contra a Microsoft - Portal Tela Portugal","isPartOf":{"@id":"https:\/\/portaltela.pt\/#website"},"primaryImageOfPage":{"@id":"https:\/\/portaltela.pt\/noticias\/2026\/01\/15\/autoridade-suica-de-concorrencia-abre-investigacao-contra-a-microsoft\/#primaryimage"},"image":{"@id":"https:\/\/portaltela.pt\/noticias\/2026\/01\/15\/autoridade-suica-de-concorrencia-abre-investigacao-contra-a-microsoft\/#primaryimage"},"thumbnailUrl":"https:\/\/portaltela.pt\/s.01k8rhncp4jt1\/2026\/01\/unnamed-file-3166.jpg","datePublished":"2026-01-15T09:48:21+00:00","author":{"@id":"https:\/\/portaltela.pt\/#\/schema\/person\/c4278d4a6028830caff9ee44b42d32ed"},"breadcrumb":{"@id":"https:\/\/portaltela.pt\/noticias\/2026\/01\/15\/autoridade-suica-de-concorrencia-abre-investigacao-contra-a-microsoft\/#breadcrumb"},"inLanguage":"pt-PT","potentialAction":[{"@type":"ReadAction","target":["https:\/\/portaltela.pt\/noticias\/2026\/01\/15\/autoridade-suica-de-concorrencia-abre-investigacao-contra-a-microsoft\/"]}]},{"@type":"ImageObject","inLanguage":"pt-PT","@id":"https:\/\/portaltela.pt\/noticias\/2026\/01\/15\/autoridade-suica-de-concorrencia-abre-investigacao-contra-a-microsoft\/#primaryimage","url":"https:\/\/portaltela.pt\/s.01k8rhncp4jt1\/2026\/01\/unnamed-file-3166.jpg","contentUrl":"https:\/\/portaltela.pt\/s.01k8rhncp4jt1\/2026\/01\/unnamed-file-3166.jpg","width":796,"height":448,"caption":"Autoridade da concorr\u00eancia su\u00ed\u00e7a abre investiga\u00e7\u00e3o contra Microsoft"},{"@type":"BreadcrumbList","@id":"https:\/\/portaltela.pt\/noticias\/2026\/01\/15\/autoridade-suica-de-concorrencia-abre-investigacao-contra-a-microsoft\/#breadcrumb","itemListElement":[{"@type":"ListItem","position":1,"name":"In\u00edcio","item":"https:\/\/portaltela.pt\/"},{"@type":"ListItem","position":2,"name":"Autoridade su\u00ed\u00e7a de concorr\u00eancia abre investiga\u00e7\u00e3o contra a Microsoft"}]},{"@type":"WebSite","@id":"https:\/\/portaltela.pt\/#website","url":"https:\/\/portaltela.pt\/","name":"Portal Tela Portugal","description":"","potentialAction":[{"@type":"SearchAction","target":{"@type":"EntryPoint","urlTemplate":"https:\/\/portaltela.pt\/?s={search_term_string}"},"query-input":{"@type":"PropertyValueSpecification","valueRequired":true,"valueName":"search_term_string"}}],"inLanguage":"pt-PT"},{"@type":"Person","@id":"https:\/\/portaltela.pt\/#\/schema\/person\/c4278d4a6028830caff9ee44b42d32ed","name":"Telinha","image":{"@type":"ImageObject","inLanguage":"pt-PT","@id":"https:\/\/portaltela.pt\/s.01k8rhncp4jt1\/2025\/11\/talking-bot-125x125.png","url":"https:\/\/portaltela.pt\/s.01k8rhncp4jt1\/2025\/11\/talking-bot-125x125.png","contentUrl":"https:\/\/portaltela.pt\/s.01k8rhncp4jt1\/2025\/11\/talking-bot-125x125.png","caption":"Telinha"},"sameAs":["https:\/\/portaltela.pt\/"],"url":"https:\/\/portaltela.pt\/por\/367410592786\/"}]}},"_links":{"self":[{"href":"https:\/\/portaltela.pt\/api\/wp\/v2\/posts\/143873","targetHints":{"allow":["GET"]}}],"collection":[{"href":"https:\/\/portaltela.pt\/api\/wp\/v2\/posts"}],"about":[{"href":"https:\/\/portaltela.pt\/api\/wp\/v2\/types\/post"}],"author":[{"embeddable":true,"href":"https:\/\/portaltela.pt\/api\/wp\/v2\/users\/2"}],"replies":[{"embeddable":true,"href":"https:\/\/portaltela.pt\/api\/wp\/v2\/comments?post=143873"}],"version-history":[{"count":0,"href":"https:\/\/portaltela.pt\/api\/wp\/v2\/posts\/143873\/revisions"}],"wp:featuredmedia":[{"embeddable":true,"href":"https:\/\/portaltela.pt\/api\/wp\/v2\/media\/143924"}],"wp:attachment":[{"href":"https:\/\/portaltela.pt\/api\/wp\/v2\/media?parent=143873"}],"wp:term":[{"taxonomy":"category","embeddable":true,"href":"https:\/\/portaltela.pt\/api\/wp\/v2\/categories?post=143873"},{"taxonomy":"post_tag","embeddable":true,"href":"https:\/\/portaltela.pt\/api\/wp\/v2\/tags?post=143873"}],"curies":[{"name":"wp","href":"https:\/\/api.w.org\/{rel}","templated":true}]}}