{"id":143803,"date":"2026-01-15T06:33:29","date_gmt":"2026-01-15T09:33:29","guid":{"rendered":"https:\/\/portaltela.pt\/noticias\/2026\/01\/15\/francisco-conceicao-apto-para-o-jogo-contra-o-benfica-apos-tratamento-com-pincas\/"},"modified":"2026-01-15T06:33:29","modified_gmt":"2026-01-15T09:33:29","slug":"francisco-conceicao-apto-para-o-jogo-contra-o-benfica-apos-tratamento-com-pincas","status":"publish","type":"post","link":"https:\/\/portaltela.pt\/desporto\/futebol\/2026\/01\/15\/francisco-conceicao-apto-para-o-jogo-contra-o-benfica-apos-tratamento-com-pincas\/","title":{"rendered":"Francisco Concei\u00e7\u00e3o apto para o jogo contra o Benfica ap\u00f3s tratamento com pin\u00e7as"},"content":{"rendered":"<p>Francisco Concei\u00e7\u00e3o tem vindo a recuperar de uma les\u00e3o muscular na coxa esquerda e pode ficar de fora do jogo com o Cagliari para chegar em plenas condi\u00e7\u00f5es ao confronto com o Benfica, na Liga dos Campe\u00f5es. A recupera\u00e7\u00e3o \u00e9 acompanhada de perto pelo departamento m\u00e9dico da Juventus.<\/p>\n<p>O extremo internacional portugu\u00eas esteve ausente nos dois \u00faltimos encontros da equipa italiana, frente a Sassuolo e Cremonese. Segundo o Corriere dello Sport, a Juve aposta na recupera\u00e7\u00e3o gradual para evitar reca\u00eddas e chegar 100% dispon\u00edvel para a Champions.<\/p>\n<p>Apesar de sinais positivos na recupera\u00e7\u00e3o, o clube pretende gerir o dossi\u00ea com cautela para n\u00e3o comprometer o seu estado f\u00edsico. A ideia \u00e9 que Francisco Concei\u00e7\u00e3o possa estar apto para o jogo europeu na pr\u00f3xima quarta-feira, em Turim.<\/p>\n<h3>Perspetiva para o encontro com o Benfica<\/h3>\n<p>A Juventus recebe o Benfica na pr\u00f3xima quarta-feira \u00e0s 20:00 (Portugal continental). As duas equipas est\u00e3o separadas por tr\u00eas pontos na fase de grupos, com a Juve em 17.\u00aa posi\u00e7\u00e3o e o Benfica no 25.\u00ba, ainda fora da zona de apuramento.<\/p>\n<p>Na passada \u00e9poca, Francisco Concei\u00e7\u00e3o j\u00e1 soma 60 jogos pela Juventus, com 10 golos e 4 assist\u00eancias. Esta temporada, o extremo contabiliza 3 remates certeiros em 20 partidas, mantendo-se como uma pe\u00e7a-chave do plantel quando dispon\u00edvel.<\/p>\n","protected":false},"excerpt":{"rendered":"<ul>\n<li>Francisco Concei\u00e7\u00e3o est\u00e1 a recuperar de uma les\u00e3o muscular na coxa esquerda e pode n\u00e3o jogar frente ao Cagliari para estar a 100% para a Champions diante do Benfica.<\/li>\n<li>O departamento m\u00e9dico da Juventus gere o processo com extrema cautela, apesar de sinais positivos na recupera\u00e7\u00e3o.<\/li>\n<li>Existe grande probabilidade de o extremo n\u00e3o entrar nas contas de Luciano Spalletti e viajar apenas com a equipa para a Sardenha.<\/li>\n<li>A Juventus mede for\u00e7as com o Cagliari na 21.\u00aa jornada da Serie A, no s\u00e1bado, antes do confronto europeu com o Benfica j\u00e1 na pr\u00f3xima quarta-feira, em Turim, \u00e0s 20h00.<\/li>\n<li>Francisco Concei\u00e7\u00e3o soma dez golos e quatro assist\u00eancias em sessenta jogos pela Juventus, com tr\u00eas remates certeiros esta \u00e9poca.<\/li>\n<\/ul>\n","protected":false},"author":2,"featured_media":143813,"comment_status":"closed","ping_status":"closed","sticky":false,"template":"","format":"standard","meta":{"footnotes":""},"categories":[21,24],"tags":[1946,2690,32,1857,2538,253],"class_list":["post-143803","post","type-post","status-publish","format-standard","has-post-thumbnail","hentry","category-desporto","category-futebol","tag-benfica","tag-cagliari","tag-futebol","tag-italia","tag-lesoes","tag-liga-dos-campeoes"],"yoast_head":"<!-- This site is optimized with the Yoast SEO plugin v27.2 - https:\/\/yoast.com\/product\/yoast-seo-wordpress\/ -->\n<title>Francisco Concei\u00e7\u00e3o apto para o jogo contra o Benfica ap\u00f3s tratamento com pin\u00e7as - Portal Tela Portugal<\/title>\n<meta name=\"robots\" content=\"index, follow, max-snippet:-1, max-image-preview:large, max-video-preview:-1\" \/>\n<meta property=\"og:locale\" content=\"pt_PT\" \/>\n<meta property=\"og:type\" content=\"article\" \/>\n<meta property=\"og:title\" content=\"Francisco Concei\u00e7\u00e3o apto para o jogo contra o Benfica ap\u00f3s tratamento com pin\u00e7as - Portal Tela Portugal\" \/>\n<meta property=\"og:description\" content=\"Francisco Concei\u00e7\u00e3o est\u00e1 a recuperar de uma les\u00e3o muscular na coxa esquerda e pode n\u00e3o jogar frente ao Cagliari para estar a 100% para a Champions diante do Benfica. O departamento m\u00e9dico da Juventus gere o processo com extrema cautela, apesar de sinais positivos na recupera\u00e7\u00e3o. Existe grande probabilidade de o extremo n\u00e3o entrar nas contas de Luciano Spalletti e viajar apenas com a equipa para a Sardenha. A Juventus mede for\u00e7as com o Cagliari na 21.\u00aa jornada da Serie A, no s\u00e1bado, antes do confronto europeu com o Benfica j\u00e1 na pr\u00f3xima quarta-feira, em Turim, \u00e0s 20h00. Francisco Concei\u00e7\u00e3o soma dez golos e quatro assist\u00eancias em sessenta jogos pela Juventus, com tr\u00eas remates certeiros esta \u00e9poca.\" \/>\n<meta property=\"og:url\" content=\"https:\/\/portaltela.pt\/noticias\/2026\/01\/15\/francisco-conceicao-apto-para-o-jogo-contra-o-benfica-apos-tratamento-com-pincas\/\" \/>\n<meta property=\"og:site_name\" content=\"Portal Tela Portugal\" \/>\n<meta property=\"article:published_time\" content=\"2026-01-15T09:33:29+00:00\" \/>\n<meta name=\"author\" content=\"Telinha\" \/>\n<meta name=\"twitter:card\" content=\"summary_large_image\" \/>\n<meta name=\"twitter:label1\" content=\"Escrito por\" \/>\n\t<meta name=\"twitter:data1\" content=\"Telinha\" \/>\n\t<meta name=\"twitter:label2\" content=\"Tempo estimado de leitura\" \/>\n\t<meta name=\"twitter:data2\" content=\"1 minuto\" \/>\n<script type=\"application\/ld+json\" class=\"yoast-schema-graph\">{\"@context\":\"https:\/\/schema.org\",\"@graph\":[{\"@type\":\"Article\",\"@id\":\"https:\/\/portaltela.pt\/noticias\/2026\/01\/15\/francisco-conceicao-apto-para-o-jogo-contra-o-benfica-apos-tratamento-com-pincas\/#article\",\"isPartOf\":{\"@id\":\"https:\/\/portaltela.pt\/noticias\/2026\/01\/15\/francisco-conceicao-apto-para-o-jogo-contra-o-benfica-apos-tratamento-com-pincas\/\"},\"author\":{\"name\":\"Telinha\",\"@id\":\"https:\/\/portaltela.pt\/#\/schema\/person\/c4278d4a6028830caff9ee44b42d32ed\"},\"headline\":\"Francisco Concei\u00e7\u00e3o apto para o jogo contra o Benfica ap\u00f3s tratamento com pin\u00e7as\",\"datePublished\":\"2026-01-15T09:33:29+00:00\",\"mainEntityOfPage\":{\"@id\":\"https:\/\/portaltela.pt\/noticias\/2026\/01\/15\/francisco-conceicao-apto-para-o-jogo-contra-o-benfica-apos-tratamento-com-pincas\/\"},\"wordCount\":238,\"image\":{\"@id\":\"https:\/\/portaltela.pt\/noticias\/2026\/01\/15\/francisco-conceicao-apto-para-o-jogo-contra-o-benfica-apos-tratamento-com-pincas\/#primaryimage\"},\"thumbnailUrl\":\"https:\/\/portaltela.pt\/s.01k8rhncp4jt1\/2026\/01\/img_920x518uu2025-08-11-12-42-28-2382981-im-638905129602046548-1.jpg\",\"keywords\":[\"Benfica\",\"Cagliari\",\"futebol\",\"It\u00e1lia\",\"les\u00f5es\",\"Liga dos Campe\u00f5es\"],\"articleSection\":[\"Desporto\",\"Futebol\"],\"inLanguage\":\"pt-PT\"},{\"@type\":\"WebPage\",\"@id\":\"https:\/\/portaltela.pt\/noticias\/2026\/01\/15\/francisco-conceicao-apto-para-o-jogo-contra-o-benfica-apos-tratamento-com-pincas\/\",\"url\":\"https:\/\/portaltela.pt\/noticias\/2026\/01\/15\/francisco-conceicao-apto-para-o-jogo-contra-o-benfica-apos-tratamento-com-pincas\/\",\"name\":\"Francisco Concei\u00e7\u00e3o apto para o jogo contra o Benfica ap\u00f3s tratamento com pin\u00e7as - Portal Tela Portugal\",\"isPartOf\":{\"@id\":\"https:\/\/portaltela.pt\/#website\"},\"primaryImageOfPage\":{\"@id\":\"https:\/\/portaltela.pt\/noticias\/2026\/01\/15\/francisco-conceicao-apto-para-o-jogo-contra-o-benfica-apos-tratamento-com-pincas\/#primaryimage\"},\"image\":{\"@id\":\"https:\/\/portaltela.pt\/noticias\/2026\/01\/15\/francisco-conceicao-apto-para-o-jogo-contra-o-benfica-apos-tratamento-com-pincas\/#primaryimage\"},\"thumbnailUrl\":\"https:\/\/portaltela.pt\/s.01k8rhncp4jt1\/2026\/01\/img_920x518uu2025-08-11-12-42-28-2382981-im-638905129602046548-1.jpg\",\"datePublished\":\"2026-01-15T09:33:29+00:00\",\"author\":{\"@id\":\"https:\/\/portaltela.pt\/#\/schema\/person\/c4278d4a6028830caff9ee44b42d32ed\"},\"breadcrumb\":{\"@id\":\"https:\/\/portaltela.pt\/noticias\/2026\/01\/15\/francisco-conceicao-apto-para-o-jogo-contra-o-benfica-apos-tratamento-com-pincas\/#breadcrumb\"},\"inLanguage\":\"pt-PT\",\"potentialAction\":[{\"@type\":\"ReadAction\",\"target\":[\"https:\/\/portaltela.pt\/noticias\/2026\/01\/15\/francisco-conceicao-apto-para-o-jogo-contra-o-benfica-apos-tratamento-com-pincas\/\"]}]},{\"@type\":\"ImageObject\",\"inLanguage\":\"pt-PT\",\"@id\":\"https:\/\/portaltela.pt\/noticias\/2026\/01\/15\/francisco-conceicao-apto-para-o-jogo-contra-o-benfica-apos-tratamento-com-pincas\/#primaryimage\",\"url\":\"https:\/\/portaltela.pt\/s.01k8rhncp4jt1\/2026\/01\/img_920x518uu2025-08-11-12-42-28-2382981-im-638905129602046548-1.jpg\",\"contentUrl\":\"https:\/\/portaltela.pt\/s.01k8rhncp4jt1\/2026\/01\/img_920x518uu2025-08-11-12-42-28-2382981-im-638905129602046548-1.jpg\",\"width\":796,\"height\":448,\"caption\":\"Francisco Concei\u00e7\u00e3o\"},{\"@type\":\"BreadcrumbList\",\"@id\":\"https:\/\/portaltela.pt\/noticias\/2026\/01\/15\/francisco-conceicao-apto-para-o-jogo-contra-o-benfica-apos-tratamento-com-pincas\/#breadcrumb\",\"itemListElement\":[{\"@type\":\"ListItem\",\"position\":1,\"name\":\"In\u00edcio\",\"item\":\"https:\/\/portaltela.pt\/\"},{\"@type\":\"ListItem\",\"position\":2,\"name\":\"Francisco Concei\u00e7\u00e3o apto para o jogo contra o Benfica ap\u00f3s tratamento com pin\u00e7as\"}]},{\"@type\":\"WebSite\",\"@id\":\"https:\/\/portaltela.pt\/#website\",\"url\":\"https:\/\/portaltela.pt\/\",\"name\":\"Portal Tela Portugal\",\"description\":\"\",\"potentialAction\":[{\"@type\":\"SearchAction\",\"target\":{\"@type\":\"EntryPoint\",\"urlTemplate\":\"https:\/\/portaltela.pt\/?s={search_term_string}\"},\"query-input\":{\"@type\":\"PropertyValueSpecification\",\"valueRequired\":true,\"valueName\":\"search_term_string\"}}],\"inLanguage\":\"pt-PT\"},{\"@type\":\"Person\",\"@id\":\"https:\/\/portaltela.pt\/#\/schema\/person\/c4278d4a6028830caff9ee44b42d32ed\",\"name\":\"Telinha\",\"image\":{\"@type\":\"ImageObject\",\"inLanguage\":\"pt-PT\",\"@id\":\"https:\/\/portaltela.pt\/s.01k8rhncp4jt1\/2025\/11\/talking-bot-125x125.png\",\"url\":\"https:\/\/portaltela.pt\/s.01k8rhncp4jt1\/2025\/11\/talking-bot-125x125.png\",\"contentUrl\":\"https:\/\/portaltela.pt\/s.01k8rhncp4jt1\/2025\/11\/talking-bot-125x125.png\",\"caption\":\"Telinha\"},\"sameAs\":[\"https:\/\/portaltela.pt\/\"],\"url\":\"https:\/\/portaltela.pt\/por\/367410592786\/\"}]}<\/script>\n<!-- \/ Yoast SEO plugin. -->","yoast_head_json":{"title":"Francisco Concei\u00e7\u00e3o apto para o jogo contra o Benfica ap\u00f3s tratamento com pin\u00e7as - Portal Tela Portugal","robots":{"index":"index","follow":"follow","max-snippet":"max-snippet:-1","max-image-preview":"max-image-preview:large","max-video-preview":"max-video-preview:-1"},"og_locale":"pt_PT","og_type":"article","og_title":"Francisco Concei\u00e7\u00e3o apto para o jogo contra o Benfica ap\u00f3s tratamento com pin\u00e7as - Portal Tela Portugal","og_description":"Francisco Concei\u00e7\u00e3o est\u00e1 a recuperar de uma les\u00e3o muscular na coxa esquerda e pode n\u00e3o jogar frente ao Cagliari para estar a 100% para a Champions diante do Benfica. O departamento m\u00e9dico da Juventus gere o processo com extrema cautela, apesar de sinais positivos na recupera\u00e7\u00e3o. Existe grande probabilidade de o extremo n\u00e3o entrar nas contas de Luciano Spalletti e viajar apenas com a equipa para a Sardenha. A Juventus mede for\u00e7as com o Cagliari na 21.\u00aa jornada da Serie A, no s\u00e1bado, antes do confronto europeu com o Benfica j\u00e1 na pr\u00f3xima quarta-feira, em Turim, \u00e0s 20h00. Francisco Concei\u00e7\u00e3o soma dez golos e quatro assist\u00eancias em sessenta jogos pela Juventus, com tr\u00eas remates certeiros esta \u00e9poca.","og_url":"https:\/\/portaltela.pt\/noticias\/2026\/01\/15\/francisco-conceicao-apto-para-o-jogo-contra-o-benfica-apos-tratamento-com-pincas\/","og_site_name":"Portal Tela Portugal","article_published_time":"2026-01-15T09:33:29+00:00","author":"Telinha","twitter_card":"summary_large_image","twitter_misc":{"Escrito por":"Telinha","Tempo estimado de leitura":"1 minuto"},"schema":{"@context":"https:\/\/schema.org","@graph":[{"@type":"Article","@id":"https:\/\/portaltela.pt\/noticias\/2026\/01\/15\/francisco-conceicao-apto-para-o-jogo-contra-o-benfica-apos-tratamento-com-pincas\/#article","isPartOf":{"@id":"https:\/\/portaltela.pt\/noticias\/2026\/01\/15\/francisco-conceicao-apto-para-o-jogo-contra-o-benfica-apos-tratamento-com-pincas\/"},"author":{"name":"Telinha","@id":"https:\/\/portaltela.pt\/#\/schema\/person\/c4278d4a6028830caff9ee44b42d32ed"},"headline":"Francisco Concei\u00e7\u00e3o apto para o jogo contra o Benfica ap\u00f3s tratamento com pin\u00e7as","datePublished":"2026-01-15T09:33:29+00:00","mainEntityOfPage":{"@id":"https:\/\/portaltela.pt\/noticias\/2026\/01\/15\/francisco-conceicao-apto-para-o-jogo-contra-o-benfica-apos-tratamento-com-pincas\/"},"wordCount":238,"image":{"@id":"https:\/\/portaltela.pt\/noticias\/2026\/01\/15\/francisco-conceicao-apto-para-o-jogo-contra-o-benfica-apos-tratamento-com-pincas\/#primaryimage"},"thumbnailUrl":"https:\/\/portaltela.pt\/s.01k8rhncp4jt1\/2026\/01\/img_920x518uu2025-08-11-12-42-28-2382981-im-638905129602046548-1.jpg","keywords":["Benfica","Cagliari","futebol","It\u00e1lia","les\u00f5es","Liga dos Campe\u00f5es"],"articleSection":["Desporto","Futebol"],"inLanguage":"pt-PT"},{"@type":"WebPage","@id":"https:\/\/portaltela.pt\/noticias\/2026\/01\/15\/francisco-conceicao-apto-para-o-jogo-contra-o-benfica-apos-tratamento-com-pincas\/","url":"https:\/\/portaltela.pt\/noticias\/2026\/01\/15\/francisco-conceicao-apto-para-o-jogo-contra-o-benfica-apos-tratamento-com-pincas\/","name":"Francisco Concei\u00e7\u00e3o apto para o jogo contra o Benfica ap\u00f3s tratamento com pin\u00e7as - Portal Tela Portugal","isPartOf":{"@id":"https:\/\/portaltela.pt\/#website"},"primaryImageOfPage":{"@id":"https:\/\/portaltela.pt\/noticias\/2026\/01\/15\/francisco-conceicao-apto-para-o-jogo-contra-o-benfica-apos-tratamento-com-pincas\/#primaryimage"},"image":{"@id":"https:\/\/portaltela.pt\/noticias\/2026\/01\/15\/francisco-conceicao-apto-para-o-jogo-contra-o-benfica-apos-tratamento-com-pincas\/#primaryimage"},"thumbnailUrl":"https:\/\/portaltela.pt\/s.01k8rhncp4jt1\/2026\/01\/img_920x518uu2025-08-11-12-42-28-2382981-im-638905129602046548-1.jpg","datePublished":"2026-01-15T09:33:29+00:00","author":{"@id":"https:\/\/portaltela.pt\/#\/schema\/person\/c4278d4a6028830caff9ee44b42d32ed"},"breadcrumb":{"@id":"https:\/\/portaltela.pt\/noticias\/2026\/01\/15\/francisco-conceicao-apto-para-o-jogo-contra-o-benfica-apos-tratamento-com-pincas\/#breadcrumb"},"inLanguage":"pt-PT","potentialAction":[{"@type":"ReadAction","target":["https:\/\/portaltela.pt\/noticias\/2026\/01\/15\/francisco-conceicao-apto-para-o-jogo-contra-o-benfica-apos-tratamento-com-pincas\/"]}]},{"@type":"ImageObject","inLanguage":"pt-PT","@id":"https:\/\/portaltela.pt\/noticias\/2026\/01\/15\/francisco-conceicao-apto-para-o-jogo-contra-o-benfica-apos-tratamento-com-pincas\/#primaryimage","url":"https:\/\/portaltela.pt\/s.01k8rhncp4jt1\/2026\/01\/img_920x518uu2025-08-11-12-42-28-2382981-im-638905129602046548-1.jpg","contentUrl":"https:\/\/portaltela.pt\/s.01k8rhncp4jt1\/2026\/01\/img_920x518uu2025-08-11-12-42-28-2382981-im-638905129602046548-1.jpg","width":796,"height":448,"caption":"Francisco Concei\u00e7\u00e3o"},{"@type":"BreadcrumbList","@id":"https:\/\/portaltela.pt\/noticias\/2026\/01\/15\/francisco-conceicao-apto-para-o-jogo-contra-o-benfica-apos-tratamento-com-pincas\/#breadcrumb","itemListElement":[{"@type":"ListItem","position":1,"name":"In\u00edcio","item":"https:\/\/portaltela.pt\/"},{"@type":"ListItem","position":2,"name":"Francisco Concei\u00e7\u00e3o apto para o jogo contra o Benfica ap\u00f3s tratamento com pin\u00e7as"}]},{"@type":"WebSite","@id":"https:\/\/portaltela.pt\/#website","url":"https:\/\/portaltela.pt\/","name":"Portal Tela Portugal","description":"","potentialAction":[{"@type":"SearchAction","target":{"@type":"EntryPoint","urlTemplate":"https:\/\/portaltela.pt\/?s={search_term_string}"},"query-input":{"@type":"PropertyValueSpecification","valueRequired":true,"valueName":"search_term_string"}}],"inLanguage":"pt-PT"},{"@type":"Person","@id":"https:\/\/portaltela.pt\/#\/schema\/person\/c4278d4a6028830caff9ee44b42d32ed","name":"Telinha","image":{"@type":"ImageObject","inLanguage":"pt-PT","@id":"https:\/\/portaltela.pt\/s.01k8rhncp4jt1\/2025\/11\/talking-bot-125x125.png","url":"https:\/\/portaltela.pt\/s.01k8rhncp4jt1\/2025\/11\/talking-bot-125x125.png","contentUrl":"https:\/\/portaltela.pt\/s.01k8rhncp4jt1\/2025\/11\/talking-bot-125x125.png","caption":"Telinha"},"sameAs":["https:\/\/portaltela.pt\/"],"url":"https:\/\/portaltela.pt\/por\/367410592786\/"}]}},"_links":{"self":[{"href":"https:\/\/portaltela.pt\/api\/wp\/v2\/posts\/143803","targetHints":{"allow":["GET"]}}],"collection":[{"href":"https:\/\/portaltela.pt\/api\/wp\/v2\/posts"}],"about":[{"href":"https:\/\/portaltela.pt\/api\/wp\/v2\/types\/post"}],"author":[{"embeddable":true,"href":"https:\/\/portaltela.pt\/api\/wp\/v2\/users\/2"}],"replies":[{"embeddable":true,"href":"https:\/\/portaltela.pt\/api\/wp\/v2\/comments?post=143803"}],"version-history":[{"count":0,"href":"https:\/\/portaltela.pt\/api\/wp\/v2\/posts\/143803\/revisions"}],"wp:featuredmedia":[{"embeddable":true,"href":"https:\/\/portaltela.pt\/api\/wp\/v2\/media\/143813"}],"wp:attachment":[{"href":"https:\/\/portaltela.pt\/api\/wp\/v2\/media?parent=143803"}],"wp:term":[{"taxonomy":"category","embeddable":true,"href":"https:\/\/portaltela.pt\/api\/wp\/v2\/categories?post=143803"},{"taxonomy":"post_tag","embeddable":true,"href":"https:\/\/portaltela.pt\/api\/wp\/v2\/tags?post=143803"}],"curies":[{"name":"wp","href":"https:\/\/api.w.org\/{rel}","templated":true}]}}