{"id":143765,"date":"2026-01-15T04:00:00","date_gmt":"2026-01-15T07:00:00","guid":{"rendered":"https:\/\/portaltela.pt\/noticias\/2026\/01\/15\/suarez-consolida-a-melhor-serie-do-sporting-ao-marcar-frente-ao-casa-pia\/"},"modified":"2026-01-15T04:00:00","modified_gmt":"2026-01-15T07:00:00","slug":"suarez-consolida-a-melhor-serie-do-sporting-ao-marcar-frente-ao-casa-pia","status":"publish","type":"post","link":"https:\/\/portaltela.pt\/desporto\/futebol\/2026\/01\/15\/suarez-consolida-a-melhor-serie-do-sporting-ao-marcar-frente-ao-casa-pia\/","title":{"rendered":"Su\u00e1rez consolida a melhor s\u00e9rie do Sporting ao marcar frente ao Casa Pia"},"content":{"rendered":"<p>Luis Su\u00e1rez \u00e9 o artilheiro do Sporting na \u00e9poca 2025\/26 e pode ampliar a sua s\u00e9rie de gols diante do Casa Pia. A not\u00edcia chega na primeira jornada da segunda volta da Liga.<\/p>\n<p>O avan\u00e7ado colombiano, com 28 anos, j\u00e1 faturou em quatro jogos consecutivos entre setembro e outubro. Se marcar ao Casa Pia, iguala o registo de mais gols na contabilidade atual do jogador no clube.<\/p>\n<p>A partida ocorre em Alvalade, e o objetivo \u00e9 manter a veem\u00eancia ofensiva da equipa. A imprensa acompanha a possibilidade de o colombiano somar pelo menos mais dois gols para solidificar a lideran\u00e7a na artilharia.<\/p>\n","protected":false},"excerpt":{"rendered":"<ul>\n<li>Luis Su\u00e1rez \u00e9 o artilheiro do Sporting em 2025\/26.<\/li>\n<li>O avan\u00e7ado, de 28 anos, j\u00e1 marcou em quatro jogos consecutivos entre setembro e outubro.<\/li>\n<li>Pode igualar o registo com pelo menos mais dois golos, caso marque ao Casa Pia.<\/li>\n<li>O encontro contra o Casa Pia abre a segunda volta da Liga.<\/li>\n<li>A not\u00edcia destaca a sequ\u00eancia de gols j\u00e1 conseguida por Su\u00e1rez desde a sua chegada a Alvalade.<\/li>\n<\/ul>\n","protected":false},"author":2,"featured_media":143773,"comment_status":"closed","ping_status":"closed","sticky":false,"template":"","format":"standard","meta":{"footnotes":""},"categories":[21,24],"tags":[1588,416,32,1747,1684,1652],"class_list":["post-143765","post","type-post","status-publish","format-standard","has-post-thumbnail","hentry","category-desporto","category-futebol","tag-alvalade","tag-artilharia","tag-futebol","tag-futebol-profissional","tag-i-liga","tag-sporting"],"yoast_head":"<!-- This site is optimized with the Yoast SEO plugin v27.2 - https:\/\/yoast.com\/product\/yoast-seo-wordpress\/ -->\n<title>Su\u00e1rez consolida a melhor s\u00e9rie do Sporting ao marcar frente ao Casa Pia - Portal Tela Portugal<\/title>\n<meta name=\"robots\" content=\"index, follow, max-snippet:-1, max-image-preview:large, max-video-preview:-1\" \/>\n<meta property=\"og:locale\" content=\"pt_PT\" \/>\n<meta property=\"og:type\" content=\"article\" \/>\n<meta property=\"og:title\" content=\"Su\u00e1rez consolida a melhor s\u00e9rie do Sporting ao marcar frente ao Casa Pia - Portal Tela Portugal\" \/>\n<meta property=\"og:description\" content=\"Luis Su\u00e1rez \u00e9 o artilheiro do Sporting em 2025\/26. O avan\u00e7ado, de 28 anos, j\u00e1 marcou em quatro jogos consecutivos entre setembro e outubro. Pode igualar o registo com pelo menos mais dois golos, caso marque ao Casa Pia. O encontro contra o Casa Pia abre a segunda volta da Liga. A not\u00edcia destaca a sequ\u00eancia de gols j\u00e1 conseguida por Su\u00e1rez desde a sua chegada a Alvalade.\" \/>\n<meta property=\"og:url\" content=\"https:\/\/portaltela.pt\/noticias\/2026\/01\/15\/suarez-consolida-a-melhor-serie-do-sporting-ao-marcar-frente-ao-casa-pia\/\" \/>\n<meta property=\"og:site_name\" content=\"Portal Tela Portugal\" \/>\n<meta property=\"article:published_time\" content=\"2026-01-15T07:00:00+00:00\" \/>\n<meta name=\"author\" content=\"Telinha\" \/>\n<meta name=\"twitter:card\" content=\"summary_large_image\" \/>\n<meta name=\"twitter:label1\" content=\"Escrito por\" \/>\n\t<meta name=\"twitter:data1\" content=\"Telinha\" \/>\n\t<meta name=\"twitter:label2\" content=\"Tempo estimado de leitura\" \/>\n\t<meta name=\"twitter:data2\" content=\"1 minuto\" \/>\n<script type=\"application\/ld+json\" class=\"yoast-schema-graph\">{\"@context\":\"https:\/\/schema.org\",\"@graph\":[{\"@type\":\"Article\",\"@id\":\"https:\/\/portaltela.pt\/noticias\/2026\/01\/15\/suarez-consolida-a-melhor-serie-do-sporting-ao-marcar-frente-ao-casa-pia\/#article\",\"isPartOf\":{\"@id\":\"https:\/\/portaltela.pt\/noticias\/2026\/01\/15\/suarez-consolida-a-melhor-serie-do-sporting-ao-marcar-frente-ao-casa-pia\/\"},\"author\":{\"name\":\"Telinha\",\"@id\":\"https:\/\/portaltela.pt\/#\/schema\/person\/c4278d4a6028830caff9ee44b42d32ed\"},\"headline\":\"Su\u00e1rez consolida a melhor s\u00e9rie do Sporting ao marcar frente ao Casa Pia\",\"datePublished\":\"2026-01-15T07:00:00+00:00\",\"mainEntityOfPage\":{\"@id\":\"https:\/\/portaltela.pt\/noticias\/2026\/01\/15\/suarez-consolida-a-melhor-serie-do-sporting-ao-marcar-frente-ao-casa-pia\/\"},\"wordCount\":119,\"image\":{\"@id\":\"https:\/\/portaltela.pt\/noticias\/2026\/01\/15\/suarez-consolida-a-melhor-serie-do-sporting-ao-marcar-frente-ao-casa-pia\/#primaryimage\"},\"thumbnailUrl\":\"https:\/\/portaltela.pt\/s.01k8rhncp4jt1\/2026\/01\/img_920x518uu2026-01-14-21-37-39-2414791-2.jpg\",\"keywords\":[\"Alvalade\",\"artilharia\",\"futebol\",\"Futebol Profissional\",\"I Liga\",\"Sporting\"],\"articleSection\":[\"Desporto\",\"Futebol\"],\"inLanguage\":\"pt-PT\"},{\"@type\":\"WebPage\",\"@id\":\"https:\/\/portaltela.pt\/noticias\/2026\/01\/15\/suarez-consolida-a-melhor-serie-do-sporting-ao-marcar-frente-ao-casa-pia\/\",\"url\":\"https:\/\/portaltela.pt\/noticias\/2026\/01\/15\/suarez-consolida-a-melhor-serie-do-sporting-ao-marcar-frente-ao-casa-pia\/\",\"name\":\"Su\u00e1rez consolida a melhor s\u00e9rie do Sporting ao marcar frente ao Casa Pia - Portal Tela Portugal\",\"isPartOf\":{\"@id\":\"https:\/\/portaltela.pt\/#website\"},\"primaryImageOfPage\":{\"@id\":\"https:\/\/portaltela.pt\/noticias\/2026\/01\/15\/suarez-consolida-a-melhor-serie-do-sporting-ao-marcar-frente-ao-casa-pia\/#primaryimage\"},\"image\":{\"@id\":\"https:\/\/portaltela.pt\/noticias\/2026\/01\/15\/suarez-consolida-a-melhor-serie-do-sporting-ao-marcar-frente-ao-casa-pia\/#primaryimage\"},\"thumbnailUrl\":\"https:\/\/portaltela.pt\/s.01k8rhncp4jt1\/2026\/01\/img_920x518uu2026-01-14-21-37-39-2414791-2.jpg\",\"datePublished\":\"2026-01-15T07:00:00+00:00\",\"author\":{\"@id\":\"https:\/\/portaltela.pt\/#\/schema\/person\/c4278d4a6028830caff9ee44b42d32ed\"},\"breadcrumb\":{\"@id\":\"https:\/\/portaltela.pt\/noticias\/2026\/01\/15\/suarez-consolida-a-melhor-serie-do-sporting-ao-marcar-frente-ao-casa-pia\/#breadcrumb\"},\"inLanguage\":\"pt-PT\",\"potentialAction\":[{\"@type\":\"ReadAction\",\"target\":[\"https:\/\/portaltela.pt\/noticias\/2026\/01\/15\/suarez-consolida-a-melhor-serie-do-sporting-ao-marcar-frente-ao-casa-pia\/\"]}]},{\"@type\":\"ImageObject\",\"inLanguage\":\"pt-PT\",\"@id\":\"https:\/\/portaltela.pt\/noticias\/2026\/01\/15\/suarez-consolida-a-melhor-serie-do-sporting-ao-marcar-frente-ao-casa-pia\/#primaryimage\",\"url\":\"https:\/\/portaltela.pt\/s.01k8rhncp4jt1\/2026\/01\/img_920x518uu2026-01-14-21-37-39-2414791-2.jpg\",\"contentUrl\":\"https:\/\/portaltela.pt\/s.01k8rhncp4jt1\/2026\/01\/img_920x518uu2026-01-14-21-37-39-2414791-2.jpg\",\"width\":796,\"height\":448,\"caption\":\"Luis Su\u00e1rez \u00e9 o artilheiro do Sporting em 2025\/26\"},{\"@type\":\"BreadcrumbList\",\"@id\":\"https:\/\/portaltela.pt\/noticias\/2026\/01\/15\/suarez-consolida-a-melhor-serie-do-sporting-ao-marcar-frente-ao-casa-pia\/#breadcrumb\",\"itemListElement\":[{\"@type\":\"ListItem\",\"position\":1,\"name\":\"In\u00edcio\",\"item\":\"https:\/\/portaltela.pt\/\"},{\"@type\":\"ListItem\",\"position\":2,\"name\":\"Su\u00e1rez consolida a melhor s\u00e9rie do Sporting ao marcar frente ao Casa Pia\"}]},{\"@type\":\"WebSite\",\"@id\":\"https:\/\/portaltela.pt\/#website\",\"url\":\"https:\/\/portaltela.pt\/\",\"name\":\"Portal Tela Portugal\",\"description\":\"\",\"potentialAction\":[{\"@type\":\"SearchAction\",\"target\":{\"@type\":\"EntryPoint\",\"urlTemplate\":\"https:\/\/portaltela.pt\/?s={search_term_string}\"},\"query-input\":{\"@type\":\"PropertyValueSpecification\",\"valueRequired\":true,\"valueName\":\"search_term_string\"}}],\"inLanguage\":\"pt-PT\"},{\"@type\":\"Person\",\"@id\":\"https:\/\/portaltela.pt\/#\/schema\/person\/c4278d4a6028830caff9ee44b42d32ed\",\"name\":\"Telinha\",\"image\":{\"@type\":\"ImageObject\",\"inLanguage\":\"pt-PT\",\"@id\":\"https:\/\/portaltela.pt\/s.01k8rhncp4jt1\/2025\/11\/talking-bot-125x125.png\",\"url\":\"https:\/\/portaltela.pt\/s.01k8rhncp4jt1\/2025\/11\/talking-bot-125x125.png\",\"contentUrl\":\"https:\/\/portaltela.pt\/s.01k8rhncp4jt1\/2025\/11\/talking-bot-125x125.png\",\"caption\":\"Telinha\"},\"sameAs\":[\"https:\/\/portaltela.pt\/\"],\"url\":\"https:\/\/portaltela.pt\/por\/367410592786\/\"}]}<\/script>\n<!-- \/ Yoast SEO plugin. -->","yoast_head_json":{"title":"Su\u00e1rez consolida a melhor s\u00e9rie do Sporting ao marcar frente ao Casa Pia - Portal Tela Portugal","robots":{"index":"index","follow":"follow","max-snippet":"max-snippet:-1","max-image-preview":"max-image-preview:large","max-video-preview":"max-video-preview:-1"},"og_locale":"pt_PT","og_type":"article","og_title":"Su\u00e1rez consolida a melhor s\u00e9rie do Sporting ao marcar frente ao Casa Pia - Portal Tela Portugal","og_description":"Luis Su\u00e1rez \u00e9 o artilheiro do Sporting em 2025\/26. O avan\u00e7ado, de 28 anos, j\u00e1 marcou em quatro jogos consecutivos entre setembro e outubro. Pode igualar o registo com pelo menos mais dois golos, caso marque ao Casa Pia. O encontro contra o Casa Pia abre a segunda volta da Liga. A not\u00edcia destaca a sequ\u00eancia de gols j\u00e1 conseguida por Su\u00e1rez desde a sua chegada a Alvalade.","og_url":"https:\/\/portaltela.pt\/noticias\/2026\/01\/15\/suarez-consolida-a-melhor-serie-do-sporting-ao-marcar-frente-ao-casa-pia\/","og_site_name":"Portal Tela Portugal","article_published_time":"2026-01-15T07:00:00+00:00","author":"Telinha","twitter_card":"summary_large_image","twitter_misc":{"Escrito por":"Telinha","Tempo estimado de leitura":"1 minuto"},"schema":{"@context":"https:\/\/schema.org","@graph":[{"@type":"Article","@id":"https:\/\/portaltela.pt\/noticias\/2026\/01\/15\/suarez-consolida-a-melhor-serie-do-sporting-ao-marcar-frente-ao-casa-pia\/#article","isPartOf":{"@id":"https:\/\/portaltela.pt\/noticias\/2026\/01\/15\/suarez-consolida-a-melhor-serie-do-sporting-ao-marcar-frente-ao-casa-pia\/"},"author":{"name":"Telinha","@id":"https:\/\/portaltela.pt\/#\/schema\/person\/c4278d4a6028830caff9ee44b42d32ed"},"headline":"Su\u00e1rez consolida a melhor s\u00e9rie do Sporting ao marcar frente ao Casa Pia","datePublished":"2026-01-15T07:00:00+00:00","mainEntityOfPage":{"@id":"https:\/\/portaltela.pt\/noticias\/2026\/01\/15\/suarez-consolida-a-melhor-serie-do-sporting-ao-marcar-frente-ao-casa-pia\/"},"wordCount":119,"image":{"@id":"https:\/\/portaltela.pt\/noticias\/2026\/01\/15\/suarez-consolida-a-melhor-serie-do-sporting-ao-marcar-frente-ao-casa-pia\/#primaryimage"},"thumbnailUrl":"https:\/\/portaltela.pt\/s.01k8rhncp4jt1\/2026\/01\/img_920x518uu2026-01-14-21-37-39-2414791-2.jpg","keywords":["Alvalade","artilharia","futebol","Futebol Profissional","I Liga","Sporting"],"articleSection":["Desporto","Futebol"],"inLanguage":"pt-PT"},{"@type":"WebPage","@id":"https:\/\/portaltela.pt\/noticias\/2026\/01\/15\/suarez-consolida-a-melhor-serie-do-sporting-ao-marcar-frente-ao-casa-pia\/","url":"https:\/\/portaltela.pt\/noticias\/2026\/01\/15\/suarez-consolida-a-melhor-serie-do-sporting-ao-marcar-frente-ao-casa-pia\/","name":"Su\u00e1rez consolida a melhor s\u00e9rie do Sporting ao marcar frente ao Casa Pia - Portal Tela Portugal","isPartOf":{"@id":"https:\/\/portaltela.pt\/#website"},"primaryImageOfPage":{"@id":"https:\/\/portaltela.pt\/noticias\/2026\/01\/15\/suarez-consolida-a-melhor-serie-do-sporting-ao-marcar-frente-ao-casa-pia\/#primaryimage"},"image":{"@id":"https:\/\/portaltela.pt\/noticias\/2026\/01\/15\/suarez-consolida-a-melhor-serie-do-sporting-ao-marcar-frente-ao-casa-pia\/#primaryimage"},"thumbnailUrl":"https:\/\/portaltela.pt\/s.01k8rhncp4jt1\/2026\/01\/img_920x518uu2026-01-14-21-37-39-2414791-2.jpg","datePublished":"2026-01-15T07:00:00+00:00","author":{"@id":"https:\/\/portaltela.pt\/#\/schema\/person\/c4278d4a6028830caff9ee44b42d32ed"},"breadcrumb":{"@id":"https:\/\/portaltela.pt\/noticias\/2026\/01\/15\/suarez-consolida-a-melhor-serie-do-sporting-ao-marcar-frente-ao-casa-pia\/#breadcrumb"},"inLanguage":"pt-PT","potentialAction":[{"@type":"ReadAction","target":["https:\/\/portaltela.pt\/noticias\/2026\/01\/15\/suarez-consolida-a-melhor-serie-do-sporting-ao-marcar-frente-ao-casa-pia\/"]}]},{"@type":"ImageObject","inLanguage":"pt-PT","@id":"https:\/\/portaltela.pt\/noticias\/2026\/01\/15\/suarez-consolida-a-melhor-serie-do-sporting-ao-marcar-frente-ao-casa-pia\/#primaryimage","url":"https:\/\/portaltela.pt\/s.01k8rhncp4jt1\/2026\/01\/img_920x518uu2026-01-14-21-37-39-2414791-2.jpg","contentUrl":"https:\/\/portaltela.pt\/s.01k8rhncp4jt1\/2026\/01\/img_920x518uu2026-01-14-21-37-39-2414791-2.jpg","width":796,"height":448,"caption":"Luis Su\u00e1rez \u00e9 o artilheiro do Sporting em 2025\/26"},{"@type":"BreadcrumbList","@id":"https:\/\/portaltela.pt\/noticias\/2026\/01\/15\/suarez-consolida-a-melhor-serie-do-sporting-ao-marcar-frente-ao-casa-pia\/#breadcrumb","itemListElement":[{"@type":"ListItem","position":1,"name":"In\u00edcio","item":"https:\/\/portaltela.pt\/"},{"@type":"ListItem","position":2,"name":"Su\u00e1rez consolida a melhor s\u00e9rie do Sporting ao marcar frente ao Casa Pia"}]},{"@type":"WebSite","@id":"https:\/\/portaltela.pt\/#website","url":"https:\/\/portaltela.pt\/","name":"Portal Tela Portugal","description":"","potentialAction":[{"@type":"SearchAction","target":{"@type":"EntryPoint","urlTemplate":"https:\/\/portaltela.pt\/?s={search_term_string}"},"query-input":{"@type":"PropertyValueSpecification","valueRequired":true,"valueName":"search_term_string"}}],"inLanguage":"pt-PT"},{"@type":"Person","@id":"https:\/\/portaltela.pt\/#\/schema\/person\/c4278d4a6028830caff9ee44b42d32ed","name":"Telinha","image":{"@type":"ImageObject","inLanguage":"pt-PT","@id":"https:\/\/portaltela.pt\/s.01k8rhncp4jt1\/2025\/11\/talking-bot-125x125.png","url":"https:\/\/portaltela.pt\/s.01k8rhncp4jt1\/2025\/11\/talking-bot-125x125.png","contentUrl":"https:\/\/portaltela.pt\/s.01k8rhncp4jt1\/2025\/11\/talking-bot-125x125.png","caption":"Telinha"},"sameAs":["https:\/\/portaltela.pt\/"],"url":"https:\/\/portaltela.pt\/por\/367410592786\/"}]}},"_links":{"self":[{"href":"https:\/\/portaltela.pt\/api\/wp\/v2\/posts\/143765","targetHints":{"allow":["GET"]}}],"collection":[{"href":"https:\/\/portaltela.pt\/api\/wp\/v2\/posts"}],"about":[{"href":"https:\/\/portaltela.pt\/api\/wp\/v2\/types\/post"}],"author":[{"embeddable":true,"href":"https:\/\/portaltela.pt\/api\/wp\/v2\/users\/2"}],"replies":[{"embeddable":true,"href":"https:\/\/portaltela.pt\/api\/wp\/v2\/comments?post=143765"}],"version-history":[{"count":0,"href":"https:\/\/portaltela.pt\/api\/wp\/v2\/posts\/143765\/revisions"}],"wp:featuredmedia":[{"embeddable":true,"href":"https:\/\/portaltela.pt\/api\/wp\/v2\/media\/143773"}],"wp:attachment":[{"href":"https:\/\/portaltela.pt\/api\/wp\/v2\/media?parent=143765"}],"wp:term":[{"taxonomy":"category","embeddable":true,"href":"https:\/\/portaltela.pt\/api\/wp\/v2\/categories?post=143765"},{"taxonomy":"post_tag","embeddable":true,"href":"https:\/\/portaltela.pt\/api\/wp\/v2\/tags?post=143765"}],"curies":[{"name":"wp","href":"https:\/\/api.w.org\/{rel}","templated":true}]}}