{"id":143723,"date":"2026-01-15T06:01:00","date_gmt":"2026-01-15T09:01:00","guid":{"rendered":"https:\/\/portaltela.pt\/noticias\/2026\/01\/15\/quotas-sao-importantes-diz-claudia-azevedo-mas-nao-chegam\/"},"modified":"2026-01-15T06:01:00","modified_gmt":"2026-01-15T09:01:00","slug":"quotas-sao-importantes-diz-claudia-azevedo-mas-nao-chegam","status":"publish","type":"post","link":"https:\/\/portaltela.pt\/noticias\/2026\/01\/15\/quotas-sao-importantes-diz-claudia-azevedo-mas-nao-chegam\/","title":{"rendered":"Quotas s\u00e3o importantes, diz Cl\u00e1udia Azevedo, mas n\u00e3o chegam"},"content":{"rendered":"<p>Cl\u00e1udia Azevedo, presidente executiva da Sonae, afirma que as quotas ajudam, mas n\u00e3o resolvem o desequil\u00edbrio de g\u00e9nero nas empresas. Em artigo de opini\u00e3o publicado a 15 de janeiro no site do F\u00f3rum Econ\u00f3mico Mundial, a l\u00edder admite que a paridade exige lideran\u00e7a respons\u00e1vel para transformar princ\u00edpios em pr\u00e1tica.<\/p>\n<p>A dirigente sustenta que as quotas criam urg\u00eancia e nivelam o campo de jogo, gerando progressos numa \u00fanica gera\u00e7\u00e3o. Em Europa, as mulheres representam 35,8% dos membros de conselhos de administra\u00e7\u00e3o nas maiores empresas cotadas, subindo desde 8,2% em 2003.<\/p>\n<p>No entanto, ao atingir o n\u00edvel executivo, a presen\u00e7a feminina perde express\u00e3o. Em m\u00e9dia, 23,9% dos membros dos conselhos executivos da UE s\u00e3o mulheres, indicando que a influ\u00eancia n\u00e3o est\u00e1 distribu\u00edda de forma consistente para liderar.<\/p>\n<p>Azevedo defende que quotas n\u00e3o garantem inclus\u00e3o nem acesso equitativo \u00e0 influ\u00eancia, nem promovem cargos de topo de forma justa. A lideran\u00e7a \u00e9 apontada como determinante: quando os l\u00edderes se comprometem com a paridade, as organiza\u00e7\u00f5es progridem, caso contr\u00e1rio o avan\u00e7o estagna.<\/p>\n<p>Para alcan\u00e7ar a paridade, a gest\u00e3o deve torn\u00e1-la prioridade central, integrando metas de representa\u00e7\u00e3o em estruturas que impulsionam desempenho e resultados. Devem ser criados sistemas de reporte e avalia\u00e7\u00e3o de igualdade.<\/p>\n<p>A Sonae \u00e9 citada como exemplo: a percentagem de mulheres em cargos de lideran\u00e7a subiu de 34% em 2019 para 41% em 2024, com perspetiva de chegar a 45% em 2026. O avan\u00e7o resulta da press\u00e3o externa de consumidores e da sensibiliza\u00e7\u00e3o entre colaboradores.<\/p>\n<p>O artigo conclui que igualdade de g\u00e9nero e desempenho organizacional n\u00e3o s\u00e3o prioridades opostas, mas sim econ\u00f4micas e estrat\u00e9gicas. Azevedo afirma que a paridade fortalece identidade, cultura e competitividade, ao alinhar igualdade com responsabiliza\u00e7\u00e3o.<\/p>\n","protected":false},"excerpt":{"rendered":"<ul>\n<li>Cl\u00e1udia Azevedo, presidente executiva da Sonae, afirma no F\u00f3rum Econ\u00f3mico Mundial em Davos que a paridade de g\u00e9nero \u00e9 um teste da maturidade da lideran\u00e7a; quotas ajudam, mas n\u00e3o chegam.<\/li>\n<li>Dados do Instituto Europeu para a Igualdade de G\u00e9nero indicam que as mulheres representam 35,8% dos membros de conselhos de administra\u00e7\u00e3o nas maiores empresas da Uni\u00e3o Europeia, frente a 8,2% em 2003.<\/li>\n<li>No entanto, quando o foco se dirige para o poder operacional, as mulheres representam apenas 23,9% dos membros de conselhos executivos na UE.<\/li>\n<li>Azevedo sustenta que quotas n\u00e3o garantem inclus\u00e3o nem acesso equitativo \u00e0 influ\u00eancia nem promo\u00e7\u00f5es para cargos operacionais de topo; \u00e9 necess\u00e1ria lideran\u00e7a com responsabilidade e mecanismos de responsabiliza\u00e7\u00e3o.<\/li>\n<li>Na Sonae, a percentagem de mulheres em cargos de lideran\u00e7a subiu de 34% em 2019 para 41% em 2024, com perspetiva de atingir 45% em 2026, impulsionada pela press\u00e3o externa e interna.<\/li>\n<\/ul>\n","protected":false},"author":2,"featured_media":143731,"comment_status":"closed","ping_status":"closed","sticky":false,"template":"","format":"standard","meta":{"footnotes":""},"categories":[1],"tags":[2697,2415,3027,3170,2701,133],"class_list":["post-143723","post","type-post","status-publish","format-standard","has-post-thumbnail","hentry","category-noticias","tag-empresas","tag-gestao","tag-igualdade-de-genero-desafios-na-atualidade","tag-leadership-consciente","tag-mulheres","tag-politicas-publicas"],"yoast_head":"<!-- This site is optimized with the Yoast SEO plugin v27.2 - https:\/\/yoast.com\/product\/yoast-seo-wordpress\/ -->\n<title>Quotas s\u00e3o importantes, diz Cl\u00e1udia Azevedo, mas n\u00e3o chegam - Portal Tela Portugal<\/title>\n<meta name=\"robots\" content=\"index, follow, max-snippet:-1, max-image-preview:large, max-video-preview:-1\" \/>\n<meta property=\"og:locale\" content=\"pt_PT\" \/>\n<meta property=\"og:type\" content=\"article\" \/>\n<meta property=\"og:title\" content=\"Quotas s\u00e3o importantes, diz Cl\u00e1udia Azevedo, mas n\u00e3o chegam - Portal Tela Portugal\" \/>\n<meta property=\"og:description\" content=\"Cl\u00e1udia Azevedo, presidente executiva da Sonae, afirma no F\u00f3rum Econ\u00f3mico Mundial em Davos que a paridade de g\u00e9nero \u00e9 um teste da maturidade da lideran\u00e7a; quotas ajudam, mas n\u00e3o chegam. Dados do Instituto Europeu para a Igualdade de G\u00e9nero indicam que as mulheres representam 35,8% dos membros de conselhos de administra\u00e7\u00e3o nas maiores empresas da Uni\u00e3o Europeia, frente a 8,2% em 2003. No entanto, quando o foco se dirige para o poder operacional, as mulheres representam apenas 23,9% dos membros de conselhos executivos na UE. Azevedo sustenta que quotas n\u00e3o garantem inclus\u00e3o nem acesso equitativo \u00e0 influ\u00eancia nem promo\u00e7\u00f5es para cargos operacionais de topo; \u00e9 necess\u00e1ria lideran\u00e7a com responsabilidade e mecanismos de responsabiliza\u00e7\u00e3o. Na Sonae, a percentagem de mulheres em cargos de lideran\u00e7a subiu de 34% em 2019 para 41% em 2024, com perspetiva de atingir 45% em 2026, impulsionada pela press\u00e3o externa e interna.\" \/>\n<meta property=\"og:url\" content=\"https:\/\/portaltela.pt\/noticias\/2026\/01\/15\/quotas-sao-importantes-diz-claudia-azevedo-mas-nao-chegam\/\" \/>\n<meta property=\"og:site_name\" content=\"Portal Tela Portugal\" \/>\n<meta property=\"article:published_time\" content=\"2026-01-15T09:01:00+00:00\" \/>\n<meta name=\"author\" content=\"Telinha\" \/>\n<meta name=\"twitter:card\" content=\"summary_large_image\" \/>\n<meta name=\"twitter:label1\" content=\"Escrito por\" \/>\n\t<meta name=\"twitter:data1\" content=\"Telinha\" \/>\n\t<meta name=\"twitter:label2\" content=\"Tempo estimado de leitura\" \/>\n\t<meta name=\"twitter:data2\" content=\"2 minutos\" \/>\n<script type=\"application\/ld+json\" class=\"yoast-schema-graph\">{\"@context\":\"https:\/\/schema.org\",\"@graph\":[{\"@type\":\"Article\",\"@id\":\"https:\/\/portaltela.pt\/noticias\/2026\/01\/15\/quotas-sao-importantes-diz-claudia-azevedo-mas-nao-chegam\/#article\",\"isPartOf\":{\"@id\":\"https:\/\/portaltela.pt\/noticias\/2026\/01\/15\/quotas-sao-importantes-diz-claudia-azevedo-mas-nao-chegam\/\"},\"author\":{\"name\":\"Telinha\",\"@id\":\"https:\/\/portaltela.pt\/#\/schema\/person\/c4278d4a6028830caff9ee44b42d32ed\"},\"headline\":\"Quotas s\u00e3o importantes, diz Cl\u00e1udia Azevedo, mas n\u00e3o chegam\",\"datePublished\":\"2026-01-15T09:01:00+00:00\",\"mainEntityOfPage\":{\"@id\":\"https:\/\/portaltela.pt\/noticias\/2026\/01\/15\/quotas-sao-importantes-diz-claudia-azevedo-mas-nao-chegam\/\"},\"wordCount\":320,\"image\":{\"@id\":\"https:\/\/portaltela.pt\/noticias\/2026\/01\/15\/quotas-sao-importantes-diz-claudia-azevedo-mas-nao-chegam\/#primaryimage\"},\"thumbnailUrl\":\"https:\/\/portaltela.pt\/s.01k8rhncp4jt1\/2026\/01\/andreVentura_outline_cor-129.jpg\",\"keywords\":[\"empresas\",\"gest\u00e3o\",\"Igualdade de G\u00e9nero \u2013 Desafios na Atualidade\",\"leadership consciente\",\"Mulheres\",\"pol\u00edticas p\u00fablicas\"],\"articleSection\":[\"Not\u00edcias\"],\"inLanguage\":\"pt-PT\"},{\"@type\":\"WebPage\",\"@id\":\"https:\/\/portaltela.pt\/noticias\/2026\/01\/15\/quotas-sao-importantes-diz-claudia-azevedo-mas-nao-chegam\/\",\"url\":\"https:\/\/portaltela.pt\/noticias\/2026\/01\/15\/quotas-sao-importantes-diz-claudia-azevedo-mas-nao-chegam\/\",\"name\":\"Quotas s\u00e3o importantes, diz Cl\u00e1udia Azevedo, mas n\u00e3o chegam - Portal Tela Portugal\",\"isPartOf\":{\"@id\":\"https:\/\/portaltela.pt\/#website\"},\"primaryImageOfPage\":{\"@id\":\"https:\/\/portaltela.pt\/noticias\/2026\/01\/15\/quotas-sao-importantes-diz-claudia-azevedo-mas-nao-chegam\/#primaryimage\"},\"image\":{\"@id\":\"https:\/\/portaltela.pt\/noticias\/2026\/01\/15\/quotas-sao-importantes-diz-claudia-azevedo-mas-nao-chegam\/#primaryimage\"},\"thumbnailUrl\":\"https:\/\/portaltela.pt\/s.01k8rhncp4jt1\/2026\/01\/andreVentura_outline_cor-129.jpg\",\"datePublished\":\"2026-01-15T09:01:00+00:00\",\"author\":{\"@id\":\"https:\/\/portaltela.pt\/#\/schema\/person\/c4278d4a6028830caff9ee44b42d32ed\"},\"breadcrumb\":{\"@id\":\"https:\/\/portaltela.pt\/noticias\/2026\/01\/15\/quotas-sao-importantes-diz-claudia-azevedo-mas-nao-chegam\/#breadcrumb\"},\"inLanguage\":\"pt-PT\",\"potentialAction\":[{\"@type\":\"ReadAction\",\"target\":[\"https:\/\/portaltela.pt\/noticias\/2026\/01\/15\/quotas-sao-importantes-diz-claudia-azevedo-mas-nao-chegam\/\"]}]},{\"@type\":\"ImageObject\",\"inLanguage\":\"pt-PT\",\"@id\":\"https:\/\/portaltela.pt\/noticias\/2026\/01\/15\/quotas-sao-importantes-diz-claudia-azevedo-mas-nao-chegam\/#primaryimage\",\"url\":\"https:\/\/portaltela.pt\/s.01k8rhncp4jt1\/2026\/01\/andreVentura_outline_cor-129.jpg\",\"contentUrl\":\"https:\/\/portaltela.pt\/s.01k8rhncp4jt1\/2026\/01\/andreVentura_outline_cor-129.jpg\",\"width\":796,\"height\":448,\"caption\":\"Cl\u00e1udia Azevedo, CEO da Sonae, durante a apresenta\u00e7\u00e3o de resultados do grupo que lidera, Maia, 13 de mar\u00e7o de 2024. FERNANDO VELUDO\/LUSA\"},{\"@type\":\"BreadcrumbList\",\"@id\":\"https:\/\/portaltela.pt\/noticias\/2026\/01\/15\/quotas-sao-importantes-diz-claudia-azevedo-mas-nao-chegam\/#breadcrumb\",\"itemListElement\":[{\"@type\":\"ListItem\",\"position\":1,\"name\":\"In\u00edcio\",\"item\":\"https:\/\/portaltela.pt\/\"},{\"@type\":\"ListItem\",\"position\":2,\"name\":\"Quotas s\u00e3o importantes, diz Cl\u00e1udia Azevedo, mas n\u00e3o chegam\"}]},{\"@type\":\"WebSite\",\"@id\":\"https:\/\/portaltela.pt\/#website\",\"url\":\"https:\/\/portaltela.pt\/\",\"name\":\"Portal Tela Portugal\",\"description\":\"\",\"potentialAction\":[{\"@type\":\"SearchAction\",\"target\":{\"@type\":\"EntryPoint\",\"urlTemplate\":\"https:\/\/portaltela.pt\/?s={search_term_string}\"},\"query-input\":{\"@type\":\"PropertyValueSpecification\",\"valueRequired\":true,\"valueName\":\"search_term_string\"}}],\"inLanguage\":\"pt-PT\"},{\"@type\":\"Person\",\"@id\":\"https:\/\/portaltela.pt\/#\/schema\/person\/c4278d4a6028830caff9ee44b42d32ed\",\"name\":\"Telinha\",\"image\":{\"@type\":\"ImageObject\",\"inLanguage\":\"pt-PT\",\"@id\":\"https:\/\/portaltela.pt\/s.01k8rhncp4jt1\/2025\/11\/talking-bot-125x125.png\",\"url\":\"https:\/\/portaltela.pt\/s.01k8rhncp4jt1\/2025\/11\/talking-bot-125x125.png\",\"contentUrl\":\"https:\/\/portaltela.pt\/s.01k8rhncp4jt1\/2025\/11\/talking-bot-125x125.png\",\"caption\":\"Telinha\"},\"sameAs\":[\"https:\/\/portaltela.pt\/\"],\"url\":\"https:\/\/portaltela.pt\/por\/367410592786\/\"}]}<\/script>\n<!-- \/ Yoast SEO plugin. -->","yoast_head_json":{"title":"Quotas s\u00e3o importantes, diz Cl\u00e1udia Azevedo, mas n\u00e3o chegam - Portal Tela Portugal","robots":{"index":"index","follow":"follow","max-snippet":"max-snippet:-1","max-image-preview":"max-image-preview:large","max-video-preview":"max-video-preview:-1"},"og_locale":"pt_PT","og_type":"article","og_title":"Quotas s\u00e3o importantes, diz Cl\u00e1udia Azevedo, mas n\u00e3o chegam - Portal Tela Portugal","og_description":"Cl\u00e1udia Azevedo, presidente executiva da Sonae, afirma no F\u00f3rum Econ\u00f3mico Mundial em Davos que a paridade de g\u00e9nero \u00e9 um teste da maturidade da lideran\u00e7a; quotas ajudam, mas n\u00e3o chegam. Dados do Instituto Europeu para a Igualdade de G\u00e9nero indicam que as mulheres representam 35,8% dos membros de conselhos de administra\u00e7\u00e3o nas maiores empresas da Uni\u00e3o Europeia, frente a 8,2% em 2003. No entanto, quando o foco se dirige para o poder operacional, as mulheres representam apenas 23,9% dos membros de conselhos executivos na UE. Azevedo sustenta que quotas n\u00e3o garantem inclus\u00e3o nem acesso equitativo \u00e0 influ\u00eancia nem promo\u00e7\u00f5es para cargos operacionais de topo; \u00e9 necess\u00e1ria lideran\u00e7a com responsabilidade e mecanismos de responsabiliza\u00e7\u00e3o. Na Sonae, a percentagem de mulheres em cargos de lideran\u00e7a subiu de 34% em 2019 para 41% em 2024, com perspetiva de atingir 45% em 2026, impulsionada pela press\u00e3o externa e interna.","og_url":"https:\/\/portaltela.pt\/noticias\/2026\/01\/15\/quotas-sao-importantes-diz-claudia-azevedo-mas-nao-chegam\/","og_site_name":"Portal Tela Portugal","article_published_time":"2026-01-15T09:01:00+00:00","author":"Telinha","twitter_card":"summary_large_image","twitter_misc":{"Escrito por":"Telinha","Tempo estimado de leitura":"2 minutos"},"schema":{"@context":"https:\/\/schema.org","@graph":[{"@type":"Article","@id":"https:\/\/portaltela.pt\/noticias\/2026\/01\/15\/quotas-sao-importantes-diz-claudia-azevedo-mas-nao-chegam\/#article","isPartOf":{"@id":"https:\/\/portaltela.pt\/noticias\/2026\/01\/15\/quotas-sao-importantes-diz-claudia-azevedo-mas-nao-chegam\/"},"author":{"name":"Telinha","@id":"https:\/\/portaltela.pt\/#\/schema\/person\/c4278d4a6028830caff9ee44b42d32ed"},"headline":"Quotas s\u00e3o importantes, diz Cl\u00e1udia Azevedo, mas n\u00e3o chegam","datePublished":"2026-01-15T09:01:00+00:00","mainEntityOfPage":{"@id":"https:\/\/portaltela.pt\/noticias\/2026\/01\/15\/quotas-sao-importantes-diz-claudia-azevedo-mas-nao-chegam\/"},"wordCount":320,"image":{"@id":"https:\/\/portaltela.pt\/noticias\/2026\/01\/15\/quotas-sao-importantes-diz-claudia-azevedo-mas-nao-chegam\/#primaryimage"},"thumbnailUrl":"https:\/\/portaltela.pt\/s.01k8rhncp4jt1\/2026\/01\/andreVentura_outline_cor-129.jpg","keywords":["empresas","gest\u00e3o","Igualdade de G\u00e9nero \u2013 Desafios na Atualidade","leadership consciente","Mulheres","pol\u00edticas p\u00fablicas"],"articleSection":["Not\u00edcias"],"inLanguage":"pt-PT"},{"@type":"WebPage","@id":"https:\/\/portaltela.pt\/noticias\/2026\/01\/15\/quotas-sao-importantes-diz-claudia-azevedo-mas-nao-chegam\/","url":"https:\/\/portaltela.pt\/noticias\/2026\/01\/15\/quotas-sao-importantes-diz-claudia-azevedo-mas-nao-chegam\/","name":"Quotas s\u00e3o importantes, diz Cl\u00e1udia Azevedo, mas n\u00e3o chegam - Portal Tela Portugal","isPartOf":{"@id":"https:\/\/portaltela.pt\/#website"},"primaryImageOfPage":{"@id":"https:\/\/portaltela.pt\/noticias\/2026\/01\/15\/quotas-sao-importantes-diz-claudia-azevedo-mas-nao-chegam\/#primaryimage"},"image":{"@id":"https:\/\/portaltela.pt\/noticias\/2026\/01\/15\/quotas-sao-importantes-diz-claudia-azevedo-mas-nao-chegam\/#primaryimage"},"thumbnailUrl":"https:\/\/portaltela.pt\/s.01k8rhncp4jt1\/2026\/01\/andreVentura_outline_cor-129.jpg","datePublished":"2026-01-15T09:01:00+00:00","author":{"@id":"https:\/\/portaltela.pt\/#\/schema\/person\/c4278d4a6028830caff9ee44b42d32ed"},"breadcrumb":{"@id":"https:\/\/portaltela.pt\/noticias\/2026\/01\/15\/quotas-sao-importantes-diz-claudia-azevedo-mas-nao-chegam\/#breadcrumb"},"inLanguage":"pt-PT","potentialAction":[{"@type":"ReadAction","target":["https:\/\/portaltela.pt\/noticias\/2026\/01\/15\/quotas-sao-importantes-diz-claudia-azevedo-mas-nao-chegam\/"]}]},{"@type":"ImageObject","inLanguage":"pt-PT","@id":"https:\/\/portaltela.pt\/noticias\/2026\/01\/15\/quotas-sao-importantes-diz-claudia-azevedo-mas-nao-chegam\/#primaryimage","url":"https:\/\/portaltela.pt\/s.01k8rhncp4jt1\/2026\/01\/andreVentura_outline_cor-129.jpg","contentUrl":"https:\/\/portaltela.pt\/s.01k8rhncp4jt1\/2026\/01\/andreVentura_outline_cor-129.jpg","width":796,"height":448,"caption":"Cl\u00e1udia Azevedo, CEO da Sonae, durante a apresenta\u00e7\u00e3o de resultados do grupo que lidera, Maia, 13 de mar\u00e7o de 2024. FERNANDO VELUDO\/LUSA"},{"@type":"BreadcrumbList","@id":"https:\/\/portaltela.pt\/noticias\/2026\/01\/15\/quotas-sao-importantes-diz-claudia-azevedo-mas-nao-chegam\/#breadcrumb","itemListElement":[{"@type":"ListItem","position":1,"name":"In\u00edcio","item":"https:\/\/portaltela.pt\/"},{"@type":"ListItem","position":2,"name":"Quotas s\u00e3o importantes, diz Cl\u00e1udia Azevedo, mas n\u00e3o chegam"}]},{"@type":"WebSite","@id":"https:\/\/portaltela.pt\/#website","url":"https:\/\/portaltela.pt\/","name":"Portal Tela Portugal","description":"","potentialAction":[{"@type":"SearchAction","target":{"@type":"EntryPoint","urlTemplate":"https:\/\/portaltela.pt\/?s={search_term_string}"},"query-input":{"@type":"PropertyValueSpecification","valueRequired":true,"valueName":"search_term_string"}}],"inLanguage":"pt-PT"},{"@type":"Person","@id":"https:\/\/portaltela.pt\/#\/schema\/person\/c4278d4a6028830caff9ee44b42d32ed","name":"Telinha","image":{"@type":"ImageObject","inLanguage":"pt-PT","@id":"https:\/\/portaltela.pt\/s.01k8rhncp4jt1\/2025\/11\/talking-bot-125x125.png","url":"https:\/\/portaltela.pt\/s.01k8rhncp4jt1\/2025\/11\/talking-bot-125x125.png","contentUrl":"https:\/\/portaltela.pt\/s.01k8rhncp4jt1\/2025\/11\/talking-bot-125x125.png","caption":"Telinha"},"sameAs":["https:\/\/portaltela.pt\/"],"url":"https:\/\/portaltela.pt\/por\/367410592786\/"}]}},"_links":{"self":[{"href":"https:\/\/portaltela.pt\/api\/wp\/v2\/posts\/143723","targetHints":{"allow":["GET"]}}],"collection":[{"href":"https:\/\/portaltela.pt\/api\/wp\/v2\/posts"}],"about":[{"href":"https:\/\/portaltela.pt\/api\/wp\/v2\/types\/post"}],"author":[{"embeddable":true,"href":"https:\/\/portaltela.pt\/api\/wp\/v2\/users\/2"}],"replies":[{"embeddable":true,"href":"https:\/\/portaltela.pt\/api\/wp\/v2\/comments?post=143723"}],"version-history":[{"count":0,"href":"https:\/\/portaltela.pt\/api\/wp\/v2\/posts\/143723\/revisions"}],"wp:featuredmedia":[{"embeddable":true,"href":"https:\/\/portaltela.pt\/api\/wp\/v2\/media\/143731"}],"wp:attachment":[{"href":"https:\/\/portaltela.pt\/api\/wp\/v2\/media?parent=143723"}],"wp:term":[{"taxonomy":"category","embeddable":true,"href":"https:\/\/portaltela.pt\/api\/wp\/v2\/categories?post=143723"},{"taxonomy":"post_tag","embeddable":true,"href":"https:\/\/portaltela.pt\/api\/wp\/v2\/tags?post=143723"}],"curies":[{"name":"wp","href":"https:\/\/api.w.org\/{rel}","templated":true}]}}