{"id":143718,"date":"2026-01-15T06:00:00","date_gmt":"2026-01-15T09:00:00","guid":{"rendered":"https:\/\/portaltela.pt\/noticias\/2026\/01\/15\/muralhas-do-castelo-de-arraiolos-acordo-entre-municipio-e-patrimonio-avanca\/"},"modified":"2026-01-15T06:00:00","modified_gmt":"2026-01-15T09:00:00","slug":"muralhas-do-castelo-de-arraiolos-acordo-entre-municipio-e-patrimonio-avanca","status":"publish","type":"post","link":"https:\/\/portaltela.pt\/noticias\/2026\/01\/15\/muralhas-do-castelo-de-arraiolos-acordo-entre-municipio-e-patrimonio-avanca\/","title":{"rendered":"Muralhas do Castelo de Arraiolos: acordo entre munic\u00edpio e Patrim\u00f3nio avan\u00e7a"},"content":{"rendered":"<p>O Munic\u00edpio de Arraiolos avan\u00e7ar\u00e1 com uma nova fase de recupera\u00e7\u00e3o das muralhas do Castelo de Arraiolos, num investimento que pode chegar aos 700 mil euros nos pr\u00f3ximos dois anos, fruto de um acordo com o Patrim\u00f3nio Cultural, I.P. A comparticipa\u00e7\u00e3o financeira ser\u00e1 igual entre o munic\u00edpio e o Estado, por cada euro investido.<\/p>\n<p>O contrato foi formalizado no final de 2025. A transfer\u00eancia inicial de 350 mil euros permite iniciar o processo de recupera\u00e7\u00e3o do monumento classificado como Nacional. O presidente da C\u00e2mara, Jorge Macau, considera o acordo como mais um passo na preserva\u00e7\u00e3o do patrim\u00f3nio local.<\/p>\n<p>Embora o Castelo de Arraiolos n\u00e3o perten\u00e7a \u00e0 gest\u00e3o municipal, a C\u00e2mara tem atuado ativamente na sua conserva\u00e7\u00e3o, afirma o autarca. O objetivo \u00e9 manter o patrim\u00f3nio arquivando o papel de lideran\u00e7a da autarquia na conserva\u00e7\u00e3o.<\/p>\n<h3>Interven\u00e7\u00e3o faseada nas muralhas<\/h3>\n<p>A interven\u00e7\u00e3o, que decorre de um contrato anterior com o Patrim\u00f3nio Cultural, sucede \u00e0 requalifica\u00e7\u00e3o da Torre do Rel\u00f3gio, conclu\u00edda recentemente. Esta obra anterior ficou reservada a um investimento de cerca de 150 mil euros.<\/p>\n<p>A nova fase de obras integra um trabalho gradual e articulado com as entidades respons\u00e1veis pelo patrim\u00f3nio. O edil sublinha que \u00e9 uma not\u00edcia positiva para o patrim\u00f3nio hist\u00f3rico do concelho.<\/p>\n<h3>Continuidade de investimentos no castelo<\/h3>\n<p>Os trabalhos devem arrancar em 2026, ap\u00f3s a conclus\u00e3o do projeto t\u00e9cnico. Na primeira metade do ano pretende-se preparar o concurso p\u00fablico para a execu\u00e7\u00e3o das obras.<\/p>\n<p>O Castelo de Arraiolos destaca-se pela planta circular e pelo papel simb\u00f3lico na hist\u00f3ria da regi\u00e3o. O monumento \u00e9 uma refer\u00eancia cultural e tur\u00edstica no Alentejo.<\/p>\n","protected":false},"excerpt":{"rendered":"<ul>\n<li>O Munic\u00edpio de Arraiolos avan\u00e7a com uma nova fase de recupera\u00e7\u00e3o das muralhas do Castelo de Arraiolos, num investimento que pode atingir os 700 mil euros nos pr\u00f3ximos dois anos, ao abrigo de um acordo com o Patrim\u00f3nio Cultural, I.P.<\/li>\n<li>O acordo prev\u00ea comparticipa\u00e7\u00e3o financeira em partes iguais entre o munic\u00edpio e o Estado, com cada euro investido pelo Patrim\u00f3nio Cultural a equivaler a um euro pelo munic\u00edpio.<\/li>\n<li>Foi feita uma transfer\u00eancia inicial de 350 mil euros para iniciar a recupera\u00e7\u00e3o do monumento classificado como Monumento Nacional.<\/li>\n<li>A interven\u00e7\u00e3o sucede a uma obra recente na Torre do Rel\u00f3gio, realizada por cerca de 150 mil euros e j\u00e1 conclu\u00edda.<\/li>\n<li>Os trabalhos arrancam em 2026, ap\u00f3s a conclus\u00e3o do projeto t\u00e9cnico, com o objetivo de lan\u00e7ar o concurso p\u00fablico ainda nesse ano.<\/li>\n<\/ul>\n","protected":false},"author":2,"featured_media":143726,"comment_status":"closed","ping_status":"closed","sticky":false,"template":"","format":"standard","meta":{"footnotes":""},"categories":[1],"tags":[883,1938,145,814,1175,169],"class_list":["post-143718","post","type-post","status-publish","format-standard","has-post-thumbnail","hentry","category-noticias","tag-alentejo","tag-arraiolos","tag-cultura","tag-patrimonio","tag-patrimonio-cultural","tag-turismo"],"yoast_head":"<!-- This site is optimized with the Yoast SEO plugin v27.2 - https:\/\/yoast.com\/product\/yoast-seo-wordpress\/ -->\n<title>Muralhas do Castelo de Arraiolos: acordo entre munic\u00edpio e Patrim\u00f3nio avan\u00e7a - Portal Tela Portugal<\/title>\n<meta name=\"robots\" content=\"index, follow, max-snippet:-1, max-image-preview:large, max-video-preview:-1\" \/>\n<meta property=\"og:locale\" content=\"pt_PT\" \/>\n<meta property=\"og:type\" content=\"article\" \/>\n<meta property=\"og:title\" content=\"Muralhas do Castelo de Arraiolos: acordo entre munic\u00edpio e Patrim\u00f3nio avan\u00e7a - Portal Tela Portugal\" \/>\n<meta property=\"og:description\" content=\"O Munic\u00edpio de Arraiolos avan\u00e7a com uma nova fase de recupera\u00e7\u00e3o das muralhas do Castelo de Arraiolos, num investimento que pode atingir os 700 mil euros nos pr\u00f3ximos dois anos, ao abrigo de um acordo com o Patrim\u00f3nio Cultural, I.P. O acordo prev\u00ea comparticipa\u00e7\u00e3o financeira em partes iguais entre o munic\u00edpio e o Estado, com cada euro investido pelo Patrim\u00f3nio Cultural a equivaler a um euro pelo munic\u00edpio. Foi feita uma transfer\u00eancia inicial de 350 mil euros para iniciar a recupera\u00e7\u00e3o do monumento classificado como Monumento Nacional. A interven\u00e7\u00e3o sucede a uma obra recente na Torre do Rel\u00f3gio, realizada por cerca de 150 mil euros e j\u00e1 conclu\u00edda. Os trabalhos arrancam em 2026, ap\u00f3s a conclus\u00e3o do projeto t\u00e9cnico, com o objetivo de lan\u00e7ar o concurso p\u00fablico ainda nesse ano.\" \/>\n<meta property=\"og:url\" content=\"https:\/\/portaltela.pt\/noticias\/2026\/01\/15\/muralhas-do-castelo-de-arraiolos-acordo-entre-municipio-e-patrimonio-avanca\/\" \/>\n<meta property=\"og:site_name\" content=\"Portal Tela Portugal\" \/>\n<meta property=\"article:published_time\" content=\"2026-01-15T09:00:00+00:00\" \/>\n<meta name=\"author\" content=\"Telinha\" \/>\n<meta name=\"twitter:card\" content=\"summary_large_image\" \/>\n<meta name=\"twitter:label1\" content=\"Escrito por\" \/>\n\t<meta name=\"twitter:data1\" content=\"Telinha\" \/>\n\t<meta name=\"twitter:label2\" content=\"Tempo estimado de leitura\" \/>\n\t<meta name=\"twitter:data2\" content=\"1 minuto\" \/>\n<script type=\"application\/ld+json\" class=\"yoast-schema-graph\">{\"@context\":\"https:\/\/schema.org\",\"@graph\":[{\"@type\":\"Article\",\"@id\":\"https:\/\/portaltela.pt\/noticias\/2026\/01\/15\/muralhas-do-castelo-de-arraiolos-acordo-entre-municipio-e-patrimonio-avanca\/#article\",\"isPartOf\":{\"@id\":\"https:\/\/portaltela.pt\/noticias\/2026\/01\/15\/muralhas-do-castelo-de-arraiolos-acordo-entre-municipio-e-patrimonio-avanca\/\"},\"author\":{\"name\":\"Telinha\",\"@id\":\"https:\/\/portaltela.pt\/#\/schema\/person\/c4278d4a6028830caff9ee44b42d32ed\"},\"headline\":\"Muralhas do Castelo de Arraiolos: acordo entre munic\u00edpio e Patrim\u00f3nio avan\u00e7a\",\"datePublished\":\"2026-01-15T09:00:00+00:00\",\"mainEntityOfPage\":{\"@id\":\"https:\/\/portaltela.pt\/noticias\/2026\/01\/15\/muralhas-do-castelo-de-arraiolos-acordo-entre-municipio-e-patrimonio-avanca\/\"},\"wordCount\":308,\"image\":{\"@id\":\"https:\/\/portaltela.pt\/noticias\/2026\/01\/15\/muralhas-do-castelo-de-arraiolos-acordo-entre-municipio-e-patrimonio-avanca\/#primaryimage\"},\"thumbnailUrl\":\"https:\/\/portaltela.pt\/s.01k8rhncp4jt1\/2026\/01\/imagem_odigital-1200-x-675-px-36.jpg\",\"keywords\":[\"Alentejo\",\"Arraiolos\",\"cultura\",\"patrim\u00f3nio\",\"Patrim\u00f3nio Cultural\",\"turismo\"],\"articleSection\":[\"Not\u00edcias\"],\"inLanguage\":\"pt-PT\"},{\"@type\":\"WebPage\",\"@id\":\"https:\/\/portaltela.pt\/noticias\/2026\/01\/15\/muralhas-do-castelo-de-arraiolos-acordo-entre-municipio-e-patrimonio-avanca\/\",\"url\":\"https:\/\/portaltela.pt\/noticias\/2026\/01\/15\/muralhas-do-castelo-de-arraiolos-acordo-entre-municipio-e-patrimonio-avanca\/\",\"name\":\"Muralhas do Castelo de Arraiolos: acordo entre munic\u00edpio e Patrim\u00f3nio avan\u00e7a - Portal Tela Portugal\",\"isPartOf\":{\"@id\":\"https:\/\/portaltela.pt\/#website\"},\"primaryImageOfPage\":{\"@id\":\"https:\/\/portaltela.pt\/noticias\/2026\/01\/15\/muralhas-do-castelo-de-arraiolos-acordo-entre-municipio-e-patrimonio-avanca\/#primaryimage\"},\"image\":{\"@id\":\"https:\/\/portaltela.pt\/noticias\/2026\/01\/15\/muralhas-do-castelo-de-arraiolos-acordo-entre-municipio-e-patrimonio-avanca\/#primaryimage\"},\"thumbnailUrl\":\"https:\/\/portaltela.pt\/s.01k8rhncp4jt1\/2026\/01\/imagem_odigital-1200-x-675-px-36.jpg\",\"datePublished\":\"2026-01-15T09:00:00+00:00\",\"author\":{\"@id\":\"https:\/\/portaltela.pt\/#\/schema\/person\/c4278d4a6028830caff9ee44b42d32ed\"},\"breadcrumb\":{\"@id\":\"https:\/\/portaltela.pt\/noticias\/2026\/01\/15\/muralhas-do-castelo-de-arraiolos-acordo-entre-municipio-e-patrimonio-avanca\/#breadcrumb\"},\"inLanguage\":\"pt-PT\",\"potentialAction\":[{\"@type\":\"ReadAction\",\"target\":[\"https:\/\/portaltela.pt\/noticias\/2026\/01\/15\/muralhas-do-castelo-de-arraiolos-acordo-entre-municipio-e-patrimonio-avanca\/\"]}]},{\"@type\":\"ImageObject\",\"inLanguage\":\"pt-PT\",\"@id\":\"https:\/\/portaltela.pt\/noticias\/2026\/01\/15\/muralhas-do-castelo-de-arraiolos-acordo-entre-municipio-e-patrimonio-avanca\/#primaryimage\",\"url\":\"https:\/\/portaltela.pt\/s.01k8rhncp4jt1\/2026\/01\/imagem_odigital-1200-x-675-px-36.jpg\",\"contentUrl\":\"https:\/\/portaltela.pt\/s.01k8rhncp4jt1\/2026\/01\/imagem_odigital-1200-x-675-px-36.jpg\",\"width\":796,\"height\":448,\"caption\":\"Recupera\u00e7\u00e3o das muralhas do Castelo de Arraiolos avan\u00e7a com acordo entre munic\u00edpio e Patrim\u00f3nio Cultural\"},{\"@type\":\"BreadcrumbList\",\"@id\":\"https:\/\/portaltela.pt\/noticias\/2026\/01\/15\/muralhas-do-castelo-de-arraiolos-acordo-entre-municipio-e-patrimonio-avanca\/#breadcrumb\",\"itemListElement\":[{\"@type\":\"ListItem\",\"position\":1,\"name\":\"In\u00edcio\",\"item\":\"https:\/\/portaltela.pt\/\"},{\"@type\":\"ListItem\",\"position\":2,\"name\":\"Muralhas do Castelo de Arraiolos: acordo entre munic\u00edpio e Patrim\u00f3nio avan\u00e7a\"}]},{\"@type\":\"WebSite\",\"@id\":\"https:\/\/portaltela.pt\/#website\",\"url\":\"https:\/\/portaltela.pt\/\",\"name\":\"Portal Tela Portugal\",\"description\":\"\",\"potentialAction\":[{\"@type\":\"SearchAction\",\"target\":{\"@type\":\"EntryPoint\",\"urlTemplate\":\"https:\/\/portaltela.pt\/?s={search_term_string}\"},\"query-input\":{\"@type\":\"PropertyValueSpecification\",\"valueRequired\":true,\"valueName\":\"search_term_string\"}}],\"inLanguage\":\"pt-PT\"},{\"@type\":\"Person\",\"@id\":\"https:\/\/portaltela.pt\/#\/schema\/person\/c4278d4a6028830caff9ee44b42d32ed\",\"name\":\"Telinha\",\"image\":{\"@type\":\"ImageObject\",\"inLanguage\":\"pt-PT\",\"@id\":\"https:\/\/portaltela.pt\/s.01k8rhncp4jt1\/2025\/11\/talking-bot-125x125.png\",\"url\":\"https:\/\/portaltela.pt\/s.01k8rhncp4jt1\/2025\/11\/talking-bot-125x125.png\",\"contentUrl\":\"https:\/\/portaltela.pt\/s.01k8rhncp4jt1\/2025\/11\/talking-bot-125x125.png\",\"caption\":\"Telinha\"},\"sameAs\":[\"https:\/\/portaltela.pt\/\"],\"url\":\"https:\/\/portaltela.pt\/por\/367410592786\/\"}]}<\/script>\n<!-- \/ Yoast SEO plugin. -->","yoast_head_json":{"title":"Muralhas do Castelo de Arraiolos: acordo entre munic\u00edpio e Patrim\u00f3nio avan\u00e7a - Portal Tela Portugal","robots":{"index":"index","follow":"follow","max-snippet":"max-snippet:-1","max-image-preview":"max-image-preview:large","max-video-preview":"max-video-preview:-1"},"og_locale":"pt_PT","og_type":"article","og_title":"Muralhas do Castelo de Arraiolos: acordo entre munic\u00edpio e Patrim\u00f3nio avan\u00e7a - Portal Tela Portugal","og_description":"O Munic\u00edpio de Arraiolos avan\u00e7a com uma nova fase de recupera\u00e7\u00e3o das muralhas do Castelo de Arraiolos, num investimento que pode atingir os 700 mil euros nos pr\u00f3ximos dois anos, ao abrigo de um acordo com o Patrim\u00f3nio Cultural, I.P. O acordo prev\u00ea comparticipa\u00e7\u00e3o financeira em partes iguais entre o munic\u00edpio e o Estado, com cada euro investido pelo Patrim\u00f3nio Cultural a equivaler a um euro pelo munic\u00edpio. Foi feita uma transfer\u00eancia inicial de 350 mil euros para iniciar a recupera\u00e7\u00e3o do monumento classificado como Monumento Nacional. A interven\u00e7\u00e3o sucede a uma obra recente na Torre do Rel\u00f3gio, realizada por cerca de 150 mil euros e j\u00e1 conclu\u00edda. Os trabalhos arrancam em 2026, ap\u00f3s a conclus\u00e3o do projeto t\u00e9cnico, com o objetivo de lan\u00e7ar o concurso p\u00fablico ainda nesse ano.","og_url":"https:\/\/portaltela.pt\/noticias\/2026\/01\/15\/muralhas-do-castelo-de-arraiolos-acordo-entre-municipio-e-patrimonio-avanca\/","og_site_name":"Portal Tela Portugal","article_published_time":"2026-01-15T09:00:00+00:00","author":"Telinha","twitter_card":"summary_large_image","twitter_misc":{"Escrito por":"Telinha","Tempo estimado de leitura":"1 minuto"},"schema":{"@context":"https:\/\/schema.org","@graph":[{"@type":"Article","@id":"https:\/\/portaltela.pt\/noticias\/2026\/01\/15\/muralhas-do-castelo-de-arraiolos-acordo-entre-municipio-e-patrimonio-avanca\/#article","isPartOf":{"@id":"https:\/\/portaltela.pt\/noticias\/2026\/01\/15\/muralhas-do-castelo-de-arraiolos-acordo-entre-municipio-e-patrimonio-avanca\/"},"author":{"name":"Telinha","@id":"https:\/\/portaltela.pt\/#\/schema\/person\/c4278d4a6028830caff9ee44b42d32ed"},"headline":"Muralhas do Castelo de Arraiolos: acordo entre munic\u00edpio e Patrim\u00f3nio avan\u00e7a","datePublished":"2026-01-15T09:00:00+00:00","mainEntityOfPage":{"@id":"https:\/\/portaltela.pt\/noticias\/2026\/01\/15\/muralhas-do-castelo-de-arraiolos-acordo-entre-municipio-e-patrimonio-avanca\/"},"wordCount":308,"image":{"@id":"https:\/\/portaltela.pt\/noticias\/2026\/01\/15\/muralhas-do-castelo-de-arraiolos-acordo-entre-municipio-e-patrimonio-avanca\/#primaryimage"},"thumbnailUrl":"https:\/\/portaltela.pt\/s.01k8rhncp4jt1\/2026\/01\/imagem_odigital-1200-x-675-px-36.jpg","keywords":["Alentejo","Arraiolos","cultura","patrim\u00f3nio","Patrim\u00f3nio Cultural","turismo"],"articleSection":["Not\u00edcias"],"inLanguage":"pt-PT"},{"@type":"WebPage","@id":"https:\/\/portaltela.pt\/noticias\/2026\/01\/15\/muralhas-do-castelo-de-arraiolos-acordo-entre-municipio-e-patrimonio-avanca\/","url":"https:\/\/portaltela.pt\/noticias\/2026\/01\/15\/muralhas-do-castelo-de-arraiolos-acordo-entre-municipio-e-patrimonio-avanca\/","name":"Muralhas do Castelo de Arraiolos: acordo entre munic\u00edpio e Patrim\u00f3nio avan\u00e7a - Portal Tela Portugal","isPartOf":{"@id":"https:\/\/portaltela.pt\/#website"},"primaryImageOfPage":{"@id":"https:\/\/portaltela.pt\/noticias\/2026\/01\/15\/muralhas-do-castelo-de-arraiolos-acordo-entre-municipio-e-patrimonio-avanca\/#primaryimage"},"image":{"@id":"https:\/\/portaltela.pt\/noticias\/2026\/01\/15\/muralhas-do-castelo-de-arraiolos-acordo-entre-municipio-e-patrimonio-avanca\/#primaryimage"},"thumbnailUrl":"https:\/\/portaltela.pt\/s.01k8rhncp4jt1\/2026\/01\/imagem_odigital-1200-x-675-px-36.jpg","datePublished":"2026-01-15T09:00:00+00:00","author":{"@id":"https:\/\/portaltela.pt\/#\/schema\/person\/c4278d4a6028830caff9ee44b42d32ed"},"breadcrumb":{"@id":"https:\/\/portaltela.pt\/noticias\/2026\/01\/15\/muralhas-do-castelo-de-arraiolos-acordo-entre-municipio-e-patrimonio-avanca\/#breadcrumb"},"inLanguage":"pt-PT","potentialAction":[{"@type":"ReadAction","target":["https:\/\/portaltela.pt\/noticias\/2026\/01\/15\/muralhas-do-castelo-de-arraiolos-acordo-entre-municipio-e-patrimonio-avanca\/"]}]},{"@type":"ImageObject","inLanguage":"pt-PT","@id":"https:\/\/portaltela.pt\/noticias\/2026\/01\/15\/muralhas-do-castelo-de-arraiolos-acordo-entre-municipio-e-patrimonio-avanca\/#primaryimage","url":"https:\/\/portaltela.pt\/s.01k8rhncp4jt1\/2026\/01\/imagem_odigital-1200-x-675-px-36.jpg","contentUrl":"https:\/\/portaltela.pt\/s.01k8rhncp4jt1\/2026\/01\/imagem_odigital-1200-x-675-px-36.jpg","width":796,"height":448,"caption":"Recupera\u00e7\u00e3o das muralhas do Castelo de Arraiolos avan\u00e7a com acordo entre munic\u00edpio e Patrim\u00f3nio Cultural"},{"@type":"BreadcrumbList","@id":"https:\/\/portaltela.pt\/noticias\/2026\/01\/15\/muralhas-do-castelo-de-arraiolos-acordo-entre-municipio-e-patrimonio-avanca\/#breadcrumb","itemListElement":[{"@type":"ListItem","position":1,"name":"In\u00edcio","item":"https:\/\/portaltela.pt\/"},{"@type":"ListItem","position":2,"name":"Muralhas do Castelo de Arraiolos: acordo entre munic\u00edpio e Patrim\u00f3nio avan\u00e7a"}]},{"@type":"WebSite","@id":"https:\/\/portaltela.pt\/#website","url":"https:\/\/portaltela.pt\/","name":"Portal Tela Portugal","description":"","potentialAction":[{"@type":"SearchAction","target":{"@type":"EntryPoint","urlTemplate":"https:\/\/portaltela.pt\/?s={search_term_string}"},"query-input":{"@type":"PropertyValueSpecification","valueRequired":true,"valueName":"search_term_string"}}],"inLanguage":"pt-PT"},{"@type":"Person","@id":"https:\/\/portaltela.pt\/#\/schema\/person\/c4278d4a6028830caff9ee44b42d32ed","name":"Telinha","image":{"@type":"ImageObject","inLanguage":"pt-PT","@id":"https:\/\/portaltela.pt\/s.01k8rhncp4jt1\/2025\/11\/talking-bot-125x125.png","url":"https:\/\/portaltela.pt\/s.01k8rhncp4jt1\/2025\/11\/talking-bot-125x125.png","contentUrl":"https:\/\/portaltela.pt\/s.01k8rhncp4jt1\/2025\/11\/talking-bot-125x125.png","caption":"Telinha"},"sameAs":["https:\/\/portaltela.pt\/"],"url":"https:\/\/portaltela.pt\/por\/367410592786\/"}]}},"_links":{"self":[{"href":"https:\/\/portaltela.pt\/api\/wp\/v2\/posts\/143718","targetHints":{"allow":["GET"]}}],"collection":[{"href":"https:\/\/portaltela.pt\/api\/wp\/v2\/posts"}],"about":[{"href":"https:\/\/portaltela.pt\/api\/wp\/v2\/types\/post"}],"author":[{"embeddable":true,"href":"https:\/\/portaltela.pt\/api\/wp\/v2\/users\/2"}],"replies":[{"embeddable":true,"href":"https:\/\/portaltela.pt\/api\/wp\/v2\/comments?post=143718"}],"version-history":[{"count":0,"href":"https:\/\/portaltela.pt\/api\/wp\/v2\/posts\/143718\/revisions"}],"wp:featuredmedia":[{"embeddable":true,"href":"https:\/\/portaltela.pt\/api\/wp\/v2\/media\/143726"}],"wp:attachment":[{"href":"https:\/\/portaltela.pt\/api\/wp\/v2\/media?parent=143718"}],"wp:term":[{"taxonomy":"category","embeddable":true,"href":"https:\/\/portaltela.pt\/api\/wp\/v2\/categories?post=143718"},{"taxonomy":"post_tag","embeddable":true,"href":"https:\/\/portaltela.pt\/api\/wp\/v2\/tags?post=143718"}],"curies":[{"name":"wp","href":"https:\/\/api.w.org\/{rel}","templated":true}]}}