{"id":143629,"date":"2026-01-15T05:19:04","date_gmt":"2026-01-15T08:19:04","guid":{"rendered":"https:\/\/portaltela.pt\/noticias\/2026\/01\/15\/dinamarca-e-gronelandia-rejeitam-exigencias-dos-eua\/"},"modified":"2026-01-15T05:19:04","modified_gmt":"2026-01-15T08:19:04","slug":"dinamarca-e-gronelandia-rejeitam-exigencias-dos-eua","status":"publish","type":"post","link":"https:\/\/portaltela.pt\/noticias\/2026\/01\/15\/dinamarca-e-gronelandia-rejeitam-exigencias-dos-eua\/","title":{"rendered":"Dinamarca e Gronel\u00e2ndia rejeitam exig\u00eancias dos EUA"},"content":{"rendered":"<p>O encontro na Casa Branca, em Washington, entre representantes da Dinamarca, Gronel\u00e2ndia e o governo dos EUA, discutiu a situa\u00e7\u00e3o da Gronel\u00e2ndia e a seguran\u00e7a no \u00c1rtico. As partes buscaram um entendimento sobre posi\u00e7\u00f5es estrat\u00e9gicas, sem chegar a um acordo.<\/p>\n<p>A delega\u00e7\u00e3o dinamarquesa afirmou que as conversas foram francas e construtivas, mas n\u00e3o conseguiram convencer os EUA a alterar a sua posi\u00e7\u00e3o. O governo dinamarqu\u00eas defende que a seguran\u00e7a a longo prazo da Gronel\u00e2ndia pode manter-se dentro do quadro atual.<\/p>\n<p>A posi\u00e7\u00e3o apresentada pelo Reino da Dinamarca \u00e9 de que qualquer proposta deve respeitar a integridade territorial do pa\u00eds e o direito \u00e0 autodetermina\u00e7\u00e3o do povo groneland\u00eas. Mesmo assim, h\u00e1 abertura para continuar o di\u00e1logo e criar um grupo de trabalho sobre preocupa\u00e7\u00f5es de seguran\u00e7a no \u00c1rtico.<\/p>\n<h3>Perspetiva da Gronel\u00e2ndia<\/h3>\n<p>Vivian Motzfeldt, ministra dos Neg\u00f3cios Estrangeiros da Gronel\u00e2ndia, reiterou que decis\u00f5es sobre o futuro do territ\u00f3rio s\u00e3o prerrogativa dos gronelandeses. A representa\u00e7\u00e3o gronelandesa est\u00e1 dispon\u00edvel para coopera\u00e7\u00e3o em seguran\u00e7a regional, desde que n\u00e3o haja autonomia de soberania.<\/p>\n<p>O grupo de trabalho criado pela Dinamarca dever\u00e1 analisar as propostas de seguran\u00e7a dos EUA no \u00c1rtico e apresentar caminhos de acompanhamento. O objetivo \u00e9 manter o di\u00e1logo sem comprometer a soberania da Gronel\u00e2ndia.<\/p>\n","protected":false},"excerpt":{"rendered":"<ul>\n<li>Dinamarca e Gronel\u00e2ndia dizem que as conversas com os EUA sobre a Gronel\u00e2ndia foram francas, mas construtivas, sem conseguir mudar a posi\u00e7\u00e3o de Washington.<\/li>\n<li>O ministro dinamarqu\u00eas dos Neg\u00f3cios Estrangeiros afirmou que persiste diverg\u00eancia entre as partes e que o Presidente norte-americano deixou clara a sua opini\u00e3o, enquanto a Dinamarca mant\u00e9m a sua posi\u00e7\u00e3o.<\/li>\n<li>A Dinamarca sustenta que a seguran\u00e7a a longo prazo da Gronel\u00e2ndia pode ser garantida dentro do quadro atual e que propostas devem respeitar a integridade territorial dinamarquesa e o direito \u00e0 autodetermina\u00e7\u00e3o do povo groneland\u00eas.<\/li>\n<li>Foi anunciada a cria\u00e7\u00e3o de um grupo de trabalho para analisar as preocupa\u00e7\u00f5es de seguran\u00e7a dos EUA no \u00c1rtico e manter o di\u00e1logo aberto.<\/li>\n<li>A Gronel\u00e2ndia reiterou que decis\u00f5es sobre o seu futuro pertencem aos gronelandeses, estando dispon\u00edvel para coopera\u00e7\u00e3o em seguran\u00e7a regional, desde que n\u00e3o haja amea\u00e7a \u00e0 soberania ou \u00e0 autodetermina\u00e7\u00e3o.<\/li>\n<\/ul>\n","protected":false},"author":2,"featured_media":143633,"comment_status":"closed","ping_status":"closed","sticky":false,"template":"","format":"standard","meta":{"footnotes":""},"categories":[],"tags":[256,2503,3184,2016,466,2832],"class_list":["post-143629","post","type-post","status-publish","format-standard","has-post-thumbnail","hentry","tag-cooperacao-internacional","tag-dinamarca","tag-gronelandia","tag-integridade-territorial","tag-organizacao-internacional","tag-politica"],"yoast_head":"<!-- This site is optimized with the Yoast SEO plugin v27.2 - https:\/\/yoast.com\/product\/yoast-seo-wordpress\/ -->\n<title>Dinamarca e Gronel\u00e2ndia rejeitam exig\u00eancias dos EUA - Portal Tela Portugal<\/title>\n<meta name=\"robots\" content=\"index, follow, max-snippet:-1, max-image-preview:large, max-video-preview:-1\" \/>\n<meta property=\"og:locale\" content=\"pt_PT\" \/>\n<meta property=\"og:type\" content=\"article\" \/>\n<meta property=\"og:title\" content=\"Dinamarca e Gronel\u00e2ndia rejeitam exig\u00eancias dos EUA - Portal Tela Portugal\" \/>\n<meta property=\"og:description\" content=\"Dinamarca e Gronel\u00e2ndia dizem que as conversas com os EUA sobre a Gronel\u00e2ndia foram francas, mas construtivas, sem conseguir mudar a posi\u00e7\u00e3o de Washington. O ministro dinamarqu\u00eas dos Neg\u00f3cios Estrangeiros afirmou que persiste diverg\u00eancia entre as partes e que o Presidente norte-americano deixou clara a sua opini\u00e3o, enquanto a Dinamarca mant\u00e9m a sua posi\u00e7\u00e3o. A Dinamarca sustenta que a seguran\u00e7a a longo prazo da Gronel\u00e2ndia pode ser garantida dentro do quadro atual e que propostas devem respeitar a integridade territorial dinamarquesa e o direito \u00e0 autodetermina\u00e7\u00e3o do povo groneland\u00eas. Foi anunciada a cria\u00e7\u00e3o de um grupo de trabalho para analisar as preocupa\u00e7\u00f5es de seguran\u00e7a dos EUA no \u00c1rtico e manter o di\u00e1logo aberto. A Gronel\u00e2ndia reiterou que decis\u00f5es sobre o seu futuro pertencem aos gronelandeses, estando dispon\u00edvel para coopera\u00e7\u00e3o em seguran\u00e7a regional, desde que n\u00e3o haja amea\u00e7a \u00e0 soberania ou \u00e0 autodetermina\u00e7\u00e3o.\" \/>\n<meta property=\"og:url\" content=\"https:\/\/portaltela.pt\/noticias\/2026\/01\/15\/dinamarca-e-gronelandia-rejeitam-exigencias-dos-eua\/\" \/>\n<meta property=\"og:site_name\" content=\"Portal Tela Portugal\" \/>\n<meta property=\"article:published_time\" content=\"2026-01-15T08:19:04+00:00\" \/>\n<meta name=\"author\" content=\"Telinha\" \/>\n<meta name=\"twitter:card\" content=\"summary_large_image\" \/>\n<meta name=\"twitter:label1\" content=\"Escrito por\" \/>\n\t<meta name=\"twitter:data1\" content=\"Telinha\" \/>\n\t<meta name=\"twitter:label2\" content=\"Tempo estimado de leitura\" \/>\n\t<meta name=\"twitter:data2\" content=\"1 minuto\" \/>\n<script type=\"application\/ld+json\" class=\"yoast-schema-graph\">{\"@context\":\"https:\/\/schema.org\",\"@graph\":[{\"@type\":\"Article\",\"@id\":\"https:\/\/portaltela.pt\/noticias\/2026\/01\/15\/dinamarca-e-gronelandia-rejeitam-exigencias-dos-eua\/#article\",\"isPartOf\":{\"@id\":\"https:\/\/portaltela.pt\/noticias\/2026\/01\/15\/dinamarca-e-gronelandia-rejeitam-exigencias-dos-eua\/\"},\"author\":{\"name\":\"Telinha\",\"@id\":\"https:\/\/portaltela.pt\/#\/schema\/person\/c4278d4a6028830caff9ee44b42d32ed\"},\"headline\":\"Dinamarca e Gronel\u00e2ndia rejeitam exig\u00eancias dos EUA\",\"datePublished\":\"2026-01-15T08:19:04+00:00\",\"mainEntityOfPage\":{\"@id\":\"https:\/\/portaltela.pt\/noticias\/2026\/01\/15\/dinamarca-e-gronelandia-rejeitam-exigencias-dos-eua\/\"},\"wordCount\":240,\"image\":{\"@id\":\"https:\/\/portaltela.pt\/noticias\/2026\/01\/15\/dinamarca-e-gronelandia-rejeitam-exigencias-dos-eua\/#primaryimage\"},\"thumbnailUrl\":\"https:\/\/portaltela.pt\/s.01k8rhncp4jt1\/2026\/01\/img_1500x1000uu2026-01-14-20-38-46-2260172-1.jpg\",\"keywords\":[\"coopera\u00e7\u00e3o internacional\",\"Dinamarca\",\"Gronel\u00c3\u00a2ndia\",\"integridade territorial\",\"organiza\u00e7\u00e3o internacional\",\"pol\u00edtica\"],\"inLanguage\":\"pt-PT\"},{\"@type\":\"WebPage\",\"@id\":\"https:\/\/portaltela.pt\/noticias\/2026\/01\/15\/dinamarca-e-gronelandia-rejeitam-exigencias-dos-eua\/\",\"url\":\"https:\/\/portaltela.pt\/noticias\/2026\/01\/15\/dinamarca-e-gronelandia-rejeitam-exigencias-dos-eua\/\",\"name\":\"Dinamarca e Gronel\u00e2ndia rejeitam exig\u00eancias dos EUA - Portal Tela Portugal\",\"isPartOf\":{\"@id\":\"https:\/\/portaltela.pt\/#website\"},\"primaryImageOfPage\":{\"@id\":\"https:\/\/portaltela.pt\/noticias\/2026\/01\/15\/dinamarca-e-gronelandia-rejeitam-exigencias-dos-eua\/#primaryimage\"},\"image\":{\"@id\":\"https:\/\/portaltela.pt\/noticias\/2026\/01\/15\/dinamarca-e-gronelandia-rejeitam-exigencias-dos-eua\/#primaryimage\"},\"thumbnailUrl\":\"https:\/\/portaltela.pt\/s.01k8rhncp4jt1\/2026\/01\/img_1500x1000uu2026-01-14-20-38-46-2260172-1.jpg\",\"datePublished\":\"2026-01-15T08:19:04+00:00\",\"author\":{\"@id\":\"https:\/\/portaltela.pt\/#\/schema\/person\/c4278d4a6028830caff9ee44b42d32ed\"},\"breadcrumb\":{\"@id\":\"https:\/\/portaltela.pt\/noticias\/2026\/01\/15\/dinamarca-e-gronelandia-rejeitam-exigencias-dos-eua\/#breadcrumb\"},\"inLanguage\":\"pt-PT\",\"potentialAction\":[{\"@type\":\"ReadAction\",\"target\":[\"https:\/\/portaltela.pt\/noticias\/2026\/01\/15\/dinamarca-e-gronelandia-rejeitam-exigencias-dos-eua\/\"]}]},{\"@type\":\"ImageObject\",\"inLanguage\":\"pt-PT\",\"@id\":\"https:\/\/portaltela.pt\/noticias\/2026\/01\/15\/dinamarca-e-gronelandia-rejeitam-exigencias-dos-eua\/#primaryimage\",\"url\":\"https:\/\/portaltela.pt\/s.01k8rhncp4jt1\/2026\/01\/img_1500x1000uu2026-01-14-20-38-46-2260172-1.jpg\",\"contentUrl\":\"https:\/\/portaltela.pt\/s.01k8rhncp4jt1\/2026\/01\/img_1500x1000uu2026-01-14-20-38-46-2260172-1.jpg\",\"width\":796,\"height\":448,\"caption\":\"Ministros dinamarqu\u00eas e da Gronel\u00e2ndia abordam exig\u00eancias dos EUA\"},{\"@type\":\"BreadcrumbList\",\"@id\":\"https:\/\/portaltela.pt\/noticias\/2026\/01\/15\/dinamarca-e-gronelandia-rejeitam-exigencias-dos-eua\/#breadcrumb\",\"itemListElement\":[{\"@type\":\"ListItem\",\"position\":1,\"name\":\"In\u00edcio\",\"item\":\"https:\/\/portaltela.pt\/\"},{\"@type\":\"ListItem\",\"position\":2,\"name\":\"Dinamarca e Gronel\u00e2ndia rejeitam exig\u00eancias dos EUA\"}]},{\"@type\":\"WebSite\",\"@id\":\"https:\/\/portaltela.pt\/#website\",\"url\":\"https:\/\/portaltela.pt\/\",\"name\":\"Portal Tela Portugal\",\"description\":\"\",\"potentialAction\":[{\"@type\":\"SearchAction\",\"target\":{\"@type\":\"EntryPoint\",\"urlTemplate\":\"https:\/\/portaltela.pt\/?s={search_term_string}\"},\"query-input\":{\"@type\":\"PropertyValueSpecification\",\"valueRequired\":true,\"valueName\":\"search_term_string\"}}],\"inLanguage\":\"pt-PT\"},{\"@type\":\"Person\",\"@id\":\"https:\/\/portaltela.pt\/#\/schema\/person\/c4278d4a6028830caff9ee44b42d32ed\",\"name\":\"Telinha\",\"image\":{\"@type\":\"ImageObject\",\"inLanguage\":\"pt-PT\",\"@id\":\"https:\/\/portaltela.pt\/s.01k8rhncp4jt1\/2025\/11\/talking-bot-125x125.png\",\"url\":\"https:\/\/portaltela.pt\/s.01k8rhncp4jt1\/2025\/11\/talking-bot-125x125.png\",\"contentUrl\":\"https:\/\/portaltela.pt\/s.01k8rhncp4jt1\/2025\/11\/talking-bot-125x125.png\",\"caption\":\"Telinha\"},\"sameAs\":[\"https:\/\/portaltela.pt\/\"],\"url\":\"https:\/\/portaltela.pt\/por\/367410592786\/\"}]}<\/script>\n<!-- \/ Yoast SEO plugin. -->","yoast_head_json":{"title":"Dinamarca e Gronel\u00e2ndia rejeitam exig\u00eancias dos EUA - Portal Tela Portugal","robots":{"index":"index","follow":"follow","max-snippet":"max-snippet:-1","max-image-preview":"max-image-preview:large","max-video-preview":"max-video-preview:-1"},"og_locale":"pt_PT","og_type":"article","og_title":"Dinamarca e Gronel\u00e2ndia rejeitam exig\u00eancias dos EUA - Portal Tela Portugal","og_description":"Dinamarca e Gronel\u00e2ndia dizem que as conversas com os EUA sobre a Gronel\u00e2ndia foram francas, mas construtivas, sem conseguir mudar a posi\u00e7\u00e3o de Washington. O ministro dinamarqu\u00eas dos Neg\u00f3cios Estrangeiros afirmou que persiste diverg\u00eancia entre as partes e que o Presidente norte-americano deixou clara a sua opini\u00e3o, enquanto a Dinamarca mant\u00e9m a sua posi\u00e7\u00e3o. A Dinamarca sustenta que a seguran\u00e7a a longo prazo da Gronel\u00e2ndia pode ser garantida dentro do quadro atual e que propostas devem respeitar a integridade territorial dinamarquesa e o direito \u00e0 autodetermina\u00e7\u00e3o do povo groneland\u00eas. Foi anunciada a cria\u00e7\u00e3o de um grupo de trabalho para analisar as preocupa\u00e7\u00f5es de seguran\u00e7a dos EUA no \u00c1rtico e manter o di\u00e1logo aberto. A Gronel\u00e2ndia reiterou que decis\u00f5es sobre o seu futuro pertencem aos gronelandeses, estando dispon\u00edvel para coopera\u00e7\u00e3o em seguran\u00e7a regional, desde que n\u00e3o haja amea\u00e7a \u00e0 soberania ou \u00e0 autodetermina\u00e7\u00e3o.","og_url":"https:\/\/portaltela.pt\/noticias\/2026\/01\/15\/dinamarca-e-gronelandia-rejeitam-exigencias-dos-eua\/","og_site_name":"Portal Tela Portugal","article_published_time":"2026-01-15T08:19:04+00:00","author":"Telinha","twitter_card":"summary_large_image","twitter_misc":{"Escrito por":"Telinha","Tempo estimado de leitura":"1 minuto"},"schema":{"@context":"https:\/\/schema.org","@graph":[{"@type":"Article","@id":"https:\/\/portaltela.pt\/noticias\/2026\/01\/15\/dinamarca-e-gronelandia-rejeitam-exigencias-dos-eua\/#article","isPartOf":{"@id":"https:\/\/portaltela.pt\/noticias\/2026\/01\/15\/dinamarca-e-gronelandia-rejeitam-exigencias-dos-eua\/"},"author":{"name":"Telinha","@id":"https:\/\/portaltela.pt\/#\/schema\/person\/c4278d4a6028830caff9ee44b42d32ed"},"headline":"Dinamarca e Gronel\u00e2ndia rejeitam exig\u00eancias dos EUA","datePublished":"2026-01-15T08:19:04+00:00","mainEntityOfPage":{"@id":"https:\/\/portaltela.pt\/noticias\/2026\/01\/15\/dinamarca-e-gronelandia-rejeitam-exigencias-dos-eua\/"},"wordCount":240,"image":{"@id":"https:\/\/portaltela.pt\/noticias\/2026\/01\/15\/dinamarca-e-gronelandia-rejeitam-exigencias-dos-eua\/#primaryimage"},"thumbnailUrl":"https:\/\/portaltela.pt\/s.01k8rhncp4jt1\/2026\/01\/img_1500x1000uu2026-01-14-20-38-46-2260172-1.jpg","keywords":["coopera\u00e7\u00e3o internacional","Dinamarca","Gronel\u00c3\u00a2ndia","integridade territorial","organiza\u00e7\u00e3o internacional","pol\u00edtica"],"inLanguage":"pt-PT"},{"@type":"WebPage","@id":"https:\/\/portaltela.pt\/noticias\/2026\/01\/15\/dinamarca-e-gronelandia-rejeitam-exigencias-dos-eua\/","url":"https:\/\/portaltela.pt\/noticias\/2026\/01\/15\/dinamarca-e-gronelandia-rejeitam-exigencias-dos-eua\/","name":"Dinamarca e Gronel\u00e2ndia rejeitam exig\u00eancias dos EUA - Portal Tela Portugal","isPartOf":{"@id":"https:\/\/portaltela.pt\/#website"},"primaryImageOfPage":{"@id":"https:\/\/portaltela.pt\/noticias\/2026\/01\/15\/dinamarca-e-gronelandia-rejeitam-exigencias-dos-eua\/#primaryimage"},"image":{"@id":"https:\/\/portaltela.pt\/noticias\/2026\/01\/15\/dinamarca-e-gronelandia-rejeitam-exigencias-dos-eua\/#primaryimage"},"thumbnailUrl":"https:\/\/portaltela.pt\/s.01k8rhncp4jt1\/2026\/01\/img_1500x1000uu2026-01-14-20-38-46-2260172-1.jpg","datePublished":"2026-01-15T08:19:04+00:00","author":{"@id":"https:\/\/portaltela.pt\/#\/schema\/person\/c4278d4a6028830caff9ee44b42d32ed"},"breadcrumb":{"@id":"https:\/\/portaltela.pt\/noticias\/2026\/01\/15\/dinamarca-e-gronelandia-rejeitam-exigencias-dos-eua\/#breadcrumb"},"inLanguage":"pt-PT","potentialAction":[{"@type":"ReadAction","target":["https:\/\/portaltela.pt\/noticias\/2026\/01\/15\/dinamarca-e-gronelandia-rejeitam-exigencias-dos-eua\/"]}]},{"@type":"ImageObject","inLanguage":"pt-PT","@id":"https:\/\/portaltela.pt\/noticias\/2026\/01\/15\/dinamarca-e-gronelandia-rejeitam-exigencias-dos-eua\/#primaryimage","url":"https:\/\/portaltela.pt\/s.01k8rhncp4jt1\/2026\/01\/img_1500x1000uu2026-01-14-20-38-46-2260172-1.jpg","contentUrl":"https:\/\/portaltela.pt\/s.01k8rhncp4jt1\/2026\/01\/img_1500x1000uu2026-01-14-20-38-46-2260172-1.jpg","width":796,"height":448,"caption":"Ministros dinamarqu\u00eas e da Gronel\u00e2ndia abordam exig\u00eancias dos EUA"},{"@type":"BreadcrumbList","@id":"https:\/\/portaltela.pt\/noticias\/2026\/01\/15\/dinamarca-e-gronelandia-rejeitam-exigencias-dos-eua\/#breadcrumb","itemListElement":[{"@type":"ListItem","position":1,"name":"In\u00edcio","item":"https:\/\/portaltela.pt\/"},{"@type":"ListItem","position":2,"name":"Dinamarca e Gronel\u00e2ndia rejeitam exig\u00eancias dos EUA"}]},{"@type":"WebSite","@id":"https:\/\/portaltela.pt\/#website","url":"https:\/\/portaltela.pt\/","name":"Portal Tela Portugal","description":"","potentialAction":[{"@type":"SearchAction","target":{"@type":"EntryPoint","urlTemplate":"https:\/\/portaltela.pt\/?s={search_term_string}"},"query-input":{"@type":"PropertyValueSpecification","valueRequired":true,"valueName":"search_term_string"}}],"inLanguage":"pt-PT"},{"@type":"Person","@id":"https:\/\/portaltela.pt\/#\/schema\/person\/c4278d4a6028830caff9ee44b42d32ed","name":"Telinha","image":{"@type":"ImageObject","inLanguage":"pt-PT","@id":"https:\/\/portaltela.pt\/s.01k8rhncp4jt1\/2025\/11\/talking-bot-125x125.png","url":"https:\/\/portaltela.pt\/s.01k8rhncp4jt1\/2025\/11\/talking-bot-125x125.png","contentUrl":"https:\/\/portaltela.pt\/s.01k8rhncp4jt1\/2025\/11\/talking-bot-125x125.png","caption":"Telinha"},"sameAs":["https:\/\/portaltela.pt\/"],"url":"https:\/\/portaltela.pt\/por\/367410592786\/"}]}},"_links":{"self":[{"href":"https:\/\/portaltela.pt\/api\/wp\/v2\/posts\/143629","targetHints":{"allow":["GET"]}}],"collection":[{"href":"https:\/\/portaltela.pt\/api\/wp\/v2\/posts"}],"about":[{"href":"https:\/\/portaltela.pt\/api\/wp\/v2\/types\/post"}],"author":[{"embeddable":true,"href":"https:\/\/portaltela.pt\/api\/wp\/v2\/users\/2"}],"replies":[{"embeddable":true,"href":"https:\/\/portaltela.pt\/api\/wp\/v2\/comments?post=143629"}],"version-history":[{"count":0,"href":"https:\/\/portaltela.pt\/api\/wp\/v2\/posts\/143629\/revisions"}],"wp:featuredmedia":[{"embeddable":true,"href":"https:\/\/portaltela.pt\/api\/wp\/v2\/media\/143633"}],"wp:attachment":[{"href":"https:\/\/portaltela.pt\/api\/wp\/v2\/media?parent=143629"}],"wp:term":[{"taxonomy":"category","embeddable":true,"href":"https:\/\/portaltela.pt\/api\/wp\/v2\/categories?post=143629"},{"taxonomy":"post_tag","embeddable":true,"href":"https:\/\/portaltela.pt\/api\/wp\/v2\/tags?post=143629"}],"curies":[{"name":"wp","href":"https:\/\/api.w.org\/{rel}","templated":true}]}}