{"id":143619,"date":"2026-01-15T04:14:53","date_gmt":"2026-01-15T07:14:53","guid":{"rendered":"https:\/\/portaltela.pt\/noticias\/2026\/01\/15\/australia-open-jaime-faria-no-quadro-principal-nuno-borges-estreia-se-contra-o-no7\/"},"modified":"2026-01-15T04:14:53","modified_gmt":"2026-01-15T07:14:53","slug":"australia-open-jaime-faria-no-quadro-principal-nuno-borges-estreia-se-contra-o-no7","status":"publish","type":"post","link":"https:\/\/portaltela.pt\/desporto\/2026\/01\/15\/australia-open-jaime-faria-no-quadro-principal-nuno-borges-estreia-se-contra-o-no7\/","title":{"rendered":"Austr\u00e1lia Open: Jaime Faria no quadro principal; Nuno Borges estreia-se contra o n\u00ba7"},"content":{"rendered":"<p>Jaime Faria qualificou-se esta madrugada para o quadro principal do Open da Austr\u00e1lia, ao vencer Marco Trungelliti na \u00faltima ronda da qualifica\u00e7\u00e3o. O jovem portugu\u00eas, 22 anos e 151.\u00ba do mundo, venceu em dois sets, com 7-6 (7-5) e 6-3, ap\u00f3s 1h38 de jogo.<\/p>\n<p>Com a entrada de Faria no quadro principal assegurada, Nuno Borges j\u00e1 conheceu o seu advers\u00e1rio. O 46.\u00ba da classifica\u00e7\u00e3o mundial vai defrontar Felix Auger-Aliassime, 7.\u00ba do ranking, num encontro que resulta do sorteio do torneio. Borges j\u00e1 havia disputado o encontro com o canadiano uma vez, em Dubai, em 2025, onde perdeu por 4-6, 6-3 e 7-5.<\/p>\n<h3>Confrontos no quadro principal<\/h3>\n<p>Borges e Auger-Aliassime nunca se tinham defrontado em grande slam at\u00e9 ao encontro marcado. No Open da Austr\u00e1lia de 2023, Borges chegou \u00e0 terceira ronda, eliminando advers\u00e1rios at\u00e9 perder para Carlos Alcaraz no encontro seguinte. Francisco Cabral tamb\u00e9m integra o quadro, jogando em pares com o austr\u00edaco Lucas Miedler; o sorteio da dupla realiza-se no s\u00e1bado.<\/p>\n","protected":false},"excerpt":{"rendered":"<ul>\n<li>Jaime Faria qualificou-se esta madrugada para o quadro principal do Open da Austr\u00e1lia, ao vencer Marco Trungelliti na \u00faltima ronda de qualifica\u00e7\u00e3o, em 1h38.<\/li>\n<li>O jogador de 22 anos, atualmente 151.\u00ba do mundo, triunfou por 7-6 (7-5) e 6-3.<\/li>\n<li>Nuno Borges, 46.\u00ba do ranking, j\u00e1 estava inscrito e ficou a conhecer o seu advers\u00e1rio: Felix Auger-Aliassime, 7.\u00ba do mundo.<\/li>\n<li>Borges e Auger-Aliassime j\u00e1 se enfrentaram uma vez, em Dubai, fevereiro de 2025, com triunfo do canadiano por 4-6, 6-3, 7-5.<\/li>\n<li>Francisco Cabral est\u00e1 inscrito na variante de pares, ao lado do austr\u00edaco Lucas Miedler, com o sorteio a decorrer no s\u00e1bado.<\/li>\n<\/ul>\n","protected":false},"author":2,"featured_media":143620,"comment_status":"closed","ping_status":"closed","sticky":false,"template":"","format":"standard","meta":{"footnotes":""},"categories":[21],"tags":[1602,2619,3168,242,2873,94],"class_list":["post-143619","post","type-post","status-publish","format-standard","has-post-thumbnail","hentry","category-desporto","tag-australia","tag-desportos-internacionais","tag-felix-auger-aliassime","tag-jogadores","tag-nuno-borges","tag-tenis"],"yoast_head":"<!-- This site is optimized with the Yoast SEO plugin v27.2 - https:\/\/yoast.com\/product\/yoast-seo-wordpress\/ -->\n<title>Austr\u00e1lia Open: Jaime Faria no quadro principal; Nuno Borges estreia-se contra o n\u00ba7 - Portal Tela Portugal<\/title>\n<meta name=\"robots\" content=\"index, follow, max-snippet:-1, max-image-preview:large, max-video-preview:-1\" \/>\n<meta property=\"og:locale\" content=\"pt_PT\" \/>\n<meta property=\"og:type\" content=\"article\" \/>\n<meta property=\"og:title\" content=\"Austr\u00e1lia Open: Jaime Faria no quadro principal; Nuno Borges estreia-se contra o n\u00ba7 - Portal Tela Portugal\" \/>\n<meta property=\"og:description\" content=\"Jaime Faria qualificou-se esta madrugada para o quadro principal do Open da Austr\u00e1lia, ao vencer Marco Trungelliti na \u00faltima ronda de qualifica\u00e7\u00e3o, em 1h38. O jogador de 22 anos, atualmente 151.\u00ba do mundo, triunfou por 7-6 (7-5) e 6-3. Nuno Borges, 46.\u00ba do ranking, j\u00e1 estava inscrito e ficou a conhecer o seu advers\u00e1rio: Felix Auger-Aliassime, 7.\u00ba do mundo. Borges e Auger-Aliassime j\u00e1 se enfrentaram uma vez, em Dubai, fevereiro de 2025, com triunfo do canadiano por 4-6, 6-3, 7-5. Francisco Cabral est\u00e1 inscrito na variante de pares, ao lado do austr\u00edaco Lucas Miedler, com o sorteio a decorrer no s\u00e1bado.\" \/>\n<meta property=\"og:url\" content=\"https:\/\/portaltela.pt\/noticias\/2026\/01\/15\/australia-open-jaime-faria-no-quadro-principal-nuno-borges-estreia-se-contra-o-no7\/\" \/>\n<meta property=\"og:site_name\" content=\"Portal Tela Portugal\" \/>\n<meta property=\"article:published_time\" content=\"2026-01-15T07:14:53+00:00\" \/>\n<meta name=\"author\" content=\"Telinha\" \/>\n<meta name=\"twitter:card\" content=\"summary_large_image\" \/>\n<meta name=\"twitter:label1\" content=\"Escrito por\" \/>\n\t<meta name=\"twitter:data1\" content=\"Telinha\" \/>\n\t<meta name=\"twitter:label2\" content=\"Tempo estimado de leitura\" \/>\n\t<meta name=\"twitter:data2\" content=\"1 minuto\" \/>\n<script type=\"application\/ld+json\" class=\"yoast-schema-graph\">{\"@context\":\"https:\/\/schema.org\",\"@graph\":[{\"@type\":\"Article\",\"@id\":\"https:\/\/portaltela.pt\/noticias\/2026\/01\/15\/australia-open-jaime-faria-no-quadro-principal-nuno-borges-estreia-se-contra-o-no7\/#article\",\"isPartOf\":{\"@id\":\"https:\/\/portaltela.pt\/noticias\/2026\/01\/15\/australia-open-jaime-faria-no-quadro-principal-nuno-borges-estreia-se-contra-o-no7\/\"},\"author\":{\"name\":\"Telinha\",\"@id\":\"https:\/\/portaltela.pt\/#\/schema\/person\/c4278d4a6028830caff9ee44b42d32ed\"},\"headline\":\"Austr\u00e1lia Open: Jaime Faria no quadro principal; Nuno Borges estreia-se contra o n\u00ba7\",\"datePublished\":\"2026-01-15T07:14:53+00:00\",\"mainEntityOfPage\":{\"@id\":\"https:\/\/portaltela.pt\/noticias\/2026\/01\/15\/australia-open-jaime-faria-no-quadro-principal-nuno-borges-estreia-se-contra-o-no7\/\"},\"wordCount\":180,\"image\":{\"@id\":\"https:\/\/portaltela.pt\/noticias\/2026\/01\/15\/australia-open-jaime-faria-no-quadro-principal-nuno-borges-estreia-se-contra-o-no7\/#primaryimage\"},\"thumbnailUrl\":\"https:\/\/portaltela.pt\/s.01k8rhncp4jt1\/2026\/01\/050f3268-8c0d-4116-b0ac-b27ded424bc5-1.jpg\",\"keywords\":[\"Austr\u00e1lia\",\"desportos internacionais\",\"Felix Auger-Aliassime\",\"jogadores\",\"Nuno Borges\",\"t\u00eanis\"],\"articleSection\":[\"Desporto\"],\"inLanguage\":\"pt-PT\"},{\"@type\":\"WebPage\",\"@id\":\"https:\/\/portaltela.pt\/noticias\/2026\/01\/15\/australia-open-jaime-faria-no-quadro-principal-nuno-borges-estreia-se-contra-o-no7\/\",\"url\":\"https:\/\/portaltela.pt\/noticias\/2026\/01\/15\/australia-open-jaime-faria-no-quadro-principal-nuno-borges-estreia-se-contra-o-no7\/\",\"name\":\"Austr\u00e1lia Open: Jaime Faria no quadro principal; Nuno Borges estreia-se contra o n\u00ba7 - Portal Tela Portugal\",\"isPartOf\":{\"@id\":\"https:\/\/portaltela.pt\/#website\"},\"primaryImageOfPage\":{\"@id\":\"https:\/\/portaltela.pt\/noticias\/2026\/01\/15\/australia-open-jaime-faria-no-quadro-principal-nuno-borges-estreia-se-contra-o-no7\/#primaryimage\"},\"image\":{\"@id\":\"https:\/\/portaltela.pt\/noticias\/2026\/01\/15\/australia-open-jaime-faria-no-quadro-principal-nuno-borges-estreia-se-contra-o-no7\/#primaryimage\"},\"thumbnailUrl\":\"https:\/\/portaltela.pt\/s.01k8rhncp4jt1\/2026\/01\/050f3268-8c0d-4116-b0ac-b27ded424bc5-1.jpg\",\"datePublished\":\"2026-01-15T07:14:53+00:00\",\"author\":{\"@id\":\"https:\/\/portaltela.pt\/#\/schema\/person\/c4278d4a6028830caff9ee44b42d32ed\"},\"breadcrumb\":{\"@id\":\"https:\/\/portaltela.pt\/noticias\/2026\/01\/15\/australia-open-jaime-faria-no-quadro-principal-nuno-borges-estreia-se-contra-o-no7\/#breadcrumb\"},\"inLanguage\":\"pt-PT\",\"potentialAction\":[{\"@type\":\"ReadAction\",\"target\":[\"https:\/\/portaltela.pt\/noticias\/2026\/01\/15\/australia-open-jaime-faria-no-quadro-principal-nuno-borges-estreia-se-contra-o-no7\/\"]}]},{\"@type\":\"ImageObject\",\"inLanguage\":\"pt-PT\",\"@id\":\"https:\/\/portaltela.pt\/noticias\/2026\/01\/15\/australia-open-jaime-faria-no-quadro-principal-nuno-borges-estreia-se-contra-o-no7\/#primaryimage\",\"url\":\"https:\/\/portaltela.pt\/s.01k8rhncp4jt1\/2026\/01\/050f3268-8c0d-4116-b0ac-b27ded424bc5-1.jpg\",\"contentUrl\":\"https:\/\/portaltela.pt\/s.01k8rhncp4jt1\/2026\/01\/050f3268-8c0d-4116-b0ac-b27ded424bc5-1.jpg\",\"width\":796,\"height\":448,\"caption\":\"Jaime Faria\"},{\"@type\":\"BreadcrumbList\",\"@id\":\"https:\/\/portaltela.pt\/noticias\/2026\/01\/15\/australia-open-jaime-faria-no-quadro-principal-nuno-borges-estreia-se-contra-o-no7\/#breadcrumb\",\"itemListElement\":[{\"@type\":\"ListItem\",\"position\":1,\"name\":\"In\u00edcio\",\"item\":\"https:\/\/portaltela.pt\/\"},{\"@type\":\"ListItem\",\"position\":2,\"name\":\"Austr\u00e1lia Open: Jaime Faria no quadro principal; Nuno Borges estreia-se contra o n\u00ba7\"}]},{\"@type\":\"WebSite\",\"@id\":\"https:\/\/portaltela.pt\/#website\",\"url\":\"https:\/\/portaltela.pt\/\",\"name\":\"Portal Tela Portugal\",\"description\":\"\",\"potentialAction\":[{\"@type\":\"SearchAction\",\"target\":{\"@type\":\"EntryPoint\",\"urlTemplate\":\"https:\/\/portaltela.pt\/?s={search_term_string}\"},\"query-input\":{\"@type\":\"PropertyValueSpecification\",\"valueRequired\":true,\"valueName\":\"search_term_string\"}}],\"inLanguage\":\"pt-PT\"},{\"@type\":\"Person\",\"@id\":\"https:\/\/portaltela.pt\/#\/schema\/person\/c4278d4a6028830caff9ee44b42d32ed\",\"name\":\"Telinha\",\"image\":{\"@type\":\"ImageObject\",\"inLanguage\":\"pt-PT\",\"@id\":\"https:\/\/portaltela.pt\/s.01k8rhncp4jt1\/2025\/11\/talking-bot-125x125.png\",\"url\":\"https:\/\/portaltela.pt\/s.01k8rhncp4jt1\/2025\/11\/talking-bot-125x125.png\",\"contentUrl\":\"https:\/\/portaltela.pt\/s.01k8rhncp4jt1\/2025\/11\/talking-bot-125x125.png\",\"caption\":\"Telinha\"},\"sameAs\":[\"https:\/\/portaltela.pt\/\"],\"url\":\"https:\/\/portaltela.pt\/por\/367410592786\/\"}]}<\/script>\n<!-- \/ Yoast SEO plugin. -->","yoast_head_json":{"title":"Austr\u00e1lia Open: Jaime Faria no quadro principal; Nuno Borges estreia-se contra o n\u00ba7 - Portal Tela Portugal","robots":{"index":"index","follow":"follow","max-snippet":"max-snippet:-1","max-image-preview":"max-image-preview:large","max-video-preview":"max-video-preview:-1"},"og_locale":"pt_PT","og_type":"article","og_title":"Austr\u00e1lia Open: Jaime Faria no quadro principal; Nuno Borges estreia-se contra o n\u00ba7 - Portal Tela Portugal","og_description":"Jaime Faria qualificou-se esta madrugada para o quadro principal do Open da Austr\u00e1lia, ao vencer Marco Trungelliti na \u00faltima ronda de qualifica\u00e7\u00e3o, em 1h38. O jogador de 22 anos, atualmente 151.\u00ba do mundo, triunfou por 7-6 (7-5) e 6-3. Nuno Borges, 46.\u00ba do ranking, j\u00e1 estava inscrito e ficou a conhecer o seu advers\u00e1rio: Felix Auger-Aliassime, 7.\u00ba do mundo. Borges e Auger-Aliassime j\u00e1 se enfrentaram uma vez, em Dubai, fevereiro de 2025, com triunfo do canadiano por 4-6, 6-3, 7-5. Francisco Cabral est\u00e1 inscrito na variante de pares, ao lado do austr\u00edaco Lucas Miedler, com o sorteio a decorrer no s\u00e1bado.","og_url":"https:\/\/portaltela.pt\/noticias\/2026\/01\/15\/australia-open-jaime-faria-no-quadro-principal-nuno-borges-estreia-se-contra-o-no7\/","og_site_name":"Portal Tela Portugal","article_published_time":"2026-01-15T07:14:53+00:00","author":"Telinha","twitter_card":"summary_large_image","twitter_misc":{"Escrito por":"Telinha","Tempo estimado de leitura":"1 minuto"},"schema":{"@context":"https:\/\/schema.org","@graph":[{"@type":"Article","@id":"https:\/\/portaltela.pt\/noticias\/2026\/01\/15\/australia-open-jaime-faria-no-quadro-principal-nuno-borges-estreia-se-contra-o-no7\/#article","isPartOf":{"@id":"https:\/\/portaltela.pt\/noticias\/2026\/01\/15\/australia-open-jaime-faria-no-quadro-principal-nuno-borges-estreia-se-contra-o-no7\/"},"author":{"name":"Telinha","@id":"https:\/\/portaltela.pt\/#\/schema\/person\/c4278d4a6028830caff9ee44b42d32ed"},"headline":"Austr\u00e1lia Open: Jaime Faria no quadro principal; Nuno Borges estreia-se contra o n\u00ba7","datePublished":"2026-01-15T07:14:53+00:00","mainEntityOfPage":{"@id":"https:\/\/portaltela.pt\/noticias\/2026\/01\/15\/australia-open-jaime-faria-no-quadro-principal-nuno-borges-estreia-se-contra-o-no7\/"},"wordCount":180,"image":{"@id":"https:\/\/portaltela.pt\/noticias\/2026\/01\/15\/australia-open-jaime-faria-no-quadro-principal-nuno-borges-estreia-se-contra-o-no7\/#primaryimage"},"thumbnailUrl":"https:\/\/portaltela.pt\/s.01k8rhncp4jt1\/2026\/01\/050f3268-8c0d-4116-b0ac-b27ded424bc5-1.jpg","keywords":["Austr\u00e1lia","desportos internacionais","Felix Auger-Aliassime","jogadores","Nuno Borges","t\u00eanis"],"articleSection":["Desporto"],"inLanguage":"pt-PT"},{"@type":"WebPage","@id":"https:\/\/portaltela.pt\/noticias\/2026\/01\/15\/australia-open-jaime-faria-no-quadro-principal-nuno-borges-estreia-se-contra-o-no7\/","url":"https:\/\/portaltela.pt\/noticias\/2026\/01\/15\/australia-open-jaime-faria-no-quadro-principal-nuno-borges-estreia-se-contra-o-no7\/","name":"Austr\u00e1lia Open: Jaime Faria no quadro principal; Nuno Borges estreia-se contra o n\u00ba7 - Portal Tela Portugal","isPartOf":{"@id":"https:\/\/portaltela.pt\/#website"},"primaryImageOfPage":{"@id":"https:\/\/portaltela.pt\/noticias\/2026\/01\/15\/australia-open-jaime-faria-no-quadro-principal-nuno-borges-estreia-se-contra-o-no7\/#primaryimage"},"image":{"@id":"https:\/\/portaltela.pt\/noticias\/2026\/01\/15\/australia-open-jaime-faria-no-quadro-principal-nuno-borges-estreia-se-contra-o-no7\/#primaryimage"},"thumbnailUrl":"https:\/\/portaltela.pt\/s.01k8rhncp4jt1\/2026\/01\/050f3268-8c0d-4116-b0ac-b27ded424bc5-1.jpg","datePublished":"2026-01-15T07:14:53+00:00","author":{"@id":"https:\/\/portaltela.pt\/#\/schema\/person\/c4278d4a6028830caff9ee44b42d32ed"},"breadcrumb":{"@id":"https:\/\/portaltela.pt\/noticias\/2026\/01\/15\/australia-open-jaime-faria-no-quadro-principal-nuno-borges-estreia-se-contra-o-no7\/#breadcrumb"},"inLanguage":"pt-PT","potentialAction":[{"@type":"ReadAction","target":["https:\/\/portaltela.pt\/noticias\/2026\/01\/15\/australia-open-jaime-faria-no-quadro-principal-nuno-borges-estreia-se-contra-o-no7\/"]}]},{"@type":"ImageObject","inLanguage":"pt-PT","@id":"https:\/\/portaltela.pt\/noticias\/2026\/01\/15\/australia-open-jaime-faria-no-quadro-principal-nuno-borges-estreia-se-contra-o-no7\/#primaryimage","url":"https:\/\/portaltela.pt\/s.01k8rhncp4jt1\/2026\/01\/050f3268-8c0d-4116-b0ac-b27ded424bc5-1.jpg","contentUrl":"https:\/\/portaltela.pt\/s.01k8rhncp4jt1\/2026\/01\/050f3268-8c0d-4116-b0ac-b27ded424bc5-1.jpg","width":796,"height":448,"caption":"Jaime Faria"},{"@type":"BreadcrumbList","@id":"https:\/\/portaltela.pt\/noticias\/2026\/01\/15\/australia-open-jaime-faria-no-quadro-principal-nuno-borges-estreia-se-contra-o-no7\/#breadcrumb","itemListElement":[{"@type":"ListItem","position":1,"name":"In\u00edcio","item":"https:\/\/portaltela.pt\/"},{"@type":"ListItem","position":2,"name":"Austr\u00e1lia Open: Jaime Faria no quadro principal; Nuno Borges estreia-se contra o n\u00ba7"}]},{"@type":"WebSite","@id":"https:\/\/portaltela.pt\/#website","url":"https:\/\/portaltela.pt\/","name":"Portal Tela Portugal","description":"","potentialAction":[{"@type":"SearchAction","target":{"@type":"EntryPoint","urlTemplate":"https:\/\/portaltela.pt\/?s={search_term_string}"},"query-input":{"@type":"PropertyValueSpecification","valueRequired":true,"valueName":"search_term_string"}}],"inLanguage":"pt-PT"},{"@type":"Person","@id":"https:\/\/portaltela.pt\/#\/schema\/person\/c4278d4a6028830caff9ee44b42d32ed","name":"Telinha","image":{"@type":"ImageObject","inLanguage":"pt-PT","@id":"https:\/\/portaltela.pt\/s.01k8rhncp4jt1\/2025\/11\/talking-bot-125x125.png","url":"https:\/\/portaltela.pt\/s.01k8rhncp4jt1\/2025\/11\/talking-bot-125x125.png","contentUrl":"https:\/\/portaltela.pt\/s.01k8rhncp4jt1\/2025\/11\/talking-bot-125x125.png","caption":"Telinha"},"sameAs":["https:\/\/portaltela.pt\/"],"url":"https:\/\/portaltela.pt\/por\/367410592786\/"}]}},"_links":{"self":[{"href":"https:\/\/portaltela.pt\/api\/wp\/v2\/posts\/143619","targetHints":{"allow":["GET"]}}],"collection":[{"href":"https:\/\/portaltela.pt\/api\/wp\/v2\/posts"}],"about":[{"href":"https:\/\/portaltela.pt\/api\/wp\/v2\/types\/post"}],"author":[{"embeddable":true,"href":"https:\/\/portaltela.pt\/api\/wp\/v2\/users\/2"}],"replies":[{"embeddable":true,"href":"https:\/\/portaltela.pt\/api\/wp\/v2\/comments?post=143619"}],"version-history":[{"count":0,"href":"https:\/\/portaltela.pt\/api\/wp\/v2\/posts\/143619\/revisions"}],"wp:featuredmedia":[{"embeddable":true,"href":"https:\/\/portaltela.pt\/api\/wp\/v2\/media\/143620"}],"wp:attachment":[{"href":"https:\/\/portaltela.pt\/api\/wp\/v2\/media?parent=143619"}],"wp:term":[{"taxonomy":"category","embeddable":true,"href":"https:\/\/portaltela.pt\/api\/wp\/v2\/categories?post=143619"},{"taxonomy":"post_tag","embeddable":true,"href":"https:\/\/portaltela.pt\/api\/wp\/v2\/tags?post=143619"}],"curies":[{"name":"wp","href":"https:\/\/api.w.org\/{rel}","templated":true}]}}