{"id":143490,"date":"2026-01-15T04:14:53","date_gmt":"2026-01-15T07:14:53","guid":{"rendered":"https:\/\/portaltela.pt\/noticias\/2026\/01\/15\/open-da-australia-jaime-faria-chega-ao-quadro-principal-nuno-borges-tem-adversario\/"},"modified":"2026-01-15T04:14:53","modified_gmt":"2026-01-15T07:14:53","slug":"open-da-australia-jaime-faria-chega-ao-quadro-principal-nuno-borges-tem-adversario","status":"publish","type":"post","link":"https:\/\/portaltela.pt\/desporto\/2026\/01\/15\/open-da-australia-jaime-faria-chega-ao-quadro-principal-nuno-borges-tem-adversario\/","title":{"rendered":"Open da Austr\u00e1lia: Jaime Faria chega ao quadro principal; Nuno Borges tem advers\u00e1rio"},"content":{"rendered":"<p>Jaime Faria garantiu hoje o acesso direto ao quadro principal do Open da Austr\u00e1lia, em Melbourne, ao vencer Marco Trungelliti na \u00faltima ronda de qualifica\u00e7\u00e3o. O jovem portugu\u00eas, de 22 anos e 151.\u00ba do mundo, venceu em dois sets por 7-6 (7-5) e 6-3, num encontro de 1h38.<\/p>\n<p>A vit\u00f3ria permite a Faria protagonizar o seu primeiro torneio do Grand Slam na fase principal, ainda sem advers\u00e1rio definido, ap\u00f3s assegurar o lugar na \u201cdraw\u201d com uma vit\u00f3ria frente ao veterano jogador argentino.<\/p>\n<p>No quadro principal j\u00e1 est\u00e1 inscrito Nuno Borges, que ter\u00e1 pela frente Felix Auger-Aliassime, cabe\u00e7a de s\u00e9rie n\u00famero 7. Borges, 46.\u00ba do ranking, j\u00e1 enfrentou o canadiano apenas uma vez, em Dubai, a que perdeu por 4-6, 6-3 e 7-5.<\/p>\n<h3>Advers\u00e1rio de Borges e outros desenvolvimentos<\/h3>\n<p>Felix Auger-Aliassime \u00e9 oponente de Borges no encontro do quadro principal, cuja estreia est\u00e1 marcada para Melbourne. O confronto \u00e9 a primeira resposta no caminho de Borges no Open da Austr\u00e1lia.<\/p>\n<p>Francisco Cabral participa na variante de pares, ao lado do austr\u00edaco Lucas Miedler, com o sorteio a ocorrer no s\u00e1bado. Cabral compete, portanto, apenas na modalidade por equipas.<\/p>\n<p>No ano passado, Borges chegou \u00e0 terceira ronda do Open da Austr\u00e1lia, perdendo frente a Carlos Alcaraz. O torneio abre a temporada de Grand Slams com v\u00e1rias aten\u00e7\u00f5es voltadas a jovens promessoras.<\/p>\n","protected":false},"excerpt":{"rendered":"<ul>\n<li>Jaime Faria qualificou-se esta madrugada para o quadro principal do Open da Austr\u00e1lia, ao vencer Marco Trungelliti na \u00faltima fase de qualifica\u00e7\u00e3o.<\/li>\n<li>O portugu\u00eas, de 22 anos e 151.\u00ba do mundo, venceu em dois sets por 7-6 (7-5) e 6-3, num encontro que durou 1h38.<\/li>\n<li>Ainda sem advers\u00e1rio definido, Nuno Borges j\u00e1 sabe que vai medir for\u00e7as com Felix Auger-Aliassime no primeiro quadro do torneio.<\/li>\n<li>Borges, 46.\u00ba do ranking, j\u00e1 enfrentou Aiasser Aliassime (cala Canad\u00e1?) uma vez, em Dubai, em 2025, com o conjunto a terminar 4-6, 6-3, 7-5.<\/li>\n<li>Francisco Cabral est\u00e1 inscrito na variante de pares, ao lado do austr\u00edaco Lucas Miedler, com o sorteio a decorrer no s\u00e1bado.<\/li>\n<\/ul>\n","protected":false},"author":2,"featured_media":143492,"comment_status":"closed","ping_status":"closed","sticky":false,"template":"","format":"standard","meta":{"footnotes":""},"categories":[21],"tags":[3168,2875,2873,1996,94,2713],"class_list":["post-143490","post","type-post","status-publish","format-standard","has-post-thumbnail","hentry","category-desporto","tag-felix-auger-aliassime","tag-francisco-cabral","tag-nuno-borges","tag-parcerias-internacionais","tag-tenis","tag-tenistas"],"yoast_head":"<!-- This site is optimized with the Yoast SEO plugin v27.2 - https:\/\/yoast.com\/product\/yoast-seo-wordpress\/ -->\n<title>Open da Austr\u00e1lia: Jaime Faria chega ao quadro principal; Nuno Borges tem advers\u00e1rio - Portal Tela Portugal<\/title>\n<meta name=\"robots\" content=\"index, follow, max-snippet:-1, max-image-preview:large, max-video-preview:-1\" \/>\n<meta property=\"og:locale\" content=\"pt_PT\" \/>\n<meta property=\"og:type\" content=\"article\" \/>\n<meta property=\"og:title\" content=\"Open da Austr\u00e1lia: Jaime Faria chega ao quadro principal; Nuno Borges tem advers\u00e1rio - Portal Tela Portugal\" \/>\n<meta property=\"og:description\" content=\"Jaime Faria qualificou-se esta madrugada para o quadro principal do Open da Austr\u00e1lia, ao vencer Marco Trungelliti na \u00faltima fase de qualifica\u00e7\u00e3o. O portugu\u00eas, de 22 anos e 151.\u00ba do mundo, venceu em dois sets por 7-6 (7-5) e 6-3, num encontro que durou 1h38. Ainda sem advers\u00e1rio definido, Nuno Borges j\u00e1 sabe que vai medir for\u00e7as com Felix Auger-Aliassime no primeiro quadro do torneio. Borges, 46.\u00ba do ranking, j\u00e1 enfrentou Aiasser Aliassime (cala Canad\u00e1?) uma vez, em Dubai, em 2025, com o conjunto a terminar 4-6, 6-3, 7-5. Francisco Cabral est\u00e1 inscrito na variante de pares, ao lado do austr\u00edaco Lucas Miedler, com o sorteio a decorrer no s\u00e1bado.\" \/>\n<meta property=\"og:url\" content=\"https:\/\/portaltela.pt\/noticias\/2026\/01\/15\/open-da-australia-jaime-faria-chega-ao-quadro-principal-nuno-borges-tem-adversario\/\" \/>\n<meta property=\"og:site_name\" content=\"Portal Tela Portugal\" \/>\n<meta property=\"article:published_time\" content=\"2026-01-15T07:14:53+00:00\" \/>\n<meta name=\"author\" content=\"Telinha\" \/>\n<meta name=\"twitter:card\" content=\"summary_large_image\" \/>\n<meta name=\"twitter:label1\" content=\"Escrito por\" \/>\n\t<meta name=\"twitter:data1\" content=\"Telinha\" \/>\n\t<meta name=\"twitter:label2\" content=\"Tempo estimado de leitura\" \/>\n\t<meta name=\"twitter:data2\" content=\"1 minuto\" \/>\n<script type=\"application\/ld+json\" class=\"yoast-schema-graph\">{\"@context\":\"https:\/\/schema.org\",\"@graph\":[{\"@type\":\"Article\",\"@id\":\"https:\/\/portaltela.pt\/noticias\/2026\/01\/15\/open-da-australia-jaime-faria-chega-ao-quadro-principal-nuno-borges-tem-adversario\/#article\",\"isPartOf\":{\"@id\":\"https:\/\/portaltela.pt\/noticias\/2026\/01\/15\/open-da-australia-jaime-faria-chega-ao-quadro-principal-nuno-borges-tem-adversario\/\"},\"author\":{\"name\":\"Telinha\",\"@id\":\"https:\/\/portaltela.pt\/#\/schema\/person\/c4278d4a6028830caff9ee44b42d32ed\"},\"headline\":\"Open da Austr\u00e1lia: Jaime Faria chega ao quadro principal; Nuno Borges tem advers\u00e1rio\",\"datePublished\":\"2026-01-15T07:14:53+00:00\",\"mainEntityOfPage\":{\"@id\":\"https:\/\/portaltela.pt\/noticias\/2026\/01\/15\/open-da-australia-jaime-faria-chega-ao-quadro-principal-nuno-borges-tem-adversario\/\"},\"wordCount\":244,\"image\":{\"@id\":\"https:\/\/portaltela.pt\/noticias\/2026\/01\/15\/open-da-australia-jaime-faria-chega-ao-quadro-principal-nuno-borges-tem-adversario\/#primaryimage\"},\"thumbnailUrl\":\"https:\/\/portaltela.pt\/s.01k8rhncp4jt1\/2026\/01\/050f3268-8c0d-4116-b0ac-b27ded424bc5.jpg\",\"keywords\":[\"Felix Auger-Aliassime\",\"Francisco Cabral\",\"Nuno Borges\",\"parcerias internacionais\",\"t\u00eanis\",\"tenistas\"],\"articleSection\":[\"Desporto\"],\"inLanguage\":\"pt-PT\"},{\"@type\":\"WebPage\",\"@id\":\"https:\/\/portaltela.pt\/noticias\/2026\/01\/15\/open-da-australia-jaime-faria-chega-ao-quadro-principal-nuno-borges-tem-adversario\/\",\"url\":\"https:\/\/portaltela.pt\/noticias\/2026\/01\/15\/open-da-australia-jaime-faria-chega-ao-quadro-principal-nuno-borges-tem-adversario\/\",\"name\":\"Open da Austr\u00e1lia: Jaime Faria chega ao quadro principal; Nuno Borges tem advers\u00e1rio - Portal Tela Portugal\",\"isPartOf\":{\"@id\":\"https:\/\/portaltela.pt\/#website\"},\"primaryImageOfPage\":{\"@id\":\"https:\/\/portaltela.pt\/noticias\/2026\/01\/15\/open-da-australia-jaime-faria-chega-ao-quadro-principal-nuno-borges-tem-adversario\/#primaryimage\"},\"image\":{\"@id\":\"https:\/\/portaltela.pt\/noticias\/2026\/01\/15\/open-da-australia-jaime-faria-chega-ao-quadro-principal-nuno-borges-tem-adversario\/#primaryimage\"},\"thumbnailUrl\":\"https:\/\/portaltela.pt\/s.01k8rhncp4jt1\/2026\/01\/050f3268-8c0d-4116-b0ac-b27ded424bc5.jpg\",\"datePublished\":\"2026-01-15T07:14:53+00:00\",\"author\":{\"@id\":\"https:\/\/portaltela.pt\/#\/schema\/person\/c4278d4a6028830caff9ee44b42d32ed\"},\"breadcrumb\":{\"@id\":\"https:\/\/portaltela.pt\/noticias\/2026\/01\/15\/open-da-australia-jaime-faria-chega-ao-quadro-principal-nuno-borges-tem-adversario\/#breadcrumb\"},\"inLanguage\":\"pt-PT\",\"potentialAction\":[{\"@type\":\"ReadAction\",\"target\":[\"https:\/\/portaltela.pt\/noticias\/2026\/01\/15\/open-da-australia-jaime-faria-chega-ao-quadro-principal-nuno-borges-tem-adversario\/\"]}]},{\"@type\":\"ImageObject\",\"inLanguage\":\"pt-PT\",\"@id\":\"https:\/\/portaltela.pt\/noticias\/2026\/01\/15\/open-da-australia-jaime-faria-chega-ao-quadro-principal-nuno-borges-tem-adversario\/#primaryimage\",\"url\":\"https:\/\/portaltela.pt\/s.01k8rhncp4jt1\/2026\/01\/050f3268-8c0d-4116-b0ac-b27ded424bc5.jpg\",\"contentUrl\":\"https:\/\/portaltela.pt\/s.01k8rhncp4jt1\/2026\/01\/050f3268-8c0d-4116-b0ac-b27ded424bc5.jpg\",\"width\":796,\"height\":448,\"caption\":\"Jaime Faria\"},{\"@type\":\"BreadcrumbList\",\"@id\":\"https:\/\/portaltela.pt\/noticias\/2026\/01\/15\/open-da-australia-jaime-faria-chega-ao-quadro-principal-nuno-borges-tem-adversario\/#breadcrumb\",\"itemListElement\":[{\"@type\":\"ListItem\",\"position\":1,\"name\":\"In\u00edcio\",\"item\":\"https:\/\/portaltela.pt\/\"},{\"@type\":\"ListItem\",\"position\":2,\"name\":\"Open da Austr\u00e1lia: Jaime Faria chega ao quadro principal; Nuno Borges tem advers\u00e1rio\"}]},{\"@type\":\"WebSite\",\"@id\":\"https:\/\/portaltela.pt\/#website\",\"url\":\"https:\/\/portaltela.pt\/\",\"name\":\"Portal Tela Portugal\",\"description\":\"\",\"potentialAction\":[{\"@type\":\"SearchAction\",\"target\":{\"@type\":\"EntryPoint\",\"urlTemplate\":\"https:\/\/portaltela.pt\/?s={search_term_string}\"},\"query-input\":{\"@type\":\"PropertyValueSpecification\",\"valueRequired\":true,\"valueName\":\"search_term_string\"}}],\"inLanguage\":\"pt-PT\"},{\"@type\":\"Person\",\"@id\":\"https:\/\/portaltela.pt\/#\/schema\/person\/c4278d4a6028830caff9ee44b42d32ed\",\"name\":\"Telinha\",\"image\":{\"@type\":\"ImageObject\",\"inLanguage\":\"pt-PT\",\"@id\":\"https:\/\/portaltela.pt\/s.01k8rhncp4jt1\/2025\/11\/talking-bot-125x125.png\",\"url\":\"https:\/\/portaltela.pt\/s.01k8rhncp4jt1\/2025\/11\/talking-bot-125x125.png\",\"contentUrl\":\"https:\/\/portaltela.pt\/s.01k8rhncp4jt1\/2025\/11\/talking-bot-125x125.png\",\"caption\":\"Telinha\"},\"sameAs\":[\"https:\/\/portaltela.pt\/\"],\"url\":\"https:\/\/portaltela.pt\/por\/367410592786\/\"}]}<\/script>\n<!-- \/ Yoast SEO plugin. -->","yoast_head_json":{"title":"Open da Austr\u00e1lia: Jaime Faria chega ao quadro principal; Nuno Borges tem advers\u00e1rio - Portal Tela Portugal","robots":{"index":"index","follow":"follow","max-snippet":"max-snippet:-1","max-image-preview":"max-image-preview:large","max-video-preview":"max-video-preview:-1"},"og_locale":"pt_PT","og_type":"article","og_title":"Open da Austr\u00e1lia: Jaime Faria chega ao quadro principal; Nuno Borges tem advers\u00e1rio - Portal Tela Portugal","og_description":"Jaime Faria qualificou-se esta madrugada para o quadro principal do Open da Austr\u00e1lia, ao vencer Marco Trungelliti na \u00faltima fase de qualifica\u00e7\u00e3o. O portugu\u00eas, de 22 anos e 151.\u00ba do mundo, venceu em dois sets por 7-6 (7-5) e 6-3, num encontro que durou 1h38. Ainda sem advers\u00e1rio definido, Nuno Borges j\u00e1 sabe que vai medir for\u00e7as com Felix Auger-Aliassime no primeiro quadro do torneio. Borges, 46.\u00ba do ranking, j\u00e1 enfrentou Aiasser Aliassime (cala Canad\u00e1?) uma vez, em Dubai, em 2025, com o conjunto a terminar 4-6, 6-3, 7-5. Francisco Cabral est\u00e1 inscrito na variante de pares, ao lado do austr\u00edaco Lucas Miedler, com o sorteio a decorrer no s\u00e1bado.","og_url":"https:\/\/portaltela.pt\/noticias\/2026\/01\/15\/open-da-australia-jaime-faria-chega-ao-quadro-principal-nuno-borges-tem-adversario\/","og_site_name":"Portal Tela Portugal","article_published_time":"2026-01-15T07:14:53+00:00","author":"Telinha","twitter_card":"summary_large_image","twitter_misc":{"Escrito por":"Telinha","Tempo estimado de leitura":"1 minuto"},"schema":{"@context":"https:\/\/schema.org","@graph":[{"@type":"Article","@id":"https:\/\/portaltela.pt\/noticias\/2026\/01\/15\/open-da-australia-jaime-faria-chega-ao-quadro-principal-nuno-borges-tem-adversario\/#article","isPartOf":{"@id":"https:\/\/portaltela.pt\/noticias\/2026\/01\/15\/open-da-australia-jaime-faria-chega-ao-quadro-principal-nuno-borges-tem-adversario\/"},"author":{"name":"Telinha","@id":"https:\/\/portaltela.pt\/#\/schema\/person\/c4278d4a6028830caff9ee44b42d32ed"},"headline":"Open da Austr\u00e1lia: Jaime Faria chega ao quadro principal; Nuno Borges tem advers\u00e1rio","datePublished":"2026-01-15T07:14:53+00:00","mainEntityOfPage":{"@id":"https:\/\/portaltela.pt\/noticias\/2026\/01\/15\/open-da-australia-jaime-faria-chega-ao-quadro-principal-nuno-borges-tem-adversario\/"},"wordCount":244,"image":{"@id":"https:\/\/portaltela.pt\/noticias\/2026\/01\/15\/open-da-australia-jaime-faria-chega-ao-quadro-principal-nuno-borges-tem-adversario\/#primaryimage"},"thumbnailUrl":"https:\/\/portaltela.pt\/s.01k8rhncp4jt1\/2026\/01\/050f3268-8c0d-4116-b0ac-b27ded424bc5.jpg","keywords":["Felix Auger-Aliassime","Francisco Cabral","Nuno Borges","parcerias internacionais","t\u00eanis","tenistas"],"articleSection":["Desporto"],"inLanguage":"pt-PT"},{"@type":"WebPage","@id":"https:\/\/portaltela.pt\/noticias\/2026\/01\/15\/open-da-australia-jaime-faria-chega-ao-quadro-principal-nuno-borges-tem-adversario\/","url":"https:\/\/portaltela.pt\/noticias\/2026\/01\/15\/open-da-australia-jaime-faria-chega-ao-quadro-principal-nuno-borges-tem-adversario\/","name":"Open da Austr\u00e1lia: Jaime Faria chega ao quadro principal; Nuno Borges tem advers\u00e1rio - Portal Tela Portugal","isPartOf":{"@id":"https:\/\/portaltela.pt\/#website"},"primaryImageOfPage":{"@id":"https:\/\/portaltela.pt\/noticias\/2026\/01\/15\/open-da-australia-jaime-faria-chega-ao-quadro-principal-nuno-borges-tem-adversario\/#primaryimage"},"image":{"@id":"https:\/\/portaltela.pt\/noticias\/2026\/01\/15\/open-da-australia-jaime-faria-chega-ao-quadro-principal-nuno-borges-tem-adversario\/#primaryimage"},"thumbnailUrl":"https:\/\/portaltela.pt\/s.01k8rhncp4jt1\/2026\/01\/050f3268-8c0d-4116-b0ac-b27ded424bc5.jpg","datePublished":"2026-01-15T07:14:53+00:00","author":{"@id":"https:\/\/portaltela.pt\/#\/schema\/person\/c4278d4a6028830caff9ee44b42d32ed"},"breadcrumb":{"@id":"https:\/\/portaltela.pt\/noticias\/2026\/01\/15\/open-da-australia-jaime-faria-chega-ao-quadro-principal-nuno-borges-tem-adversario\/#breadcrumb"},"inLanguage":"pt-PT","potentialAction":[{"@type":"ReadAction","target":["https:\/\/portaltela.pt\/noticias\/2026\/01\/15\/open-da-australia-jaime-faria-chega-ao-quadro-principal-nuno-borges-tem-adversario\/"]}]},{"@type":"ImageObject","inLanguage":"pt-PT","@id":"https:\/\/portaltela.pt\/noticias\/2026\/01\/15\/open-da-australia-jaime-faria-chega-ao-quadro-principal-nuno-borges-tem-adversario\/#primaryimage","url":"https:\/\/portaltela.pt\/s.01k8rhncp4jt1\/2026\/01\/050f3268-8c0d-4116-b0ac-b27ded424bc5.jpg","contentUrl":"https:\/\/portaltela.pt\/s.01k8rhncp4jt1\/2026\/01\/050f3268-8c0d-4116-b0ac-b27ded424bc5.jpg","width":796,"height":448,"caption":"Jaime Faria"},{"@type":"BreadcrumbList","@id":"https:\/\/portaltela.pt\/noticias\/2026\/01\/15\/open-da-australia-jaime-faria-chega-ao-quadro-principal-nuno-borges-tem-adversario\/#breadcrumb","itemListElement":[{"@type":"ListItem","position":1,"name":"In\u00edcio","item":"https:\/\/portaltela.pt\/"},{"@type":"ListItem","position":2,"name":"Open da Austr\u00e1lia: Jaime Faria chega ao quadro principal; Nuno Borges tem advers\u00e1rio"}]},{"@type":"WebSite","@id":"https:\/\/portaltela.pt\/#website","url":"https:\/\/portaltela.pt\/","name":"Portal Tela Portugal","description":"","potentialAction":[{"@type":"SearchAction","target":{"@type":"EntryPoint","urlTemplate":"https:\/\/portaltela.pt\/?s={search_term_string}"},"query-input":{"@type":"PropertyValueSpecification","valueRequired":true,"valueName":"search_term_string"}}],"inLanguage":"pt-PT"},{"@type":"Person","@id":"https:\/\/portaltela.pt\/#\/schema\/person\/c4278d4a6028830caff9ee44b42d32ed","name":"Telinha","image":{"@type":"ImageObject","inLanguage":"pt-PT","@id":"https:\/\/portaltela.pt\/s.01k8rhncp4jt1\/2025\/11\/talking-bot-125x125.png","url":"https:\/\/portaltela.pt\/s.01k8rhncp4jt1\/2025\/11\/talking-bot-125x125.png","contentUrl":"https:\/\/portaltela.pt\/s.01k8rhncp4jt1\/2025\/11\/talking-bot-125x125.png","caption":"Telinha"},"sameAs":["https:\/\/portaltela.pt\/"],"url":"https:\/\/portaltela.pt\/por\/367410592786\/"}]}},"_links":{"self":[{"href":"https:\/\/portaltela.pt\/api\/wp\/v2\/posts\/143490","targetHints":{"allow":["GET"]}}],"collection":[{"href":"https:\/\/portaltela.pt\/api\/wp\/v2\/posts"}],"about":[{"href":"https:\/\/portaltela.pt\/api\/wp\/v2\/types\/post"}],"author":[{"embeddable":true,"href":"https:\/\/portaltela.pt\/api\/wp\/v2\/users\/2"}],"replies":[{"embeddable":true,"href":"https:\/\/portaltela.pt\/api\/wp\/v2\/comments?post=143490"}],"version-history":[{"count":0,"href":"https:\/\/portaltela.pt\/api\/wp\/v2\/posts\/143490\/revisions"}],"wp:featuredmedia":[{"embeddable":true,"href":"https:\/\/portaltela.pt\/api\/wp\/v2\/media\/143492"}],"wp:attachment":[{"href":"https:\/\/portaltela.pt\/api\/wp\/v2\/media?parent=143490"}],"wp:term":[{"taxonomy":"category","embeddable":true,"href":"https:\/\/portaltela.pt\/api\/wp\/v2\/categories?post=143490"},{"taxonomy":"post_tag","embeddable":true,"href":"https:\/\/portaltela.pt\/api\/wp\/v2\/tags?post=143490"}],"curies":[{"name":"wp","href":"https:\/\/api.w.org\/{rel}","templated":true}]}}