{"id":143401,"date":"2026-01-15T00:37:00","date_gmt":"2026-01-15T03:37:00","guid":{"rendered":"https:\/\/portaltela.pt\/noticias\/2026\/01\/15\/austria-reduz-iva-em-alimentos-essenciais\/"},"modified":"2026-01-15T00:37:00","modified_gmt":"2026-01-15T03:37:00","slug":"austria-reduz-iva-em-alimentos-essenciais","status":"publish","type":"post","link":"https:\/\/portaltela.pt\/noticias\/economia\/2026\/01\/15\/austria-reduz-iva-em-alimentos-essenciais\/","title":{"rendered":"\u00c1ustria reduz IVA em alimentos essenciais"},"content":{"rendered":"<p>O Governo da \u00c1ustria anunciou a redu\u00e7\u00e3o da taxa de IVA para menos de 5% em produtos alimentares essenciais, como leite, p\u00e3o e massa, numa resposta \u00e0 infla\u00e7\u00e3o de 3,8% registada em dezembro. A medida pretende aliviar o poder de compra.<\/p>\n<p>A redu\u00e7\u00e3o entra em vigor a 1 de julho e ter\u00e1 um custo anual estimado de 400 milh\u00f5es de euros, financiado atrav\u00e9s de um imposto sobre pl\u00e1sticos n\u00e3o recicl\u00e1veis.<\/p>\n<p>O executivo confirmou ainda a aplica\u00e7\u00e3o de uma taxa sobre encomendas provenientes de pa\u00edses fora da Uni\u00e3o Europeia, como parte da estrat\u00e9gia de reajuste fiscal.<\/p>\n<p>Entre os produtos abrangidos est\u00e3o manteiga, leite, p\u00e3o, ovos, massa e batatas, que passar\u00e3o a ter IVA reduzido. A lista pode abranger outros itens alimentares essenciais.<\/p>\n<p>A Associa\u00e7\u00e3o Comercial Austr\u00edaca afirmou que espera repercuss\u00e3o da redu\u00e7\u00e3o nos pre\u00e7os ao consumidor, influenciando o custo de vida no pa\u00eds.<\/p>\n","protected":false},"excerpt":{"rendered":"<ul>\n<li>A \u00c1ustria vai reduzir a taxa de IVA aplicada a alimentos essenciais (leite, p\u00e3o, massa, manteiga, ovos, batatas) para menos de cinco por cento, para enfrentar a infla\u00e7\u00e3o.<\/li>\n<li>A medida entra em vigor a 1 de julho e tem um custo anual aproximado de 400 milh\u00f5es de euros.<\/li>\n<li>O financiamento deste custo inclui um imposto sobre pl\u00e1sticos n\u00e3o recicl\u00e1veis.<\/li>\n<li>O Executivo vai ainda aplicar uma taxa suplementar sobre encomendas de pa\u00edses fora da Uni\u00e3o Europeia.<\/li>\n<li>A Associa\u00e7\u00e3o Comercial Austr\u00edaca prev\u00ea que a redu\u00e7\u00e3o do IVA se traduza na pr\u00e1tica na diminui\u00e7\u00e3o do pre\u00e7o final dos alimentos.<\/li>\n<\/ul>\n","protected":false},"author":2,"featured_media":143402,"comment_status":"closed","ping_status":"closed","sticky":false,"template":"","format":"standard","meta":{"footnotes":""},"categories":[2,1],"tags":[86,2872,28,3031,1676,2055],"class_list":["post-143401","post","type-post","status-publish","format-standard","has-post-thumbnail","hentry","category-economia","category-noticias","tag-alimentacao","tag-austria","tag-economia","tag-imposto-sobre-as-vendas","tag-inflacao","tag-uniao-europeia"],"yoast_head":"<!-- This site is optimized with the Yoast SEO plugin v27.2 - https:\/\/yoast.com\/product\/yoast-seo-wordpress\/ -->\n<title>\u00c1ustria reduz IVA em alimentos essenciais - Portal Tela Portugal<\/title>\n<meta name=\"robots\" content=\"index, follow, max-snippet:-1, max-image-preview:large, max-video-preview:-1\" \/>\n<meta property=\"og:locale\" content=\"pt_PT\" \/>\n<meta property=\"og:type\" content=\"article\" \/>\n<meta property=\"og:title\" content=\"\u00c1ustria reduz IVA em alimentos essenciais - Portal Tela Portugal\" \/>\n<meta property=\"og:description\" content=\"A \u00c1ustria vai reduzir a taxa de IVA aplicada a alimentos essenciais (leite, p\u00e3o, massa, manteiga, ovos, batatas) para menos de cinco por cento, para enfrentar a infla\u00e7\u00e3o. A medida entra em vigor a 1 de julho e tem um custo anual aproximado de 400 milh\u00f5es de euros. O financiamento deste custo inclui um imposto sobre pl\u00e1sticos n\u00e3o recicl\u00e1veis. O Executivo vai ainda aplicar uma taxa suplementar sobre encomendas de pa\u00edses fora da Uni\u00e3o Europeia. A Associa\u00e7\u00e3o Comercial Austr\u00edaca prev\u00ea que a redu\u00e7\u00e3o do IVA se traduza na pr\u00e1tica na diminui\u00e7\u00e3o do pre\u00e7o final dos alimentos.\" \/>\n<meta property=\"og:url\" content=\"https:\/\/portaltela.pt\/noticias\/2026\/01\/15\/austria-reduz-iva-em-alimentos-essenciais\/\" \/>\n<meta property=\"og:site_name\" content=\"Portal Tela Portugal\" \/>\n<meta property=\"article:published_time\" content=\"2026-01-15T03:37:00+00:00\" \/>\n<meta name=\"author\" content=\"Telinha\" \/>\n<meta name=\"twitter:card\" content=\"summary_large_image\" \/>\n<meta name=\"twitter:label1\" content=\"Escrito por\" \/>\n\t<meta name=\"twitter:data1\" content=\"Telinha\" \/>\n\t<meta name=\"twitter:label2\" content=\"Tempo estimado de leitura\" \/>\n\t<meta name=\"twitter:data2\" content=\"1 minuto\" \/>\n<script type=\"application\/ld+json\" class=\"yoast-schema-graph\">{\"@context\":\"https:\/\/schema.org\",\"@graph\":[{\"@type\":\"Article\",\"@id\":\"https:\/\/portaltela.pt\/noticias\/2026\/01\/15\/austria-reduz-iva-em-alimentos-essenciais\/#article\",\"isPartOf\":{\"@id\":\"https:\/\/portaltela.pt\/noticias\/2026\/01\/15\/austria-reduz-iva-em-alimentos-essenciais\/\"},\"author\":{\"name\":\"Telinha\",\"@id\":\"https:\/\/portaltela.pt\/#\/schema\/person\/c4278d4a6028830caff9ee44b42d32ed\"},\"headline\":\"\u00c1ustria reduz IVA em alimentos essenciais\",\"datePublished\":\"2026-01-15T03:37:00+00:00\",\"mainEntityOfPage\":{\"@id\":\"https:\/\/portaltela.pt\/noticias\/2026\/01\/15\/austria-reduz-iva-em-alimentos-essenciais\/\"},\"wordCount\":165,\"image\":{\"@id\":\"https:\/\/portaltela.pt\/noticias\/2026\/01\/15\/austria-reduz-iva-em-alimentos-essenciais\/#primaryimage\"},\"thumbnailUrl\":\"https:\/\/portaltela.pt\/s.01k8rhncp4jt1\/2026\/01\/unnamed-file-3127.jpg\",\"keywords\":[\"alimenta\u00e7\u00e3o\",\"\u00c1ustria\",\"economia\",\"imposto sobre as vendas\",\"infla\u00e7\u00e3o\",\"Uni\u00e3o Europeia\"],\"articleSection\":[\"Economia\",\"Not\u00edcias\"],\"inLanguage\":\"pt-PT\"},{\"@type\":\"WebPage\",\"@id\":\"https:\/\/portaltela.pt\/noticias\/2026\/01\/15\/austria-reduz-iva-em-alimentos-essenciais\/\",\"url\":\"https:\/\/portaltela.pt\/noticias\/2026\/01\/15\/austria-reduz-iva-em-alimentos-essenciais\/\",\"name\":\"\u00c1ustria reduz IVA em alimentos essenciais - Portal Tela Portugal\",\"isPartOf\":{\"@id\":\"https:\/\/portaltela.pt\/#website\"},\"primaryImageOfPage\":{\"@id\":\"https:\/\/portaltela.pt\/noticias\/2026\/01\/15\/austria-reduz-iva-em-alimentos-essenciais\/#primaryimage\"},\"image\":{\"@id\":\"https:\/\/portaltela.pt\/noticias\/2026\/01\/15\/austria-reduz-iva-em-alimentos-essenciais\/#primaryimage\"},\"thumbnailUrl\":\"https:\/\/portaltela.pt\/s.01k8rhncp4jt1\/2026\/01\/unnamed-file-3127.jpg\",\"datePublished\":\"2026-01-15T03:37:00+00:00\",\"author\":{\"@id\":\"https:\/\/portaltela.pt\/#\/schema\/person\/c4278d4a6028830caff9ee44b42d32ed\"},\"breadcrumb\":{\"@id\":\"https:\/\/portaltela.pt\/noticias\/2026\/01\/15\/austria-reduz-iva-em-alimentos-essenciais\/#breadcrumb\"},\"inLanguage\":\"pt-PT\",\"potentialAction\":[{\"@type\":\"ReadAction\",\"target\":[\"https:\/\/portaltela.pt\/noticias\/2026\/01\/15\/austria-reduz-iva-em-alimentos-essenciais\/\"]}]},{\"@type\":\"ImageObject\",\"inLanguage\":\"pt-PT\",\"@id\":\"https:\/\/portaltela.pt\/noticias\/2026\/01\/15\/austria-reduz-iva-em-alimentos-essenciais\/#primaryimage\",\"url\":\"https:\/\/portaltela.pt\/s.01k8rhncp4jt1\/2026\/01\/unnamed-file-3127.jpg\",\"contentUrl\":\"https:\/\/portaltela.pt\/s.01k8rhncp4jt1\/2026\/01\/unnamed-file-3127.jpg\",\"width\":796,\"height\":448,\"caption\":\"\u00c1ustria reduz IVA nos produtos alimentares essenciais\"},{\"@type\":\"BreadcrumbList\",\"@id\":\"https:\/\/portaltela.pt\/noticias\/2026\/01\/15\/austria-reduz-iva-em-alimentos-essenciais\/#breadcrumb\",\"itemListElement\":[{\"@type\":\"ListItem\",\"position\":1,\"name\":\"In\u00edcio\",\"item\":\"https:\/\/portaltela.pt\/\"},{\"@type\":\"ListItem\",\"position\":2,\"name\":\"\u00c1ustria reduz IVA em alimentos essenciais\"}]},{\"@type\":\"WebSite\",\"@id\":\"https:\/\/portaltela.pt\/#website\",\"url\":\"https:\/\/portaltela.pt\/\",\"name\":\"Portal Tela Portugal\",\"description\":\"\",\"potentialAction\":[{\"@type\":\"SearchAction\",\"target\":{\"@type\":\"EntryPoint\",\"urlTemplate\":\"https:\/\/portaltela.pt\/?s={search_term_string}\"},\"query-input\":{\"@type\":\"PropertyValueSpecification\",\"valueRequired\":true,\"valueName\":\"search_term_string\"}}],\"inLanguage\":\"pt-PT\"},{\"@type\":\"Person\",\"@id\":\"https:\/\/portaltela.pt\/#\/schema\/person\/c4278d4a6028830caff9ee44b42d32ed\",\"name\":\"Telinha\",\"image\":{\"@type\":\"ImageObject\",\"inLanguage\":\"pt-PT\",\"@id\":\"https:\/\/portaltela.pt\/s.01k8rhncp4jt1\/2025\/11\/talking-bot-125x125.png\",\"url\":\"https:\/\/portaltela.pt\/s.01k8rhncp4jt1\/2025\/11\/talking-bot-125x125.png\",\"contentUrl\":\"https:\/\/portaltela.pt\/s.01k8rhncp4jt1\/2025\/11\/talking-bot-125x125.png\",\"caption\":\"Telinha\"},\"sameAs\":[\"https:\/\/portaltela.pt\/\"],\"url\":\"https:\/\/portaltela.pt\/por\/367410592786\/\"}]}<\/script>\n<!-- \/ Yoast SEO plugin. -->","yoast_head_json":{"title":"\u00c1ustria reduz IVA em alimentos essenciais - Portal Tela Portugal","robots":{"index":"index","follow":"follow","max-snippet":"max-snippet:-1","max-image-preview":"max-image-preview:large","max-video-preview":"max-video-preview:-1"},"og_locale":"pt_PT","og_type":"article","og_title":"\u00c1ustria reduz IVA em alimentos essenciais - Portal Tela Portugal","og_description":"A \u00c1ustria vai reduzir a taxa de IVA aplicada a alimentos essenciais (leite, p\u00e3o, massa, manteiga, ovos, batatas) para menos de cinco por cento, para enfrentar a infla\u00e7\u00e3o. A medida entra em vigor a 1 de julho e tem um custo anual aproximado de 400 milh\u00f5es de euros. O financiamento deste custo inclui um imposto sobre pl\u00e1sticos n\u00e3o recicl\u00e1veis. O Executivo vai ainda aplicar uma taxa suplementar sobre encomendas de pa\u00edses fora da Uni\u00e3o Europeia. A Associa\u00e7\u00e3o Comercial Austr\u00edaca prev\u00ea que a redu\u00e7\u00e3o do IVA se traduza na pr\u00e1tica na diminui\u00e7\u00e3o do pre\u00e7o final dos alimentos.","og_url":"https:\/\/portaltela.pt\/noticias\/2026\/01\/15\/austria-reduz-iva-em-alimentos-essenciais\/","og_site_name":"Portal Tela Portugal","article_published_time":"2026-01-15T03:37:00+00:00","author":"Telinha","twitter_card":"summary_large_image","twitter_misc":{"Escrito por":"Telinha","Tempo estimado de leitura":"1 minuto"},"schema":{"@context":"https:\/\/schema.org","@graph":[{"@type":"Article","@id":"https:\/\/portaltela.pt\/noticias\/2026\/01\/15\/austria-reduz-iva-em-alimentos-essenciais\/#article","isPartOf":{"@id":"https:\/\/portaltela.pt\/noticias\/2026\/01\/15\/austria-reduz-iva-em-alimentos-essenciais\/"},"author":{"name":"Telinha","@id":"https:\/\/portaltela.pt\/#\/schema\/person\/c4278d4a6028830caff9ee44b42d32ed"},"headline":"\u00c1ustria reduz IVA em alimentos essenciais","datePublished":"2026-01-15T03:37:00+00:00","mainEntityOfPage":{"@id":"https:\/\/portaltela.pt\/noticias\/2026\/01\/15\/austria-reduz-iva-em-alimentos-essenciais\/"},"wordCount":165,"image":{"@id":"https:\/\/portaltela.pt\/noticias\/2026\/01\/15\/austria-reduz-iva-em-alimentos-essenciais\/#primaryimage"},"thumbnailUrl":"https:\/\/portaltela.pt\/s.01k8rhncp4jt1\/2026\/01\/unnamed-file-3127.jpg","keywords":["alimenta\u00e7\u00e3o","\u00c1ustria","economia","imposto sobre as vendas","infla\u00e7\u00e3o","Uni\u00e3o Europeia"],"articleSection":["Economia","Not\u00edcias"],"inLanguage":"pt-PT"},{"@type":"WebPage","@id":"https:\/\/portaltela.pt\/noticias\/2026\/01\/15\/austria-reduz-iva-em-alimentos-essenciais\/","url":"https:\/\/portaltela.pt\/noticias\/2026\/01\/15\/austria-reduz-iva-em-alimentos-essenciais\/","name":"\u00c1ustria reduz IVA em alimentos essenciais - Portal Tela Portugal","isPartOf":{"@id":"https:\/\/portaltela.pt\/#website"},"primaryImageOfPage":{"@id":"https:\/\/portaltela.pt\/noticias\/2026\/01\/15\/austria-reduz-iva-em-alimentos-essenciais\/#primaryimage"},"image":{"@id":"https:\/\/portaltela.pt\/noticias\/2026\/01\/15\/austria-reduz-iva-em-alimentos-essenciais\/#primaryimage"},"thumbnailUrl":"https:\/\/portaltela.pt\/s.01k8rhncp4jt1\/2026\/01\/unnamed-file-3127.jpg","datePublished":"2026-01-15T03:37:00+00:00","author":{"@id":"https:\/\/portaltela.pt\/#\/schema\/person\/c4278d4a6028830caff9ee44b42d32ed"},"breadcrumb":{"@id":"https:\/\/portaltela.pt\/noticias\/2026\/01\/15\/austria-reduz-iva-em-alimentos-essenciais\/#breadcrumb"},"inLanguage":"pt-PT","potentialAction":[{"@type":"ReadAction","target":["https:\/\/portaltela.pt\/noticias\/2026\/01\/15\/austria-reduz-iva-em-alimentos-essenciais\/"]}]},{"@type":"ImageObject","inLanguage":"pt-PT","@id":"https:\/\/portaltela.pt\/noticias\/2026\/01\/15\/austria-reduz-iva-em-alimentos-essenciais\/#primaryimage","url":"https:\/\/portaltela.pt\/s.01k8rhncp4jt1\/2026\/01\/unnamed-file-3127.jpg","contentUrl":"https:\/\/portaltela.pt\/s.01k8rhncp4jt1\/2026\/01\/unnamed-file-3127.jpg","width":796,"height":448,"caption":"\u00c1ustria reduz IVA nos produtos alimentares essenciais"},{"@type":"BreadcrumbList","@id":"https:\/\/portaltela.pt\/noticias\/2026\/01\/15\/austria-reduz-iva-em-alimentos-essenciais\/#breadcrumb","itemListElement":[{"@type":"ListItem","position":1,"name":"In\u00edcio","item":"https:\/\/portaltela.pt\/"},{"@type":"ListItem","position":2,"name":"\u00c1ustria reduz IVA em alimentos essenciais"}]},{"@type":"WebSite","@id":"https:\/\/portaltela.pt\/#website","url":"https:\/\/portaltela.pt\/","name":"Portal Tela Portugal","description":"","potentialAction":[{"@type":"SearchAction","target":{"@type":"EntryPoint","urlTemplate":"https:\/\/portaltela.pt\/?s={search_term_string}"},"query-input":{"@type":"PropertyValueSpecification","valueRequired":true,"valueName":"search_term_string"}}],"inLanguage":"pt-PT"},{"@type":"Person","@id":"https:\/\/portaltela.pt\/#\/schema\/person\/c4278d4a6028830caff9ee44b42d32ed","name":"Telinha","image":{"@type":"ImageObject","inLanguage":"pt-PT","@id":"https:\/\/portaltela.pt\/s.01k8rhncp4jt1\/2025\/11\/talking-bot-125x125.png","url":"https:\/\/portaltela.pt\/s.01k8rhncp4jt1\/2025\/11\/talking-bot-125x125.png","contentUrl":"https:\/\/portaltela.pt\/s.01k8rhncp4jt1\/2025\/11\/talking-bot-125x125.png","caption":"Telinha"},"sameAs":["https:\/\/portaltela.pt\/"],"url":"https:\/\/portaltela.pt\/por\/367410592786\/"}]}},"_links":{"self":[{"href":"https:\/\/portaltela.pt\/api\/wp\/v2\/posts\/143401","targetHints":{"allow":["GET"]}}],"collection":[{"href":"https:\/\/portaltela.pt\/api\/wp\/v2\/posts"}],"about":[{"href":"https:\/\/portaltela.pt\/api\/wp\/v2\/types\/post"}],"author":[{"embeddable":true,"href":"https:\/\/portaltela.pt\/api\/wp\/v2\/users\/2"}],"replies":[{"embeddable":true,"href":"https:\/\/portaltela.pt\/api\/wp\/v2\/comments?post=143401"}],"version-history":[{"count":0,"href":"https:\/\/portaltela.pt\/api\/wp\/v2\/posts\/143401\/revisions"}],"wp:featuredmedia":[{"embeddable":true,"href":"https:\/\/portaltela.pt\/api\/wp\/v2\/media\/143402"}],"wp:attachment":[{"href":"https:\/\/portaltela.pt\/api\/wp\/v2\/media?parent=143401"}],"wp:term":[{"taxonomy":"category","embeddable":true,"href":"https:\/\/portaltela.pt\/api\/wp\/v2\/categories?post=143401"},{"taxonomy":"post_tag","embeddable":true,"href":"https:\/\/portaltela.pt\/api\/wp\/v2\/tags?post=143401"}],"curies":[{"name":"wp","href":"https:\/\/api.w.org\/{rel}","templated":true}]}}