{"id":143211,"date":"2026-01-14T20:41:54","date_gmt":"2026-01-14T23:41:54","guid":{"rendered":"https:\/\/portaltela.pt\/noticias\/2026\/01\/14\/aspp-psp-avanca-com-protestos-por-governo-nao-cumprir-acordo\/"},"modified":"2026-01-14T20:41:54","modified_gmt":"2026-01-14T23:41:54","slug":"aspp-psp-avanca-com-protestos-por-governo-nao-cumprir-acordo","status":"publish","type":"post","link":"https:\/\/portaltela.pt\/noticias\/2026\/01\/14\/aspp-psp-avanca-com-protestos-por-governo-nao-cumprir-acordo\/","title":{"rendered":"ASPP\/PSP avan\u00e7a com protestos por Governo n\u00e3o cumprir acordo"},"content":{"rendered":"<p>A ASPP\/PSP anunciou que vai realizar uma concentra\u00e7\u00e3o de protesto no dia 29 de janeiro junto ao Aeroporto de Lisboa, alegando que o Governo n\u00e3o cumpriu o acordo de valoriza\u00e7\u00e3o das carreiras de 2024. A\u00e7\u00f5es decorrem em contexto de negocia\u00e7\u00f5es interrompidas.<\/p>\n<p>Em reuni\u00e3o de dire\u00e7\u00e3o hoje, o sindicato decidiu ainda agir em fevereiro em v\u00e1rios comandos, com o levantamento de debilidades, condi\u00e7\u00f5es de trabalho e viola\u00e7\u00f5es de direitos para exposi\u00e7\u00e3o p\u00fablica.<\/p>\n<p>A dire\u00e7\u00e3o do maior sindicato da PSP planeia tamb\u00e9m concentrar pol\u00edcias durante um Conselho de Ministros e manter profissionais nas galerias da Assembleia da Rep\u00fablica durante o debate quinzenal.<\/p>\n<h3>Pr\u00f3ximas a\u00e7\u00f5es<\/h3>\n<p>O movimento denuncia falta de seriedade do Governo no incumprimento do acordo de julho de 2024 e recorda a aus\u00eancia de respostas ap\u00f3s protestos junto \u00e0 resid\u00eancia oficial do Primeiro-Ministro.<\/p>\n<p>Entre as cr\u00edticas, aponta desvaloriza\u00e7\u00e3o salarial, bloqueio de pr\u00e9-aposenta\u00e7\u00f5es, cortes de folgas e desrespeito pelo acordo de julho de 2024.<\/p>\n<h3>Condi\u00e7\u00f5es para o di\u00e1logo<\/h3>\n<p>A ASPP\/PSP mant\u00e9m disponibilidade para reunir com o Governo, desde que haja cumprimento da palavra dada e uma proposta concreta. Caso contr\u00e1rio, haver\u00e1 concentra\u00e7\u00f5es em eventos nacionais, protestos junto ao MAI e uma manifesta\u00e7\u00e3o de pol\u00edcias a n\u00edvel nacional.<\/p>\n","protected":false},"excerpt":{"rendered":"<ul>\n<li>A ASPP\/PSP decidiu realizar, a 29 de janeiro, uma concentra\u00e7\u00e3o de protesto junto ao Aeroporto de Lisboa, acusando o Governo de n\u00e3o cumprir o acordo de valoriza\u00e7\u00e3o de carreiras de 2024.<\/li>\n<li>Na reuni\u00e3o de dire\u00e7\u00e3o de hoje, a associa\u00e7\u00e3o anunciou ainda a\u00e7\u00f5es em fevereiro em v\u00e1rios comandos, com divulga\u00e7\u00e3o de debilidades, condi\u00e7\u00f5es de trabalho e viola\u00e7\u00f5es de direitos.<\/li>\n<li>Foi tamb\u00e9m anunciada uma concentra\u00e7\u00e3o de pol\u00edcias durante um Conselho de Ministros e a perman\u00eancia de profissionais da PSP nas galerias da Assembleia da Rep\u00fablica durante o debate quinzenal.<\/li>\n<li>A ASPP\/PSP acusa o Governo de desvalorizar sal\u00e1rios, bloquear pr\u00e9-aposenta\u00e7\u00f5es, cortar folgas e desrespeitar o acordo de julho de 2024, ap\u00f3s protestos \u00e0 resid\u00eancia oficial do Primeiro-Ministro no fim do ano passado.<\/li>\n<li>A dire\u00e7\u00e3o mant\u00e9m disponibilidade para cumprir uma reuni\u00e3o com o Governo, desde que haja uma proposta concreta, caso contr\u00e1rio prev\u00ea concentra\u00e7\u00f5es nacionais, protests junto ao MAI e uma manifesta\u00e7\u00e3o de pol\u00edcias a n\u00edvel nacional.<\/li>\n<\/ul>\n","protected":false},"author":2,"featured_media":143221,"comment_status":"closed","ping_status":"closed","sticky":false,"template":"","format":"standard","meta":{"footnotes":""},"categories":[1],"tags":[2937,873,34,554,2857,250],"class_list":["post-143211","post","type-post","status-publish","format-standard","has-post-thumbnail","hentry","category-noticias","tag-assembleia-geral","tag-conselho-geral","tag-governo","tag-policia-publica","tag-protestos","tag-seguranca-publica"],"yoast_head":"<!-- This site is optimized with the Yoast SEO plugin v27.2 - https:\/\/yoast.com\/product\/yoast-seo-wordpress\/ -->\n<title>ASPP\/PSP avan\u00e7a com protestos por Governo n\u00e3o cumprir acordo - Portal Tela Portugal<\/title>\n<meta name=\"robots\" content=\"index, follow, max-snippet:-1, max-image-preview:large, max-video-preview:-1\" \/>\n<meta property=\"og:locale\" content=\"pt_PT\" \/>\n<meta property=\"og:type\" content=\"article\" \/>\n<meta property=\"og:title\" content=\"ASPP\/PSP avan\u00e7a com protestos por Governo n\u00e3o cumprir acordo - Portal Tela Portugal\" \/>\n<meta property=\"og:description\" content=\"A ASPP\/PSP decidiu realizar, a 29 de janeiro, uma concentra\u00e7\u00e3o de protesto junto ao Aeroporto de Lisboa, acusando o Governo de n\u00e3o cumprir o acordo de valoriza\u00e7\u00e3o de carreiras de 2024. Na reuni\u00e3o de dire\u00e7\u00e3o de hoje, a associa\u00e7\u00e3o anunciou ainda a\u00e7\u00f5es em fevereiro em v\u00e1rios comandos, com divulga\u00e7\u00e3o de debilidades, condi\u00e7\u00f5es de trabalho e viola\u00e7\u00f5es de direitos. Foi tamb\u00e9m anunciada uma concentra\u00e7\u00e3o de pol\u00edcias durante um Conselho de Ministros e a perman\u00eancia de profissionais da PSP nas galerias da Assembleia da Rep\u00fablica durante o debate quinzenal. A ASPP\/PSP acusa o Governo de desvalorizar sal\u00e1rios, bloquear pr\u00e9-aposenta\u00e7\u00f5es, cortar folgas e desrespeitar o acordo de julho de 2024, ap\u00f3s protestos \u00e0 resid\u00eancia oficial do Primeiro-Ministro no fim do ano passado. A dire\u00e7\u00e3o mant\u00e9m disponibilidade para cumprir uma reuni\u00e3o com o Governo, desde que haja uma proposta concreta, caso contr\u00e1rio prev\u00ea concentra\u00e7\u00f5es nacionais, protests junto ao MAI e uma manifesta\u00e7\u00e3o de pol\u00edcias a n\u00edvel nacional.\" \/>\n<meta property=\"og:url\" content=\"https:\/\/portaltela.pt\/noticias\/2026\/01\/14\/aspp-psp-avanca-com-protestos-por-governo-nao-cumprir-acordo\/\" \/>\n<meta property=\"og:site_name\" content=\"Portal Tela Portugal\" \/>\n<meta property=\"article:published_time\" content=\"2026-01-14T23:41:54+00:00\" \/>\n<meta name=\"author\" content=\"Telinha\" \/>\n<meta name=\"twitter:card\" content=\"summary_large_image\" \/>\n<meta name=\"twitter:label1\" content=\"Escrito por\" \/>\n\t<meta name=\"twitter:data1\" content=\"Telinha\" \/>\n\t<meta name=\"twitter:label2\" content=\"Tempo estimado de leitura\" \/>\n\t<meta name=\"twitter:data2\" content=\"1 minuto\" \/>\n<script type=\"application\/ld+json\" class=\"yoast-schema-graph\">{\"@context\":\"https:\/\/schema.org\",\"@graph\":[{\"@type\":\"Article\",\"@id\":\"https:\/\/portaltela.pt\/noticias\/2026\/01\/14\/aspp-psp-avanca-com-protestos-por-governo-nao-cumprir-acordo\/#article\",\"isPartOf\":{\"@id\":\"https:\/\/portaltela.pt\/noticias\/2026\/01\/14\/aspp-psp-avanca-com-protestos-por-governo-nao-cumprir-acordo\/\"},\"author\":{\"name\":\"Telinha\",\"@id\":\"https:\/\/portaltela.pt\/#\/schema\/person\/c4278d4a6028830caff9ee44b42d32ed\"},\"headline\":\"ASPP\/PSP avan\u00e7a com protestos por Governo n\u00e3o cumprir acordo\",\"datePublished\":\"2026-01-14T23:41:54+00:00\",\"mainEntityOfPage\":{\"@id\":\"https:\/\/portaltela.pt\/noticias\/2026\/01\/14\/aspp-psp-avanca-com-protestos-por-governo-nao-cumprir-acordo\/\"},\"wordCount\":237,\"image\":{\"@id\":\"https:\/\/portaltela.pt\/noticias\/2026\/01\/14\/aspp-psp-avanca-com-protestos-por-governo-nao-cumprir-acordo\/#primaryimage\"},\"thumbnailUrl\":\"https:\/\/portaltela.pt\/s.01k8rhncp4jt1\/2026\/01\/psp_agentes_j6mRjFq_KdFnBr7_MmT3d8K_lVsoBDa.jpg\",\"keywords\":[\"Assembleia Geral\",\"Conselho Geral\",\"governo\",\"pol\u00edcia p\u00fablica\",\"protestos\",\"seguran\u00e7a p\u00fablica\"],\"articleSection\":[\"Not\u00edcias\"],\"inLanguage\":\"pt-PT\"},{\"@type\":\"WebPage\",\"@id\":\"https:\/\/portaltela.pt\/noticias\/2026\/01\/14\/aspp-psp-avanca-com-protestos-por-governo-nao-cumprir-acordo\/\",\"url\":\"https:\/\/portaltela.pt\/noticias\/2026\/01\/14\/aspp-psp-avanca-com-protestos-por-governo-nao-cumprir-acordo\/\",\"name\":\"ASPP\/PSP avan\u00e7a com protestos por Governo n\u00e3o cumprir acordo - Portal Tela Portugal\",\"isPartOf\":{\"@id\":\"https:\/\/portaltela.pt\/#website\"},\"primaryImageOfPage\":{\"@id\":\"https:\/\/portaltela.pt\/noticias\/2026\/01\/14\/aspp-psp-avanca-com-protestos-por-governo-nao-cumprir-acordo\/#primaryimage\"},\"image\":{\"@id\":\"https:\/\/portaltela.pt\/noticias\/2026\/01\/14\/aspp-psp-avanca-com-protestos-por-governo-nao-cumprir-acordo\/#primaryimage\"},\"thumbnailUrl\":\"https:\/\/portaltela.pt\/s.01k8rhncp4jt1\/2026\/01\/psp_agentes_j6mRjFq_KdFnBr7_MmT3d8K_lVsoBDa.jpg\",\"datePublished\":\"2026-01-14T23:41:54+00:00\",\"author\":{\"@id\":\"https:\/\/portaltela.pt\/#\/schema\/person\/c4278d4a6028830caff9ee44b42d32ed\"},\"breadcrumb\":{\"@id\":\"https:\/\/portaltela.pt\/noticias\/2026\/01\/14\/aspp-psp-avanca-com-protestos-por-governo-nao-cumprir-acordo\/#breadcrumb\"},\"inLanguage\":\"pt-PT\",\"potentialAction\":[{\"@type\":\"ReadAction\",\"target\":[\"https:\/\/portaltela.pt\/noticias\/2026\/01\/14\/aspp-psp-avanca-com-protestos-por-governo-nao-cumprir-acordo\/\"]}]},{\"@type\":\"ImageObject\",\"inLanguage\":\"pt-PT\",\"@id\":\"https:\/\/portaltela.pt\/noticias\/2026\/01\/14\/aspp-psp-avanca-com-protestos-por-governo-nao-cumprir-acordo\/#primaryimage\",\"url\":\"https:\/\/portaltela.pt\/s.01k8rhncp4jt1\/2026\/01\/psp_agentes_j6mRjFq_KdFnBr7_MmT3d8K_lVsoBDa.jpg\",\"contentUrl\":\"https:\/\/portaltela.pt\/s.01k8rhncp4jt1\/2026\/01\/psp_agentes_j6mRjFq_KdFnBr7_MmT3d8K_lVsoBDa.jpg\",\"width\":796,\"height\":448,\"caption\":\"ASPP\/PSP decide avan\u00e7ar com protestos por Governo n\u00e3o cumprir acordo celebrado\"},{\"@type\":\"BreadcrumbList\",\"@id\":\"https:\/\/portaltela.pt\/noticias\/2026\/01\/14\/aspp-psp-avanca-com-protestos-por-governo-nao-cumprir-acordo\/#breadcrumb\",\"itemListElement\":[{\"@type\":\"ListItem\",\"position\":1,\"name\":\"In\u00edcio\",\"item\":\"https:\/\/portaltela.pt\/\"},{\"@type\":\"ListItem\",\"position\":2,\"name\":\"ASPP\/PSP avan\u00e7a com protestos por Governo n\u00e3o cumprir acordo\"}]},{\"@type\":\"WebSite\",\"@id\":\"https:\/\/portaltela.pt\/#website\",\"url\":\"https:\/\/portaltela.pt\/\",\"name\":\"Portal Tela Portugal\",\"description\":\"\",\"potentialAction\":[{\"@type\":\"SearchAction\",\"target\":{\"@type\":\"EntryPoint\",\"urlTemplate\":\"https:\/\/portaltela.pt\/?s={search_term_string}\"},\"query-input\":{\"@type\":\"PropertyValueSpecification\",\"valueRequired\":true,\"valueName\":\"search_term_string\"}}],\"inLanguage\":\"pt-PT\"},{\"@type\":\"Person\",\"@id\":\"https:\/\/portaltela.pt\/#\/schema\/person\/c4278d4a6028830caff9ee44b42d32ed\",\"name\":\"Telinha\",\"image\":{\"@type\":\"ImageObject\",\"inLanguage\":\"pt-PT\",\"@id\":\"https:\/\/portaltela.pt\/s.01k8rhncp4jt1\/2025\/11\/talking-bot-125x125.png\",\"url\":\"https:\/\/portaltela.pt\/s.01k8rhncp4jt1\/2025\/11\/talking-bot-125x125.png\",\"contentUrl\":\"https:\/\/portaltela.pt\/s.01k8rhncp4jt1\/2025\/11\/talking-bot-125x125.png\",\"caption\":\"Telinha\"},\"sameAs\":[\"https:\/\/portaltela.pt\/\"],\"url\":\"https:\/\/portaltela.pt\/por\/367410592786\/\"}]}<\/script>\n<!-- \/ Yoast SEO plugin. -->","yoast_head_json":{"title":"ASPP\/PSP avan\u00e7a com protestos por Governo n\u00e3o cumprir acordo - Portal Tela Portugal","robots":{"index":"index","follow":"follow","max-snippet":"max-snippet:-1","max-image-preview":"max-image-preview:large","max-video-preview":"max-video-preview:-1"},"og_locale":"pt_PT","og_type":"article","og_title":"ASPP\/PSP avan\u00e7a com protestos por Governo n\u00e3o cumprir acordo - Portal Tela Portugal","og_description":"A ASPP\/PSP decidiu realizar, a 29 de janeiro, uma concentra\u00e7\u00e3o de protesto junto ao Aeroporto de Lisboa, acusando o Governo de n\u00e3o cumprir o acordo de valoriza\u00e7\u00e3o de carreiras de 2024. Na reuni\u00e3o de dire\u00e7\u00e3o de hoje, a associa\u00e7\u00e3o anunciou ainda a\u00e7\u00f5es em fevereiro em v\u00e1rios comandos, com divulga\u00e7\u00e3o de debilidades, condi\u00e7\u00f5es de trabalho e viola\u00e7\u00f5es de direitos. Foi tamb\u00e9m anunciada uma concentra\u00e7\u00e3o de pol\u00edcias durante um Conselho de Ministros e a perman\u00eancia de profissionais da PSP nas galerias da Assembleia da Rep\u00fablica durante o debate quinzenal. A ASPP\/PSP acusa o Governo de desvalorizar sal\u00e1rios, bloquear pr\u00e9-aposenta\u00e7\u00f5es, cortar folgas e desrespeitar o acordo de julho de 2024, ap\u00f3s protestos \u00e0 resid\u00eancia oficial do Primeiro-Ministro no fim do ano passado. A dire\u00e7\u00e3o mant\u00e9m disponibilidade para cumprir uma reuni\u00e3o com o Governo, desde que haja uma proposta concreta, caso contr\u00e1rio prev\u00ea concentra\u00e7\u00f5es nacionais, protests junto ao MAI e uma manifesta\u00e7\u00e3o de pol\u00edcias a n\u00edvel nacional.","og_url":"https:\/\/portaltela.pt\/noticias\/2026\/01\/14\/aspp-psp-avanca-com-protestos-por-governo-nao-cumprir-acordo\/","og_site_name":"Portal Tela Portugal","article_published_time":"2026-01-14T23:41:54+00:00","author":"Telinha","twitter_card":"summary_large_image","twitter_misc":{"Escrito por":"Telinha","Tempo estimado de leitura":"1 minuto"},"schema":{"@context":"https:\/\/schema.org","@graph":[{"@type":"Article","@id":"https:\/\/portaltela.pt\/noticias\/2026\/01\/14\/aspp-psp-avanca-com-protestos-por-governo-nao-cumprir-acordo\/#article","isPartOf":{"@id":"https:\/\/portaltela.pt\/noticias\/2026\/01\/14\/aspp-psp-avanca-com-protestos-por-governo-nao-cumprir-acordo\/"},"author":{"name":"Telinha","@id":"https:\/\/portaltela.pt\/#\/schema\/person\/c4278d4a6028830caff9ee44b42d32ed"},"headline":"ASPP\/PSP avan\u00e7a com protestos por Governo n\u00e3o cumprir acordo","datePublished":"2026-01-14T23:41:54+00:00","mainEntityOfPage":{"@id":"https:\/\/portaltela.pt\/noticias\/2026\/01\/14\/aspp-psp-avanca-com-protestos-por-governo-nao-cumprir-acordo\/"},"wordCount":237,"image":{"@id":"https:\/\/portaltela.pt\/noticias\/2026\/01\/14\/aspp-psp-avanca-com-protestos-por-governo-nao-cumprir-acordo\/#primaryimage"},"thumbnailUrl":"https:\/\/portaltela.pt\/s.01k8rhncp4jt1\/2026\/01\/psp_agentes_j6mRjFq_KdFnBr7_MmT3d8K_lVsoBDa.jpg","keywords":["Assembleia Geral","Conselho Geral","governo","pol\u00edcia p\u00fablica","protestos","seguran\u00e7a p\u00fablica"],"articleSection":["Not\u00edcias"],"inLanguage":"pt-PT"},{"@type":"WebPage","@id":"https:\/\/portaltela.pt\/noticias\/2026\/01\/14\/aspp-psp-avanca-com-protestos-por-governo-nao-cumprir-acordo\/","url":"https:\/\/portaltela.pt\/noticias\/2026\/01\/14\/aspp-psp-avanca-com-protestos-por-governo-nao-cumprir-acordo\/","name":"ASPP\/PSP avan\u00e7a com protestos por Governo n\u00e3o cumprir acordo - Portal Tela Portugal","isPartOf":{"@id":"https:\/\/portaltela.pt\/#website"},"primaryImageOfPage":{"@id":"https:\/\/portaltela.pt\/noticias\/2026\/01\/14\/aspp-psp-avanca-com-protestos-por-governo-nao-cumprir-acordo\/#primaryimage"},"image":{"@id":"https:\/\/portaltela.pt\/noticias\/2026\/01\/14\/aspp-psp-avanca-com-protestos-por-governo-nao-cumprir-acordo\/#primaryimage"},"thumbnailUrl":"https:\/\/portaltela.pt\/s.01k8rhncp4jt1\/2026\/01\/psp_agentes_j6mRjFq_KdFnBr7_MmT3d8K_lVsoBDa.jpg","datePublished":"2026-01-14T23:41:54+00:00","author":{"@id":"https:\/\/portaltela.pt\/#\/schema\/person\/c4278d4a6028830caff9ee44b42d32ed"},"breadcrumb":{"@id":"https:\/\/portaltela.pt\/noticias\/2026\/01\/14\/aspp-psp-avanca-com-protestos-por-governo-nao-cumprir-acordo\/#breadcrumb"},"inLanguage":"pt-PT","potentialAction":[{"@type":"ReadAction","target":["https:\/\/portaltela.pt\/noticias\/2026\/01\/14\/aspp-psp-avanca-com-protestos-por-governo-nao-cumprir-acordo\/"]}]},{"@type":"ImageObject","inLanguage":"pt-PT","@id":"https:\/\/portaltela.pt\/noticias\/2026\/01\/14\/aspp-psp-avanca-com-protestos-por-governo-nao-cumprir-acordo\/#primaryimage","url":"https:\/\/portaltela.pt\/s.01k8rhncp4jt1\/2026\/01\/psp_agentes_j6mRjFq_KdFnBr7_MmT3d8K_lVsoBDa.jpg","contentUrl":"https:\/\/portaltela.pt\/s.01k8rhncp4jt1\/2026\/01\/psp_agentes_j6mRjFq_KdFnBr7_MmT3d8K_lVsoBDa.jpg","width":796,"height":448,"caption":"ASPP\/PSP decide avan\u00e7ar com protestos por Governo n\u00e3o cumprir acordo celebrado"},{"@type":"BreadcrumbList","@id":"https:\/\/portaltela.pt\/noticias\/2026\/01\/14\/aspp-psp-avanca-com-protestos-por-governo-nao-cumprir-acordo\/#breadcrumb","itemListElement":[{"@type":"ListItem","position":1,"name":"In\u00edcio","item":"https:\/\/portaltela.pt\/"},{"@type":"ListItem","position":2,"name":"ASPP\/PSP avan\u00e7a com protestos por Governo n\u00e3o cumprir acordo"}]},{"@type":"WebSite","@id":"https:\/\/portaltela.pt\/#website","url":"https:\/\/portaltela.pt\/","name":"Portal Tela Portugal","description":"","potentialAction":[{"@type":"SearchAction","target":{"@type":"EntryPoint","urlTemplate":"https:\/\/portaltela.pt\/?s={search_term_string}"},"query-input":{"@type":"PropertyValueSpecification","valueRequired":true,"valueName":"search_term_string"}}],"inLanguage":"pt-PT"},{"@type":"Person","@id":"https:\/\/portaltela.pt\/#\/schema\/person\/c4278d4a6028830caff9ee44b42d32ed","name":"Telinha","image":{"@type":"ImageObject","inLanguage":"pt-PT","@id":"https:\/\/portaltela.pt\/s.01k8rhncp4jt1\/2025\/11\/talking-bot-125x125.png","url":"https:\/\/portaltela.pt\/s.01k8rhncp4jt1\/2025\/11\/talking-bot-125x125.png","contentUrl":"https:\/\/portaltela.pt\/s.01k8rhncp4jt1\/2025\/11\/talking-bot-125x125.png","caption":"Telinha"},"sameAs":["https:\/\/portaltela.pt\/"],"url":"https:\/\/portaltela.pt\/por\/367410592786\/"}]}},"_links":{"self":[{"href":"https:\/\/portaltela.pt\/api\/wp\/v2\/posts\/143211","targetHints":{"allow":["GET"]}}],"collection":[{"href":"https:\/\/portaltela.pt\/api\/wp\/v2\/posts"}],"about":[{"href":"https:\/\/portaltela.pt\/api\/wp\/v2\/types\/post"}],"author":[{"embeddable":true,"href":"https:\/\/portaltela.pt\/api\/wp\/v2\/users\/2"}],"replies":[{"embeddable":true,"href":"https:\/\/portaltela.pt\/api\/wp\/v2\/comments?post=143211"}],"version-history":[{"count":0,"href":"https:\/\/portaltela.pt\/api\/wp\/v2\/posts\/143211\/revisions"}],"wp:featuredmedia":[{"embeddable":true,"href":"https:\/\/portaltela.pt\/api\/wp\/v2\/media\/143221"}],"wp:attachment":[{"href":"https:\/\/portaltela.pt\/api\/wp\/v2\/media?parent=143211"}],"wp:term":[{"taxonomy":"category","embeddable":true,"href":"https:\/\/portaltela.pt\/api\/wp\/v2\/categories?post=143211"},{"taxonomy":"post_tag","embeddable":true,"href":"https:\/\/portaltela.pt\/api\/wp\/v2\/tags?post=143211"}],"curies":[{"name":"wp","href":"https:\/\/api.w.org\/{rel}","templated":true}]}}