{"id":143144,"date":"2026-01-14T20:37:18","date_gmt":"2026-01-14T23:37:18","guid":{"rendered":"https:\/\/portaltela.pt\/noticias\/2026\/01\/14\/cml-aprova-restricoes-a-venda-de-bebidas-alcoolicas-na-via-publica\/"},"modified":"2026-01-14T20:37:18","modified_gmt":"2026-01-14T23:37:18","slug":"cml-aprova-restricoes-a-venda-de-bebidas-alcoolicas-na-via-publica","status":"publish","type":"post","link":"https:\/\/portaltela.pt\/noticias\/2026\/01\/14\/cml-aprova-restricoes-a-venda-de-bebidas-alcoolicas-na-via-publica\/","title":{"rendered":"CML aprova restri\u00e7\u00f5es \u00e0 venda de bebidas alco\u00f3licas na via p\u00fablica"},"content":{"rendered":"<p>A C\u00e2mara Municipal de Lisboa aprovou uma medida para proibir a venda de bebidas alco\u00f3licas para consumo no exterior em toda a cidade. A regra entra em vigor 30 dias ap\u00f3s a publica\u00e7\u00e3o no Boletim Municipal, abrindo um regime de hor\u00e1rios para lojas, restaurantes e espa\u00e7os de entretenimento. O objetivo \u00e9 reduzir o ru\u00eddo e salvaguardar o descanso dos residentes.<\/p>\n<p>A decis\u00e3o foi tomada em reuni\u00e3o privada do executivo, com votos favor\u00e1veis da lideran\u00e7a PSD\/CDS-PP\/IL, PS e Chega. Abstiveram-se PCP e Livre, e o_BE_ votou contra. A proposta foi apresentada pelo vereador da Economia, Diogo Moura (CDS-PP) e incluiu altera\u00e7\u00f5es sugeridas pelo Chega, como a aplica\u00e7\u00e3o a lojas de conveni\u00eancia.<\/p>\n<p>A norma determina a proibi\u00e7\u00e3o de venda de bebidas para consumo no exterior no territ\u00f3rio de Lisboa de domingo a quinta-feira, entre as 23h00 e as 8h00, e \u00e0 sexta-feira, s\u00e1bado e v\u00e9speras de feriado, entre a meia-noite e as 8h00. Exce\u00e7\u00f5es existem para consumo no interior, esplanadas licenciadas e entrega ao domic\u00edlio.<\/p>\n<p>A medida aplica-se a estabelecimentos dos grupos I a VI do Regulamento de Hor\u00e1rios de Funcionamento, incluindo restaurantes, caf\u00e9s, bares, discotecas, casas de fado, teatros, cinemas, hot\u00e9is e lojas de conveni\u00eancia. O consumo no interior continua permitido, desde que dentro do hor\u00e1rio e das licen\u00e7as.<\/p>\n<p>Outra exce\u00e7\u00e3o abrange o consumo no interior de esplanadas, desde que autorizadas e respeitando o hor\u00e1rio, bem como as entregas ao domic\u00edlio. A proposta tamb\u00e9m prev\u00ea harmonizar Regulamentos de Ru\u00eddo e de Hor\u00e1rios at\u00e9 ao final do primeiro trimestre, e definir zonas onde n\u00e3o se aplicam as limita\u00e7\u00f5es.<\/p>\n<p>Em seis meses ap\u00f3s a entrada em vigor, o Conselho de Acompanhamento da Vida Noturna dever\u00e1 apresentar um relat\u00f3rio detalhado sobre a execu\u00e7\u00e3o da medida. O regime pode ser revisto conforme o andamento da harmoniza\u00e7\u00e3o regulat\u00f3ria.<\/p>\n<p>A cidade j\u00e1 foi dividida em zonas com hor\u00e1rios diferenciados desde 2016, sob um regulamento reformulado por Fernando Medina. Lisboetas e comerciantes reagiram de forma mista, com alguns a defender medidas adicionais para proibir consumo na via p\u00fablica.<\/p>\n<p>Rea\u00e7\u00f5es locais<\/p>\n<ul>\n<li>Moradores da Miseric\u00f3rdia defendem medida mais ampla, incluindo a proibi\u00e7\u00e3o do consumo na via p\u00fablica. A associa\u00e7\u00e3o de comerciantes do Bairro Alto teme custos adicionais para controlar acessos.<\/li>\n<li>A Associa\u00e7\u00e3o Portuguesa de Bares e Discotecas considera a proposta estranha, alegando que pode penalizar estabelecimentos cumpridores e n\u00e3o resolver o ru\u00eddo no Bairro Alto.<\/li>\n<\/ul>\n<p>O BE criticou a medida como sem efeito pr\u00e1tico, sustentando que n\u00e3o resolve o ru\u00eddo nem regula o turismo. PCP e Livre consideraram o atraso na revis\u00e3o dos hor\u00e1rios uma falha estrutural. O presidente da C\u00e2mara, Carlos Moedas, destacou o objetivo de garantir o descanso nas \u00e1reas residenciais.<\/p>\n","protected":false},"excerpt":{"rendered":"<ul>\n<li>A C\u00e2mara Municipal de Lisboa aprovou a proibi\u00e7\u00e3o de venda de bebidas alco\u00f3licas para consumo no exterior em toda a cidade, entre as 23h00 de domingo a quinta-feira e as 8h00 do dia seguinte, e entre a meia-noite e as 8h00 \u00e0s sextas, s\u00e1bados e v\u00e9speras de feriado.<\/li>\n<li>A regra aplica-se a estabelecimentos dos grupos I a VI do Regulamento dos Hor\u00e1rios; existem exce\u00e7\u00f5es para consumo no interior, esplanadas licenciadas e entrega ao domic\u00edlio, al\u00e9m de uma exce\u00e7\u00e3o para as Festas de Lisboa.<\/li>\n<li>A proposta tem validade at\u00e9 \u00e0 harmoniza\u00e7\u00e3o dos regulamentos de ru\u00eddo e hor\u00e1rios, com a execu\u00e7\u00e3o prevista para ser avaliada num relat\u00f3rio dentro de seis meses e a entrar em vigor 30 dias ap\u00f3s a publica\u00e7\u00e3o.<\/li>\n<li>O voto ficou definido entre favor\u00e1veis (lideran\u00e7a PSD\/CDS-PP\/IL, PS e Chega), absten\u00e7\u00f5es (PCP e Livre) e voto contra (BE), com cr\u00edticas sobre a efic\u00e1cia e necessidade de medidas complementares.<\/li>\n<li>A medida insere-se no esfor\u00e7o de ajustar o regime de hor\u00e1rios, com debates sobre zonas sem limita\u00e7\u00f5es, fiscaliza\u00e7\u00e3o pela Pol\u00edcia Municipal e eventual defini\u00e7\u00e3o de \u00e1reas onde n\u00e3o se aplique a restri\u00e7\u00e3o, al\u00e9m de medidas de mitiga\u00e7\u00e3o de ru\u00eddo.<\/li>\n<\/ul>\n","protected":false},"author":2,"featured_media":143161,"comment_status":"closed","ping_status":"closed","sticky":false,"template":"","format":"standard","meta":{"footnotes":""},"categories":[1],"tags":[3057,1850,981,2832,250,2891],"class_list":["post-143144","post","type-post","status-publish","format-standard","has-post-thumbnail","hentry","category-noticias","tag-autarcas","tag-consumo-de-alcool","tag-lisboa","tag-politica","tag-seguranca-publica","tag-via-publica"],"yoast_head":"<!-- This site is optimized with the Yoast SEO plugin v27.2 - https:\/\/yoast.com\/product\/yoast-seo-wordpress\/ -->\n<title>CML aprova restri\u00e7\u00f5es \u00e0 venda de bebidas alco\u00f3licas na via p\u00fablica - Portal Tela Portugal<\/title>\n<meta name=\"robots\" content=\"index, follow, max-snippet:-1, max-image-preview:large, max-video-preview:-1\" \/>\n<meta property=\"og:locale\" content=\"pt_PT\" \/>\n<meta property=\"og:type\" content=\"article\" \/>\n<meta property=\"og:title\" content=\"CML aprova restri\u00e7\u00f5es \u00e0 venda de bebidas alco\u00f3licas na via p\u00fablica - Portal Tela Portugal\" \/>\n<meta property=\"og:description\" content=\"A C\u00e2mara Municipal de Lisboa aprovou a proibi\u00e7\u00e3o de venda de bebidas alco\u00f3licas para consumo no exterior em toda a cidade, entre as 23h00 de domingo a quinta-feira e as 8h00 do dia seguinte, e entre a meia-noite e as 8h00 \u00e0s sextas, s\u00e1bados e v\u00e9speras de feriado. A regra aplica-se a estabelecimentos dos grupos I a VI do Regulamento dos Hor\u00e1rios; existem exce\u00e7\u00f5es para consumo no interior, esplanadas licenciadas e entrega ao domic\u00edlio, al\u00e9m de uma exce\u00e7\u00e3o para as Festas de Lisboa. A proposta tem validade at\u00e9 \u00e0 harmoniza\u00e7\u00e3o dos regulamentos de ru\u00eddo e hor\u00e1rios, com a execu\u00e7\u00e3o prevista para ser avaliada num relat\u00f3rio dentro de seis meses e a entrar em vigor 30 dias ap\u00f3s a publica\u00e7\u00e3o. O voto ficou definido entre favor\u00e1veis (lideran\u00e7a PSD\/CDS-PP\/IL, PS e Chega), absten\u00e7\u00f5es (PCP e Livre) e voto contra (BE), com cr\u00edticas sobre a efic\u00e1cia e necessidade de medidas complementares. A medida insere-se no esfor\u00e7o de ajustar o regime de hor\u00e1rios, com debates sobre zonas sem limita\u00e7\u00f5es, fiscaliza\u00e7\u00e3o pela Pol\u00edcia Municipal e eventual defini\u00e7\u00e3o de \u00e1reas onde n\u00e3o se aplique a restri\u00e7\u00e3o, al\u00e9m de medidas de mitiga\u00e7\u00e3o de ru\u00eddo.\" \/>\n<meta property=\"og:url\" content=\"https:\/\/portaltela.pt\/noticias\/2026\/01\/14\/cml-aprova-restricoes-a-venda-de-bebidas-alcoolicas-na-via-publica\/\" \/>\n<meta property=\"og:site_name\" content=\"Portal Tela Portugal\" \/>\n<meta property=\"article:published_time\" content=\"2026-01-14T23:37:18+00:00\" \/>\n<meta name=\"author\" content=\"Telinha\" \/>\n<meta name=\"twitter:card\" content=\"summary_large_image\" \/>\n<meta name=\"twitter:label1\" content=\"Escrito por\" \/>\n\t<meta name=\"twitter:data1\" content=\"Telinha\" \/>\n\t<meta name=\"twitter:label2\" content=\"Tempo estimado de leitura\" \/>\n\t<meta name=\"twitter:data2\" content=\"2 minutos\" \/>\n<script type=\"application\/ld+json\" class=\"yoast-schema-graph\">{\"@context\":\"https:\/\/schema.org\",\"@graph\":[{\"@type\":\"Article\",\"@id\":\"https:\/\/portaltela.pt\/noticias\/2026\/01\/14\/cml-aprova-restricoes-a-venda-de-bebidas-alcoolicas-na-via-publica\/#article\",\"isPartOf\":{\"@id\":\"https:\/\/portaltela.pt\/noticias\/2026\/01\/14\/cml-aprova-restricoes-a-venda-de-bebidas-alcoolicas-na-via-publica\/\"},\"author\":{\"name\":\"Telinha\",\"@id\":\"https:\/\/portaltela.pt\/#\/schema\/person\/c4278d4a6028830caff9ee44b42d32ed\"},\"headline\":\"CML aprova restri\u00e7\u00f5es \u00e0 venda de bebidas alco\u00f3licas na via p\u00fablica\",\"datePublished\":\"2026-01-14T23:37:18+00:00\",\"mainEntityOfPage\":{\"@id\":\"https:\/\/portaltela.pt\/noticias\/2026\/01\/14\/cml-aprova-restricoes-a-venda-de-bebidas-alcoolicas-na-via-publica\/\"},\"wordCount\":500,\"image\":{\"@id\":\"https:\/\/portaltela.pt\/noticias\/2026\/01\/14\/cml-aprova-restricoes-a-venda-de-bebidas-alcoolicas-na-via-publica\/#primaryimage\"},\"thumbnailUrl\":\"https:\/\/portaltela.pt\/s.01k8rhncp4jt1\/2026\/01\/unnamed-file-3101.jpg\",\"keywords\":[\"autarcas\",\"consumo de \u00e1lcool\",\"Lisboa\",\"pol\u00edtica\",\"seguran\u00e7a p\u00fablica\",\"via p\u00fablica\"],\"articleSection\":[\"Not\u00edcias\"],\"inLanguage\":\"pt-PT\"},{\"@type\":\"WebPage\",\"@id\":\"https:\/\/portaltela.pt\/noticias\/2026\/01\/14\/cml-aprova-restricoes-a-venda-de-bebidas-alcoolicas-na-via-publica\/\",\"url\":\"https:\/\/portaltela.pt\/noticias\/2026\/01\/14\/cml-aprova-restricoes-a-venda-de-bebidas-alcoolicas-na-via-publica\/\",\"name\":\"CML aprova restri\u00e7\u00f5es \u00e0 venda de bebidas alco\u00f3licas na via p\u00fablica - Portal Tela Portugal\",\"isPartOf\":{\"@id\":\"https:\/\/portaltela.pt\/#website\"},\"primaryImageOfPage\":{\"@id\":\"https:\/\/portaltela.pt\/noticias\/2026\/01\/14\/cml-aprova-restricoes-a-venda-de-bebidas-alcoolicas-na-via-publica\/#primaryimage\"},\"image\":{\"@id\":\"https:\/\/portaltela.pt\/noticias\/2026\/01\/14\/cml-aprova-restricoes-a-venda-de-bebidas-alcoolicas-na-via-publica\/#primaryimage\"},\"thumbnailUrl\":\"https:\/\/portaltela.pt\/s.01k8rhncp4jt1\/2026\/01\/unnamed-file-3101.jpg\",\"datePublished\":\"2026-01-14T23:37:18+00:00\",\"author\":{\"@id\":\"https:\/\/portaltela.pt\/#\/schema\/person\/c4278d4a6028830caff9ee44b42d32ed\"},\"breadcrumb\":{\"@id\":\"https:\/\/portaltela.pt\/noticias\/2026\/01\/14\/cml-aprova-restricoes-a-venda-de-bebidas-alcoolicas-na-via-publica\/#breadcrumb\"},\"inLanguage\":\"pt-PT\",\"potentialAction\":[{\"@type\":\"ReadAction\",\"target\":[\"https:\/\/portaltela.pt\/noticias\/2026\/01\/14\/cml-aprova-restricoes-a-venda-de-bebidas-alcoolicas-na-via-publica\/\"]}]},{\"@type\":\"ImageObject\",\"inLanguage\":\"pt-PT\",\"@id\":\"https:\/\/portaltela.pt\/noticias\/2026\/01\/14\/cml-aprova-restricoes-a-venda-de-bebidas-alcoolicas-na-via-publica\/#primaryimage\",\"url\":\"https:\/\/portaltela.pt\/s.01k8rhncp4jt1\/2026\/01\/unnamed-file-3101.jpg\",\"contentUrl\":\"https:\/\/portaltela.pt\/s.01k8rhncp4jt1\/2026\/01\/unnamed-file-3101.jpg\",\"width\":796,\"height\":448,\"caption\":\"Medida n\u00e3o \u00e9 suficiente, no entender dos moradores\"},{\"@type\":\"BreadcrumbList\",\"@id\":\"https:\/\/portaltela.pt\/noticias\/2026\/01\/14\/cml-aprova-restricoes-a-venda-de-bebidas-alcoolicas-na-via-publica\/#breadcrumb\",\"itemListElement\":[{\"@type\":\"ListItem\",\"position\":1,\"name\":\"In\u00edcio\",\"item\":\"https:\/\/portaltela.pt\/\"},{\"@type\":\"ListItem\",\"position\":2,\"name\":\"CML aprova restri\u00e7\u00f5es \u00e0 venda de bebidas alco\u00f3licas na via p\u00fablica\"}]},{\"@type\":\"WebSite\",\"@id\":\"https:\/\/portaltela.pt\/#website\",\"url\":\"https:\/\/portaltela.pt\/\",\"name\":\"Portal Tela Portugal\",\"description\":\"\",\"potentialAction\":[{\"@type\":\"SearchAction\",\"target\":{\"@type\":\"EntryPoint\",\"urlTemplate\":\"https:\/\/portaltela.pt\/?s={search_term_string}\"},\"query-input\":{\"@type\":\"PropertyValueSpecification\",\"valueRequired\":true,\"valueName\":\"search_term_string\"}}],\"inLanguage\":\"pt-PT\"},{\"@type\":\"Person\",\"@id\":\"https:\/\/portaltela.pt\/#\/schema\/person\/c4278d4a6028830caff9ee44b42d32ed\",\"name\":\"Telinha\",\"image\":{\"@type\":\"ImageObject\",\"inLanguage\":\"pt-PT\",\"@id\":\"https:\/\/portaltela.pt\/s.01k8rhncp4jt1\/2025\/11\/talking-bot-125x125.png\",\"url\":\"https:\/\/portaltela.pt\/s.01k8rhncp4jt1\/2025\/11\/talking-bot-125x125.png\",\"contentUrl\":\"https:\/\/portaltela.pt\/s.01k8rhncp4jt1\/2025\/11\/talking-bot-125x125.png\",\"caption\":\"Telinha\"},\"sameAs\":[\"https:\/\/portaltela.pt\/\"],\"url\":\"https:\/\/portaltela.pt\/por\/367410592786\/\"}]}<\/script>\n<!-- \/ Yoast SEO plugin. -->","yoast_head_json":{"title":"CML aprova restri\u00e7\u00f5es \u00e0 venda de bebidas alco\u00f3licas na via p\u00fablica - Portal Tela Portugal","robots":{"index":"index","follow":"follow","max-snippet":"max-snippet:-1","max-image-preview":"max-image-preview:large","max-video-preview":"max-video-preview:-1"},"og_locale":"pt_PT","og_type":"article","og_title":"CML aprova restri\u00e7\u00f5es \u00e0 venda de bebidas alco\u00f3licas na via p\u00fablica - Portal Tela Portugal","og_description":"A C\u00e2mara Municipal de Lisboa aprovou a proibi\u00e7\u00e3o de venda de bebidas alco\u00f3licas para consumo no exterior em toda a cidade, entre as 23h00 de domingo a quinta-feira e as 8h00 do dia seguinte, e entre a meia-noite e as 8h00 \u00e0s sextas, s\u00e1bados e v\u00e9speras de feriado. A regra aplica-se a estabelecimentos dos grupos I a VI do Regulamento dos Hor\u00e1rios; existem exce\u00e7\u00f5es para consumo no interior, esplanadas licenciadas e entrega ao domic\u00edlio, al\u00e9m de uma exce\u00e7\u00e3o para as Festas de Lisboa. A proposta tem validade at\u00e9 \u00e0 harmoniza\u00e7\u00e3o dos regulamentos de ru\u00eddo e hor\u00e1rios, com a execu\u00e7\u00e3o prevista para ser avaliada num relat\u00f3rio dentro de seis meses e a entrar em vigor 30 dias ap\u00f3s a publica\u00e7\u00e3o. O voto ficou definido entre favor\u00e1veis (lideran\u00e7a PSD\/CDS-PP\/IL, PS e Chega), absten\u00e7\u00f5es (PCP e Livre) e voto contra (BE), com cr\u00edticas sobre a efic\u00e1cia e necessidade de medidas complementares. A medida insere-se no esfor\u00e7o de ajustar o regime de hor\u00e1rios, com debates sobre zonas sem limita\u00e7\u00f5es, fiscaliza\u00e7\u00e3o pela Pol\u00edcia Municipal e eventual defini\u00e7\u00e3o de \u00e1reas onde n\u00e3o se aplique a restri\u00e7\u00e3o, al\u00e9m de medidas de mitiga\u00e7\u00e3o de ru\u00eddo.","og_url":"https:\/\/portaltela.pt\/noticias\/2026\/01\/14\/cml-aprova-restricoes-a-venda-de-bebidas-alcoolicas-na-via-publica\/","og_site_name":"Portal Tela Portugal","article_published_time":"2026-01-14T23:37:18+00:00","author":"Telinha","twitter_card":"summary_large_image","twitter_misc":{"Escrito por":"Telinha","Tempo estimado de leitura":"2 minutos"},"schema":{"@context":"https:\/\/schema.org","@graph":[{"@type":"Article","@id":"https:\/\/portaltela.pt\/noticias\/2026\/01\/14\/cml-aprova-restricoes-a-venda-de-bebidas-alcoolicas-na-via-publica\/#article","isPartOf":{"@id":"https:\/\/portaltela.pt\/noticias\/2026\/01\/14\/cml-aprova-restricoes-a-venda-de-bebidas-alcoolicas-na-via-publica\/"},"author":{"name":"Telinha","@id":"https:\/\/portaltela.pt\/#\/schema\/person\/c4278d4a6028830caff9ee44b42d32ed"},"headline":"CML aprova restri\u00e7\u00f5es \u00e0 venda de bebidas alco\u00f3licas na via p\u00fablica","datePublished":"2026-01-14T23:37:18+00:00","mainEntityOfPage":{"@id":"https:\/\/portaltela.pt\/noticias\/2026\/01\/14\/cml-aprova-restricoes-a-venda-de-bebidas-alcoolicas-na-via-publica\/"},"wordCount":500,"image":{"@id":"https:\/\/portaltela.pt\/noticias\/2026\/01\/14\/cml-aprova-restricoes-a-venda-de-bebidas-alcoolicas-na-via-publica\/#primaryimage"},"thumbnailUrl":"https:\/\/portaltela.pt\/s.01k8rhncp4jt1\/2026\/01\/unnamed-file-3101.jpg","keywords":["autarcas","consumo de \u00e1lcool","Lisboa","pol\u00edtica","seguran\u00e7a p\u00fablica","via p\u00fablica"],"articleSection":["Not\u00edcias"],"inLanguage":"pt-PT"},{"@type":"WebPage","@id":"https:\/\/portaltela.pt\/noticias\/2026\/01\/14\/cml-aprova-restricoes-a-venda-de-bebidas-alcoolicas-na-via-publica\/","url":"https:\/\/portaltela.pt\/noticias\/2026\/01\/14\/cml-aprova-restricoes-a-venda-de-bebidas-alcoolicas-na-via-publica\/","name":"CML aprova restri\u00e7\u00f5es \u00e0 venda de bebidas alco\u00f3licas na via p\u00fablica - Portal Tela Portugal","isPartOf":{"@id":"https:\/\/portaltela.pt\/#website"},"primaryImageOfPage":{"@id":"https:\/\/portaltela.pt\/noticias\/2026\/01\/14\/cml-aprova-restricoes-a-venda-de-bebidas-alcoolicas-na-via-publica\/#primaryimage"},"image":{"@id":"https:\/\/portaltela.pt\/noticias\/2026\/01\/14\/cml-aprova-restricoes-a-venda-de-bebidas-alcoolicas-na-via-publica\/#primaryimage"},"thumbnailUrl":"https:\/\/portaltela.pt\/s.01k8rhncp4jt1\/2026\/01\/unnamed-file-3101.jpg","datePublished":"2026-01-14T23:37:18+00:00","author":{"@id":"https:\/\/portaltela.pt\/#\/schema\/person\/c4278d4a6028830caff9ee44b42d32ed"},"breadcrumb":{"@id":"https:\/\/portaltela.pt\/noticias\/2026\/01\/14\/cml-aprova-restricoes-a-venda-de-bebidas-alcoolicas-na-via-publica\/#breadcrumb"},"inLanguage":"pt-PT","potentialAction":[{"@type":"ReadAction","target":["https:\/\/portaltela.pt\/noticias\/2026\/01\/14\/cml-aprova-restricoes-a-venda-de-bebidas-alcoolicas-na-via-publica\/"]}]},{"@type":"ImageObject","inLanguage":"pt-PT","@id":"https:\/\/portaltela.pt\/noticias\/2026\/01\/14\/cml-aprova-restricoes-a-venda-de-bebidas-alcoolicas-na-via-publica\/#primaryimage","url":"https:\/\/portaltela.pt\/s.01k8rhncp4jt1\/2026\/01\/unnamed-file-3101.jpg","contentUrl":"https:\/\/portaltela.pt\/s.01k8rhncp4jt1\/2026\/01\/unnamed-file-3101.jpg","width":796,"height":448,"caption":"Medida n\u00e3o \u00e9 suficiente, no entender dos moradores"},{"@type":"BreadcrumbList","@id":"https:\/\/portaltela.pt\/noticias\/2026\/01\/14\/cml-aprova-restricoes-a-venda-de-bebidas-alcoolicas-na-via-publica\/#breadcrumb","itemListElement":[{"@type":"ListItem","position":1,"name":"In\u00edcio","item":"https:\/\/portaltela.pt\/"},{"@type":"ListItem","position":2,"name":"CML aprova restri\u00e7\u00f5es \u00e0 venda de bebidas alco\u00f3licas na via p\u00fablica"}]},{"@type":"WebSite","@id":"https:\/\/portaltela.pt\/#website","url":"https:\/\/portaltela.pt\/","name":"Portal Tela Portugal","description":"","potentialAction":[{"@type":"SearchAction","target":{"@type":"EntryPoint","urlTemplate":"https:\/\/portaltela.pt\/?s={search_term_string}"},"query-input":{"@type":"PropertyValueSpecification","valueRequired":true,"valueName":"search_term_string"}}],"inLanguage":"pt-PT"},{"@type":"Person","@id":"https:\/\/portaltela.pt\/#\/schema\/person\/c4278d4a6028830caff9ee44b42d32ed","name":"Telinha","image":{"@type":"ImageObject","inLanguage":"pt-PT","@id":"https:\/\/portaltela.pt\/s.01k8rhncp4jt1\/2025\/11\/talking-bot-125x125.png","url":"https:\/\/portaltela.pt\/s.01k8rhncp4jt1\/2025\/11\/talking-bot-125x125.png","contentUrl":"https:\/\/portaltela.pt\/s.01k8rhncp4jt1\/2025\/11\/talking-bot-125x125.png","caption":"Telinha"},"sameAs":["https:\/\/portaltela.pt\/"],"url":"https:\/\/portaltela.pt\/por\/367410592786\/"}]}},"_links":{"self":[{"href":"https:\/\/portaltela.pt\/api\/wp\/v2\/posts\/143144","targetHints":{"allow":["GET"]}}],"collection":[{"href":"https:\/\/portaltela.pt\/api\/wp\/v2\/posts"}],"about":[{"href":"https:\/\/portaltela.pt\/api\/wp\/v2\/types\/post"}],"author":[{"embeddable":true,"href":"https:\/\/portaltela.pt\/api\/wp\/v2\/users\/2"}],"replies":[{"embeddable":true,"href":"https:\/\/portaltela.pt\/api\/wp\/v2\/comments?post=143144"}],"version-history":[{"count":0,"href":"https:\/\/portaltela.pt\/api\/wp\/v2\/posts\/143144\/revisions"}],"wp:featuredmedia":[{"embeddable":true,"href":"https:\/\/portaltela.pt\/api\/wp\/v2\/media\/143161"}],"wp:attachment":[{"href":"https:\/\/portaltela.pt\/api\/wp\/v2\/media?parent=143144"}],"wp:term":[{"taxonomy":"category","embeddable":true,"href":"https:\/\/portaltela.pt\/api\/wp\/v2\/categories?post=143144"},{"taxonomy":"post_tag","embeddable":true,"href":"https:\/\/portaltela.pt\/api\/wp\/v2\/tags?post=143144"}],"curies":[{"name":"wp","href":"https:\/\/api.w.org\/{rel}","templated":true}]}}