{"id":143009,"date":"2026-01-14T19:45:00","date_gmt":"2026-01-14T22:45:00","guid":{"rendered":"https:\/\/portaltela.pt\/noticias\/2026\/01\/14\/aspp-psp-decide-avancar-com-protestos-contra-o-governo\/"},"modified":"2026-01-14T19:45:00","modified_gmt":"2026-01-14T22:45:00","slug":"aspp-psp-decide-avancar-com-protestos-contra-o-governo","status":"publish","type":"post","link":"https:\/\/portaltela.pt\/noticias\/2026\/01\/14\/aspp-psp-decide-avancar-com-protestos-contra-o-governo\/","title":{"rendered":"ASPP\/PSP decide avan\u00e7ar com protestos contra o Governo"},"content":{"rendered":"<p>A Associa\u00e7\u00e3o Sindical dos Profissionais da Pol\u00edcia (ASPP\/PSP) decidiu realizar uma concentra\u00e7\u00e3o de protesto no dia 29 de janeiro junto ao Aeroporto de Lisboa. O objetivo \u00e9 exigir o cumprimento do acordo de valoriza\u00e7\u00e3o das carreiras, celebrado em 2024, segundo o sindicato.<\/p>\n<p>A aspira\u00e7\u00e3o da dire\u00e7\u00e3o \u00e9 tamb\u00e9m denunciar a falta de respostas do Governo em rela\u00e7\u00e3o ao acordo, ap\u00f3s protestos realizados no fim de 2023 junto \u00e0 resid\u00eancia do Primeiro-Ministro. A ASPP\/PSP acusa o Executivo de desvalorizar os profissionais e de corte de direitos.<\/p>\n<p>Em fevereiro, o sindicato planeia a\u00e7\u00f5es em v\u00e1rios comandos, com foco em debilidades, condi\u00e7\u00f5es de trabalho e viola\u00e7\u00f5es de direitos, a anunciar em breve. Existem ainda planos para manter pol\u00edcias nas galerias da Assembleia durante um debate quinzenal.<\/p>\n<h3>Contexto<\/h3>\n<p>A ASPP\/PSP informou que, caso o Governo n\u00e3o mude a posi\u00e7\u00e3o, ser\u00e3o elegidas concentra\u00e7\u00f5es em eventos de relevo nacional, protestos junto ao Minist\u00e9rio da Administra\u00e7\u00e3o Interna e uma manifesta\u00e7\u00e3o a n\u00edvel nacional.<\/p>\n<h3>Pr\u00f3ximos passos<\/h3>\n<p>A dire\u00e7\u00e3o mant\u00e9m disponibilidade para dialogar, desde que haja propostas concretas sobre o que foi acordado em julho de 2024. Sem altera\u00e7\u00f5es, o sindicato prev\u00ea novas a\u00e7\u00f5es de mobiliza\u00e7\u00e3o.<\/p>\n","protected":false},"excerpt":{"rendered":"<ul>\n<li>A ASPP\/PSP anunciou uma concentra\u00e7\u00e3o de protesto para 29 de janeiro junto ao Aeroporto de Lisboa, acusando o Governo de n\u00e3o cumprir o acordo de valoriza\u00e7\u00e3o das carreiras de 2024.<\/li>\n<li>Em fevereiro v\u00e3o realizar a\u00e7\u00f5es em diversos comandos, com o levantamento de debilidades, condi\u00e7\u00f5es de trabalho e viola\u00e7\u00f5es de direitos para exposi\u00e7\u00e3o p\u00fablica posterior.<\/li>\n<li>A dire\u00e7\u00e3o tamb\u00e9m planeia uma concentra\u00e7\u00e3o durante um Conselho de Ministros e a perman\u00eancia de pol\u00edcias nas galerias da Assembleia da Rep\u00fablica durante um debate quinzenal.<\/li>\n<li>A ASPP\/PSP acusa a falta de seriedade do Governo, citando aus\u00eancia de respostas ap\u00f3s os protestos junto \u00e0 resid\u00eancia oficial do primeiro-ministro e apontando para desvaloriza\u00e7\u00e3o salarial, bloqueio de pr\u00e9-aposenta\u00e7\u00f5es e cortes de folgas.<\/li>\n<li>Diz manter disponibilidade para se reunir com o Governo (desde que cumpra a palavra dada e apresente uma proposta concreta) e, se a linha n\u00e3o mudar, avan\u00e7ar com concentra\u00e7\u00f5es em eventos nacionais, protestos junto ao Minist\u00e9rio da Administra\u00e7\u00e3o Interna (MAI) e uma manifesta\u00e7\u00e3o a n\u00edvel nacional.<\/li>\n<\/ul>\n","protected":false},"author":2,"featured_media":143021,"comment_status":"closed","ping_status":"closed","sticky":false,"template":"","format":"standard","meta":{"footnotes":""},"categories":[1],"tags":[168,1428,34,133,2857,250],"class_list":["post-143009","post","type-post","status-publish","format-standard","has-post-thumbnail","hentry","category-noticias","tag-administracao-publica","tag-direitos-publicos","tag-governo","tag-politicas-publicas","tag-protestos","tag-seguranca-publica"],"yoast_head":"<!-- This site is optimized with the Yoast SEO plugin v27.2 - https:\/\/yoast.com\/product\/yoast-seo-wordpress\/ -->\n<title>ASPP\/PSP decide avan\u00e7ar com protestos contra o Governo - Portal Tela Portugal<\/title>\n<meta name=\"robots\" content=\"index, follow, max-snippet:-1, max-image-preview:large, max-video-preview:-1\" \/>\n<meta property=\"og:locale\" content=\"pt_PT\" \/>\n<meta property=\"og:type\" content=\"article\" \/>\n<meta property=\"og:title\" content=\"ASPP\/PSP decide avan\u00e7ar com protestos contra o Governo - Portal Tela Portugal\" \/>\n<meta property=\"og:description\" content=\"A ASPP\/PSP anunciou uma concentra\u00e7\u00e3o de protesto para 29 de janeiro junto ao Aeroporto de Lisboa, acusando o Governo de n\u00e3o cumprir o acordo de valoriza\u00e7\u00e3o das carreiras de 2024. Em fevereiro v\u00e3o realizar a\u00e7\u00f5es em diversos comandos, com o levantamento de debilidades, condi\u00e7\u00f5es de trabalho e viola\u00e7\u00f5es de direitos para exposi\u00e7\u00e3o p\u00fablica posterior. A dire\u00e7\u00e3o tamb\u00e9m planeia uma concentra\u00e7\u00e3o durante um Conselho de Ministros e a perman\u00eancia de pol\u00edcias nas galerias da Assembleia da Rep\u00fablica durante um debate quinzenal. A ASPP\/PSP acusa a falta de seriedade do Governo, citando aus\u00eancia de respostas ap\u00f3s os protestos junto \u00e0 resid\u00eancia oficial do primeiro-ministro e apontando para desvaloriza\u00e7\u00e3o salarial, bloqueio de pr\u00e9-aposenta\u00e7\u00f5es e cortes de folgas. Diz manter disponibilidade para se reunir com o Governo (desde que cumpra a palavra dada e apresente uma proposta concreta) e, se a linha n\u00e3o mudar, avan\u00e7ar com concentra\u00e7\u00f5es em eventos nacionais, protestos junto ao Minist\u00e9rio da Administra\u00e7\u00e3o Interna (MAI) e uma manifesta\u00e7\u00e3o a n\u00edvel nacional.\" \/>\n<meta property=\"og:url\" content=\"https:\/\/portaltela.pt\/noticias\/2026\/01\/14\/aspp-psp-decide-avancar-com-protestos-contra-o-governo\/\" \/>\n<meta property=\"og:site_name\" content=\"Portal Tela Portugal\" \/>\n<meta property=\"article:published_time\" content=\"2026-01-14T22:45:00+00:00\" \/>\n<meta name=\"author\" content=\"Telinha\" \/>\n<meta name=\"twitter:card\" content=\"summary_large_image\" \/>\n<meta name=\"twitter:label1\" content=\"Escrito por\" \/>\n\t<meta name=\"twitter:data1\" content=\"Telinha\" \/>\n\t<meta name=\"twitter:label2\" content=\"Tempo estimado de leitura\" \/>\n\t<meta name=\"twitter:data2\" content=\"1 minuto\" \/>\n<script type=\"application\/ld+json\" class=\"yoast-schema-graph\">{\"@context\":\"https:\/\/schema.org\",\"@graph\":[{\"@type\":\"Article\",\"@id\":\"https:\/\/portaltela.pt\/noticias\/2026\/01\/14\/aspp-psp-decide-avancar-com-protestos-contra-o-governo\/#article\",\"isPartOf\":{\"@id\":\"https:\/\/portaltela.pt\/noticias\/2026\/01\/14\/aspp-psp-decide-avancar-com-protestos-contra-o-governo\/\"},\"author\":{\"name\":\"Telinha\",\"@id\":\"https:\/\/portaltela.pt\/#\/schema\/person\/c4278d4a6028830caff9ee44b42d32ed\"},\"headline\":\"ASPP\/PSP decide avan\u00e7ar com protestos contra o Governo\",\"datePublished\":\"2026-01-14T22:45:00+00:00\",\"mainEntityOfPage\":{\"@id\":\"https:\/\/portaltela.pt\/noticias\/2026\/01\/14\/aspp-psp-decide-avancar-com-protestos-contra-o-governo\/\"},\"wordCount\":222,\"image\":{\"@id\":\"https:\/\/portaltela.pt\/noticias\/2026\/01\/14\/aspp-psp-decide-avancar-com-protestos-contra-o-governo\/#primaryimage\"},\"thumbnailUrl\":\"https:\/\/portaltela.pt\/s.01k8rhncp4jt1\/2026\/01\/unnamed-file-3097.jpg\",\"keywords\":[\"administra\u00e7\u00e3o p\u00fablica\",\"direitos p\u00fablicos\",\"governo\",\"pol\u00edticas p\u00fablicas\",\"protestos\",\"seguran\u00e7a p\u00fablica\"],\"articleSection\":[\"Not\u00edcias\"],\"inLanguage\":\"pt-PT\"},{\"@type\":\"WebPage\",\"@id\":\"https:\/\/portaltela.pt\/noticias\/2026\/01\/14\/aspp-psp-decide-avancar-com-protestos-contra-o-governo\/\",\"url\":\"https:\/\/portaltela.pt\/noticias\/2026\/01\/14\/aspp-psp-decide-avancar-com-protestos-contra-o-governo\/\",\"name\":\"ASPP\/PSP decide avan\u00e7ar com protestos contra o Governo - Portal Tela Portugal\",\"isPartOf\":{\"@id\":\"https:\/\/portaltela.pt\/#website\"},\"primaryImageOfPage\":{\"@id\":\"https:\/\/portaltela.pt\/noticias\/2026\/01\/14\/aspp-psp-decide-avancar-com-protestos-contra-o-governo\/#primaryimage\"},\"image\":{\"@id\":\"https:\/\/portaltela.pt\/noticias\/2026\/01\/14\/aspp-psp-decide-avancar-com-protestos-contra-o-governo\/#primaryimage\"},\"thumbnailUrl\":\"https:\/\/portaltela.pt\/s.01k8rhncp4jt1\/2026\/01\/unnamed-file-3097.jpg\",\"datePublished\":\"2026-01-14T22:45:00+00:00\",\"author\":{\"@id\":\"https:\/\/portaltela.pt\/#\/schema\/person\/c4278d4a6028830caff9ee44b42d32ed\"},\"breadcrumb\":{\"@id\":\"https:\/\/portaltela.pt\/noticias\/2026\/01\/14\/aspp-psp-decide-avancar-com-protestos-contra-o-governo\/#breadcrumb\"},\"inLanguage\":\"pt-PT\",\"potentialAction\":[{\"@type\":\"ReadAction\",\"target\":[\"https:\/\/portaltela.pt\/noticias\/2026\/01\/14\/aspp-psp-decide-avancar-com-protestos-contra-o-governo\/\"]}]},{\"@type\":\"ImageObject\",\"inLanguage\":\"pt-PT\",\"@id\":\"https:\/\/portaltela.pt\/noticias\/2026\/01\/14\/aspp-psp-decide-avancar-com-protestos-contra-o-governo\/#primaryimage\",\"url\":\"https:\/\/portaltela.pt\/s.01k8rhncp4jt1\/2026\/01\/unnamed-file-3097.jpg\",\"contentUrl\":\"https:\/\/portaltela.pt\/s.01k8rhncp4jt1\/2026\/01\/unnamed-file-3097.jpg\",\"width\":796,\"height\":448,\"caption\":\"For\u00e7as pol\u00edcias acusam Governo de incumprir com o que foi acordado em 2024\"},{\"@type\":\"BreadcrumbList\",\"@id\":\"https:\/\/portaltela.pt\/noticias\/2026\/01\/14\/aspp-psp-decide-avancar-com-protestos-contra-o-governo\/#breadcrumb\",\"itemListElement\":[{\"@type\":\"ListItem\",\"position\":1,\"name\":\"In\u00edcio\",\"item\":\"https:\/\/portaltela.pt\/\"},{\"@type\":\"ListItem\",\"position\":2,\"name\":\"ASPP\/PSP decide avan\u00e7ar com protestos contra o Governo\"}]},{\"@type\":\"WebSite\",\"@id\":\"https:\/\/portaltela.pt\/#website\",\"url\":\"https:\/\/portaltela.pt\/\",\"name\":\"Portal Tela Portugal\",\"description\":\"\",\"potentialAction\":[{\"@type\":\"SearchAction\",\"target\":{\"@type\":\"EntryPoint\",\"urlTemplate\":\"https:\/\/portaltela.pt\/?s={search_term_string}\"},\"query-input\":{\"@type\":\"PropertyValueSpecification\",\"valueRequired\":true,\"valueName\":\"search_term_string\"}}],\"inLanguage\":\"pt-PT\"},{\"@type\":\"Person\",\"@id\":\"https:\/\/portaltela.pt\/#\/schema\/person\/c4278d4a6028830caff9ee44b42d32ed\",\"name\":\"Telinha\",\"image\":{\"@type\":\"ImageObject\",\"inLanguage\":\"pt-PT\",\"@id\":\"https:\/\/portaltela.pt\/s.01k8rhncp4jt1\/2025\/11\/talking-bot-125x125.png\",\"url\":\"https:\/\/portaltela.pt\/s.01k8rhncp4jt1\/2025\/11\/talking-bot-125x125.png\",\"contentUrl\":\"https:\/\/portaltela.pt\/s.01k8rhncp4jt1\/2025\/11\/talking-bot-125x125.png\",\"caption\":\"Telinha\"},\"sameAs\":[\"https:\/\/portaltela.pt\/\"],\"url\":\"https:\/\/portaltela.pt\/por\/367410592786\/\"}]}<\/script>\n<!-- \/ Yoast SEO plugin. -->","yoast_head_json":{"title":"ASPP\/PSP decide avan\u00e7ar com protestos contra o Governo - Portal Tela Portugal","robots":{"index":"index","follow":"follow","max-snippet":"max-snippet:-1","max-image-preview":"max-image-preview:large","max-video-preview":"max-video-preview:-1"},"og_locale":"pt_PT","og_type":"article","og_title":"ASPP\/PSP decide avan\u00e7ar com protestos contra o Governo - Portal Tela Portugal","og_description":"A ASPP\/PSP anunciou uma concentra\u00e7\u00e3o de protesto para 29 de janeiro junto ao Aeroporto de Lisboa, acusando o Governo de n\u00e3o cumprir o acordo de valoriza\u00e7\u00e3o das carreiras de 2024. Em fevereiro v\u00e3o realizar a\u00e7\u00f5es em diversos comandos, com o levantamento de debilidades, condi\u00e7\u00f5es de trabalho e viola\u00e7\u00f5es de direitos para exposi\u00e7\u00e3o p\u00fablica posterior. A dire\u00e7\u00e3o tamb\u00e9m planeia uma concentra\u00e7\u00e3o durante um Conselho de Ministros e a perman\u00eancia de pol\u00edcias nas galerias da Assembleia da Rep\u00fablica durante um debate quinzenal. A ASPP\/PSP acusa a falta de seriedade do Governo, citando aus\u00eancia de respostas ap\u00f3s os protestos junto \u00e0 resid\u00eancia oficial do primeiro-ministro e apontando para desvaloriza\u00e7\u00e3o salarial, bloqueio de pr\u00e9-aposenta\u00e7\u00f5es e cortes de folgas. Diz manter disponibilidade para se reunir com o Governo (desde que cumpra a palavra dada e apresente uma proposta concreta) e, se a linha n\u00e3o mudar, avan\u00e7ar com concentra\u00e7\u00f5es em eventos nacionais, protestos junto ao Minist\u00e9rio da Administra\u00e7\u00e3o Interna (MAI) e uma manifesta\u00e7\u00e3o a n\u00edvel nacional.","og_url":"https:\/\/portaltela.pt\/noticias\/2026\/01\/14\/aspp-psp-decide-avancar-com-protestos-contra-o-governo\/","og_site_name":"Portal Tela Portugal","article_published_time":"2026-01-14T22:45:00+00:00","author":"Telinha","twitter_card":"summary_large_image","twitter_misc":{"Escrito por":"Telinha","Tempo estimado de leitura":"1 minuto"},"schema":{"@context":"https:\/\/schema.org","@graph":[{"@type":"Article","@id":"https:\/\/portaltela.pt\/noticias\/2026\/01\/14\/aspp-psp-decide-avancar-com-protestos-contra-o-governo\/#article","isPartOf":{"@id":"https:\/\/portaltela.pt\/noticias\/2026\/01\/14\/aspp-psp-decide-avancar-com-protestos-contra-o-governo\/"},"author":{"name":"Telinha","@id":"https:\/\/portaltela.pt\/#\/schema\/person\/c4278d4a6028830caff9ee44b42d32ed"},"headline":"ASPP\/PSP decide avan\u00e7ar com protestos contra o Governo","datePublished":"2026-01-14T22:45:00+00:00","mainEntityOfPage":{"@id":"https:\/\/portaltela.pt\/noticias\/2026\/01\/14\/aspp-psp-decide-avancar-com-protestos-contra-o-governo\/"},"wordCount":222,"image":{"@id":"https:\/\/portaltela.pt\/noticias\/2026\/01\/14\/aspp-psp-decide-avancar-com-protestos-contra-o-governo\/#primaryimage"},"thumbnailUrl":"https:\/\/portaltela.pt\/s.01k8rhncp4jt1\/2026\/01\/unnamed-file-3097.jpg","keywords":["administra\u00e7\u00e3o p\u00fablica","direitos p\u00fablicos","governo","pol\u00edticas p\u00fablicas","protestos","seguran\u00e7a p\u00fablica"],"articleSection":["Not\u00edcias"],"inLanguage":"pt-PT"},{"@type":"WebPage","@id":"https:\/\/portaltela.pt\/noticias\/2026\/01\/14\/aspp-psp-decide-avancar-com-protestos-contra-o-governo\/","url":"https:\/\/portaltela.pt\/noticias\/2026\/01\/14\/aspp-psp-decide-avancar-com-protestos-contra-o-governo\/","name":"ASPP\/PSP decide avan\u00e7ar com protestos contra o Governo - Portal Tela Portugal","isPartOf":{"@id":"https:\/\/portaltela.pt\/#website"},"primaryImageOfPage":{"@id":"https:\/\/portaltela.pt\/noticias\/2026\/01\/14\/aspp-psp-decide-avancar-com-protestos-contra-o-governo\/#primaryimage"},"image":{"@id":"https:\/\/portaltela.pt\/noticias\/2026\/01\/14\/aspp-psp-decide-avancar-com-protestos-contra-o-governo\/#primaryimage"},"thumbnailUrl":"https:\/\/portaltela.pt\/s.01k8rhncp4jt1\/2026\/01\/unnamed-file-3097.jpg","datePublished":"2026-01-14T22:45:00+00:00","author":{"@id":"https:\/\/portaltela.pt\/#\/schema\/person\/c4278d4a6028830caff9ee44b42d32ed"},"breadcrumb":{"@id":"https:\/\/portaltela.pt\/noticias\/2026\/01\/14\/aspp-psp-decide-avancar-com-protestos-contra-o-governo\/#breadcrumb"},"inLanguage":"pt-PT","potentialAction":[{"@type":"ReadAction","target":["https:\/\/portaltela.pt\/noticias\/2026\/01\/14\/aspp-psp-decide-avancar-com-protestos-contra-o-governo\/"]}]},{"@type":"ImageObject","inLanguage":"pt-PT","@id":"https:\/\/portaltela.pt\/noticias\/2026\/01\/14\/aspp-psp-decide-avancar-com-protestos-contra-o-governo\/#primaryimage","url":"https:\/\/portaltela.pt\/s.01k8rhncp4jt1\/2026\/01\/unnamed-file-3097.jpg","contentUrl":"https:\/\/portaltela.pt\/s.01k8rhncp4jt1\/2026\/01\/unnamed-file-3097.jpg","width":796,"height":448,"caption":"For\u00e7as pol\u00edcias acusam Governo de incumprir com o que foi acordado em 2024"},{"@type":"BreadcrumbList","@id":"https:\/\/portaltela.pt\/noticias\/2026\/01\/14\/aspp-psp-decide-avancar-com-protestos-contra-o-governo\/#breadcrumb","itemListElement":[{"@type":"ListItem","position":1,"name":"In\u00edcio","item":"https:\/\/portaltela.pt\/"},{"@type":"ListItem","position":2,"name":"ASPP\/PSP decide avan\u00e7ar com protestos contra o Governo"}]},{"@type":"WebSite","@id":"https:\/\/portaltela.pt\/#website","url":"https:\/\/portaltela.pt\/","name":"Portal Tela Portugal","description":"","potentialAction":[{"@type":"SearchAction","target":{"@type":"EntryPoint","urlTemplate":"https:\/\/portaltela.pt\/?s={search_term_string}"},"query-input":{"@type":"PropertyValueSpecification","valueRequired":true,"valueName":"search_term_string"}}],"inLanguage":"pt-PT"},{"@type":"Person","@id":"https:\/\/portaltela.pt\/#\/schema\/person\/c4278d4a6028830caff9ee44b42d32ed","name":"Telinha","image":{"@type":"ImageObject","inLanguage":"pt-PT","@id":"https:\/\/portaltela.pt\/s.01k8rhncp4jt1\/2025\/11\/talking-bot-125x125.png","url":"https:\/\/portaltela.pt\/s.01k8rhncp4jt1\/2025\/11\/talking-bot-125x125.png","contentUrl":"https:\/\/portaltela.pt\/s.01k8rhncp4jt1\/2025\/11\/talking-bot-125x125.png","caption":"Telinha"},"sameAs":["https:\/\/portaltela.pt\/"],"url":"https:\/\/portaltela.pt\/por\/367410592786\/"}]}},"_links":{"self":[{"href":"https:\/\/portaltela.pt\/api\/wp\/v2\/posts\/143009","targetHints":{"allow":["GET"]}}],"collection":[{"href":"https:\/\/portaltela.pt\/api\/wp\/v2\/posts"}],"about":[{"href":"https:\/\/portaltela.pt\/api\/wp\/v2\/types\/post"}],"author":[{"embeddable":true,"href":"https:\/\/portaltela.pt\/api\/wp\/v2\/users\/2"}],"replies":[{"embeddable":true,"href":"https:\/\/portaltela.pt\/api\/wp\/v2\/comments?post=143009"}],"version-history":[{"count":0,"href":"https:\/\/portaltela.pt\/api\/wp\/v2\/posts\/143009\/revisions"}],"wp:featuredmedia":[{"embeddable":true,"href":"https:\/\/portaltela.pt\/api\/wp\/v2\/media\/143021"}],"wp:attachment":[{"href":"https:\/\/portaltela.pt\/api\/wp\/v2\/media?parent=143009"}],"wp:term":[{"taxonomy":"category","embeddable":true,"href":"https:\/\/portaltela.pt\/api\/wp\/v2\/categories?post=143009"},{"taxonomy":"post_tag","embeddable":true,"href":"https:\/\/portaltela.pt\/api\/wp\/v2\/tags?post=143009"}],"curies":[{"name":"wp","href":"https:\/\/api.w.org\/{rel}","templated":true}]}}