{"id":142981,"date":"2026-01-14T19:53:00","date_gmt":"2026-01-14T22:53:00","guid":{"rendered":"https:\/\/portaltela.pt\/noticias\/2026\/01\/14\/navio-portugues-perde-carga-ao-largo-de-aveiro\/"},"modified":"2026-01-14T19:53:00","modified_gmt":"2026-01-14T22:53:00","slug":"navio-portugues-perde-carga-ao-largo-de-aveiro","status":"publish","type":"post","link":"https:\/\/portaltela.pt\/noticias\/2026\/01\/14\/navio-portugues-perde-carga-ao-largo-de-aveiro\/","title":{"rendered":"Navio portugu\u00eas perde carga ao largo de Aveiro"},"content":{"rendered":"<p>O navio Mar\u00eda Francisca, com bandeira portuguesa, perdeu parte da carga ao largo de Aveiro, a caminho de Vigo, nesta quarta-feira, devido ao mar agitado. A ocorr\u00eancia ocorreu durante a travessia pelo estu\u00e1rio, quando as condi\u00e7\u00f5es de ondula\u00e7\u00e3o favoreceram a queda de alguns contentores ao mar. N\u00e3o h\u00e1 indica\u00e7\u00e3o de danos estruturais no navio nem de risco ambiental imediato.<\/p>\n<p>A Autoridade Portu\u00e1ria afirmou, ap\u00f3s avalia\u00e7\u00e3o inicial, que os contentores perdidos n\u00e3o continham materiais perigosos e que n\u00e3o existe risco para o ambiente. O incidente contou com a assist\u00eancia dos pilotos Helechosa e Talavera, do Servi\u00e7o de Pilotagem do Porto de Vigo, durante a passagem pelo estu\u00e1rio.<\/p>\n<p>Constru\u00eddo em 2004, o Mar\u00eda Francisca tem 92 metros de comprimento e opera sob a bandeira de Portugal. A navega\u00e7\u00e3o prosseguia com a necessidade de monitoriza\u00e7\u00e3o constante da carga para assegurar a estabilidade da embarca\u00e7\u00e3o.<\/p>\n<h3>Opera\u00e7\u00e3o de reposicionamento<\/h3>\n<p>Nos pr\u00f3ximos dias ser\u00e1 efetuada a reposi\u00e7\u00e3o e fixa\u00e7\u00e3o dos contentores a bordo. Por motivos de seguran\u00e7a, o acesso \u00e0 zona transversal do cais de Vigo ficar\u00e1 restrito para evitar interfer\u00eancias e proteger a equipa envolvida nos trabalhos.<\/p>\n","protected":false},"excerpt":{"rendered":"<ul>\n<li>O navio Mar\u00eda Francisca, com bandeira portuguesa, perdeu parte da carga ao largo de Aveiro enquanto seguia para Vigo, devido ao mar agitado.<\/li>\n<li>A opera\u00e7\u00e3o n\u00e3o apresenta risco ambiental: os contentores perdidos n\u00e3o continham materiais perigosos e o navio n\u00e3o sofreu danos que comprometam a seguran\u00e7a ou o ambiente.<\/li>\n<li>A embarca\u00e7\u00e3o contou com a assist\u00eancia dos pilots Helechosa e Talavera, do Servi\u00e7o de Pilotagem do Porto de Vigo, durante a passagem pelo estu\u00e1rio.<\/li>\n<li>O Mar\u00eda Francisca tem 92 metros de comprimento e foi constru\u00eddo em 2004.<\/li>\n<li>Nos pr\u00f3ximos dias decorre a opera\u00e7\u00e3o de reposicionamento e fixa\u00e7\u00e3o dos contentores a bordo, mantendo-se restrito o acesso \u00e0 zona transversal do cais de Vigo para proteger a equipa.<\/li>\n<\/ul>\n","protected":false},"author":2,"featured_media":142983,"comment_status":"closed","ping_status":"closed","sticky":false,"template":"","format":"standard","meta":{"footnotes":""},"categories":[1],"tags":[1059,2692,1713,1014],"class_list":["post-142981","post","type-post","status-publish","format-standard","has-post-thumbnail","hentry","category-noticias","tag-aveiro","tag-carregamentos","tag-mar","tag-portugal"],"yoast_head":"<!-- This site is optimized with the Yoast SEO plugin v27.2 - https:\/\/yoast.com\/product\/yoast-seo-wordpress\/ -->\n<title>Navio portugu\u00eas perde carga ao largo de Aveiro - Portal Tela Portugal<\/title>\n<meta name=\"robots\" content=\"index, follow, max-snippet:-1, max-image-preview:large, max-video-preview:-1\" \/>\n<meta property=\"og:locale\" content=\"pt_PT\" \/>\n<meta property=\"og:type\" content=\"article\" \/>\n<meta property=\"og:title\" content=\"Navio portugu\u00eas perde carga ao largo de Aveiro - Portal Tela Portugal\" \/>\n<meta property=\"og:description\" content=\"O navio Mar\u00eda Francisca, com bandeira portuguesa, perdeu parte da carga ao largo de Aveiro enquanto seguia para Vigo, devido ao mar agitado. A opera\u00e7\u00e3o n\u00e3o apresenta risco ambiental: os contentores perdidos n\u00e3o continham materiais perigosos e o navio n\u00e3o sofreu danos que comprometam a seguran\u00e7a ou o ambiente. A embarca\u00e7\u00e3o contou com a assist\u00eancia dos pilots Helechosa e Talavera, do Servi\u00e7o de Pilotagem do Porto de Vigo, durante a passagem pelo estu\u00e1rio. O Mar\u00eda Francisca tem 92 metros de comprimento e foi constru\u00eddo em 2004. Nos pr\u00f3ximos dias decorre a opera\u00e7\u00e3o de reposicionamento e fixa\u00e7\u00e3o dos contentores a bordo, mantendo-se restrito o acesso \u00e0 zona transversal do cais de Vigo para proteger a equipa.\" \/>\n<meta property=\"og:url\" content=\"https:\/\/portaltela.pt\/noticias\/2026\/01\/14\/navio-portugues-perde-carga-ao-largo-de-aveiro\/\" \/>\n<meta property=\"og:site_name\" content=\"Portal Tela Portugal\" \/>\n<meta property=\"article:published_time\" content=\"2026-01-14T22:53:00+00:00\" \/>\n<meta name=\"author\" content=\"Telinha\" \/>\n<meta name=\"twitter:card\" content=\"summary_large_image\" \/>\n<meta name=\"twitter:label1\" content=\"Escrito por\" \/>\n\t<meta name=\"twitter:data1\" content=\"Telinha\" \/>\n\t<meta name=\"twitter:label2\" content=\"Tempo estimado de leitura\" \/>\n\t<meta name=\"twitter:data2\" content=\"1 minuto\" \/>\n<script type=\"application\/ld+json\" class=\"yoast-schema-graph\">{\"@context\":\"https:\/\/schema.org\",\"@graph\":[{\"@type\":\"Article\",\"@id\":\"https:\/\/portaltela.pt\/noticias\/2026\/01\/14\/navio-portugues-perde-carga-ao-largo-de-aveiro\/#article\",\"isPartOf\":{\"@id\":\"https:\/\/portaltela.pt\/noticias\/2026\/01\/14\/navio-portugues-perde-carga-ao-largo-de-aveiro\/\"},\"author\":{\"name\":\"Telinha\",\"@id\":\"https:\/\/portaltela.pt\/#\/schema\/person\/c4278d4a6028830caff9ee44b42d32ed\"},\"headline\":\"Navio portugu\u00eas perde carga ao largo de Aveiro\",\"datePublished\":\"2026-01-14T22:53:00+00:00\",\"mainEntityOfPage\":{\"@id\":\"https:\/\/portaltela.pt\/noticias\/2026\/01\/14\/navio-portugues-perde-carga-ao-largo-de-aveiro\/\"},\"wordCount\":214,\"image\":{\"@id\":\"https:\/\/portaltela.pt\/noticias\/2026\/01\/14\/navio-portugues-perde-carga-ao-largo-de-aveiro\/#primaryimage\"},\"thumbnailUrl\":\"https:\/\/portaltela.pt\/s.01k8rhncp4jt1\/2026\/01\/image-900.jpg\",\"keywords\":[\"Aveiro\",\"carregamentos\",\"mar\",\"Portugal\"],\"articleSection\":[\"Not\u00edcias\"],\"inLanguage\":\"pt-PT\"},{\"@type\":\"WebPage\",\"@id\":\"https:\/\/portaltela.pt\/noticias\/2026\/01\/14\/navio-portugues-perde-carga-ao-largo-de-aveiro\/\",\"url\":\"https:\/\/portaltela.pt\/noticias\/2026\/01\/14\/navio-portugues-perde-carga-ao-largo-de-aveiro\/\",\"name\":\"Navio portugu\u00eas perde carga ao largo de Aveiro - Portal Tela Portugal\",\"isPartOf\":{\"@id\":\"https:\/\/portaltela.pt\/#website\"},\"primaryImageOfPage\":{\"@id\":\"https:\/\/portaltela.pt\/noticias\/2026\/01\/14\/navio-portugues-perde-carga-ao-largo-de-aveiro\/#primaryimage\"},\"image\":{\"@id\":\"https:\/\/portaltela.pt\/noticias\/2026\/01\/14\/navio-portugues-perde-carga-ao-largo-de-aveiro\/#primaryimage\"},\"thumbnailUrl\":\"https:\/\/portaltela.pt\/s.01k8rhncp4jt1\/2026\/01\/image-900.jpg\",\"datePublished\":\"2026-01-14T22:53:00+00:00\",\"author\":{\"@id\":\"https:\/\/portaltela.pt\/#\/schema\/person\/c4278d4a6028830caff9ee44b42d32ed\"},\"breadcrumb\":{\"@id\":\"https:\/\/portaltela.pt\/noticias\/2026\/01\/14\/navio-portugues-perde-carga-ao-largo-de-aveiro\/#breadcrumb\"},\"inLanguage\":\"pt-PT\",\"potentialAction\":[{\"@type\":\"ReadAction\",\"target\":[\"https:\/\/portaltela.pt\/noticias\/2026\/01\/14\/navio-portugues-perde-carga-ao-largo-de-aveiro\/\"]}]},{\"@type\":\"ImageObject\",\"inLanguage\":\"pt-PT\",\"@id\":\"https:\/\/portaltela.pt\/noticias\/2026\/01\/14\/navio-portugues-perde-carga-ao-largo-de-aveiro\/#primaryimage\",\"url\":\"https:\/\/portaltela.pt\/s.01k8rhncp4jt1\/2026\/01\/image-900.jpg\",\"contentUrl\":\"https:\/\/portaltela.pt\/s.01k8rhncp4jt1\/2026\/01\/image-900.jpg\",\"width\":796,\"height\":448,\"caption\":\"A ondula\u00e7\u00e3o provocou a queda de v\u00e1rios contentores ao mar\"},{\"@type\":\"BreadcrumbList\",\"@id\":\"https:\/\/portaltela.pt\/noticias\/2026\/01\/14\/navio-portugues-perde-carga-ao-largo-de-aveiro\/#breadcrumb\",\"itemListElement\":[{\"@type\":\"ListItem\",\"position\":1,\"name\":\"In\u00edcio\",\"item\":\"https:\/\/portaltela.pt\/\"},{\"@type\":\"ListItem\",\"position\":2,\"name\":\"Navio portugu\u00eas perde carga ao largo de Aveiro\"}]},{\"@type\":\"WebSite\",\"@id\":\"https:\/\/portaltela.pt\/#website\",\"url\":\"https:\/\/portaltela.pt\/\",\"name\":\"Portal Tela Portugal\",\"description\":\"\",\"potentialAction\":[{\"@type\":\"SearchAction\",\"target\":{\"@type\":\"EntryPoint\",\"urlTemplate\":\"https:\/\/portaltela.pt\/?s={search_term_string}\"},\"query-input\":{\"@type\":\"PropertyValueSpecification\",\"valueRequired\":true,\"valueName\":\"search_term_string\"}}],\"inLanguage\":\"pt-PT\"},{\"@type\":\"Person\",\"@id\":\"https:\/\/portaltela.pt\/#\/schema\/person\/c4278d4a6028830caff9ee44b42d32ed\",\"name\":\"Telinha\",\"image\":{\"@type\":\"ImageObject\",\"inLanguage\":\"pt-PT\",\"@id\":\"https:\/\/portaltela.pt\/s.01k8rhncp4jt1\/2025\/11\/talking-bot-125x125.png\",\"url\":\"https:\/\/portaltela.pt\/s.01k8rhncp4jt1\/2025\/11\/talking-bot-125x125.png\",\"contentUrl\":\"https:\/\/portaltela.pt\/s.01k8rhncp4jt1\/2025\/11\/talking-bot-125x125.png\",\"caption\":\"Telinha\"},\"sameAs\":[\"https:\/\/portaltela.pt\/\"],\"url\":\"https:\/\/portaltela.pt\/por\/367410592786\/\"}]}<\/script>\n<!-- \/ Yoast SEO plugin. -->","yoast_head_json":{"title":"Navio portugu\u00eas perde carga ao largo de Aveiro - Portal Tela Portugal","robots":{"index":"index","follow":"follow","max-snippet":"max-snippet:-1","max-image-preview":"max-image-preview:large","max-video-preview":"max-video-preview:-1"},"og_locale":"pt_PT","og_type":"article","og_title":"Navio portugu\u00eas perde carga ao largo de Aveiro - Portal Tela Portugal","og_description":"O navio Mar\u00eda Francisca, com bandeira portuguesa, perdeu parte da carga ao largo de Aveiro enquanto seguia para Vigo, devido ao mar agitado. A opera\u00e7\u00e3o n\u00e3o apresenta risco ambiental: os contentores perdidos n\u00e3o continham materiais perigosos e o navio n\u00e3o sofreu danos que comprometam a seguran\u00e7a ou o ambiente. A embarca\u00e7\u00e3o contou com a assist\u00eancia dos pilots Helechosa e Talavera, do Servi\u00e7o de Pilotagem do Porto de Vigo, durante a passagem pelo estu\u00e1rio. O Mar\u00eda Francisca tem 92 metros de comprimento e foi constru\u00eddo em 2004. Nos pr\u00f3ximos dias decorre a opera\u00e7\u00e3o de reposicionamento e fixa\u00e7\u00e3o dos contentores a bordo, mantendo-se restrito o acesso \u00e0 zona transversal do cais de Vigo para proteger a equipa.","og_url":"https:\/\/portaltela.pt\/noticias\/2026\/01\/14\/navio-portugues-perde-carga-ao-largo-de-aveiro\/","og_site_name":"Portal Tela Portugal","article_published_time":"2026-01-14T22:53:00+00:00","author":"Telinha","twitter_card":"summary_large_image","twitter_misc":{"Escrito por":"Telinha","Tempo estimado de leitura":"1 minuto"},"schema":{"@context":"https:\/\/schema.org","@graph":[{"@type":"Article","@id":"https:\/\/portaltela.pt\/noticias\/2026\/01\/14\/navio-portugues-perde-carga-ao-largo-de-aveiro\/#article","isPartOf":{"@id":"https:\/\/portaltela.pt\/noticias\/2026\/01\/14\/navio-portugues-perde-carga-ao-largo-de-aveiro\/"},"author":{"name":"Telinha","@id":"https:\/\/portaltela.pt\/#\/schema\/person\/c4278d4a6028830caff9ee44b42d32ed"},"headline":"Navio portugu\u00eas perde carga ao largo de Aveiro","datePublished":"2026-01-14T22:53:00+00:00","mainEntityOfPage":{"@id":"https:\/\/portaltela.pt\/noticias\/2026\/01\/14\/navio-portugues-perde-carga-ao-largo-de-aveiro\/"},"wordCount":214,"image":{"@id":"https:\/\/portaltela.pt\/noticias\/2026\/01\/14\/navio-portugues-perde-carga-ao-largo-de-aveiro\/#primaryimage"},"thumbnailUrl":"https:\/\/portaltela.pt\/s.01k8rhncp4jt1\/2026\/01\/image-900.jpg","keywords":["Aveiro","carregamentos","mar","Portugal"],"articleSection":["Not\u00edcias"],"inLanguage":"pt-PT"},{"@type":"WebPage","@id":"https:\/\/portaltela.pt\/noticias\/2026\/01\/14\/navio-portugues-perde-carga-ao-largo-de-aveiro\/","url":"https:\/\/portaltela.pt\/noticias\/2026\/01\/14\/navio-portugues-perde-carga-ao-largo-de-aveiro\/","name":"Navio portugu\u00eas perde carga ao largo de Aveiro - Portal Tela Portugal","isPartOf":{"@id":"https:\/\/portaltela.pt\/#website"},"primaryImageOfPage":{"@id":"https:\/\/portaltela.pt\/noticias\/2026\/01\/14\/navio-portugues-perde-carga-ao-largo-de-aveiro\/#primaryimage"},"image":{"@id":"https:\/\/portaltela.pt\/noticias\/2026\/01\/14\/navio-portugues-perde-carga-ao-largo-de-aveiro\/#primaryimage"},"thumbnailUrl":"https:\/\/portaltela.pt\/s.01k8rhncp4jt1\/2026\/01\/image-900.jpg","datePublished":"2026-01-14T22:53:00+00:00","author":{"@id":"https:\/\/portaltela.pt\/#\/schema\/person\/c4278d4a6028830caff9ee44b42d32ed"},"breadcrumb":{"@id":"https:\/\/portaltela.pt\/noticias\/2026\/01\/14\/navio-portugues-perde-carga-ao-largo-de-aveiro\/#breadcrumb"},"inLanguage":"pt-PT","potentialAction":[{"@type":"ReadAction","target":["https:\/\/portaltela.pt\/noticias\/2026\/01\/14\/navio-portugues-perde-carga-ao-largo-de-aveiro\/"]}]},{"@type":"ImageObject","inLanguage":"pt-PT","@id":"https:\/\/portaltela.pt\/noticias\/2026\/01\/14\/navio-portugues-perde-carga-ao-largo-de-aveiro\/#primaryimage","url":"https:\/\/portaltela.pt\/s.01k8rhncp4jt1\/2026\/01\/image-900.jpg","contentUrl":"https:\/\/portaltela.pt\/s.01k8rhncp4jt1\/2026\/01\/image-900.jpg","width":796,"height":448,"caption":"A ondula\u00e7\u00e3o provocou a queda de v\u00e1rios contentores ao mar"},{"@type":"BreadcrumbList","@id":"https:\/\/portaltela.pt\/noticias\/2026\/01\/14\/navio-portugues-perde-carga-ao-largo-de-aveiro\/#breadcrumb","itemListElement":[{"@type":"ListItem","position":1,"name":"In\u00edcio","item":"https:\/\/portaltela.pt\/"},{"@type":"ListItem","position":2,"name":"Navio portugu\u00eas perde carga ao largo de Aveiro"}]},{"@type":"WebSite","@id":"https:\/\/portaltela.pt\/#website","url":"https:\/\/portaltela.pt\/","name":"Portal Tela Portugal","description":"","potentialAction":[{"@type":"SearchAction","target":{"@type":"EntryPoint","urlTemplate":"https:\/\/portaltela.pt\/?s={search_term_string}"},"query-input":{"@type":"PropertyValueSpecification","valueRequired":true,"valueName":"search_term_string"}}],"inLanguage":"pt-PT"},{"@type":"Person","@id":"https:\/\/portaltela.pt\/#\/schema\/person\/c4278d4a6028830caff9ee44b42d32ed","name":"Telinha","image":{"@type":"ImageObject","inLanguage":"pt-PT","@id":"https:\/\/portaltela.pt\/s.01k8rhncp4jt1\/2025\/11\/talking-bot-125x125.png","url":"https:\/\/portaltela.pt\/s.01k8rhncp4jt1\/2025\/11\/talking-bot-125x125.png","contentUrl":"https:\/\/portaltela.pt\/s.01k8rhncp4jt1\/2025\/11\/talking-bot-125x125.png","caption":"Telinha"},"sameAs":["https:\/\/portaltela.pt\/"],"url":"https:\/\/portaltela.pt\/por\/367410592786\/"}]}},"_links":{"self":[{"href":"https:\/\/portaltela.pt\/api\/wp\/v2\/posts\/142981","targetHints":{"allow":["GET"]}}],"collection":[{"href":"https:\/\/portaltela.pt\/api\/wp\/v2\/posts"}],"about":[{"href":"https:\/\/portaltela.pt\/api\/wp\/v2\/types\/post"}],"author":[{"embeddable":true,"href":"https:\/\/portaltela.pt\/api\/wp\/v2\/users\/2"}],"replies":[{"embeddable":true,"href":"https:\/\/portaltela.pt\/api\/wp\/v2\/comments?post=142981"}],"version-history":[{"count":0,"href":"https:\/\/portaltela.pt\/api\/wp\/v2\/posts\/142981\/revisions"}],"wp:featuredmedia":[{"embeddable":true,"href":"https:\/\/portaltela.pt\/api\/wp\/v2\/media\/142983"}],"wp:attachment":[{"href":"https:\/\/portaltela.pt\/api\/wp\/v2\/media?parent=142981"}],"wp:term":[{"taxonomy":"category","embeddable":true,"href":"https:\/\/portaltela.pt\/api\/wp\/v2\/categories?post=142981"},{"taxonomy":"post_tag","embeddable":true,"href":"https:\/\/portaltela.pt\/api\/wp\/v2\/tags?post=142981"}],"curies":[{"name":"wp","href":"https:\/\/api.w.org\/{rel}","templated":true}]}}