{"id":142662,"date":"2026-01-14T17:33:00","date_gmt":"2026-01-14T20:33:00","guid":{"rendered":"https:\/\/portaltela.pt\/noticias\/2026\/01\/14\/eua-suspendem-pedidos-de-vistos-de-imigracao-de-cabo-verde\/"},"modified":"2026-01-14T17:33:00","modified_gmt":"2026-01-14T20:33:00","slug":"eua-suspendem-pedidos-de-vistos-de-imigracao-de-cabo-verde","status":"publish","type":"post","link":"https:\/\/portaltela.pt\/noticias\/politica\/2026\/01\/14\/eua-suspendem-pedidos-de-vistos-de-imigracao-de-cabo-verde\/","title":{"rendered":"EUA suspendem pedidos de vistos de imigra\u00e7\u00e3o de Cabo Verde"},"content":{"rendered":"<p>A Administra\u00e7\u00e3o dos Estados Unidos anunciou a suspens\u00e3o, a partir de 21 de janeiro, de pedidos de visto de imigra\u00e7\u00e3o de Cabo Verde. A medida abrange 75 pa\u00edses, incluindo o Brasil, conforme informa\u00e7\u00f5es oficiais do Departamento de Estado.<\/p>\n<p>O objetivo \u00e9 cumprir uma ordem de novembro que refor\u00e7a crit\u00e9rios para potenciais imigrantes considerados \u201cencargo p\u00fablico\u201d. Os vistos de n\u00e3o imigrante permanecem proibidos apenas de forma tempor\u00e1ria, sem impacto nos pedidos de turismo ou neg\u00f3cios.<\/p>\n<p>Quem est\u00e1 envolvido: o Departamento de Estado dos EUA, sob a coordena\u00e7\u00e3o do Secretario de Estado Marco Rubio, e as embaixadas e consulados norte-americanos no terreno. A suspens\u00e3o decorre de uma revis\u00e3o que passou a exigir avalia\u00e7\u00e3o aprofundada de candidatos a visto.<\/p>\n<p>Quando e onde: a suspens\u00e3o entra em vigor no dia 21 de janeiro, afetando Cabo Verde e os demais 74 pa\u00edses na lista. A medida aplica-se aos vistos de imigra\u00e7\u00e3o solicitados junto de consulados norte-americanos no estrangeiro.<\/p>\n<p>Por qu\u00ea: a pol\u00edtica busca assegurar que novos imigrantes n\u00e3o se tornem dependentes de benef\u00edcios p\u00fablicos, ampliando crit\u00e9rios como estado de sa\u00fade, situa\u00e7\u00e3o financeira, educa\u00e7\u00e3o e uso anterior de apoios p\u00fablicos. Tamb\u00e9m pode incluir avalia\u00e7\u00e3o de profici\u00eancia em ingl\u00eas via entrevista.<\/p>\n<h3>Contexto<\/h3>\n<p>A decis\u00e3o insere-se num conjunto de restri\u00e7\u00f5es anteriores impostas pelos Estados Unidos a vistos de imigra\u00e7\u00e3o e n\u00e3o imigra\u00e7\u00e3o para v\u00e1rios pa\u00edses africanos, asi\u00e1ticos e latino-americanos. A nova directiva amplia exig\u00eancias j\u00e1 existentes sob a obriga\u00e7\u00e3o de comprovar que o candidato n\u00e3o depende de benef\u00edcios p\u00fablicos.<\/p>\n<p>Aproxima-se o Campeonato do Mundo de 2026 e os Jogos Ol\u00edmpicos de 2028, eventos que podem influenciar aumentos de procura por vistos de n\u00e3o imigrante em Cabo Verde e noutros pa\u00edses. A orienta\u00e7\u00e3o atual n\u00e3o altera a pol\u00edtica para vistos tempor\u00e1rios de turismo ou neg\u00f3cios.<\/p>\n","protected":false},"excerpt":{"rendered":"<ul>\n<li>O Departamento de Estado dos EUA anunciou que Cabo Verde integra uma lista de 75 pa\u00edses cujos pedidos de vistos de imigra\u00e7\u00e3o foram suspensos.<\/li>\n<li>A suspens\u00e3o entra em vigor a 21 de janeiro e n\u00e3o se aplica a vistos de n\u00e3o imigrante, como turismo ou neg\u00f3cios.<\/li>\n<li>A medida baseia-se numa orienta\u00e7\u00e3o de novembro que tornou mais exigente provar que os imigrantes n\u00e3o ser\u00e3o um encargo p\u00fablico, com novos crit\u00e9rios de avalia\u00e7\u00e3o.<\/li>\n<li>Os consulados devem considerar fatores como idade, estado de sa\u00fade, situa\u00e7\u00e3o familiar, finan\u00e7as, educa\u00e7\u00e3o, compet\u00eancias e uso anterior de apoios p\u00fablicos, podendo tamb\u00e9m avaliar a profici\u00eancia em ingl\u00eas por meio de entrevistas.<\/li>\n<li>A lista inclui Cabo Verde e outros pa\u00edses, incluindo o Brasil, entre v\u00e1rios da regi\u00e3o.<\/li>\n<\/ul>\n","protected":false},"author":2,"featured_media":142666,"comment_status":"closed","ping_status":"closed","sticky":false,"template":"","format":"standard","meta":{"footnotes":""},"categories":[1,5],"tags":[902,1600,712,81,2178,2832],"class_list":["post-142662","post","type-post","status-publish","format-standard","has-post-thumbnail","hentry","category-noticias","category-politica","tag-emigracao","tag-estados-unidos","tag-imigracao","tag-internacionais","tag-lei-de-estrangeiros","tag-politica"],"yoast_head":"<!-- This site is optimized with the Yoast SEO plugin v27.2 - https:\/\/yoast.com\/product\/yoast-seo-wordpress\/ -->\n<title>EUA suspendem pedidos de vistos de imigra\u00e7\u00e3o de Cabo Verde - Portal Tela Portugal<\/title>\n<meta name=\"robots\" content=\"index, follow, max-snippet:-1, max-image-preview:large, max-video-preview:-1\" \/>\n<meta property=\"og:locale\" content=\"pt_PT\" \/>\n<meta property=\"og:type\" content=\"article\" \/>\n<meta property=\"og:title\" content=\"EUA suspendem pedidos de vistos de imigra\u00e7\u00e3o de Cabo Verde - Portal Tela Portugal\" \/>\n<meta property=\"og:description\" content=\"O Departamento de Estado dos EUA anunciou que Cabo Verde integra uma lista de 75 pa\u00edses cujos pedidos de vistos de imigra\u00e7\u00e3o foram suspensos. A suspens\u00e3o entra em vigor a 21 de janeiro e n\u00e3o se aplica a vistos de n\u00e3o imigrante, como turismo ou neg\u00f3cios. A medida baseia-se numa orienta\u00e7\u00e3o de novembro que tornou mais exigente provar que os imigrantes n\u00e3o ser\u00e3o um encargo p\u00fablico, com novos crit\u00e9rios de avalia\u00e7\u00e3o. Os consulados devem considerar fatores como idade, estado de sa\u00fade, situa\u00e7\u00e3o familiar, finan\u00e7as, educa\u00e7\u00e3o, compet\u00eancias e uso anterior de apoios p\u00fablicos, podendo tamb\u00e9m avaliar a profici\u00eancia em ingl\u00eas por meio de entrevistas. A lista inclui Cabo Verde e outros pa\u00edses, incluindo o Brasil, entre v\u00e1rios da regi\u00e3o.\" \/>\n<meta property=\"og:url\" content=\"https:\/\/portaltela.pt\/noticias\/2026\/01\/14\/eua-suspendem-pedidos-de-vistos-de-imigracao-de-cabo-verde\/\" \/>\n<meta property=\"og:site_name\" content=\"Portal Tela Portugal\" \/>\n<meta property=\"article:published_time\" content=\"2026-01-14T20:33:00+00:00\" \/>\n<meta name=\"author\" content=\"Telinha\" \/>\n<meta name=\"twitter:card\" content=\"summary_large_image\" \/>\n<meta name=\"twitter:label1\" content=\"Escrito por\" \/>\n\t<meta name=\"twitter:data1\" content=\"Telinha\" \/>\n\t<meta name=\"twitter:label2\" content=\"Tempo estimado de leitura\" \/>\n\t<meta name=\"twitter:data2\" content=\"2 minutos\" \/>\n<script type=\"application\/ld+json\" class=\"yoast-schema-graph\">{\"@context\":\"https:\/\/schema.org\",\"@graph\":[{\"@type\":\"Article\",\"@id\":\"https:\/\/portaltela.pt\/noticias\/2026\/01\/14\/eua-suspendem-pedidos-de-vistos-de-imigracao-de-cabo-verde\/#article\",\"isPartOf\":{\"@id\":\"https:\/\/portaltela.pt\/noticias\/2026\/01\/14\/eua-suspendem-pedidos-de-vistos-de-imigracao-de-cabo-verde\/\"},\"author\":{\"name\":\"Telinha\",\"@id\":\"https:\/\/portaltela.pt\/#\/schema\/person\/c4278d4a6028830caff9ee44b42d32ed\"},\"headline\":\"EUA suspendem pedidos de vistos de imigra\u00e7\u00e3o de Cabo Verde\",\"datePublished\":\"2026-01-14T20:33:00+00:00\",\"mainEntityOfPage\":{\"@id\":\"https:\/\/portaltela.pt\/noticias\/2026\/01\/14\/eua-suspendem-pedidos-de-vistos-de-imigracao-de-cabo-verde\/\"},\"wordCount\":342,\"image\":{\"@id\":\"https:\/\/portaltela.pt\/noticias\/2026\/01\/14\/eua-suspendem-pedidos-de-vistos-de-imigracao-de-cabo-verde\/#primaryimage\"},\"thumbnailUrl\":\"https:\/\/portaltela.pt\/s.01k8rhncp4jt1\/2026\/01\/2059351.jpg\",\"keywords\":[\"emigra\u00e7\u00e3o\",\"Estados Unidos\",\"imigra\u00e7\u00e3o\",\"internacionais\",\"Lei de Estrangeiros\",\"pol\u00edtica\"],\"articleSection\":[\"Not\u00edcias\",\"Pol\u00edtica\"],\"inLanguage\":\"pt-PT\"},{\"@type\":\"WebPage\",\"@id\":\"https:\/\/portaltela.pt\/noticias\/2026\/01\/14\/eua-suspendem-pedidos-de-vistos-de-imigracao-de-cabo-verde\/\",\"url\":\"https:\/\/portaltela.pt\/noticias\/2026\/01\/14\/eua-suspendem-pedidos-de-vistos-de-imigracao-de-cabo-verde\/\",\"name\":\"EUA suspendem pedidos de vistos de imigra\u00e7\u00e3o de Cabo Verde - Portal Tela Portugal\",\"isPartOf\":{\"@id\":\"https:\/\/portaltela.pt\/#website\"},\"primaryImageOfPage\":{\"@id\":\"https:\/\/portaltela.pt\/noticias\/2026\/01\/14\/eua-suspendem-pedidos-de-vistos-de-imigracao-de-cabo-verde\/#primaryimage\"},\"image\":{\"@id\":\"https:\/\/portaltela.pt\/noticias\/2026\/01\/14\/eua-suspendem-pedidos-de-vistos-de-imigracao-de-cabo-verde\/#primaryimage\"},\"thumbnailUrl\":\"https:\/\/portaltela.pt\/s.01k8rhncp4jt1\/2026\/01\/2059351.jpg\",\"datePublished\":\"2026-01-14T20:33:00+00:00\",\"author\":{\"@id\":\"https:\/\/portaltela.pt\/#\/schema\/person\/c4278d4a6028830caff9ee44b42d32ed\"},\"breadcrumb\":{\"@id\":\"https:\/\/portaltela.pt\/noticias\/2026\/01\/14\/eua-suspendem-pedidos-de-vistos-de-imigracao-de-cabo-verde\/#breadcrumb\"},\"inLanguage\":\"pt-PT\",\"potentialAction\":[{\"@type\":\"ReadAction\",\"target\":[\"https:\/\/portaltela.pt\/noticias\/2026\/01\/14\/eua-suspendem-pedidos-de-vistos-de-imigracao-de-cabo-verde\/\"]}]},{\"@type\":\"ImageObject\",\"inLanguage\":\"pt-PT\",\"@id\":\"https:\/\/portaltela.pt\/noticias\/2026\/01\/14\/eua-suspendem-pedidos-de-vistos-de-imigracao-de-cabo-verde\/#primaryimage\",\"url\":\"https:\/\/portaltela.pt\/s.01k8rhncp4jt1\/2026\/01\/2059351.jpg\",\"contentUrl\":\"https:\/\/portaltela.pt\/s.01k8rhncp4jt1\/2026\/01\/2059351.jpg\",\"width\":796,\"height\":448,\"caption\":\"A suspens\u00e3o, que ter\u00e1 in\u00edcio a 21 de Janeiro, n\u00e3o se aplica a candidatos a vistos de n\u00e3o imigrante\"},{\"@type\":\"BreadcrumbList\",\"@id\":\"https:\/\/portaltela.pt\/noticias\/2026\/01\/14\/eua-suspendem-pedidos-de-vistos-de-imigracao-de-cabo-verde\/#breadcrumb\",\"itemListElement\":[{\"@type\":\"ListItem\",\"position\":1,\"name\":\"In\u00edcio\",\"item\":\"https:\/\/portaltela.pt\/\"},{\"@type\":\"ListItem\",\"position\":2,\"name\":\"EUA suspendem pedidos de vistos de imigra\u00e7\u00e3o de Cabo Verde\"}]},{\"@type\":\"WebSite\",\"@id\":\"https:\/\/portaltela.pt\/#website\",\"url\":\"https:\/\/portaltela.pt\/\",\"name\":\"Portal Tela Portugal\",\"description\":\"\",\"potentialAction\":[{\"@type\":\"SearchAction\",\"target\":{\"@type\":\"EntryPoint\",\"urlTemplate\":\"https:\/\/portaltela.pt\/?s={search_term_string}\"},\"query-input\":{\"@type\":\"PropertyValueSpecification\",\"valueRequired\":true,\"valueName\":\"search_term_string\"}}],\"inLanguage\":\"pt-PT\"},{\"@type\":\"Person\",\"@id\":\"https:\/\/portaltela.pt\/#\/schema\/person\/c4278d4a6028830caff9ee44b42d32ed\",\"name\":\"Telinha\",\"image\":{\"@type\":\"ImageObject\",\"inLanguage\":\"pt-PT\",\"@id\":\"https:\/\/portaltela.pt\/s.01k8rhncp4jt1\/2025\/11\/talking-bot-125x125.png\",\"url\":\"https:\/\/portaltela.pt\/s.01k8rhncp4jt1\/2025\/11\/talking-bot-125x125.png\",\"contentUrl\":\"https:\/\/portaltela.pt\/s.01k8rhncp4jt1\/2025\/11\/talking-bot-125x125.png\",\"caption\":\"Telinha\"},\"sameAs\":[\"https:\/\/portaltela.pt\/\"],\"url\":\"https:\/\/portaltela.pt\/por\/367410592786\/\"}]}<\/script>\n<!-- \/ Yoast SEO plugin. -->","yoast_head_json":{"title":"EUA suspendem pedidos de vistos de imigra\u00e7\u00e3o de Cabo Verde - Portal Tela Portugal","robots":{"index":"index","follow":"follow","max-snippet":"max-snippet:-1","max-image-preview":"max-image-preview:large","max-video-preview":"max-video-preview:-1"},"og_locale":"pt_PT","og_type":"article","og_title":"EUA suspendem pedidos de vistos de imigra\u00e7\u00e3o de Cabo Verde - Portal Tela Portugal","og_description":"O Departamento de Estado dos EUA anunciou que Cabo Verde integra uma lista de 75 pa\u00edses cujos pedidos de vistos de imigra\u00e7\u00e3o foram suspensos. A suspens\u00e3o entra em vigor a 21 de janeiro e n\u00e3o se aplica a vistos de n\u00e3o imigrante, como turismo ou neg\u00f3cios. A medida baseia-se numa orienta\u00e7\u00e3o de novembro que tornou mais exigente provar que os imigrantes n\u00e3o ser\u00e3o um encargo p\u00fablico, com novos crit\u00e9rios de avalia\u00e7\u00e3o. Os consulados devem considerar fatores como idade, estado de sa\u00fade, situa\u00e7\u00e3o familiar, finan\u00e7as, educa\u00e7\u00e3o, compet\u00eancias e uso anterior de apoios p\u00fablicos, podendo tamb\u00e9m avaliar a profici\u00eancia em ingl\u00eas por meio de entrevistas. A lista inclui Cabo Verde e outros pa\u00edses, incluindo o Brasil, entre v\u00e1rios da regi\u00e3o.","og_url":"https:\/\/portaltela.pt\/noticias\/2026\/01\/14\/eua-suspendem-pedidos-de-vistos-de-imigracao-de-cabo-verde\/","og_site_name":"Portal Tela Portugal","article_published_time":"2026-01-14T20:33:00+00:00","author":"Telinha","twitter_card":"summary_large_image","twitter_misc":{"Escrito por":"Telinha","Tempo estimado de leitura":"2 minutos"},"schema":{"@context":"https:\/\/schema.org","@graph":[{"@type":"Article","@id":"https:\/\/portaltela.pt\/noticias\/2026\/01\/14\/eua-suspendem-pedidos-de-vistos-de-imigracao-de-cabo-verde\/#article","isPartOf":{"@id":"https:\/\/portaltela.pt\/noticias\/2026\/01\/14\/eua-suspendem-pedidos-de-vistos-de-imigracao-de-cabo-verde\/"},"author":{"name":"Telinha","@id":"https:\/\/portaltela.pt\/#\/schema\/person\/c4278d4a6028830caff9ee44b42d32ed"},"headline":"EUA suspendem pedidos de vistos de imigra\u00e7\u00e3o de Cabo Verde","datePublished":"2026-01-14T20:33:00+00:00","mainEntityOfPage":{"@id":"https:\/\/portaltela.pt\/noticias\/2026\/01\/14\/eua-suspendem-pedidos-de-vistos-de-imigracao-de-cabo-verde\/"},"wordCount":342,"image":{"@id":"https:\/\/portaltela.pt\/noticias\/2026\/01\/14\/eua-suspendem-pedidos-de-vistos-de-imigracao-de-cabo-verde\/#primaryimage"},"thumbnailUrl":"https:\/\/portaltela.pt\/s.01k8rhncp4jt1\/2026\/01\/2059351.jpg","keywords":["emigra\u00e7\u00e3o","Estados Unidos","imigra\u00e7\u00e3o","internacionais","Lei de Estrangeiros","pol\u00edtica"],"articleSection":["Not\u00edcias","Pol\u00edtica"],"inLanguage":"pt-PT"},{"@type":"WebPage","@id":"https:\/\/portaltela.pt\/noticias\/2026\/01\/14\/eua-suspendem-pedidos-de-vistos-de-imigracao-de-cabo-verde\/","url":"https:\/\/portaltela.pt\/noticias\/2026\/01\/14\/eua-suspendem-pedidos-de-vistos-de-imigracao-de-cabo-verde\/","name":"EUA suspendem pedidos de vistos de imigra\u00e7\u00e3o de Cabo Verde - Portal Tela Portugal","isPartOf":{"@id":"https:\/\/portaltela.pt\/#website"},"primaryImageOfPage":{"@id":"https:\/\/portaltela.pt\/noticias\/2026\/01\/14\/eua-suspendem-pedidos-de-vistos-de-imigracao-de-cabo-verde\/#primaryimage"},"image":{"@id":"https:\/\/portaltela.pt\/noticias\/2026\/01\/14\/eua-suspendem-pedidos-de-vistos-de-imigracao-de-cabo-verde\/#primaryimage"},"thumbnailUrl":"https:\/\/portaltela.pt\/s.01k8rhncp4jt1\/2026\/01\/2059351.jpg","datePublished":"2026-01-14T20:33:00+00:00","author":{"@id":"https:\/\/portaltela.pt\/#\/schema\/person\/c4278d4a6028830caff9ee44b42d32ed"},"breadcrumb":{"@id":"https:\/\/portaltela.pt\/noticias\/2026\/01\/14\/eua-suspendem-pedidos-de-vistos-de-imigracao-de-cabo-verde\/#breadcrumb"},"inLanguage":"pt-PT","potentialAction":[{"@type":"ReadAction","target":["https:\/\/portaltela.pt\/noticias\/2026\/01\/14\/eua-suspendem-pedidos-de-vistos-de-imigracao-de-cabo-verde\/"]}]},{"@type":"ImageObject","inLanguage":"pt-PT","@id":"https:\/\/portaltela.pt\/noticias\/2026\/01\/14\/eua-suspendem-pedidos-de-vistos-de-imigracao-de-cabo-verde\/#primaryimage","url":"https:\/\/portaltela.pt\/s.01k8rhncp4jt1\/2026\/01\/2059351.jpg","contentUrl":"https:\/\/portaltela.pt\/s.01k8rhncp4jt1\/2026\/01\/2059351.jpg","width":796,"height":448,"caption":"A suspens\u00e3o, que ter\u00e1 in\u00edcio a 21 de Janeiro, n\u00e3o se aplica a candidatos a vistos de n\u00e3o imigrante"},{"@type":"BreadcrumbList","@id":"https:\/\/portaltela.pt\/noticias\/2026\/01\/14\/eua-suspendem-pedidos-de-vistos-de-imigracao-de-cabo-verde\/#breadcrumb","itemListElement":[{"@type":"ListItem","position":1,"name":"In\u00edcio","item":"https:\/\/portaltela.pt\/"},{"@type":"ListItem","position":2,"name":"EUA suspendem pedidos de vistos de imigra\u00e7\u00e3o de Cabo Verde"}]},{"@type":"WebSite","@id":"https:\/\/portaltela.pt\/#website","url":"https:\/\/portaltela.pt\/","name":"Portal Tela Portugal","description":"","potentialAction":[{"@type":"SearchAction","target":{"@type":"EntryPoint","urlTemplate":"https:\/\/portaltela.pt\/?s={search_term_string}"},"query-input":{"@type":"PropertyValueSpecification","valueRequired":true,"valueName":"search_term_string"}}],"inLanguage":"pt-PT"},{"@type":"Person","@id":"https:\/\/portaltela.pt\/#\/schema\/person\/c4278d4a6028830caff9ee44b42d32ed","name":"Telinha","image":{"@type":"ImageObject","inLanguage":"pt-PT","@id":"https:\/\/portaltela.pt\/s.01k8rhncp4jt1\/2025\/11\/talking-bot-125x125.png","url":"https:\/\/portaltela.pt\/s.01k8rhncp4jt1\/2025\/11\/talking-bot-125x125.png","contentUrl":"https:\/\/portaltela.pt\/s.01k8rhncp4jt1\/2025\/11\/talking-bot-125x125.png","caption":"Telinha"},"sameAs":["https:\/\/portaltela.pt\/"],"url":"https:\/\/portaltela.pt\/por\/367410592786\/"}]}},"_links":{"self":[{"href":"https:\/\/portaltela.pt\/api\/wp\/v2\/posts\/142662","targetHints":{"allow":["GET"]}}],"collection":[{"href":"https:\/\/portaltela.pt\/api\/wp\/v2\/posts"}],"about":[{"href":"https:\/\/portaltela.pt\/api\/wp\/v2\/types\/post"}],"author":[{"embeddable":true,"href":"https:\/\/portaltela.pt\/api\/wp\/v2\/users\/2"}],"replies":[{"embeddable":true,"href":"https:\/\/portaltela.pt\/api\/wp\/v2\/comments?post=142662"}],"version-history":[{"count":0,"href":"https:\/\/portaltela.pt\/api\/wp\/v2\/posts\/142662\/revisions"}],"wp:featuredmedia":[{"embeddable":true,"href":"https:\/\/portaltela.pt\/api\/wp\/v2\/media\/142666"}],"wp:attachment":[{"href":"https:\/\/portaltela.pt\/api\/wp\/v2\/media?parent=142662"}],"wp:term":[{"taxonomy":"category","embeddable":true,"href":"https:\/\/portaltela.pt\/api\/wp\/v2\/categories?post=142662"},{"taxonomy":"post_tag","embeddable":true,"href":"https:\/\/portaltela.pt\/api\/wp\/v2\/tags?post=142662"}],"curies":[{"name":"wp","href":"https:\/\/api.w.org\/{rel}","templated":true}]}}