{"id":142611,"date":"2026-01-14T17:29:01","date_gmt":"2026-01-14T20:29:01","guid":{"rendered":"https:\/\/portaltela.pt\/noticias\/2026\/01\/14\/toni-kroos-duvida-que-barcelona-conquiste-a-champions\/"},"modified":"2026-01-14T17:29:01","modified_gmt":"2026-01-14T20:29:01","slug":"toni-kroos-duvida-que-barcelona-conquiste-a-champions","status":"publish","type":"post","link":"https:\/\/portaltela.pt\/desporto\/futebol\/2026\/01\/14\/toni-kroos-duvida-que-barcelona-conquiste-a-champions\/","title":{"rendered":"Toni Kroos duvida que Barcelona conquiste a Champions"},"content":{"rendered":"<p>Toni Kroos revelou d\u00favidas sobre as hip\u00f3teses de sucesso do Barcelona na Liga dos Campe\u00f5es. O ex-jogador do Real Madrid participou, com o irm\u00e3o Felix, no podcast alem\u00e3o Einfach mal Luppen, numa conversa divulgada recentemente.<\/p>\n<p>Kroos afirmou que, na sua perspetiva, o Bar\u00e7a n\u00e3o vencer\u00e1 qualquer t\u00edtulo internacional, citando riscos elevados. Se Pedri, Lamine Yamal ou Raphinha estiverem num dia menos inspirado, pode haver elimina\u00e7\u00e3o na Champions League.<\/p>\n<p>Ainda assim, o frio cr\u00e9dito ao estilo de jogo dos catal\u00e3es foi destacado. O alem\u00e3o considerou o Barcelona uma das equipas com futebol mais atraente da Europa, elogiando a qualidade do conjunto.<\/p>\n<p>Recordou que enfrentou o Barcelona 28 vezes na carreira, defendendo o Real Madrid, o que refor\u00e7a a sua observa\u00e7\u00e3o sobre a competitividade da equipa. A an\u00e1lise faz parte de uma avalia\u00e7\u00e3o ampla sobre as hip\u00f3teses do clube.<\/p>\n","protected":false},"excerpt":{"rendered":"<ul>\n<li>Toni Kroos, ex-jogador do Real Madrid, afirmou que o Barcelona n\u00e3o vai ganhar t\u00edtulo internacional.<\/li>\n<li>O coment\u00e1rio foi feito no podcast alem\u00e3o \u201cEinfach mal Luppen\u201d, no qual participou com o irm\u00e3o Felix.<\/li>\n<li>Kroos citou que os \u201ccorrem demasiados riscos\u201d e que, se Pedri, Lamine Yamal ou Raphinha estiverem num mau dia, o Barcelona pode ser eliminado na Champions.<\/li>\n<li>Relembrou que enfrentou o Barcelona 28 vezes ao longo da sua carreira.<\/li>\n<li>Ainda assim, elogiou o estilo de jogo dos cul\u00e9s, qualificando-os como uma das equipas com o futebol mais atraente da Europa.<\/li>\n<\/ul>\n","protected":false},"author":2,"featured_media":142634,"comment_status":"closed","ping_status":"closed","sticky":false,"template":"","format":"standard","meta":{"footnotes":""},"categories":[21,24],"tags":[2587,2463,32,2794,2893,2714],"class_list":["post-142611","post","type-post","status-publish","format-standard","has-post-thumbnail","hentry","category-desporto","category-futebol","tag-barcelona","tag-competicao-internacional","tag-futebol","tag-lamine-yamal","tag-raphinha","tag-real-madrid"],"yoast_head":"<!-- This site is optimized with the Yoast SEO plugin v27.2 - https:\/\/yoast.com\/product\/yoast-seo-wordpress\/ -->\n<title>Toni Kroos duvida que Barcelona conquiste a Champions - Portal Tela Portugal<\/title>\n<meta name=\"robots\" content=\"index, follow, max-snippet:-1, max-image-preview:large, max-video-preview:-1\" \/>\n<meta property=\"og:locale\" content=\"pt_PT\" \/>\n<meta property=\"og:type\" content=\"article\" \/>\n<meta property=\"og:title\" content=\"Toni Kroos duvida que Barcelona conquiste a Champions - Portal Tela Portugal\" \/>\n<meta property=\"og:description\" content=\"Toni Kroos, ex-jogador do Real Madrid, afirmou que o Barcelona n\u00e3o vai ganhar t\u00edtulo internacional. O coment\u00e1rio foi feito no podcast alem\u00e3o \u201cEinfach mal Luppen\u201d, no qual participou com o irm\u00e3o Felix. Kroos citou que os \u201ccorrem demasiados riscos\u201d e que, se Pedri, Lamine Yamal ou Raphinha estiverem num mau dia, o Barcelona pode ser eliminado na Champions. Relembrou que enfrentou o Barcelona 28 vezes ao longo da sua carreira. Ainda assim, elogiou o estilo de jogo dos cul\u00e9s, qualificando-os como uma das equipas com o futebol mais atraente da Europa.\" \/>\n<meta property=\"og:url\" content=\"https:\/\/portaltela.pt\/noticias\/2026\/01\/14\/toni-kroos-duvida-que-barcelona-conquiste-a-champions\/\" \/>\n<meta property=\"og:site_name\" content=\"Portal Tela Portugal\" \/>\n<meta property=\"article:published_time\" content=\"2026-01-14T20:29:01+00:00\" \/>\n<meta name=\"author\" content=\"Telinha\" \/>\n<meta name=\"twitter:card\" content=\"summary_large_image\" \/>\n<meta name=\"twitter:label1\" content=\"Escrito por\" \/>\n\t<meta name=\"twitter:data1\" content=\"Telinha\" \/>\n\t<meta name=\"twitter:label2\" content=\"Tempo estimado de leitura\" \/>\n\t<meta name=\"twitter:data2\" content=\"1 minuto\" \/>\n<script type=\"application\/ld+json\" class=\"yoast-schema-graph\">{\"@context\":\"https:\/\/schema.org\",\"@graph\":[{\"@type\":\"Article\",\"@id\":\"https:\/\/portaltela.pt\/noticias\/2026\/01\/14\/toni-kroos-duvida-que-barcelona-conquiste-a-champions\/#article\",\"isPartOf\":{\"@id\":\"https:\/\/portaltela.pt\/noticias\/2026\/01\/14\/toni-kroos-duvida-que-barcelona-conquiste-a-champions\/\"},\"author\":{\"name\":\"Telinha\",\"@id\":\"https:\/\/portaltela.pt\/#\/schema\/person\/c4278d4a6028830caff9ee44b42d32ed\"},\"headline\":\"Toni Kroos duvida que Barcelona conquiste a Champions\",\"datePublished\":\"2026-01-14T20:29:01+00:00\",\"mainEntityOfPage\":{\"@id\":\"https:\/\/portaltela.pt\/noticias\/2026\/01\/14\/toni-kroos-duvida-que-barcelona-conquiste-a-champions\/\"},\"wordCount\":161,\"image\":{\"@id\":\"https:\/\/portaltela.pt\/noticias\/2026\/01\/14\/toni-kroos-duvida-que-barcelona-conquiste-a-champions\/#primaryimage\"},\"thumbnailUrl\":\"https:\/\/portaltela.pt\/s.01k8rhncp4jt1\/2026\/01\/img_920x518uu2026-01-14-20-28-47-2414759-1.jpg\",\"keywords\":[\"Barcelona\",\"competi\u00e7\u00e3o internacional\",\"futebol\",\"Lamine Yamal\",\"Raphinha\",\"Real Madrid\"],\"articleSection\":[\"Desporto\",\"Futebol\"],\"inLanguage\":\"pt-PT\"},{\"@type\":\"WebPage\",\"@id\":\"https:\/\/portaltela.pt\/noticias\/2026\/01\/14\/toni-kroos-duvida-que-barcelona-conquiste-a-champions\/\",\"url\":\"https:\/\/portaltela.pt\/noticias\/2026\/01\/14\/toni-kroos-duvida-que-barcelona-conquiste-a-champions\/\",\"name\":\"Toni Kroos duvida que Barcelona conquiste a Champions - Portal Tela Portugal\",\"isPartOf\":{\"@id\":\"https:\/\/portaltela.pt\/#website\"},\"primaryImageOfPage\":{\"@id\":\"https:\/\/portaltela.pt\/noticias\/2026\/01\/14\/toni-kroos-duvida-que-barcelona-conquiste-a-champions\/#primaryimage\"},\"image\":{\"@id\":\"https:\/\/portaltela.pt\/noticias\/2026\/01\/14\/toni-kroos-duvida-que-barcelona-conquiste-a-champions\/#primaryimage\"},\"thumbnailUrl\":\"https:\/\/portaltela.pt\/s.01k8rhncp4jt1\/2026\/01\/img_920x518uu2026-01-14-20-28-47-2414759-1.jpg\",\"datePublished\":\"2026-01-14T20:29:01+00:00\",\"author\":{\"@id\":\"https:\/\/portaltela.pt\/#\/schema\/person\/c4278d4a6028830caff9ee44b42d32ed\"},\"breadcrumb\":{\"@id\":\"https:\/\/portaltela.pt\/noticias\/2026\/01\/14\/toni-kroos-duvida-que-barcelona-conquiste-a-champions\/#breadcrumb\"},\"inLanguage\":\"pt-PT\",\"potentialAction\":[{\"@type\":\"ReadAction\",\"target\":[\"https:\/\/portaltela.pt\/noticias\/2026\/01\/14\/toni-kroos-duvida-que-barcelona-conquiste-a-champions\/\"]}]},{\"@type\":\"ImageObject\",\"inLanguage\":\"pt-PT\",\"@id\":\"https:\/\/portaltela.pt\/noticias\/2026\/01\/14\/toni-kroos-duvida-que-barcelona-conquiste-a-champions\/#primaryimage\",\"url\":\"https:\/\/portaltela.pt\/s.01k8rhncp4jt1\/2026\/01\/img_920x518uu2026-01-14-20-28-47-2414759-1.jpg\",\"contentUrl\":\"https:\/\/portaltela.pt\/s.01k8rhncp4jt1\/2026\/01\/img_920x518uu2026-01-14-20-28-47-2414759-1.jpg\",\"width\":796,\"height\":448,\"caption\":\"Toni Kroos duvida da conquista da Champions pelo Barcelona\"},{\"@type\":\"BreadcrumbList\",\"@id\":\"https:\/\/portaltela.pt\/noticias\/2026\/01\/14\/toni-kroos-duvida-que-barcelona-conquiste-a-champions\/#breadcrumb\",\"itemListElement\":[{\"@type\":\"ListItem\",\"position\":1,\"name\":\"In\u00edcio\",\"item\":\"https:\/\/portaltela.pt\/\"},{\"@type\":\"ListItem\",\"position\":2,\"name\":\"Toni Kroos duvida que Barcelona conquiste a Champions\"}]},{\"@type\":\"WebSite\",\"@id\":\"https:\/\/portaltela.pt\/#website\",\"url\":\"https:\/\/portaltela.pt\/\",\"name\":\"Portal Tela Portugal\",\"description\":\"\",\"potentialAction\":[{\"@type\":\"SearchAction\",\"target\":{\"@type\":\"EntryPoint\",\"urlTemplate\":\"https:\/\/portaltela.pt\/?s={search_term_string}\"},\"query-input\":{\"@type\":\"PropertyValueSpecification\",\"valueRequired\":true,\"valueName\":\"search_term_string\"}}],\"inLanguage\":\"pt-PT\"},{\"@type\":\"Person\",\"@id\":\"https:\/\/portaltela.pt\/#\/schema\/person\/c4278d4a6028830caff9ee44b42d32ed\",\"name\":\"Telinha\",\"image\":{\"@type\":\"ImageObject\",\"inLanguage\":\"pt-PT\",\"@id\":\"https:\/\/portaltela.pt\/s.01k8rhncp4jt1\/2025\/11\/talking-bot-125x125.png\",\"url\":\"https:\/\/portaltela.pt\/s.01k8rhncp4jt1\/2025\/11\/talking-bot-125x125.png\",\"contentUrl\":\"https:\/\/portaltela.pt\/s.01k8rhncp4jt1\/2025\/11\/talking-bot-125x125.png\",\"caption\":\"Telinha\"},\"sameAs\":[\"https:\/\/portaltela.pt\/\"],\"url\":\"https:\/\/portaltela.pt\/por\/367410592786\/\"}]}<\/script>\n<!-- \/ Yoast SEO plugin. -->","yoast_head_json":{"title":"Toni Kroos duvida que Barcelona conquiste a Champions - Portal Tela Portugal","robots":{"index":"index","follow":"follow","max-snippet":"max-snippet:-1","max-image-preview":"max-image-preview:large","max-video-preview":"max-video-preview:-1"},"og_locale":"pt_PT","og_type":"article","og_title":"Toni Kroos duvida que Barcelona conquiste a Champions - Portal Tela Portugal","og_description":"Toni Kroos, ex-jogador do Real Madrid, afirmou que o Barcelona n\u00e3o vai ganhar t\u00edtulo internacional. O coment\u00e1rio foi feito no podcast alem\u00e3o \u201cEinfach mal Luppen\u201d, no qual participou com o irm\u00e3o Felix. Kroos citou que os \u201ccorrem demasiados riscos\u201d e que, se Pedri, Lamine Yamal ou Raphinha estiverem num mau dia, o Barcelona pode ser eliminado na Champions. Relembrou que enfrentou o Barcelona 28 vezes ao longo da sua carreira. Ainda assim, elogiou o estilo de jogo dos cul\u00e9s, qualificando-os como uma das equipas com o futebol mais atraente da Europa.","og_url":"https:\/\/portaltela.pt\/noticias\/2026\/01\/14\/toni-kroos-duvida-que-barcelona-conquiste-a-champions\/","og_site_name":"Portal Tela Portugal","article_published_time":"2026-01-14T20:29:01+00:00","author":"Telinha","twitter_card":"summary_large_image","twitter_misc":{"Escrito por":"Telinha","Tempo estimado de leitura":"1 minuto"},"schema":{"@context":"https:\/\/schema.org","@graph":[{"@type":"Article","@id":"https:\/\/portaltela.pt\/noticias\/2026\/01\/14\/toni-kroos-duvida-que-barcelona-conquiste-a-champions\/#article","isPartOf":{"@id":"https:\/\/portaltela.pt\/noticias\/2026\/01\/14\/toni-kroos-duvida-que-barcelona-conquiste-a-champions\/"},"author":{"name":"Telinha","@id":"https:\/\/portaltela.pt\/#\/schema\/person\/c4278d4a6028830caff9ee44b42d32ed"},"headline":"Toni Kroos duvida que Barcelona conquiste a Champions","datePublished":"2026-01-14T20:29:01+00:00","mainEntityOfPage":{"@id":"https:\/\/portaltela.pt\/noticias\/2026\/01\/14\/toni-kroos-duvida-que-barcelona-conquiste-a-champions\/"},"wordCount":161,"image":{"@id":"https:\/\/portaltela.pt\/noticias\/2026\/01\/14\/toni-kroos-duvida-que-barcelona-conquiste-a-champions\/#primaryimage"},"thumbnailUrl":"https:\/\/portaltela.pt\/s.01k8rhncp4jt1\/2026\/01\/img_920x518uu2026-01-14-20-28-47-2414759-1.jpg","keywords":["Barcelona","competi\u00e7\u00e3o internacional","futebol","Lamine Yamal","Raphinha","Real Madrid"],"articleSection":["Desporto","Futebol"],"inLanguage":"pt-PT"},{"@type":"WebPage","@id":"https:\/\/portaltela.pt\/noticias\/2026\/01\/14\/toni-kroos-duvida-que-barcelona-conquiste-a-champions\/","url":"https:\/\/portaltela.pt\/noticias\/2026\/01\/14\/toni-kroos-duvida-que-barcelona-conquiste-a-champions\/","name":"Toni Kroos duvida que Barcelona conquiste a Champions - Portal Tela Portugal","isPartOf":{"@id":"https:\/\/portaltela.pt\/#website"},"primaryImageOfPage":{"@id":"https:\/\/portaltela.pt\/noticias\/2026\/01\/14\/toni-kroos-duvida-que-barcelona-conquiste-a-champions\/#primaryimage"},"image":{"@id":"https:\/\/portaltela.pt\/noticias\/2026\/01\/14\/toni-kroos-duvida-que-barcelona-conquiste-a-champions\/#primaryimage"},"thumbnailUrl":"https:\/\/portaltela.pt\/s.01k8rhncp4jt1\/2026\/01\/img_920x518uu2026-01-14-20-28-47-2414759-1.jpg","datePublished":"2026-01-14T20:29:01+00:00","author":{"@id":"https:\/\/portaltela.pt\/#\/schema\/person\/c4278d4a6028830caff9ee44b42d32ed"},"breadcrumb":{"@id":"https:\/\/portaltela.pt\/noticias\/2026\/01\/14\/toni-kroos-duvida-que-barcelona-conquiste-a-champions\/#breadcrumb"},"inLanguage":"pt-PT","potentialAction":[{"@type":"ReadAction","target":["https:\/\/portaltela.pt\/noticias\/2026\/01\/14\/toni-kroos-duvida-que-barcelona-conquiste-a-champions\/"]}]},{"@type":"ImageObject","inLanguage":"pt-PT","@id":"https:\/\/portaltela.pt\/noticias\/2026\/01\/14\/toni-kroos-duvida-que-barcelona-conquiste-a-champions\/#primaryimage","url":"https:\/\/portaltela.pt\/s.01k8rhncp4jt1\/2026\/01\/img_920x518uu2026-01-14-20-28-47-2414759-1.jpg","contentUrl":"https:\/\/portaltela.pt\/s.01k8rhncp4jt1\/2026\/01\/img_920x518uu2026-01-14-20-28-47-2414759-1.jpg","width":796,"height":448,"caption":"Toni Kroos duvida da conquista da Champions pelo Barcelona"},{"@type":"BreadcrumbList","@id":"https:\/\/portaltela.pt\/noticias\/2026\/01\/14\/toni-kroos-duvida-que-barcelona-conquiste-a-champions\/#breadcrumb","itemListElement":[{"@type":"ListItem","position":1,"name":"In\u00edcio","item":"https:\/\/portaltela.pt\/"},{"@type":"ListItem","position":2,"name":"Toni Kroos duvida que Barcelona conquiste a Champions"}]},{"@type":"WebSite","@id":"https:\/\/portaltela.pt\/#website","url":"https:\/\/portaltela.pt\/","name":"Portal Tela Portugal","description":"","potentialAction":[{"@type":"SearchAction","target":{"@type":"EntryPoint","urlTemplate":"https:\/\/portaltela.pt\/?s={search_term_string}"},"query-input":{"@type":"PropertyValueSpecification","valueRequired":true,"valueName":"search_term_string"}}],"inLanguage":"pt-PT"},{"@type":"Person","@id":"https:\/\/portaltela.pt\/#\/schema\/person\/c4278d4a6028830caff9ee44b42d32ed","name":"Telinha","image":{"@type":"ImageObject","inLanguage":"pt-PT","@id":"https:\/\/portaltela.pt\/s.01k8rhncp4jt1\/2025\/11\/talking-bot-125x125.png","url":"https:\/\/portaltela.pt\/s.01k8rhncp4jt1\/2025\/11\/talking-bot-125x125.png","contentUrl":"https:\/\/portaltela.pt\/s.01k8rhncp4jt1\/2025\/11\/talking-bot-125x125.png","caption":"Telinha"},"sameAs":["https:\/\/portaltela.pt\/"],"url":"https:\/\/portaltela.pt\/por\/367410592786\/"}]}},"_links":{"self":[{"href":"https:\/\/portaltela.pt\/api\/wp\/v2\/posts\/142611","targetHints":{"allow":["GET"]}}],"collection":[{"href":"https:\/\/portaltela.pt\/api\/wp\/v2\/posts"}],"about":[{"href":"https:\/\/portaltela.pt\/api\/wp\/v2\/types\/post"}],"author":[{"embeddable":true,"href":"https:\/\/portaltela.pt\/api\/wp\/v2\/users\/2"}],"replies":[{"embeddable":true,"href":"https:\/\/portaltela.pt\/api\/wp\/v2\/comments?post=142611"}],"version-history":[{"count":0,"href":"https:\/\/portaltela.pt\/api\/wp\/v2\/posts\/142611\/revisions"}],"wp:featuredmedia":[{"embeddable":true,"href":"https:\/\/portaltela.pt\/api\/wp\/v2\/media\/142634"}],"wp:attachment":[{"href":"https:\/\/portaltela.pt\/api\/wp\/v2\/media?parent=142611"}],"wp:term":[{"taxonomy":"category","embeddable":true,"href":"https:\/\/portaltela.pt\/api\/wp\/v2\/categories?post=142611"},{"taxonomy":"post_tag","embeddable":true,"href":"https:\/\/portaltela.pt\/api\/wp\/v2\/tags?post=142611"}],"curies":[{"name":"wp","href":"https:\/\/api.w.org\/{rel}","templated":true}]}}