{"id":142395,"date":"2026-01-14T16:21:00","date_gmt":"2026-01-14T19:21:00","guid":{"rendered":"https:\/\/portaltela.pt\/noticias\/2026\/01\/14\/acusados-de-gerir-rede-de-prostituicao-mantem-silencio\/"},"modified":"2026-01-14T16:21:00","modified_gmt":"2026-01-14T19:21:00","slug":"acusados-de-gerir-rede-de-prostituicao-mantem-silencio","status":"publish","type":"post","link":"https:\/\/portaltela.pt\/noticias\/2026\/01\/14\/acusados-de-gerir-rede-de-prostituicao-mantem-silencio\/","title":{"rendered":"Acusados de gerir rede de prostitui\u00e7\u00e3o mant\u00eam sil\u00eancio"},"content":{"rendered":"<p>Sete arguidos e uma empresa acusados de recrutar mulheres para se prostitu\u00edrem num estabelecimento em Vila do Conde n\u00e3o responderam aos interrogat\u00f3rios na primeira sess\u00e3o do julgamento, que arrancou em Matosinhos. Os crimes apontados incluem aux\u00edlio \u00e0 imigra\u00e7\u00e3o ilegal, angaria\u00e7\u00e3o de m\u00e3o-de-obra ilegal, lenoc\u00ednio e branqueamento de capitais.<\/p>\n<p>Na sess\u00e3o, apenas um dos arguidos, propriet\u00e1rio do bar, prestou depoimento. O MP sustenta que, entre 2015 e julho de 2019, dois arguidos recrutaram mulheres para prostitui\u00e7\u00e3o e alternaram servi\u00e7os, com uma percentagem do faturado a ficar com eles. O espa\u00e7o privado era usado para o striptease, segundo o depoimento.<\/p>\n<p>Segundo o arguido que falou, as entradas nos espa\u00e7os privados tinham custo de 30 euros. As mulheres recebiam comiss\u00f5es pelos consumos de bebidas dos clientes. Questionado sobre a legalidade das alunas, o testemunho indicou que n\u00e3o sabia se estavam legais ou ilegais e que n\u00e3o cabia perguntar.<\/p>\n<p>O mesmo arguido afirmou ainda que os 500 mil euros encontrados na sua casa correspondiam ao seu trabalho, alegando que n\u00e3o recorreu a bancos porque o dinheiro n\u00e3o estava declarado. A defesa sustenta que o montante representa a sua vida financeira e o investimento no neg\u00f3cio.<\/p>\n<p>De acordo com a investiga\u00e7\u00e3o, os arguidos procuravam sobretudo mulheres de nacionalidade estrangeira, especialmente sul-americanas, em situa\u00e7\u00e3o de car\u00eancia econ\u00f3mica e sem suporte familiar. Alega-se que exploravam a precariedade e o isolamento para manter o segredo da atividade.<\/p>\n<p>O MP aponta que os arguidos garantiam alojamento e transporte das mulheres para o clube. Durante fiscaliza\u00e7\u00f5es em 2017, 2018 e 2019, foram encontradas 116 mulheres, 37 delas em situa\u00e7\u00e3o irregular, segundo a acusa\u00e7\u00e3o.<\/p>\n<p>Conforme nota da Procuradoria-Geral Regional do Porto, de janeiro de 2025, na resid\u00eancia do principal gestor foram apreendidos mais de 550 mil euros, al\u00e9m de bens usados na pr\u00e1tica criminosa. Outras quantias e objetos relacionadas com a atividade criminosa tamb\u00e9m foram apreendidos aos restantes arguidos.<\/p>\n<p>A continua\u00e7\u00e3o do julgamento est\u00e1 marcada para o dia 21.<\/p>\n","protected":false},"excerpt":{"rendered":"<ul>\n<li>Sete arguidos e uma empresa s\u00e3o acusados de angaria\u00e7\u00e3o de m\u00e3o-de-obra ilegal, aux\u00edlio \u00e0 imigra\u00e7\u00e3o ilegal, lenoc\u00ednio e branqueamento de capitais, relacionados com um bar em Vila do Conde, no distrito do Porto, alvo de julgamento em Matosinhos.<\/li>\n<li>Na primeira sess\u00e3o, nenhum arguido declarou; o dono do bar afirmou que as mulheres iam e vinham para o alterne mediante 30 euros, e que os espa\u00e7os privados serviam para striptease.<\/li>\n<li>O Minist\u00e9rio P\u00fablico sustenta que, entre 2015 e julho de 2019, dois arguidos recrutaram mulheres estrangeiras, em especial sul-americanas, com a promessa de trabalho, alojamento e transporte para o clube.<\/li>\n<li>Segundo a investiga\u00e7\u00e3o, foram localizadas 116 mulheres, 37 em situa\u00e7\u00e3o irregular; na resid\u00eancia do principal gestor foram apreendidos mais de 550 mil euros, al\u00e9m de outros bens usados na atividade criminosa.<\/li>\n<li>A continua\u00e7\u00e3o do julgamento est\u00e1 marcada para o dia 21.<\/li>\n<\/ul>\n","protected":false},"author":2,"featured_media":142402,"comment_status":"closed","ping_status":"closed","sticky":false,"template":"","format":"standard","meta":{"footnotes":""},"categories":[1],"tags":[643,1203,191,147,3141,982],"class_list":["post-142395","post","type-post","status-publish","format-standard","has-post-thumbnail","hentry","category-noticias","tag-angariacao-de-mao-de-obra-ilegal","tag-auxilio-a-imigracao-ilegal","tag-branqueamento-de-capitais","tag-crime","tag-lenocinio","tag-porto"],"yoast_head":"<!-- This site is optimized with the Yoast SEO plugin v27.2 - https:\/\/yoast.com\/product\/yoast-seo-wordpress\/ -->\n<title>Acusados de gerir rede de prostitui\u00e7\u00e3o mant\u00eam sil\u00eancio - Portal Tela Portugal<\/title>\n<meta name=\"robots\" content=\"index, follow, max-snippet:-1, max-image-preview:large, max-video-preview:-1\" \/>\n<meta property=\"og:locale\" content=\"pt_PT\" \/>\n<meta property=\"og:type\" content=\"article\" \/>\n<meta property=\"og:title\" content=\"Acusados de gerir rede de prostitui\u00e7\u00e3o mant\u00eam sil\u00eancio - Portal Tela Portugal\" \/>\n<meta property=\"og:description\" content=\"Sete arguidos e uma empresa s\u00e3o acusados de angaria\u00e7\u00e3o de m\u00e3o-de-obra ilegal, aux\u00edlio \u00e0 imigra\u00e7\u00e3o ilegal, lenoc\u00ednio e branqueamento de capitais, relacionados com um bar em Vila do Conde, no distrito do Porto, alvo de julgamento em Matosinhos. Na primeira sess\u00e3o, nenhum arguido declarou; o dono do bar afirmou que as mulheres iam e vinham para o alterne mediante 30 euros, e que os espa\u00e7os privados serviam para striptease. O Minist\u00e9rio P\u00fablico sustenta que, entre 2015 e julho de 2019, dois arguidos recrutaram mulheres estrangeiras, em especial sul-americanas, com a promessa de trabalho, alojamento e transporte para o clube. Segundo a investiga\u00e7\u00e3o, foram localizadas 116 mulheres, 37 em situa\u00e7\u00e3o irregular; na resid\u00eancia do principal gestor foram apreendidos mais de 550 mil euros, al\u00e9m de outros bens usados na atividade criminosa. A continua\u00e7\u00e3o do julgamento est\u00e1 marcada para o dia 21.\" \/>\n<meta property=\"og:url\" content=\"https:\/\/portaltela.pt\/noticias\/2026\/01\/14\/acusados-de-gerir-rede-de-prostituicao-mantem-silencio\/\" \/>\n<meta property=\"og:site_name\" content=\"Portal Tela Portugal\" \/>\n<meta property=\"article:published_time\" content=\"2026-01-14T19:21:00+00:00\" \/>\n<meta name=\"author\" content=\"Telinha\" \/>\n<meta name=\"twitter:card\" content=\"summary_large_image\" \/>\n<meta name=\"twitter:label1\" content=\"Escrito por\" \/>\n\t<meta name=\"twitter:data1\" content=\"Telinha\" \/>\n\t<meta name=\"twitter:label2\" content=\"Tempo estimado de leitura\" \/>\n\t<meta name=\"twitter:data2\" content=\"2 minutos\" \/>\n<script type=\"application\/ld+json\" class=\"yoast-schema-graph\">{\"@context\":\"https:\/\/schema.org\",\"@graph\":[{\"@type\":\"Article\",\"@id\":\"https:\/\/portaltela.pt\/noticias\/2026\/01\/14\/acusados-de-gerir-rede-de-prostituicao-mantem-silencio\/#article\",\"isPartOf\":{\"@id\":\"https:\/\/portaltela.pt\/noticias\/2026\/01\/14\/acusados-de-gerir-rede-de-prostituicao-mantem-silencio\/\"},\"author\":{\"name\":\"Telinha\",\"@id\":\"https:\/\/portaltela.pt\/#\/schema\/person\/c4278d4a6028830caff9ee44b42d32ed\"},\"headline\":\"Acusados de gerir rede de prostitui\u00e7\u00e3o mant\u00eam sil\u00eancio\",\"datePublished\":\"2026-01-14T19:21:00+00:00\",\"mainEntityOfPage\":{\"@id\":\"https:\/\/portaltela.pt\/noticias\/2026\/01\/14\/acusados-de-gerir-rede-de-prostituicao-mantem-silencio\/\"},\"wordCount\":349,\"image\":{\"@id\":\"https:\/\/portaltela.pt\/noticias\/2026\/01\/14\/acusados-de-gerir-rede-de-prostituicao-mantem-silencio\/#primaryimage\"},\"thumbnailUrl\":\"https:\/\/portaltela.pt\/s.01k8rhncp4jt1\/2026\/01\/andreVentura_outline_cor-108.jpg\",\"keywords\":[\"angaria\u00e7\u00e3o de m\u00e3o de obra ilegal\",\"aux\u00edlio \u00e0 imigra\u00e7\u00e3o ilegal\",\"branqueamento de capitais\",\"crime\",\"lenoc\u00ednio\",\"Porto\"],\"articleSection\":[\"Not\u00edcias\"],\"inLanguage\":\"pt-PT\"},{\"@type\":\"WebPage\",\"@id\":\"https:\/\/portaltela.pt\/noticias\/2026\/01\/14\/acusados-de-gerir-rede-de-prostituicao-mantem-silencio\/\",\"url\":\"https:\/\/portaltela.pt\/noticias\/2026\/01\/14\/acusados-de-gerir-rede-de-prostituicao-mantem-silencio\/\",\"name\":\"Acusados de gerir rede de prostitui\u00e7\u00e3o mant\u00eam sil\u00eancio - Portal Tela Portugal\",\"isPartOf\":{\"@id\":\"https:\/\/portaltela.pt\/#website\"},\"primaryImageOfPage\":{\"@id\":\"https:\/\/portaltela.pt\/noticias\/2026\/01\/14\/acusados-de-gerir-rede-de-prostituicao-mantem-silencio\/#primaryimage\"},\"image\":{\"@id\":\"https:\/\/portaltela.pt\/noticias\/2026\/01\/14\/acusados-de-gerir-rede-de-prostituicao-mantem-silencio\/#primaryimage\"},\"thumbnailUrl\":\"https:\/\/portaltela.pt\/s.01k8rhncp4jt1\/2026\/01\/andreVentura_outline_cor-108.jpg\",\"datePublished\":\"2026-01-14T19:21:00+00:00\",\"author\":{\"@id\":\"https:\/\/portaltela.pt\/#\/schema\/person\/c4278d4a6028830caff9ee44b42d32ed\"},\"breadcrumb\":{\"@id\":\"https:\/\/portaltela.pt\/noticias\/2026\/01\/14\/acusados-de-gerir-rede-de-prostituicao-mantem-silencio\/#breadcrumb\"},\"inLanguage\":\"pt-PT\",\"potentialAction\":[{\"@type\":\"ReadAction\",\"target\":[\"https:\/\/portaltela.pt\/noticias\/2026\/01\/14\/acusados-de-gerir-rede-de-prostituicao-mantem-silencio\/\"]}]},{\"@type\":\"ImageObject\",\"inLanguage\":\"pt-PT\",\"@id\":\"https:\/\/portaltela.pt\/noticias\/2026\/01\/14\/acusados-de-gerir-rede-de-prostituicao-mantem-silencio\/#primaryimage\",\"url\":\"https:\/\/portaltela.pt\/s.01k8rhncp4jt1\/2026\/01\/andreVentura_outline_cor-108.jpg\",\"contentUrl\":\"https:\/\/portaltela.pt\/s.01k8rhncp4jt1\/2026\/01\/andreVentura_outline_cor-108.jpg\",\"width\":796,\"height\":448,\"caption\":\"Photo\"},{\"@type\":\"BreadcrumbList\",\"@id\":\"https:\/\/portaltela.pt\/noticias\/2026\/01\/14\/acusados-de-gerir-rede-de-prostituicao-mantem-silencio\/#breadcrumb\",\"itemListElement\":[{\"@type\":\"ListItem\",\"position\":1,\"name\":\"In\u00edcio\",\"item\":\"https:\/\/portaltela.pt\/\"},{\"@type\":\"ListItem\",\"position\":2,\"name\":\"Acusados de gerir rede de prostitui\u00e7\u00e3o mant\u00eam sil\u00eancio\"}]},{\"@type\":\"WebSite\",\"@id\":\"https:\/\/portaltela.pt\/#website\",\"url\":\"https:\/\/portaltela.pt\/\",\"name\":\"Portal Tela Portugal\",\"description\":\"\",\"potentialAction\":[{\"@type\":\"SearchAction\",\"target\":{\"@type\":\"EntryPoint\",\"urlTemplate\":\"https:\/\/portaltela.pt\/?s={search_term_string}\"},\"query-input\":{\"@type\":\"PropertyValueSpecification\",\"valueRequired\":true,\"valueName\":\"search_term_string\"}}],\"inLanguage\":\"pt-PT\"},{\"@type\":\"Person\",\"@id\":\"https:\/\/portaltela.pt\/#\/schema\/person\/c4278d4a6028830caff9ee44b42d32ed\",\"name\":\"Telinha\",\"image\":{\"@type\":\"ImageObject\",\"inLanguage\":\"pt-PT\",\"@id\":\"https:\/\/portaltela.pt\/s.01k8rhncp4jt1\/2025\/11\/talking-bot-125x125.png\",\"url\":\"https:\/\/portaltela.pt\/s.01k8rhncp4jt1\/2025\/11\/talking-bot-125x125.png\",\"contentUrl\":\"https:\/\/portaltela.pt\/s.01k8rhncp4jt1\/2025\/11\/talking-bot-125x125.png\",\"caption\":\"Telinha\"},\"sameAs\":[\"https:\/\/portaltela.pt\/\"],\"url\":\"https:\/\/portaltela.pt\/por\/367410592786\/\"}]}<\/script>\n<!-- \/ Yoast SEO plugin. -->","yoast_head_json":{"title":"Acusados de gerir rede de prostitui\u00e7\u00e3o mant\u00eam sil\u00eancio - Portal Tela Portugal","robots":{"index":"index","follow":"follow","max-snippet":"max-snippet:-1","max-image-preview":"max-image-preview:large","max-video-preview":"max-video-preview:-1"},"og_locale":"pt_PT","og_type":"article","og_title":"Acusados de gerir rede de prostitui\u00e7\u00e3o mant\u00eam sil\u00eancio - Portal Tela Portugal","og_description":"Sete arguidos e uma empresa s\u00e3o acusados de angaria\u00e7\u00e3o de m\u00e3o-de-obra ilegal, aux\u00edlio \u00e0 imigra\u00e7\u00e3o ilegal, lenoc\u00ednio e branqueamento de capitais, relacionados com um bar em Vila do Conde, no distrito do Porto, alvo de julgamento em Matosinhos. Na primeira sess\u00e3o, nenhum arguido declarou; o dono do bar afirmou que as mulheres iam e vinham para o alterne mediante 30 euros, e que os espa\u00e7os privados serviam para striptease. O Minist\u00e9rio P\u00fablico sustenta que, entre 2015 e julho de 2019, dois arguidos recrutaram mulheres estrangeiras, em especial sul-americanas, com a promessa de trabalho, alojamento e transporte para o clube. Segundo a investiga\u00e7\u00e3o, foram localizadas 116 mulheres, 37 em situa\u00e7\u00e3o irregular; na resid\u00eancia do principal gestor foram apreendidos mais de 550 mil euros, al\u00e9m de outros bens usados na atividade criminosa. A continua\u00e7\u00e3o do julgamento est\u00e1 marcada para o dia 21.","og_url":"https:\/\/portaltela.pt\/noticias\/2026\/01\/14\/acusados-de-gerir-rede-de-prostituicao-mantem-silencio\/","og_site_name":"Portal Tela Portugal","article_published_time":"2026-01-14T19:21:00+00:00","author":"Telinha","twitter_card":"summary_large_image","twitter_misc":{"Escrito por":"Telinha","Tempo estimado de leitura":"2 minutos"},"schema":{"@context":"https:\/\/schema.org","@graph":[{"@type":"Article","@id":"https:\/\/portaltela.pt\/noticias\/2026\/01\/14\/acusados-de-gerir-rede-de-prostituicao-mantem-silencio\/#article","isPartOf":{"@id":"https:\/\/portaltela.pt\/noticias\/2026\/01\/14\/acusados-de-gerir-rede-de-prostituicao-mantem-silencio\/"},"author":{"name":"Telinha","@id":"https:\/\/portaltela.pt\/#\/schema\/person\/c4278d4a6028830caff9ee44b42d32ed"},"headline":"Acusados de gerir rede de prostitui\u00e7\u00e3o mant\u00eam sil\u00eancio","datePublished":"2026-01-14T19:21:00+00:00","mainEntityOfPage":{"@id":"https:\/\/portaltela.pt\/noticias\/2026\/01\/14\/acusados-de-gerir-rede-de-prostituicao-mantem-silencio\/"},"wordCount":349,"image":{"@id":"https:\/\/portaltela.pt\/noticias\/2026\/01\/14\/acusados-de-gerir-rede-de-prostituicao-mantem-silencio\/#primaryimage"},"thumbnailUrl":"https:\/\/portaltela.pt\/s.01k8rhncp4jt1\/2026\/01\/andreVentura_outline_cor-108.jpg","keywords":["angaria\u00e7\u00e3o de m\u00e3o de obra ilegal","aux\u00edlio \u00e0 imigra\u00e7\u00e3o ilegal","branqueamento de capitais","crime","lenoc\u00ednio","Porto"],"articleSection":["Not\u00edcias"],"inLanguage":"pt-PT"},{"@type":"WebPage","@id":"https:\/\/portaltela.pt\/noticias\/2026\/01\/14\/acusados-de-gerir-rede-de-prostituicao-mantem-silencio\/","url":"https:\/\/portaltela.pt\/noticias\/2026\/01\/14\/acusados-de-gerir-rede-de-prostituicao-mantem-silencio\/","name":"Acusados de gerir rede de prostitui\u00e7\u00e3o mant\u00eam sil\u00eancio - Portal Tela Portugal","isPartOf":{"@id":"https:\/\/portaltela.pt\/#website"},"primaryImageOfPage":{"@id":"https:\/\/portaltela.pt\/noticias\/2026\/01\/14\/acusados-de-gerir-rede-de-prostituicao-mantem-silencio\/#primaryimage"},"image":{"@id":"https:\/\/portaltela.pt\/noticias\/2026\/01\/14\/acusados-de-gerir-rede-de-prostituicao-mantem-silencio\/#primaryimage"},"thumbnailUrl":"https:\/\/portaltela.pt\/s.01k8rhncp4jt1\/2026\/01\/andreVentura_outline_cor-108.jpg","datePublished":"2026-01-14T19:21:00+00:00","author":{"@id":"https:\/\/portaltela.pt\/#\/schema\/person\/c4278d4a6028830caff9ee44b42d32ed"},"breadcrumb":{"@id":"https:\/\/portaltela.pt\/noticias\/2026\/01\/14\/acusados-de-gerir-rede-de-prostituicao-mantem-silencio\/#breadcrumb"},"inLanguage":"pt-PT","potentialAction":[{"@type":"ReadAction","target":["https:\/\/portaltela.pt\/noticias\/2026\/01\/14\/acusados-de-gerir-rede-de-prostituicao-mantem-silencio\/"]}]},{"@type":"ImageObject","inLanguage":"pt-PT","@id":"https:\/\/portaltela.pt\/noticias\/2026\/01\/14\/acusados-de-gerir-rede-de-prostituicao-mantem-silencio\/#primaryimage","url":"https:\/\/portaltela.pt\/s.01k8rhncp4jt1\/2026\/01\/andreVentura_outline_cor-108.jpg","contentUrl":"https:\/\/portaltela.pt\/s.01k8rhncp4jt1\/2026\/01\/andreVentura_outline_cor-108.jpg","width":796,"height":448,"caption":"Photo"},{"@type":"BreadcrumbList","@id":"https:\/\/portaltela.pt\/noticias\/2026\/01\/14\/acusados-de-gerir-rede-de-prostituicao-mantem-silencio\/#breadcrumb","itemListElement":[{"@type":"ListItem","position":1,"name":"In\u00edcio","item":"https:\/\/portaltela.pt\/"},{"@type":"ListItem","position":2,"name":"Acusados de gerir rede de prostitui\u00e7\u00e3o mant\u00eam sil\u00eancio"}]},{"@type":"WebSite","@id":"https:\/\/portaltela.pt\/#website","url":"https:\/\/portaltela.pt\/","name":"Portal Tela Portugal","description":"","potentialAction":[{"@type":"SearchAction","target":{"@type":"EntryPoint","urlTemplate":"https:\/\/portaltela.pt\/?s={search_term_string}"},"query-input":{"@type":"PropertyValueSpecification","valueRequired":true,"valueName":"search_term_string"}}],"inLanguage":"pt-PT"},{"@type":"Person","@id":"https:\/\/portaltela.pt\/#\/schema\/person\/c4278d4a6028830caff9ee44b42d32ed","name":"Telinha","image":{"@type":"ImageObject","inLanguage":"pt-PT","@id":"https:\/\/portaltela.pt\/s.01k8rhncp4jt1\/2025\/11\/talking-bot-125x125.png","url":"https:\/\/portaltela.pt\/s.01k8rhncp4jt1\/2025\/11\/talking-bot-125x125.png","contentUrl":"https:\/\/portaltela.pt\/s.01k8rhncp4jt1\/2025\/11\/talking-bot-125x125.png","caption":"Telinha"},"sameAs":["https:\/\/portaltela.pt\/"],"url":"https:\/\/portaltela.pt\/por\/367410592786\/"}]}},"_links":{"self":[{"href":"https:\/\/portaltela.pt\/api\/wp\/v2\/posts\/142395","targetHints":{"allow":["GET"]}}],"collection":[{"href":"https:\/\/portaltela.pt\/api\/wp\/v2\/posts"}],"about":[{"href":"https:\/\/portaltela.pt\/api\/wp\/v2\/types\/post"}],"author":[{"embeddable":true,"href":"https:\/\/portaltela.pt\/api\/wp\/v2\/users\/2"}],"replies":[{"embeddable":true,"href":"https:\/\/portaltela.pt\/api\/wp\/v2\/comments?post=142395"}],"version-history":[{"count":0,"href":"https:\/\/portaltela.pt\/api\/wp\/v2\/posts\/142395\/revisions"}],"wp:featuredmedia":[{"embeddable":true,"href":"https:\/\/portaltela.pt\/api\/wp\/v2\/media\/142402"}],"wp:attachment":[{"href":"https:\/\/portaltela.pt\/api\/wp\/v2\/media?parent=142395"}],"wp:term":[{"taxonomy":"category","embeddable":true,"href":"https:\/\/portaltela.pt\/api\/wp\/v2\/categories?post=142395"},{"taxonomy":"post_tag","embeddable":true,"href":"https:\/\/portaltela.pt\/api\/wp\/v2\/tags?post=142395"}],"curies":[{"name":"wp","href":"https:\/\/api.w.org\/{rel}","templated":true}]}}