{"id":142375,"date":"2026-01-14T16:06:00","date_gmt":"2026-01-14T19:06:00","guid":{"rendered":"https:\/\/portaltela.pt\/noticias\/2026\/01\/14\/queda-no-dakar-piloto-espanhol-fratura-o-pe-apos-voo-incrivel\/"},"modified":"2026-01-14T16:06:00","modified_gmt":"2026-01-14T19:06:00","slug":"queda-no-dakar-piloto-espanhol-fratura-o-pe-apos-voo-incrivel","status":"publish","type":"post","link":"https:\/\/portaltela.pt\/desporto\/2026\/01\/14\/queda-no-dakar-piloto-espanhol-fratura-o-pe-apos-voo-incrivel\/","title":{"rendered":"Queda no Dakar: piloto espanhol fratura o p\u00e9 ap\u00f3s voo incr\u00edvel"},"content":{"rendered":"<p>Durante a etapa desta edi\u00e7\u00e3o do Dakar, Arnau Lled\u00f3, piloto espanhol de 23 anos, sofreu uma queda violenta. O impacto provocou uma fratura no p\u00e9, levando \u00e0 evacua\u00e7\u00e3o de helic\u00f3ptero para assist\u00eancia m\u00e9dica.<\/p>\n<p>O acidente interrompeu a participa\u00e7\u00e3o do piloto na prova. A equipa m\u00e9dica prestou os primeiros socorros no local e o transporte foi feito por via a\u00e9rea. N\u00e3o h\u00e1 ainda detalhes oficiais sobre as causas.<\/p>\n<p>Lled\u00f3, que disputava a etapa pelo Dakar, fica de fora da corrida ap\u00f3s o incidente. A organiza\u00e7\u00e3o da prova n\u00e3o divulgou um parecer definitivo sobre o acidente, e n\u00e3o foram confirmadas informa\u00e7\u00f5es adicionais sobre o estado de sa\u00fade do atleta.<\/p>\n<h3>Estado do piloto e seguir da prova<\/h3>\n<p>A equipa n\u00e3o confirmou pormenores adicionais sobre o estado de sa\u00fade de Lled\u00f3 ou sobre a continuidade da participa\u00e7\u00e3o na edi\u00e7\u00e3o em curso. A prova segue com os restantes pilotos e equipas em competi\u00e7\u00e3o.<\/p>\n","protected":false},"excerpt":{"rendered":"<ul>\n<li>Durante a etapa de hoje do Dakar, Arnau Lled\u00f3 sofreu uma queda violenta.<\/li>\n<li>O piloto espanhol, de 23 anos, sofreu uma fratura no p\u00e9.<\/li>\n<li>Foi assistido no local e posteriormente evacuado de helic\u00f3ptero.<\/li>\n<li>O incidente ficou marcado como um dos momentos mais duros do dia na prova.<\/li>\n<li>A queda levou \u00e0 sa\u00edda de cena de Lled\u00f3 da competi\u00e7\u00e3o.<\/li>\n<\/ul>\n","protected":false},"author":2,"featured_media":142381,"comment_status":"closed","ping_status":"closed","sticky":false,"template":"","format":"standard","meta":{"footnotes":""},"categories":[21],"tags":[2088,2335,152,2619,2938,3135],"class_list":["post-142375","post","type-post","status-publish","format-standard","has-post-thumbnail","hentry","category-desporto","tag-acidente-de-viacao","tag-acidentes-rodoviarios","tag-desporto","tag-desportos-internacionais","tag-evacuacao","tag-rally2"],"yoast_head":"<!-- This site is optimized with the Yoast SEO plugin v27.2 - https:\/\/yoast.com\/product\/yoast-seo-wordpress\/ -->\n<title>Queda no Dakar: piloto espanhol fratura o p\u00e9 ap\u00f3s voo incr\u00edvel - Portal Tela Portugal<\/title>\n<meta name=\"robots\" content=\"index, follow, max-snippet:-1, max-image-preview:large, max-video-preview:-1\" \/>\n<meta property=\"og:locale\" content=\"pt_PT\" \/>\n<meta property=\"og:type\" content=\"article\" \/>\n<meta property=\"og:title\" content=\"Queda no Dakar: piloto espanhol fratura o p\u00e9 ap\u00f3s voo incr\u00edvel - Portal Tela Portugal\" \/>\n<meta property=\"og:description\" content=\"Durante a etapa de hoje do Dakar, Arnau Lled\u00f3 sofreu uma queda violenta. O piloto espanhol, de 23 anos, sofreu uma fratura no p\u00e9. Foi assistido no local e posteriormente evacuado de helic\u00f3ptero. O incidente ficou marcado como um dos momentos mais duros do dia na prova. A queda levou \u00e0 sa\u00edda de cena de Lled\u00f3 da competi\u00e7\u00e3o.\" \/>\n<meta property=\"og:url\" content=\"https:\/\/portaltela.pt\/noticias\/2026\/01\/14\/queda-no-dakar-piloto-espanhol-fratura-o-pe-apos-voo-incrivel\/\" \/>\n<meta property=\"og:site_name\" content=\"Portal Tela Portugal\" \/>\n<meta property=\"article:published_time\" content=\"2026-01-14T19:06:00+00:00\" \/>\n<meta name=\"author\" content=\"Telinha\" \/>\n<meta name=\"twitter:card\" content=\"summary_large_image\" \/>\n<meta name=\"twitter:label1\" content=\"Escrito por\" \/>\n\t<meta name=\"twitter:data1\" content=\"Telinha\" \/>\n\t<meta name=\"twitter:label2\" content=\"Tempo estimado de leitura\" \/>\n\t<meta name=\"twitter:data2\" content=\"1 minuto\" \/>\n<script type=\"application\/ld+json\" class=\"yoast-schema-graph\">{\"@context\":\"https:\/\/schema.org\",\"@graph\":[{\"@type\":\"Article\",\"@id\":\"https:\/\/portaltela.pt\/noticias\/2026\/01\/14\/queda-no-dakar-piloto-espanhol-fratura-o-pe-apos-voo-incrivel\/#article\",\"isPartOf\":{\"@id\":\"https:\/\/portaltela.pt\/noticias\/2026\/01\/14\/queda-no-dakar-piloto-espanhol-fratura-o-pe-apos-voo-incrivel\/\"},\"author\":{\"name\":\"Telinha\",\"@id\":\"https:\/\/portaltela.pt\/#\/schema\/person\/c4278d4a6028830caff9ee44b42d32ed\"},\"headline\":\"Queda no Dakar: piloto espanhol fratura o p\u00e9 ap\u00f3s voo incr\u00edvel\",\"datePublished\":\"2026-01-14T19:06:00+00:00\",\"mainEntityOfPage\":{\"@id\":\"https:\/\/portaltela.pt\/noticias\/2026\/01\/14\/queda-no-dakar-piloto-espanhol-fratura-o-pe-apos-voo-incrivel\/\"},\"wordCount\":179,\"image\":{\"@id\":\"https:\/\/portaltela.pt\/noticias\/2026\/01\/14\/queda-no-dakar-piloto-espanhol-fratura-o-pe-apos-voo-incrivel\/#primaryimage\"},\"thumbnailUrl\":\"https:\/\/portaltela.pt\/s.01k8rhncp4jt1\/2026\/01\/img_1200x721uu2026-01-14-19-08-26-2414729-1.jpg\",\"keywords\":[\"acidente de via\u00e7\u00e3o\",\"acidentes rodovi\u00e1rios\",\"desporto\",\"desportos internacionais\",\"evacua\u00e7\u00e3o\",\"Rally2\"],\"articleSection\":[\"Desporto\"],\"inLanguage\":\"pt-PT\"},{\"@type\":\"WebPage\",\"@id\":\"https:\/\/portaltela.pt\/noticias\/2026\/01\/14\/queda-no-dakar-piloto-espanhol-fratura-o-pe-apos-voo-incrivel\/\",\"url\":\"https:\/\/portaltela.pt\/noticias\/2026\/01\/14\/queda-no-dakar-piloto-espanhol-fratura-o-pe-apos-voo-incrivel\/\",\"name\":\"Queda no Dakar: piloto espanhol fratura o p\u00e9 ap\u00f3s voo incr\u00edvel - Portal Tela Portugal\",\"isPartOf\":{\"@id\":\"https:\/\/portaltela.pt\/#website\"},\"primaryImageOfPage\":{\"@id\":\"https:\/\/portaltela.pt\/noticias\/2026\/01\/14\/queda-no-dakar-piloto-espanhol-fratura-o-pe-apos-voo-incrivel\/#primaryimage\"},\"image\":{\"@id\":\"https:\/\/portaltela.pt\/noticias\/2026\/01\/14\/queda-no-dakar-piloto-espanhol-fratura-o-pe-apos-voo-incrivel\/#primaryimage\"},\"thumbnailUrl\":\"https:\/\/portaltela.pt\/s.01k8rhncp4jt1\/2026\/01\/img_1200x721uu2026-01-14-19-08-26-2414729-1.jpg\",\"datePublished\":\"2026-01-14T19:06:00+00:00\",\"author\":{\"@id\":\"https:\/\/portaltela.pt\/#\/schema\/person\/c4278d4a6028830caff9ee44b42d32ed\"},\"breadcrumb\":{\"@id\":\"https:\/\/portaltela.pt\/noticias\/2026\/01\/14\/queda-no-dakar-piloto-espanhol-fratura-o-pe-apos-voo-incrivel\/#breadcrumb\"},\"inLanguage\":\"pt-PT\",\"potentialAction\":[{\"@type\":\"ReadAction\",\"target\":[\"https:\/\/portaltela.pt\/noticias\/2026\/01\/14\/queda-no-dakar-piloto-espanhol-fratura-o-pe-apos-voo-incrivel\/\"]}]},{\"@type\":\"ImageObject\",\"inLanguage\":\"pt-PT\",\"@id\":\"https:\/\/portaltela.pt\/noticias\/2026\/01\/14\/queda-no-dakar-piloto-espanhol-fratura-o-pe-apos-voo-incrivel\/#primaryimage\",\"url\":\"https:\/\/portaltela.pt\/s.01k8rhncp4jt1\/2026\/01\/img_1200x721uu2026-01-14-19-08-26-2414729-1.jpg\",\"contentUrl\":\"https:\/\/portaltela.pt\/s.01k8rhncp4jt1\/2026\/01\/img_1200x721uu2026-01-14-19-08-26-2414729-1.jpg\",\"width\":796,\"height\":448,\"caption\":\"Arnau Lled\u00f3 deixou uma das imagens mais duras do dia na prova\"},{\"@type\":\"BreadcrumbList\",\"@id\":\"https:\/\/portaltela.pt\/noticias\/2026\/01\/14\/queda-no-dakar-piloto-espanhol-fratura-o-pe-apos-voo-incrivel\/#breadcrumb\",\"itemListElement\":[{\"@type\":\"ListItem\",\"position\":1,\"name\":\"In\u00edcio\",\"item\":\"https:\/\/portaltela.pt\/\"},{\"@type\":\"ListItem\",\"position\":2,\"name\":\"Queda no Dakar: piloto espanhol fratura o p\u00e9 ap\u00f3s voo incr\u00edvel\"}]},{\"@type\":\"WebSite\",\"@id\":\"https:\/\/portaltela.pt\/#website\",\"url\":\"https:\/\/portaltela.pt\/\",\"name\":\"Portal Tela Portugal\",\"description\":\"\",\"potentialAction\":[{\"@type\":\"SearchAction\",\"target\":{\"@type\":\"EntryPoint\",\"urlTemplate\":\"https:\/\/portaltela.pt\/?s={search_term_string}\"},\"query-input\":{\"@type\":\"PropertyValueSpecification\",\"valueRequired\":true,\"valueName\":\"search_term_string\"}}],\"inLanguage\":\"pt-PT\"},{\"@type\":\"Person\",\"@id\":\"https:\/\/portaltela.pt\/#\/schema\/person\/c4278d4a6028830caff9ee44b42d32ed\",\"name\":\"Telinha\",\"image\":{\"@type\":\"ImageObject\",\"inLanguage\":\"pt-PT\",\"@id\":\"https:\/\/portaltela.pt\/s.01k8rhncp4jt1\/2025\/11\/talking-bot-125x125.png\",\"url\":\"https:\/\/portaltela.pt\/s.01k8rhncp4jt1\/2025\/11\/talking-bot-125x125.png\",\"contentUrl\":\"https:\/\/portaltela.pt\/s.01k8rhncp4jt1\/2025\/11\/talking-bot-125x125.png\",\"caption\":\"Telinha\"},\"sameAs\":[\"https:\/\/portaltela.pt\/\"],\"url\":\"https:\/\/portaltela.pt\/por\/367410592786\/\"}]}<\/script>\n<!-- \/ Yoast SEO plugin. -->","yoast_head_json":{"title":"Queda no Dakar: piloto espanhol fratura o p\u00e9 ap\u00f3s voo incr\u00edvel - Portal Tela Portugal","robots":{"index":"index","follow":"follow","max-snippet":"max-snippet:-1","max-image-preview":"max-image-preview:large","max-video-preview":"max-video-preview:-1"},"og_locale":"pt_PT","og_type":"article","og_title":"Queda no Dakar: piloto espanhol fratura o p\u00e9 ap\u00f3s voo incr\u00edvel - Portal Tela Portugal","og_description":"Durante a etapa de hoje do Dakar, Arnau Lled\u00f3 sofreu uma queda violenta. O piloto espanhol, de 23 anos, sofreu uma fratura no p\u00e9. Foi assistido no local e posteriormente evacuado de helic\u00f3ptero. O incidente ficou marcado como um dos momentos mais duros do dia na prova. A queda levou \u00e0 sa\u00edda de cena de Lled\u00f3 da competi\u00e7\u00e3o.","og_url":"https:\/\/portaltela.pt\/noticias\/2026\/01\/14\/queda-no-dakar-piloto-espanhol-fratura-o-pe-apos-voo-incrivel\/","og_site_name":"Portal Tela Portugal","article_published_time":"2026-01-14T19:06:00+00:00","author":"Telinha","twitter_card":"summary_large_image","twitter_misc":{"Escrito por":"Telinha","Tempo estimado de leitura":"1 minuto"},"schema":{"@context":"https:\/\/schema.org","@graph":[{"@type":"Article","@id":"https:\/\/portaltela.pt\/noticias\/2026\/01\/14\/queda-no-dakar-piloto-espanhol-fratura-o-pe-apos-voo-incrivel\/#article","isPartOf":{"@id":"https:\/\/portaltela.pt\/noticias\/2026\/01\/14\/queda-no-dakar-piloto-espanhol-fratura-o-pe-apos-voo-incrivel\/"},"author":{"name":"Telinha","@id":"https:\/\/portaltela.pt\/#\/schema\/person\/c4278d4a6028830caff9ee44b42d32ed"},"headline":"Queda no Dakar: piloto espanhol fratura o p\u00e9 ap\u00f3s voo incr\u00edvel","datePublished":"2026-01-14T19:06:00+00:00","mainEntityOfPage":{"@id":"https:\/\/portaltela.pt\/noticias\/2026\/01\/14\/queda-no-dakar-piloto-espanhol-fratura-o-pe-apos-voo-incrivel\/"},"wordCount":179,"image":{"@id":"https:\/\/portaltela.pt\/noticias\/2026\/01\/14\/queda-no-dakar-piloto-espanhol-fratura-o-pe-apos-voo-incrivel\/#primaryimage"},"thumbnailUrl":"https:\/\/portaltela.pt\/s.01k8rhncp4jt1\/2026\/01\/img_1200x721uu2026-01-14-19-08-26-2414729-1.jpg","keywords":["acidente de via\u00e7\u00e3o","acidentes rodovi\u00e1rios","desporto","desportos internacionais","evacua\u00e7\u00e3o","Rally2"],"articleSection":["Desporto"],"inLanguage":"pt-PT"},{"@type":"WebPage","@id":"https:\/\/portaltela.pt\/noticias\/2026\/01\/14\/queda-no-dakar-piloto-espanhol-fratura-o-pe-apos-voo-incrivel\/","url":"https:\/\/portaltela.pt\/noticias\/2026\/01\/14\/queda-no-dakar-piloto-espanhol-fratura-o-pe-apos-voo-incrivel\/","name":"Queda no Dakar: piloto espanhol fratura o p\u00e9 ap\u00f3s voo incr\u00edvel - Portal Tela Portugal","isPartOf":{"@id":"https:\/\/portaltela.pt\/#website"},"primaryImageOfPage":{"@id":"https:\/\/portaltela.pt\/noticias\/2026\/01\/14\/queda-no-dakar-piloto-espanhol-fratura-o-pe-apos-voo-incrivel\/#primaryimage"},"image":{"@id":"https:\/\/portaltela.pt\/noticias\/2026\/01\/14\/queda-no-dakar-piloto-espanhol-fratura-o-pe-apos-voo-incrivel\/#primaryimage"},"thumbnailUrl":"https:\/\/portaltela.pt\/s.01k8rhncp4jt1\/2026\/01\/img_1200x721uu2026-01-14-19-08-26-2414729-1.jpg","datePublished":"2026-01-14T19:06:00+00:00","author":{"@id":"https:\/\/portaltela.pt\/#\/schema\/person\/c4278d4a6028830caff9ee44b42d32ed"},"breadcrumb":{"@id":"https:\/\/portaltela.pt\/noticias\/2026\/01\/14\/queda-no-dakar-piloto-espanhol-fratura-o-pe-apos-voo-incrivel\/#breadcrumb"},"inLanguage":"pt-PT","potentialAction":[{"@type":"ReadAction","target":["https:\/\/portaltela.pt\/noticias\/2026\/01\/14\/queda-no-dakar-piloto-espanhol-fratura-o-pe-apos-voo-incrivel\/"]}]},{"@type":"ImageObject","inLanguage":"pt-PT","@id":"https:\/\/portaltela.pt\/noticias\/2026\/01\/14\/queda-no-dakar-piloto-espanhol-fratura-o-pe-apos-voo-incrivel\/#primaryimage","url":"https:\/\/portaltela.pt\/s.01k8rhncp4jt1\/2026\/01\/img_1200x721uu2026-01-14-19-08-26-2414729-1.jpg","contentUrl":"https:\/\/portaltela.pt\/s.01k8rhncp4jt1\/2026\/01\/img_1200x721uu2026-01-14-19-08-26-2414729-1.jpg","width":796,"height":448,"caption":"Arnau Lled\u00f3 deixou uma das imagens mais duras do dia na prova"},{"@type":"BreadcrumbList","@id":"https:\/\/portaltela.pt\/noticias\/2026\/01\/14\/queda-no-dakar-piloto-espanhol-fratura-o-pe-apos-voo-incrivel\/#breadcrumb","itemListElement":[{"@type":"ListItem","position":1,"name":"In\u00edcio","item":"https:\/\/portaltela.pt\/"},{"@type":"ListItem","position":2,"name":"Queda no Dakar: piloto espanhol fratura o p\u00e9 ap\u00f3s voo incr\u00edvel"}]},{"@type":"WebSite","@id":"https:\/\/portaltela.pt\/#website","url":"https:\/\/portaltela.pt\/","name":"Portal Tela Portugal","description":"","potentialAction":[{"@type":"SearchAction","target":{"@type":"EntryPoint","urlTemplate":"https:\/\/portaltela.pt\/?s={search_term_string}"},"query-input":{"@type":"PropertyValueSpecification","valueRequired":true,"valueName":"search_term_string"}}],"inLanguage":"pt-PT"},{"@type":"Person","@id":"https:\/\/portaltela.pt\/#\/schema\/person\/c4278d4a6028830caff9ee44b42d32ed","name":"Telinha","image":{"@type":"ImageObject","inLanguage":"pt-PT","@id":"https:\/\/portaltela.pt\/s.01k8rhncp4jt1\/2025\/11\/talking-bot-125x125.png","url":"https:\/\/portaltela.pt\/s.01k8rhncp4jt1\/2025\/11\/talking-bot-125x125.png","contentUrl":"https:\/\/portaltela.pt\/s.01k8rhncp4jt1\/2025\/11\/talking-bot-125x125.png","caption":"Telinha"},"sameAs":["https:\/\/portaltela.pt\/"],"url":"https:\/\/portaltela.pt\/por\/367410592786\/"}]}},"_links":{"self":[{"href":"https:\/\/portaltela.pt\/api\/wp\/v2\/posts\/142375","targetHints":{"allow":["GET"]}}],"collection":[{"href":"https:\/\/portaltela.pt\/api\/wp\/v2\/posts"}],"about":[{"href":"https:\/\/portaltela.pt\/api\/wp\/v2\/types\/post"}],"author":[{"embeddable":true,"href":"https:\/\/portaltela.pt\/api\/wp\/v2\/users\/2"}],"replies":[{"embeddable":true,"href":"https:\/\/portaltela.pt\/api\/wp\/v2\/comments?post=142375"}],"version-history":[{"count":0,"href":"https:\/\/portaltela.pt\/api\/wp\/v2\/posts\/142375\/revisions"}],"wp:featuredmedia":[{"embeddable":true,"href":"https:\/\/portaltela.pt\/api\/wp\/v2\/media\/142381"}],"wp:attachment":[{"href":"https:\/\/portaltela.pt\/api\/wp\/v2\/media?parent=142375"}],"wp:term":[{"taxonomy":"category","embeddable":true,"href":"https:\/\/portaltela.pt\/api\/wp\/v2\/categories?post=142375"},{"taxonomy":"post_tag","embeddable":true,"href":"https:\/\/portaltela.pt\/api\/wp\/v2\/tags?post=142375"}],"curies":[{"name":"wp","href":"https:\/\/api.w.org\/{rel}","templated":true}]}}