{"id":142361,"date":"2026-01-14T15:41:00","date_gmt":"2026-01-14T18:41:00","guid":{"rendered":"https:\/\/portaltela.pt\/noticias\/2026\/01\/14\/parlamento-europeu-condena-declaracoes-de-trump-sobre-gronelandia\/"},"modified":"2026-01-14T15:41:00","modified_gmt":"2026-01-14T18:41:00","slug":"parlamento-europeu-condena-declaracoes-de-trump-sobre-gronelandia","status":"publish","type":"post","link":"https:\/\/portaltela.pt\/noticias\/2026\/01\/14\/parlamento-europeu-condena-declaracoes-de-trump-sobre-gronelandia\/","title":{"rendered":"Parlamento Europeu condena declara\u00e7\u00f5es de Trump sobre Gronel\u00e2ndia"},"content":{"rendered":"<p>O Parlamento Europeu condenou hoje as declara\u00e7\u00f5es de Donald Trump sobre a Gronel\u00e2ndia, consideradas inaceit\u00e1veis e num claro desafio \u00e0 ordem internacional. A declara\u00e7\u00e3o saiu da Confer\u00eancia de Presidentes, o \u00f3rg\u00e3o que re\u00fane Roberta Metsola e os oito l\u00edderes dos grupos pol\u00edticos.<\/p>\n<p>A nota acrescenta que as afirma\u00e7\u00f5es violam princ\u00edpios da Carta das Na\u00e7\u00f5es Unidas e a soberania de um aliado da NATO. Reafirma ainda o compromisso da UE com o multilateralismo e com a ordem baseada em regras.<\/p>\n<p>A Confer\u00eancia de Presidentes explica que a Dinamarca, incluindo a Gronel\u00e2ndia, \u00e9 membro da NATO e goza de garantias de seguran\u00e7a coletiva. O texto lembra a soberania dinamarquesa sobre a Gronel\u00e2ndia desde 1916.<\/p>\n<h3>Contexto e posi\u00e7\u00e3o da UE<\/h3>\n<p>O Parlamento destaca que altera\u00e7\u00f5es ao status quo s\u00e3o inaceit\u00e1veis e n\u00e3o devem influenciar as rela\u00e7\u00f5es externas. A seguran\u00e7a do \u00c1rtico \u00e9 apontada como prioridade estrat\u00e9gica da UE, com refor\u00e7o da defesa europeia e cumprimento de compromissos na NATO.<\/p>\n<p>Os presidentes dos grupos pol\u00edticos pedem \u00e0 Comiss\u00e3o Europeia e ao Conselho Europeu medidas concretas, em conformidade com a UE, o direito internacional e a Carta da NATO, para apoiar Dinamarca e Gronel\u00e2ndia.<\/p>\n<p>A not\u00edcia surge num momento em que o ministro dinamarqu\u00eas dos Neg\u00f3cios Estrangeiros, Lars Lokke Rasmussen, e a colega gronelandesa, Vivian Motzfeldt, estiveram na Casa Branca, em Washington, para reuni\u00e3o com o vice-presidente e o secret\u00e1rio de Estado.<\/p>\n<p>Donald Trump tem, segundo relatos, reiterado o interesse em anexar a Gronel\u00e2ndia, alegando que a ilha \u00e9 estrat\u00e9gica para a defesa dos EUA. A autoridade norte-americana n\u00e3o confirmou oficialmente essa posi\u00e7\u00e3o.<\/p>\n","protected":false},"excerpt":{"rendered":"<ul>\n<li>O Parlamento Europeu condenou as declara\u00e7\u00f5es de Donald Trump sobre a Gronel\u00e2ndia, considerando-as inaceit\u00e1veis e um desafio ao direito internacional e \u00e0 integridade territorial de um aliado da NATO.<\/li>\n<li>Os presidentes dos grupos pol\u00edticos do Parlamento apelaram \u00e0 Comiss\u00e3o e ao Conselho Europeu para definirem medidas concretas de apoio \u00e0 Dinamarca e \u00e0 Gronel\u00e2ndia, em linha com a Uni\u00e3o Europeia e a Carta das Na\u00e7\u00f5es Unidas.<\/li>\n<li>A declara\u00e7\u00e3o recorda que a Dinamarca, incluindo a Gronel\u00e2ndia, \u00e9 membro da NATO e est\u00e1 coberta pelas garantias de seguran\u00e7a da Alian\u00e7a, com acordos de coopera\u00e7\u00e3o existentes com parceiros estrat\u00e9gicos, incluindo os Estados Unidos.<\/li>\n<li>Refor\u00e7a-se que decis\u00f5es sobre a Dinamarca e a Gronel\u00e2ndia cabem exclusivamente aos seus \u00f3rg\u00e3os constitucionais, e que altera\u00e7\u00f5es ao status quo s\u00e3o inaceit\u00e1veis.<\/li>\n<li>A nota p\u00fablica foi lan\u00e7ada no dia em que o ministro de Neg\u00f3cios Estrangeiros dinamarqu\u00eas e a ministra da Gronel\u00e2ndia foram recebidos na Casa Branca, num contexto em que Trump voltou a indicar interesse em anexar a Gronel\u00e2ndia.<\/li>\n<\/ul>\n","protected":false},"author":2,"featured_media":142369,"comment_status":"closed","ping_status":"closed","sticky":false,"template":"","format":"standard","meta":{"footnotes":""},"categories":[1],"tags":[2503,1013,2127,2017,2832,2055],"class_list":["post-142361","post","type-post","status-publish","format-standard","has-post-thumbnail","hentry","category-noticias","tag-dinamarca","tag-gronelandia","tag-nacoes-unidas","tag-ordem-internacional","tag-politica","tag-uniao-europeia"],"yoast_head":"<!-- This site is optimized with the Yoast SEO plugin v27.2 - https:\/\/yoast.com\/product\/yoast-seo-wordpress\/ -->\n<title>Parlamento Europeu condena declara\u00e7\u00f5es de Trump sobre Gronel\u00e2ndia - Portal Tela Portugal<\/title>\n<meta name=\"robots\" content=\"index, follow, max-snippet:-1, max-image-preview:large, max-video-preview:-1\" \/>\n<meta property=\"og:locale\" content=\"pt_PT\" \/>\n<meta property=\"og:type\" content=\"article\" \/>\n<meta property=\"og:title\" content=\"Parlamento Europeu condena declara\u00e7\u00f5es de Trump sobre Gronel\u00e2ndia - Portal Tela Portugal\" \/>\n<meta property=\"og:description\" content=\"O Parlamento Europeu condenou as declara\u00e7\u00f5es de Donald Trump sobre a Gronel\u00e2ndia, considerando-as inaceit\u00e1veis e um desafio ao direito internacional e \u00e0 integridade territorial de um aliado da NATO. Os presidentes dos grupos pol\u00edticos do Parlamento apelaram \u00e0 Comiss\u00e3o e ao Conselho Europeu para definirem medidas concretas de apoio \u00e0 Dinamarca e \u00e0 Gronel\u00e2ndia, em linha com a Uni\u00e3o Europeia e a Carta das Na\u00e7\u00f5es Unidas. A declara\u00e7\u00e3o recorda que a Dinamarca, incluindo a Gronel\u00e2ndia, \u00e9 membro da NATO e est\u00e1 coberta pelas garantias de seguran\u00e7a da Alian\u00e7a, com acordos de coopera\u00e7\u00e3o existentes com parceiros estrat\u00e9gicos, incluindo os Estados Unidos. Refor\u00e7a-se que decis\u00f5es sobre a Dinamarca e a Gronel\u00e2ndia cabem exclusivamente aos seus \u00f3rg\u00e3os constitucionais, e que altera\u00e7\u00f5es ao status quo s\u00e3o inaceit\u00e1veis. A nota p\u00fablica foi lan\u00e7ada no dia em que o ministro de Neg\u00f3cios Estrangeiros dinamarqu\u00eas e a ministra da Gronel\u00e2ndia foram recebidos na Casa Branca, num contexto em que Trump voltou a indicar interesse em anexar a Gronel\u00e2ndia.\" \/>\n<meta property=\"og:url\" content=\"https:\/\/portaltela.pt\/noticias\/2026\/01\/14\/parlamento-europeu-condena-declaracoes-de-trump-sobre-gronelandia\/\" \/>\n<meta property=\"og:site_name\" content=\"Portal Tela Portugal\" \/>\n<meta property=\"article:published_time\" content=\"2026-01-14T18:41:00+00:00\" \/>\n<meta name=\"author\" content=\"Telinha\" \/>\n<meta name=\"twitter:card\" content=\"summary_large_image\" \/>\n<meta name=\"twitter:label1\" content=\"Escrito por\" \/>\n\t<meta name=\"twitter:data1\" content=\"Telinha\" \/>\n\t<meta name=\"twitter:label2\" content=\"Tempo estimado de leitura\" \/>\n\t<meta name=\"twitter:data2\" content=\"1 minuto\" \/>\n<script type=\"application\/ld+json\" class=\"yoast-schema-graph\">{\"@context\":\"https:\/\/schema.org\",\"@graph\":[{\"@type\":\"Article\",\"@id\":\"https:\/\/portaltela.pt\/noticias\/2026\/01\/14\/parlamento-europeu-condena-declaracoes-de-trump-sobre-gronelandia\/#article\",\"isPartOf\":{\"@id\":\"https:\/\/portaltela.pt\/noticias\/2026\/01\/14\/parlamento-europeu-condena-declaracoes-de-trump-sobre-gronelandia\/\"},\"author\":{\"name\":\"Telinha\",\"@id\":\"https:\/\/portaltela.pt\/#\/schema\/person\/c4278d4a6028830caff9ee44b42d32ed\"},\"headline\":\"Parlamento Europeu condena declara\u00e7\u00f5es de Trump sobre Gronel\u00e2ndia\",\"datePublished\":\"2026-01-14T18:41:00+00:00\",\"mainEntityOfPage\":{\"@id\":\"https:\/\/portaltela.pt\/noticias\/2026\/01\/14\/parlamento-europeu-condena-declaracoes-de-trump-sobre-gronelandia\/\"},\"wordCount\":299,\"image\":{\"@id\":\"https:\/\/portaltela.pt\/noticias\/2026\/01\/14\/parlamento-europeu-condena-declaracoes-de-trump-sobre-gronelandia\/#primaryimage\"},\"thumbnailUrl\":\"https:\/\/portaltela.pt\/s.01k8rhncp4jt1\/2026\/01\/unnamed-file-3044.jpg\",\"keywords\":[\"Dinamarca\",\"Gronel\u00e2ndia\",\"Na\u00e7\u00f5es Unidas\",\"ordem internacional\",\"pol\u00edtica\",\"Uni\u00e3o Europeia\"],\"articleSection\":[\"Not\u00edcias\"],\"inLanguage\":\"pt-PT\"},{\"@type\":\"WebPage\",\"@id\":\"https:\/\/portaltela.pt\/noticias\/2026\/01\/14\/parlamento-europeu-condena-declaracoes-de-trump-sobre-gronelandia\/\",\"url\":\"https:\/\/portaltela.pt\/noticias\/2026\/01\/14\/parlamento-europeu-condena-declaracoes-de-trump-sobre-gronelandia\/\",\"name\":\"Parlamento Europeu condena declara\u00e7\u00f5es de Trump sobre Gronel\u00e2ndia - Portal Tela Portugal\",\"isPartOf\":{\"@id\":\"https:\/\/portaltela.pt\/#website\"},\"primaryImageOfPage\":{\"@id\":\"https:\/\/portaltela.pt\/noticias\/2026\/01\/14\/parlamento-europeu-condena-declaracoes-de-trump-sobre-gronelandia\/#primaryimage\"},\"image\":{\"@id\":\"https:\/\/portaltela.pt\/noticias\/2026\/01\/14\/parlamento-europeu-condena-declaracoes-de-trump-sobre-gronelandia\/#primaryimage\"},\"thumbnailUrl\":\"https:\/\/portaltela.pt\/s.01k8rhncp4jt1\/2026\/01\/unnamed-file-3044.jpg\",\"datePublished\":\"2026-01-14T18:41:00+00:00\",\"author\":{\"@id\":\"https:\/\/portaltela.pt\/#\/schema\/person\/c4278d4a6028830caff9ee44b42d32ed\"},\"breadcrumb\":{\"@id\":\"https:\/\/portaltela.pt\/noticias\/2026\/01\/14\/parlamento-europeu-condena-declaracoes-de-trump-sobre-gronelandia\/#breadcrumb\"},\"inLanguage\":\"pt-PT\",\"potentialAction\":[{\"@type\":\"ReadAction\",\"target\":[\"https:\/\/portaltela.pt\/noticias\/2026\/01\/14\/parlamento-europeu-condena-declaracoes-de-trump-sobre-gronelandia\/\"]}]},{\"@type\":\"ImageObject\",\"inLanguage\":\"pt-PT\",\"@id\":\"https:\/\/portaltela.pt\/noticias\/2026\/01\/14\/parlamento-europeu-condena-declaracoes-de-trump-sobre-gronelandia\/#primaryimage\",\"url\":\"https:\/\/portaltela.pt\/s.01k8rhncp4jt1\/2026\/01\/unnamed-file-3044.jpg\",\"contentUrl\":\"https:\/\/portaltela.pt\/s.01k8rhncp4jt1\/2026\/01\/unnamed-file-3044.jpg\",\"width\":796,\"height\":448,\"caption\":\"Parlamento Europeu condena \\\"declara\u00e7\u00f5es inaceit\u00e1veis\\\" de Trump sobre Gronel\u00e2ndia\"},{\"@type\":\"BreadcrumbList\",\"@id\":\"https:\/\/portaltela.pt\/noticias\/2026\/01\/14\/parlamento-europeu-condena-declaracoes-de-trump-sobre-gronelandia\/#breadcrumb\",\"itemListElement\":[{\"@type\":\"ListItem\",\"position\":1,\"name\":\"In\u00edcio\",\"item\":\"https:\/\/portaltela.pt\/\"},{\"@type\":\"ListItem\",\"position\":2,\"name\":\"Parlamento Europeu condena declara\u00e7\u00f5es de Trump sobre Gronel\u00e2ndia\"}]},{\"@type\":\"WebSite\",\"@id\":\"https:\/\/portaltela.pt\/#website\",\"url\":\"https:\/\/portaltela.pt\/\",\"name\":\"Portal Tela Portugal\",\"description\":\"\",\"potentialAction\":[{\"@type\":\"SearchAction\",\"target\":{\"@type\":\"EntryPoint\",\"urlTemplate\":\"https:\/\/portaltela.pt\/?s={search_term_string}\"},\"query-input\":{\"@type\":\"PropertyValueSpecification\",\"valueRequired\":true,\"valueName\":\"search_term_string\"}}],\"inLanguage\":\"pt-PT\"},{\"@type\":\"Person\",\"@id\":\"https:\/\/portaltela.pt\/#\/schema\/person\/c4278d4a6028830caff9ee44b42d32ed\",\"name\":\"Telinha\",\"image\":{\"@type\":\"ImageObject\",\"inLanguage\":\"pt-PT\",\"@id\":\"https:\/\/portaltela.pt\/s.01k8rhncp4jt1\/2025\/11\/talking-bot-125x125.png\",\"url\":\"https:\/\/portaltela.pt\/s.01k8rhncp4jt1\/2025\/11\/talking-bot-125x125.png\",\"contentUrl\":\"https:\/\/portaltela.pt\/s.01k8rhncp4jt1\/2025\/11\/talking-bot-125x125.png\",\"caption\":\"Telinha\"},\"sameAs\":[\"https:\/\/portaltela.pt\/\"],\"url\":\"https:\/\/portaltela.pt\/por\/367410592786\/\"}]}<\/script>\n<!-- \/ Yoast SEO plugin. -->","yoast_head_json":{"title":"Parlamento Europeu condena declara\u00e7\u00f5es de Trump sobre Gronel\u00e2ndia - Portal Tela Portugal","robots":{"index":"index","follow":"follow","max-snippet":"max-snippet:-1","max-image-preview":"max-image-preview:large","max-video-preview":"max-video-preview:-1"},"og_locale":"pt_PT","og_type":"article","og_title":"Parlamento Europeu condena declara\u00e7\u00f5es de Trump sobre Gronel\u00e2ndia - Portal Tela Portugal","og_description":"O Parlamento Europeu condenou as declara\u00e7\u00f5es de Donald Trump sobre a Gronel\u00e2ndia, considerando-as inaceit\u00e1veis e um desafio ao direito internacional e \u00e0 integridade territorial de um aliado da NATO. Os presidentes dos grupos pol\u00edticos do Parlamento apelaram \u00e0 Comiss\u00e3o e ao Conselho Europeu para definirem medidas concretas de apoio \u00e0 Dinamarca e \u00e0 Gronel\u00e2ndia, em linha com a Uni\u00e3o Europeia e a Carta das Na\u00e7\u00f5es Unidas. A declara\u00e7\u00e3o recorda que a Dinamarca, incluindo a Gronel\u00e2ndia, \u00e9 membro da NATO e est\u00e1 coberta pelas garantias de seguran\u00e7a da Alian\u00e7a, com acordos de coopera\u00e7\u00e3o existentes com parceiros estrat\u00e9gicos, incluindo os Estados Unidos. Refor\u00e7a-se que decis\u00f5es sobre a Dinamarca e a Gronel\u00e2ndia cabem exclusivamente aos seus \u00f3rg\u00e3os constitucionais, e que altera\u00e7\u00f5es ao status quo s\u00e3o inaceit\u00e1veis. A nota p\u00fablica foi lan\u00e7ada no dia em que o ministro de Neg\u00f3cios Estrangeiros dinamarqu\u00eas e a ministra da Gronel\u00e2ndia foram recebidos na Casa Branca, num contexto em que Trump voltou a indicar interesse em anexar a Gronel\u00e2ndia.","og_url":"https:\/\/portaltela.pt\/noticias\/2026\/01\/14\/parlamento-europeu-condena-declaracoes-de-trump-sobre-gronelandia\/","og_site_name":"Portal Tela Portugal","article_published_time":"2026-01-14T18:41:00+00:00","author":"Telinha","twitter_card":"summary_large_image","twitter_misc":{"Escrito por":"Telinha","Tempo estimado de leitura":"1 minuto"},"schema":{"@context":"https:\/\/schema.org","@graph":[{"@type":"Article","@id":"https:\/\/portaltela.pt\/noticias\/2026\/01\/14\/parlamento-europeu-condena-declaracoes-de-trump-sobre-gronelandia\/#article","isPartOf":{"@id":"https:\/\/portaltela.pt\/noticias\/2026\/01\/14\/parlamento-europeu-condena-declaracoes-de-trump-sobre-gronelandia\/"},"author":{"name":"Telinha","@id":"https:\/\/portaltela.pt\/#\/schema\/person\/c4278d4a6028830caff9ee44b42d32ed"},"headline":"Parlamento Europeu condena declara\u00e7\u00f5es de Trump sobre Gronel\u00e2ndia","datePublished":"2026-01-14T18:41:00+00:00","mainEntityOfPage":{"@id":"https:\/\/portaltela.pt\/noticias\/2026\/01\/14\/parlamento-europeu-condena-declaracoes-de-trump-sobre-gronelandia\/"},"wordCount":299,"image":{"@id":"https:\/\/portaltela.pt\/noticias\/2026\/01\/14\/parlamento-europeu-condena-declaracoes-de-trump-sobre-gronelandia\/#primaryimage"},"thumbnailUrl":"https:\/\/portaltela.pt\/s.01k8rhncp4jt1\/2026\/01\/unnamed-file-3044.jpg","keywords":["Dinamarca","Gronel\u00e2ndia","Na\u00e7\u00f5es Unidas","ordem internacional","pol\u00edtica","Uni\u00e3o Europeia"],"articleSection":["Not\u00edcias"],"inLanguage":"pt-PT"},{"@type":"WebPage","@id":"https:\/\/portaltela.pt\/noticias\/2026\/01\/14\/parlamento-europeu-condena-declaracoes-de-trump-sobre-gronelandia\/","url":"https:\/\/portaltela.pt\/noticias\/2026\/01\/14\/parlamento-europeu-condena-declaracoes-de-trump-sobre-gronelandia\/","name":"Parlamento Europeu condena declara\u00e7\u00f5es de Trump sobre Gronel\u00e2ndia - Portal Tela Portugal","isPartOf":{"@id":"https:\/\/portaltela.pt\/#website"},"primaryImageOfPage":{"@id":"https:\/\/portaltela.pt\/noticias\/2026\/01\/14\/parlamento-europeu-condena-declaracoes-de-trump-sobre-gronelandia\/#primaryimage"},"image":{"@id":"https:\/\/portaltela.pt\/noticias\/2026\/01\/14\/parlamento-europeu-condena-declaracoes-de-trump-sobre-gronelandia\/#primaryimage"},"thumbnailUrl":"https:\/\/portaltela.pt\/s.01k8rhncp4jt1\/2026\/01\/unnamed-file-3044.jpg","datePublished":"2026-01-14T18:41:00+00:00","author":{"@id":"https:\/\/portaltela.pt\/#\/schema\/person\/c4278d4a6028830caff9ee44b42d32ed"},"breadcrumb":{"@id":"https:\/\/portaltela.pt\/noticias\/2026\/01\/14\/parlamento-europeu-condena-declaracoes-de-trump-sobre-gronelandia\/#breadcrumb"},"inLanguage":"pt-PT","potentialAction":[{"@type":"ReadAction","target":["https:\/\/portaltela.pt\/noticias\/2026\/01\/14\/parlamento-europeu-condena-declaracoes-de-trump-sobre-gronelandia\/"]}]},{"@type":"ImageObject","inLanguage":"pt-PT","@id":"https:\/\/portaltela.pt\/noticias\/2026\/01\/14\/parlamento-europeu-condena-declaracoes-de-trump-sobre-gronelandia\/#primaryimage","url":"https:\/\/portaltela.pt\/s.01k8rhncp4jt1\/2026\/01\/unnamed-file-3044.jpg","contentUrl":"https:\/\/portaltela.pt\/s.01k8rhncp4jt1\/2026\/01\/unnamed-file-3044.jpg","width":796,"height":448,"caption":"Parlamento Europeu condena \"declara\u00e7\u00f5es inaceit\u00e1veis\" de Trump sobre Gronel\u00e2ndia"},{"@type":"BreadcrumbList","@id":"https:\/\/portaltela.pt\/noticias\/2026\/01\/14\/parlamento-europeu-condena-declaracoes-de-trump-sobre-gronelandia\/#breadcrumb","itemListElement":[{"@type":"ListItem","position":1,"name":"In\u00edcio","item":"https:\/\/portaltela.pt\/"},{"@type":"ListItem","position":2,"name":"Parlamento Europeu condena declara\u00e7\u00f5es de Trump sobre Gronel\u00e2ndia"}]},{"@type":"WebSite","@id":"https:\/\/portaltela.pt\/#website","url":"https:\/\/portaltela.pt\/","name":"Portal Tela Portugal","description":"","potentialAction":[{"@type":"SearchAction","target":{"@type":"EntryPoint","urlTemplate":"https:\/\/portaltela.pt\/?s={search_term_string}"},"query-input":{"@type":"PropertyValueSpecification","valueRequired":true,"valueName":"search_term_string"}}],"inLanguage":"pt-PT"},{"@type":"Person","@id":"https:\/\/portaltela.pt\/#\/schema\/person\/c4278d4a6028830caff9ee44b42d32ed","name":"Telinha","image":{"@type":"ImageObject","inLanguage":"pt-PT","@id":"https:\/\/portaltela.pt\/s.01k8rhncp4jt1\/2025\/11\/talking-bot-125x125.png","url":"https:\/\/portaltela.pt\/s.01k8rhncp4jt1\/2025\/11\/talking-bot-125x125.png","contentUrl":"https:\/\/portaltela.pt\/s.01k8rhncp4jt1\/2025\/11\/talking-bot-125x125.png","caption":"Telinha"},"sameAs":["https:\/\/portaltela.pt\/"],"url":"https:\/\/portaltela.pt\/por\/367410592786\/"}]}},"_links":{"self":[{"href":"https:\/\/portaltela.pt\/api\/wp\/v2\/posts\/142361","targetHints":{"allow":["GET"]}}],"collection":[{"href":"https:\/\/portaltela.pt\/api\/wp\/v2\/posts"}],"about":[{"href":"https:\/\/portaltela.pt\/api\/wp\/v2\/types\/post"}],"author":[{"embeddable":true,"href":"https:\/\/portaltela.pt\/api\/wp\/v2\/users\/2"}],"replies":[{"embeddable":true,"href":"https:\/\/portaltela.pt\/api\/wp\/v2\/comments?post=142361"}],"version-history":[{"count":0,"href":"https:\/\/portaltela.pt\/api\/wp\/v2\/posts\/142361\/revisions"}],"wp:featuredmedia":[{"embeddable":true,"href":"https:\/\/portaltela.pt\/api\/wp\/v2\/media\/142369"}],"wp:attachment":[{"href":"https:\/\/portaltela.pt\/api\/wp\/v2\/media?parent=142361"}],"wp:term":[{"taxonomy":"category","embeddable":true,"href":"https:\/\/portaltela.pt\/api\/wp\/v2\/categories?post=142361"},{"taxonomy":"post_tag","embeddable":true,"href":"https:\/\/portaltela.pt\/api\/wp\/v2\/tags?post=142361"}],"curies":[{"name":"wp","href":"https:\/\/api.w.org\/{rel}","templated":true}]}}