{"id":142329,"date":"2026-01-14T15:50:22","date_gmt":"2026-01-14T18:50:22","guid":{"rendered":"https:\/\/portaltela.pt\/noticias\/2026\/01\/14\/flick-elogia-cancelo-e-ja-conta-com-ele-frente-ao-racing-santander\/"},"modified":"2026-01-14T15:50:22","modified_gmt":"2026-01-14T18:50:22","slug":"flick-elogia-cancelo-e-ja-conta-com-ele-frente-ao-racing-santander","status":"publish","type":"post","link":"https:\/\/portaltela.pt\/desporto\/futebol\/2026\/01\/14\/flick-elogia-cancelo-e-ja-conta-com-ele-frente-ao-racing-santander\/","title":{"rendered":"Flick elogia Cancelo e j\u00e1 conta com ele frente ao Racing Santander"},"content":{"rendered":"<p>Hansi Flick elogia Jo\u00e3o Cancelo e antev\u00ea a poss\u00edvel estreia pela segunda vez pelo Barcelona diante do Racing Santander, na Ta\u00e7a de Rei. O jogo dos oitavos de final est\u00e1 marcado para esta quinta-feira, no est\u00e1dio do advers\u00e1rio.<\/p>\n<p>O t\u00e9cnico alem\u00e3o descreveu o extremo portugu\u00eas como um jogador fant\u00e1stico, muito profissional e com qualidade ofensiva. A ideia \u00e9 que Cancelo possa somar alguns minutos, ajudando a desequilibrar quando o advers\u00e1rio se fecha no \u00faltimo ter\u00e7o.<\/p>\n<p>A prepara\u00e7\u00e3o para a desloca\u00e7\u00e3o envolve a rece\u00e7\u00e3o a uma equipa de divis\u00e3o secund\u00e1ria. A equipa busca consolidar forma e ritmo de jogo para seguir na competi\u00e7\u00e3o, com o t\u00e9cnico a confirmar uma utiliza\u00e7\u00e3o gradual do jogador.<\/p>\n<h3>Foco na estreia de Cancelo<\/h3>\n<p>Flick real\u00e7ou que Cancelo pode contribuir com mobilidade e criatividade na linha ofensiva. O treinador destacou ainda a qualidade do refor\u00e7o para gerar espa\u00e7os e oportunidades em jogos decisivos.<\/p>\n<p>O FC Barcelona encara o Racing Santander em busca de avan\u00e7os na Ta\u00e7a do Rei, numa eliminat\u00f3ria direta. A presen\u00e7a de Cancelo pode marcar a din\u00e2mica t\u00e1tica da equipa nas pr\u00f3ximas horas.<\/p>\n<h3>Coment\u00e1rios sobre Real Madrid e Arbeloa<\/h3>\n<p>Sobre a sa\u00edda de Xabi Alonso do Real Madrid, Flick afirmou que mudan\u00e7as fazem parte do futebol e que o clube, a t\u00edtulo pessoal, continua a apostar nos seus projetos. O treinador mencionou manter contactos profissionais com Alonso desde os tempos de Leverkusen.<\/p>\n<p>Quanto a \u00c1lvaro Arbeloa como poss\u00edvel substituto, Flick disse que os cen\u00e1rios mudam conforme as vit\u00f3rias. Refor\u00e7ou a ideia de que o Bar\u00e7a \u00e9 uma grande fam\u00edlia e que o foco est\u00e1 no que j\u00e1 foi constru\u00eddo pela equipa t\u00e9cnica, pela dire\u00e7\u00e3o e pelos jogadores.<\/p>\n","protected":false},"excerpt":{"rendered":"<ul>\n<li>Hansi Flick elogia Jo\u00e3o Cancelo e diz que pode somar alguns minutos nesta quinta-feira, frente ao Racing Santander, nos oitavos de final da Ta\u00e7a do Rei.<\/li>\n<li>O Bar\u00e7a apresentou Cancelo como refor\u00e7o e ele pode estrear pela segunda passagem pelo clube catal\u00e3o.<\/li>\n<li>Flick descreve Cancelo como jogador fant\u00e1stico, muito profissional e com elevada qualidade ofensiva para desequilibrar quando o advers\u00e1rio fecha o \u00faltimo ter\u00e7o.<\/li>\n<li>Sobre a sa\u00edda de Xabi Alonso do Real Madrid, o t\u00e9cnico afirmou que faz parte do futebol e desejou sucesso ao ex-treinador, sem responsabilidades para si.<\/li>\n<li>O treinador destacou que o Bar\u00e7a \u00e9 uma grande fam\u00edlia e que as mudan\u00e7as no futebol dependem das vit\u00f3rias, mantendo foco na equipa.<\/li>\n<\/ul>\n","protected":false},"author":2,"featured_media":142331,"comment_status":"closed","ping_status":"closed","sticky":false,"template":"","format":"standard","meta":{"footnotes":""},"categories":[21,24],"tags":[2587,2331,152,32,2350,1786],"class_list":["post-142329","post","type-post","status-publish","format-standard","has-post-thumbnail","hentry","category-desporto","category-futebol","tag-barcelona","tag-cancelo","tag-desporto","tag-futebol","tag-joao-cancelo","tag-liga"],"yoast_head":"<!-- This site is optimized with the Yoast SEO plugin v27.2 - https:\/\/yoast.com\/product\/yoast-seo-wordpress\/ -->\n<title>Flick elogia Cancelo e j\u00e1 conta com ele frente ao Racing Santander - Portal Tela Portugal<\/title>\n<meta name=\"robots\" content=\"index, follow, max-snippet:-1, max-image-preview:large, max-video-preview:-1\" \/>\n<meta property=\"og:locale\" content=\"pt_PT\" \/>\n<meta property=\"og:type\" content=\"article\" \/>\n<meta property=\"og:title\" content=\"Flick elogia Cancelo e j\u00e1 conta com ele frente ao Racing Santander - Portal Tela Portugal\" \/>\n<meta property=\"og:description\" content=\"Hansi Flick elogia Jo\u00e3o Cancelo e diz que pode somar alguns minutos nesta quinta-feira, frente ao Racing Santander, nos oitavos de final da Ta\u00e7a do Rei. O Bar\u00e7a apresentou Cancelo como refor\u00e7o e ele pode estrear pela segunda passagem pelo clube catal\u00e3o. Flick descreve Cancelo como jogador fant\u00e1stico, muito profissional e com elevada qualidade ofensiva para desequilibrar quando o advers\u00e1rio fecha o \u00faltimo ter\u00e7o. Sobre a sa\u00edda de Xabi Alonso do Real Madrid, o t\u00e9cnico afirmou que faz parte do futebol e desejou sucesso ao ex-treinador, sem responsabilidades para si. O treinador destacou que o Bar\u00e7a \u00e9 uma grande fam\u00edlia e que as mudan\u00e7as no futebol dependem das vit\u00f3rias, mantendo foco na equipa.\" \/>\n<meta property=\"og:url\" content=\"https:\/\/portaltela.pt\/noticias\/2026\/01\/14\/flick-elogia-cancelo-e-ja-conta-com-ele-frente-ao-racing-santander\/\" \/>\n<meta property=\"og:site_name\" content=\"Portal Tela Portugal\" \/>\n<meta property=\"article:published_time\" content=\"2026-01-14T18:50:22+00:00\" \/>\n<meta name=\"author\" content=\"Telinha\" \/>\n<meta name=\"twitter:card\" content=\"summary_large_image\" \/>\n<meta name=\"twitter:label1\" content=\"Escrito por\" \/>\n\t<meta name=\"twitter:data1\" content=\"Telinha\" \/>\n\t<meta name=\"twitter:label2\" content=\"Tempo estimado de leitura\" \/>\n\t<meta name=\"twitter:data2\" content=\"2 minutos\" \/>\n<script type=\"application\/ld+json\" class=\"yoast-schema-graph\">{\"@context\":\"https:\/\/schema.org\",\"@graph\":[{\"@type\":\"Article\",\"@id\":\"https:\/\/portaltela.pt\/noticias\/2026\/01\/14\/flick-elogia-cancelo-e-ja-conta-com-ele-frente-ao-racing-santander\/#article\",\"isPartOf\":{\"@id\":\"https:\/\/portaltela.pt\/noticias\/2026\/01\/14\/flick-elogia-cancelo-e-ja-conta-com-ele-frente-ao-racing-santander\/\"},\"author\":{\"name\":\"Telinha\",\"@id\":\"https:\/\/portaltela.pt\/#\/schema\/person\/c4278d4a6028830caff9ee44b42d32ed\"},\"headline\":\"Flick elogia Cancelo e j\u00e1 conta com ele frente ao Racing Santander\",\"datePublished\":\"2026-01-14T18:50:22+00:00\",\"mainEntityOfPage\":{\"@id\":\"https:\/\/portaltela.pt\/noticias\/2026\/01\/14\/flick-elogia-cancelo-e-ja-conta-com-ele-frente-ao-racing-santander\/\"},\"wordCount\":324,\"image\":{\"@id\":\"https:\/\/portaltela.pt\/noticias\/2026\/01\/14\/flick-elogia-cancelo-e-ja-conta-com-ele-frente-ao-racing-santander\/#primaryimage\"},\"thumbnailUrl\":\"https:\/\/portaltela.pt\/s.01k8rhncp4jt1\/2026\/01\/img_920x518uu2025-12-22-15-21-46-2410752.jpg\",\"keywords\":[\"Barcelona\",\"Cancelo\",\"desporto\",\"futebol\",\"Jo\u00e3o Cancelo\",\"Liga\"],\"articleSection\":[\"Desporto\",\"Futebol\"],\"inLanguage\":\"pt-PT\"},{\"@type\":\"WebPage\",\"@id\":\"https:\/\/portaltela.pt\/noticias\/2026\/01\/14\/flick-elogia-cancelo-e-ja-conta-com-ele-frente-ao-racing-santander\/\",\"url\":\"https:\/\/portaltela.pt\/noticias\/2026\/01\/14\/flick-elogia-cancelo-e-ja-conta-com-ele-frente-ao-racing-santander\/\",\"name\":\"Flick elogia Cancelo e j\u00e1 conta com ele frente ao Racing Santander - Portal Tela Portugal\",\"isPartOf\":{\"@id\":\"https:\/\/portaltela.pt\/#website\"},\"primaryImageOfPage\":{\"@id\":\"https:\/\/portaltela.pt\/noticias\/2026\/01\/14\/flick-elogia-cancelo-e-ja-conta-com-ele-frente-ao-racing-santander\/#primaryimage\"},\"image\":{\"@id\":\"https:\/\/portaltela.pt\/noticias\/2026\/01\/14\/flick-elogia-cancelo-e-ja-conta-com-ele-frente-ao-racing-santander\/#primaryimage\"},\"thumbnailUrl\":\"https:\/\/portaltela.pt\/s.01k8rhncp4jt1\/2026\/01\/img_920x518uu2025-12-22-15-21-46-2410752.jpg\",\"datePublished\":\"2026-01-14T18:50:22+00:00\",\"author\":{\"@id\":\"https:\/\/portaltela.pt\/#\/schema\/person\/c4278d4a6028830caff9ee44b42d32ed\"},\"breadcrumb\":{\"@id\":\"https:\/\/portaltela.pt\/noticias\/2026\/01\/14\/flick-elogia-cancelo-e-ja-conta-com-ele-frente-ao-racing-santander\/#breadcrumb\"},\"inLanguage\":\"pt-PT\",\"potentialAction\":[{\"@type\":\"ReadAction\",\"target\":[\"https:\/\/portaltela.pt\/noticias\/2026\/01\/14\/flick-elogia-cancelo-e-ja-conta-com-ele-frente-ao-racing-santander\/\"]}]},{\"@type\":\"ImageObject\",\"inLanguage\":\"pt-PT\",\"@id\":\"https:\/\/portaltela.pt\/noticias\/2026\/01\/14\/flick-elogia-cancelo-e-ja-conta-com-ele-frente-ao-racing-santander\/#primaryimage\",\"url\":\"https:\/\/portaltela.pt\/s.01k8rhncp4jt1\/2026\/01\/img_920x518uu2025-12-22-15-21-46-2410752.jpg\",\"contentUrl\":\"https:\/\/portaltela.pt\/s.01k8rhncp4jt1\/2026\/01\/img_920x518uu2025-12-22-15-21-46-2410752.jpg\",\"width\":796,\"height\":448,\"caption\":\"Hansi Flick\"},{\"@type\":\"BreadcrumbList\",\"@id\":\"https:\/\/portaltela.pt\/noticias\/2026\/01\/14\/flick-elogia-cancelo-e-ja-conta-com-ele-frente-ao-racing-santander\/#breadcrumb\",\"itemListElement\":[{\"@type\":\"ListItem\",\"position\":1,\"name\":\"In\u00edcio\",\"item\":\"https:\/\/portaltela.pt\/\"},{\"@type\":\"ListItem\",\"position\":2,\"name\":\"Flick elogia Cancelo e j\u00e1 conta com ele frente ao Racing Santander\"}]},{\"@type\":\"WebSite\",\"@id\":\"https:\/\/portaltela.pt\/#website\",\"url\":\"https:\/\/portaltela.pt\/\",\"name\":\"Portal Tela Portugal\",\"description\":\"\",\"potentialAction\":[{\"@type\":\"SearchAction\",\"target\":{\"@type\":\"EntryPoint\",\"urlTemplate\":\"https:\/\/portaltela.pt\/?s={search_term_string}\"},\"query-input\":{\"@type\":\"PropertyValueSpecification\",\"valueRequired\":true,\"valueName\":\"search_term_string\"}}],\"inLanguage\":\"pt-PT\"},{\"@type\":\"Person\",\"@id\":\"https:\/\/portaltela.pt\/#\/schema\/person\/c4278d4a6028830caff9ee44b42d32ed\",\"name\":\"Telinha\",\"image\":{\"@type\":\"ImageObject\",\"inLanguage\":\"pt-PT\",\"@id\":\"https:\/\/portaltela.pt\/s.01k8rhncp4jt1\/2025\/11\/talking-bot-125x125.png\",\"url\":\"https:\/\/portaltela.pt\/s.01k8rhncp4jt1\/2025\/11\/talking-bot-125x125.png\",\"contentUrl\":\"https:\/\/portaltela.pt\/s.01k8rhncp4jt1\/2025\/11\/talking-bot-125x125.png\",\"caption\":\"Telinha\"},\"sameAs\":[\"https:\/\/portaltela.pt\/\"],\"url\":\"https:\/\/portaltela.pt\/por\/367410592786\/\"}]}<\/script>\n<!-- \/ Yoast SEO plugin. -->","yoast_head_json":{"title":"Flick elogia Cancelo e j\u00e1 conta com ele frente ao Racing Santander - Portal Tela Portugal","robots":{"index":"index","follow":"follow","max-snippet":"max-snippet:-1","max-image-preview":"max-image-preview:large","max-video-preview":"max-video-preview:-1"},"og_locale":"pt_PT","og_type":"article","og_title":"Flick elogia Cancelo e j\u00e1 conta com ele frente ao Racing Santander - Portal Tela Portugal","og_description":"Hansi Flick elogia Jo\u00e3o Cancelo e diz que pode somar alguns minutos nesta quinta-feira, frente ao Racing Santander, nos oitavos de final da Ta\u00e7a do Rei. O Bar\u00e7a apresentou Cancelo como refor\u00e7o e ele pode estrear pela segunda passagem pelo clube catal\u00e3o. Flick descreve Cancelo como jogador fant\u00e1stico, muito profissional e com elevada qualidade ofensiva para desequilibrar quando o advers\u00e1rio fecha o \u00faltimo ter\u00e7o. Sobre a sa\u00edda de Xabi Alonso do Real Madrid, o t\u00e9cnico afirmou que faz parte do futebol e desejou sucesso ao ex-treinador, sem responsabilidades para si. O treinador destacou que o Bar\u00e7a \u00e9 uma grande fam\u00edlia e que as mudan\u00e7as no futebol dependem das vit\u00f3rias, mantendo foco na equipa.","og_url":"https:\/\/portaltela.pt\/noticias\/2026\/01\/14\/flick-elogia-cancelo-e-ja-conta-com-ele-frente-ao-racing-santander\/","og_site_name":"Portal Tela Portugal","article_published_time":"2026-01-14T18:50:22+00:00","author":"Telinha","twitter_card":"summary_large_image","twitter_misc":{"Escrito por":"Telinha","Tempo estimado de leitura":"2 minutos"},"schema":{"@context":"https:\/\/schema.org","@graph":[{"@type":"Article","@id":"https:\/\/portaltela.pt\/noticias\/2026\/01\/14\/flick-elogia-cancelo-e-ja-conta-com-ele-frente-ao-racing-santander\/#article","isPartOf":{"@id":"https:\/\/portaltela.pt\/noticias\/2026\/01\/14\/flick-elogia-cancelo-e-ja-conta-com-ele-frente-ao-racing-santander\/"},"author":{"name":"Telinha","@id":"https:\/\/portaltela.pt\/#\/schema\/person\/c4278d4a6028830caff9ee44b42d32ed"},"headline":"Flick elogia Cancelo e j\u00e1 conta com ele frente ao Racing Santander","datePublished":"2026-01-14T18:50:22+00:00","mainEntityOfPage":{"@id":"https:\/\/portaltela.pt\/noticias\/2026\/01\/14\/flick-elogia-cancelo-e-ja-conta-com-ele-frente-ao-racing-santander\/"},"wordCount":324,"image":{"@id":"https:\/\/portaltela.pt\/noticias\/2026\/01\/14\/flick-elogia-cancelo-e-ja-conta-com-ele-frente-ao-racing-santander\/#primaryimage"},"thumbnailUrl":"https:\/\/portaltela.pt\/s.01k8rhncp4jt1\/2026\/01\/img_920x518uu2025-12-22-15-21-46-2410752.jpg","keywords":["Barcelona","Cancelo","desporto","futebol","Jo\u00e3o Cancelo","Liga"],"articleSection":["Desporto","Futebol"],"inLanguage":"pt-PT"},{"@type":"WebPage","@id":"https:\/\/portaltela.pt\/noticias\/2026\/01\/14\/flick-elogia-cancelo-e-ja-conta-com-ele-frente-ao-racing-santander\/","url":"https:\/\/portaltela.pt\/noticias\/2026\/01\/14\/flick-elogia-cancelo-e-ja-conta-com-ele-frente-ao-racing-santander\/","name":"Flick elogia Cancelo e j\u00e1 conta com ele frente ao Racing Santander - Portal Tela Portugal","isPartOf":{"@id":"https:\/\/portaltela.pt\/#website"},"primaryImageOfPage":{"@id":"https:\/\/portaltela.pt\/noticias\/2026\/01\/14\/flick-elogia-cancelo-e-ja-conta-com-ele-frente-ao-racing-santander\/#primaryimage"},"image":{"@id":"https:\/\/portaltela.pt\/noticias\/2026\/01\/14\/flick-elogia-cancelo-e-ja-conta-com-ele-frente-ao-racing-santander\/#primaryimage"},"thumbnailUrl":"https:\/\/portaltela.pt\/s.01k8rhncp4jt1\/2026\/01\/img_920x518uu2025-12-22-15-21-46-2410752.jpg","datePublished":"2026-01-14T18:50:22+00:00","author":{"@id":"https:\/\/portaltela.pt\/#\/schema\/person\/c4278d4a6028830caff9ee44b42d32ed"},"breadcrumb":{"@id":"https:\/\/portaltela.pt\/noticias\/2026\/01\/14\/flick-elogia-cancelo-e-ja-conta-com-ele-frente-ao-racing-santander\/#breadcrumb"},"inLanguage":"pt-PT","potentialAction":[{"@type":"ReadAction","target":["https:\/\/portaltela.pt\/noticias\/2026\/01\/14\/flick-elogia-cancelo-e-ja-conta-com-ele-frente-ao-racing-santander\/"]}]},{"@type":"ImageObject","inLanguage":"pt-PT","@id":"https:\/\/portaltela.pt\/noticias\/2026\/01\/14\/flick-elogia-cancelo-e-ja-conta-com-ele-frente-ao-racing-santander\/#primaryimage","url":"https:\/\/portaltela.pt\/s.01k8rhncp4jt1\/2026\/01\/img_920x518uu2025-12-22-15-21-46-2410752.jpg","contentUrl":"https:\/\/portaltela.pt\/s.01k8rhncp4jt1\/2026\/01\/img_920x518uu2025-12-22-15-21-46-2410752.jpg","width":796,"height":448,"caption":"Hansi Flick"},{"@type":"BreadcrumbList","@id":"https:\/\/portaltela.pt\/noticias\/2026\/01\/14\/flick-elogia-cancelo-e-ja-conta-com-ele-frente-ao-racing-santander\/#breadcrumb","itemListElement":[{"@type":"ListItem","position":1,"name":"In\u00edcio","item":"https:\/\/portaltela.pt\/"},{"@type":"ListItem","position":2,"name":"Flick elogia Cancelo e j\u00e1 conta com ele frente ao Racing Santander"}]},{"@type":"WebSite","@id":"https:\/\/portaltela.pt\/#website","url":"https:\/\/portaltela.pt\/","name":"Portal Tela Portugal","description":"","potentialAction":[{"@type":"SearchAction","target":{"@type":"EntryPoint","urlTemplate":"https:\/\/portaltela.pt\/?s={search_term_string}"},"query-input":{"@type":"PropertyValueSpecification","valueRequired":true,"valueName":"search_term_string"}}],"inLanguage":"pt-PT"},{"@type":"Person","@id":"https:\/\/portaltela.pt\/#\/schema\/person\/c4278d4a6028830caff9ee44b42d32ed","name":"Telinha","image":{"@type":"ImageObject","inLanguage":"pt-PT","@id":"https:\/\/portaltela.pt\/s.01k8rhncp4jt1\/2025\/11\/talking-bot-125x125.png","url":"https:\/\/portaltela.pt\/s.01k8rhncp4jt1\/2025\/11\/talking-bot-125x125.png","contentUrl":"https:\/\/portaltela.pt\/s.01k8rhncp4jt1\/2025\/11\/talking-bot-125x125.png","caption":"Telinha"},"sameAs":["https:\/\/portaltela.pt\/"],"url":"https:\/\/portaltela.pt\/por\/367410592786\/"}]}},"_links":{"self":[{"href":"https:\/\/portaltela.pt\/api\/wp\/v2\/posts\/142329","targetHints":{"allow":["GET"]}}],"collection":[{"href":"https:\/\/portaltela.pt\/api\/wp\/v2\/posts"}],"about":[{"href":"https:\/\/portaltela.pt\/api\/wp\/v2\/types\/post"}],"author":[{"embeddable":true,"href":"https:\/\/portaltela.pt\/api\/wp\/v2\/users\/2"}],"replies":[{"embeddable":true,"href":"https:\/\/portaltela.pt\/api\/wp\/v2\/comments?post=142329"}],"version-history":[{"count":0,"href":"https:\/\/portaltela.pt\/api\/wp\/v2\/posts\/142329\/revisions"}],"wp:featuredmedia":[{"embeddable":true,"href":"https:\/\/portaltela.pt\/api\/wp\/v2\/media\/142331"}],"wp:attachment":[{"href":"https:\/\/portaltela.pt\/api\/wp\/v2\/media?parent=142329"}],"wp:term":[{"taxonomy":"category","embeddable":true,"href":"https:\/\/portaltela.pt\/api\/wp\/v2\/categories?post=142329"},{"taxonomy":"post_tag","embeddable":true,"href":"https:\/\/portaltela.pt\/api\/wp\/v2\/tags?post=142329"}],"curies":[{"name":"wp","href":"https:\/\/api.w.org\/{rel}","templated":true}]}}