{"id":142315,"date":"2026-01-14T15:58:57","date_gmt":"2026-01-14T18:58:57","guid":{"rendered":"https:\/\/portaltela.pt\/noticias\/2026\/01\/14\/dakar-2026-etapa-maratona-sacode-lideres-paulo-fiuza-lidera-nos-camioes\/"},"modified":"2026-01-14T15:58:57","modified_gmt":"2026-01-14T18:58:57","slug":"dakar-2026-etapa-maratona-sacode-lideres-paulo-fiuza-lidera-nos-camioes","status":"publish","type":"post","link":"https:\/\/portaltela.pt\/desporto\/2026\/01\/14\/dakar-2026-etapa-maratona-sacode-lideres-paulo-fiuza-lidera-nos-camioes\/","title":{"rendered":"Dakar 2026: etapa maratona sacode l\u00edderes; Paulo Fi\u00faza lidera nos cami\u00f5es"},"content":{"rendered":"<p>A 10.\u00aa etapa da Dakar 2026, entre o acampamento da etapa maratona e Bisha, abriu controlo entre os l\u00edderes e elevou o piloto Vaidotas Zala ao comando nos cami\u00f5es, com Paulo Fi\u00faza a atuar como navegador. A passagem teve 420 quil\u00f3metros cronometrados e terminou com o checo Ales Loprais a vencer.<\/p>\n<p>Zala mant\u00e9m a lideran\u00e7a na geral dos cami\u00f5es, com 20,48 minutos sobre Loprais. O duo viaja ao volante de um Iveco e lidera ap\u00f3s o desfecho da etapa, que acabou por alterar o panorama entre os favoritos.<\/p>\n<p>Nos autom\u00f3veis, a Ford registou percal\u00e7os relevantes. Nani Roma, que venceu em 2014, ficou travado pela navega\u00e7\u00e3o a partir do quil\u00f3metro 196 e terminou com mais de 12 minutos de atraso. Carlos Sainz perdeu mais de meia hora \u00e0 procura de um waypoint e acabou por desistir de o alcan\u00e7ar, terminando em 52.\u00ba lugar.<\/p>\n<p>Jo\u00e3o Ferreira, da Toyota Hilux, foi 17.\u00ba na segunda parte da etapa maratona. Na v\u00e9spera, o piloto de Leiria investiu mais de 2,5 horas a reparar uma roda, caindo para 21.\u00ba na geral.<\/p>\n<p>O franc\u00eas Mathieu Serradori (Century) venceu a etapa, \u00e0 frente de Nasser Al-Attiyah (Dacia Sandrider) e de S\u00e9bastien Loeb (Dacia Sandrider). No ambiente geral, Al-Attiyah assume a lideran\u00e7a na geral dos autom\u00f3veis, com Henk Lategan, da Toyota, na segunda posi\u00e7\u00e3o.<\/p>\n<p>Nas motas, Daniel Sanders (KTM) sofreu uma queda aos 138 quil\u00f3metros e fraturou a clav\u00edcula esquerda e o esterno. O piloto prosseguiu, mas ficou quase meia hora atr\u00e1s, terminando na 16.\u00aa posi\u00e7\u00e3o.<\/p>\n<p>Adrien van Beveren (Honda) destacou-se pela vit\u00f3ria da equipa gerida por Ruben Faria, com Ricky Brabec (Honda) em segundo e Luciano Benavides (KTM) em terceiro. Martim Ventura foi o melhor entre os portugueses da Rally 2, na 11.\u00aa posi\u00e7\u00e3o.<\/p>\n<p>Na variante Challenger, Rui Carneiro (MMP) ficou em 12.\u00ba e Pedro Gon\u00e7alves (BBR) em 13.\u00ba, mantendo Gon\u00e7alves na 11.\u00aa posi\u00e7\u00e3o da geral e Carneiro na 12.\u00aa. Nos SSV, H\u00e9lder Rodrigues (Polaris) foi o melhor luso, em 7.\u00ba, com Jo\u00e3o Monteiro (Can-Am) em 15.\u00ba.<\/p>\n<p>A prova segue na sexta-feira com a 11.\u00aa etapa entre Bisha e Al Henakiyah, num percurso de 346 quil\u00f3metros, onde se esperam novos ajustes na luta pela lideran\u00e7a e o aumento do risco de furos.<\/p>\n","protected":false},"excerpt":{"rendered":"<ul>\n<li>A 10.\u00aa etapa da Dakar&#8217;2026, maratona, levou Paulo Fi\u00faza a ascender ao comando nos cami\u00f5es, acompanhando o piloto let\u00e3o Vaidotas Zala (Iveco).<\/li>\n<li>Zala terminou a fase de 420 quil\u00f3metros entre o acampamento da maratona e Bisha a 1,37 minutos do vencedor, Ales Loprais (Iveco), mantendo a lideran\u00e7a da geral por 20,48 minutos.<\/li>\n<li>Nos autom\u00f3veis, Nani Roma e Carlos Sainz sofreram dificuldades de navega\u00e7\u00e3o com os Ford Raptor; Sainz acabou na 52.\u00aa posi\u00e7\u00e3o e perdeu a lideran\u00e7a da geral.<\/li>\n<li>Nos motos, Adrien van Beveren (Honda) venceu a etapa, com Daniel Sanders (KTM) a sofrer uma queda que lhe causou fraturas e terminou na 16.\u00aa posi\u00e7\u00e3o; Martim Ventura foi o melhor portugu\u00eas, em 11.\u00ba.<\/li>\n<li>Na geral, Nasser Al-Attiyah (Dacia) continua na lideran\u00e7a entre os carros, com Henk Lategan (Toyota) em 2.\u00ba e Nani Roma a descer para 3.\u00ba; na categoria SSV, Brock Heger (Polaris) lidera, com H\u00e9lder Rodrigues em 7.\u00ba. A 11.\u00aa etapa est\u00e1 marcada para sexta-feira, entre Bisha e Al Henakiyah.<\/li>\n<\/ul>\n","protected":false},"author":2,"featured_media":142320,"comment_status":"closed","ping_status":"closed","sticky":false,"template":"","format":"standard","meta":{"footnotes":""},"categories":[21],"tags":[2371,152,186,2619,2467,3135],"class_list":["post-142315","post","type-post","status-publish","format-standard","has-post-thumbnail","hentry","category-desporto","tag-automoveis","tag-desporto","tag-desportos","tag-desportos-internacionais","tag-desportos-motorizados","tag-rally2"],"yoast_head":"<!-- This site is optimized with the Yoast SEO plugin v27.2 - https:\/\/yoast.com\/product\/yoast-seo-wordpress\/ -->\n<title>Dakar 2026: etapa maratona sacode l\u00edderes; Paulo Fi\u00faza lidera nos cami\u00f5es - Portal Tela Portugal<\/title>\n<meta name=\"robots\" content=\"index, follow, max-snippet:-1, max-image-preview:large, max-video-preview:-1\" \/>\n<meta property=\"og:locale\" content=\"pt_PT\" \/>\n<meta property=\"og:type\" content=\"article\" \/>\n<meta property=\"og:title\" content=\"Dakar 2026: etapa maratona sacode l\u00edderes; Paulo Fi\u00faza lidera nos cami\u00f5es - Portal Tela Portugal\" \/>\n<meta property=\"og:description\" content=\"A 10.\u00aa etapa da Dakar&#039;2026, maratona, levou Paulo Fi\u00faza a ascender ao comando nos cami\u00f5es, acompanhando o piloto let\u00e3o Vaidotas Zala (Iveco). Zala terminou a fase de 420 quil\u00f3metros entre o acampamento da maratona e Bisha a 1,37 minutos do vencedor, Ales Loprais (Iveco), mantendo a lideran\u00e7a da geral por 20,48 minutos. Nos autom\u00f3veis, Nani Roma e Carlos Sainz sofreram dificuldades de navega\u00e7\u00e3o com os Ford Raptor; Sainz acabou na 52.\u00aa posi\u00e7\u00e3o e perdeu a lideran\u00e7a da geral. Nos motos, Adrien van Beveren (Honda) venceu a etapa, com Daniel Sanders (KTM) a sofrer uma queda que lhe causou fraturas e terminou na 16.\u00aa posi\u00e7\u00e3o; Martim Ventura foi o melhor portugu\u00eas, em 11.\u00ba. Na geral, Nasser Al-Attiyah (Dacia) continua na lideran\u00e7a entre os carros, com Henk Lategan (Toyota) em 2.\u00ba e Nani Roma a descer para 3.\u00ba; na categoria SSV, Brock Heger (Polaris) lidera, com H\u00e9lder Rodrigues em 7.\u00ba. A 11.\u00aa etapa est\u00e1 marcada para sexta-feira, entre Bisha e Al Henakiyah.\" \/>\n<meta property=\"og:url\" content=\"https:\/\/portaltela.pt\/noticias\/2026\/01\/14\/dakar-2026-etapa-maratona-sacode-lideres-paulo-fiuza-lidera-nos-camioes\/\" \/>\n<meta property=\"og:site_name\" content=\"Portal Tela Portugal\" \/>\n<meta property=\"article:published_time\" content=\"2026-01-14T18:58:57+00:00\" \/>\n<meta name=\"author\" content=\"Telinha\" \/>\n<meta name=\"twitter:card\" content=\"summary_large_image\" \/>\n<meta name=\"twitter:label1\" content=\"Escrito por\" \/>\n\t<meta name=\"twitter:data1\" content=\"Telinha\" \/>\n\t<meta name=\"twitter:label2\" content=\"Tempo estimado de leitura\" \/>\n\t<meta name=\"twitter:data2\" content=\"2 minutos\" \/>\n<script type=\"application\/ld+json\" class=\"yoast-schema-graph\">{\"@context\":\"https:\/\/schema.org\",\"@graph\":[{\"@type\":\"Article\",\"@id\":\"https:\/\/portaltela.pt\/noticias\/2026\/01\/14\/dakar-2026-etapa-maratona-sacode-lideres-paulo-fiuza-lidera-nos-camioes\/#article\",\"isPartOf\":{\"@id\":\"https:\/\/portaltela.pt\/noticias\/2026\/01\/14\/dakar-2026-etapa-maratona-sacode-lideres-paulo-fiuza-lidera-nos-camioes\/\"},\"author\":{\"name\":\"Telinha\",\"@id\":\"https:\/\/portaltela.pt\/#\/schema\/person\/c4278d4a6028830caff9ee44b42d32ed\"},\"headline\":\"Dakar 2026: etapa maratona sacode l\u00edderes; Paulo Fi\u00faza lidera nos cami\u00f5es\",\"datePublished\":\"2026-01-14T18:58:57+00:00\",\"mainEntityOfPage\":{\"@id\":\"https:\/\/portaltela.pt\/noticias\/2026\/01\/14\/dakar-2026-etapa-maratona-sacode-lideres-paulo-fiuza-lidera-nos-camioes\/\"},\"wordCount\":385,\"image\":{\"@id\":\"https:\/\/portaltela.pt\/noticias\/2026\/01\/14\/dakar-2026-etapa-maratona-sacode-lideres-paulo-fiuza-lidera-nos-camioes\/#primaryimage\"},\"thumbnailUrl\":\"https:\/\/portaltela.pt\/s.01k8rhncp4jt1\/2026\/01\/img_920x518uu2026-01-14-18-57-57-2414723.jpg\",\"keywords\":[\"Autom\u00f3veis\",\"desporto\",\"desportos\",\"desportos internacionais\",\"Desportos Motorizados\",\"Rally2\"],\"articleSection\":[\"Desporto\"],\"inLanguage\":\"pt-PT\"},{\"@type\":\"WebPage\",\"@id\":\"https:\/\/portaltela.pt\/noticias\/2026\/01\/14\/dakar-2026-etapa-maratona-sacode-lideres-paulo-fiuza-lidera-nos-camioes\/\",\"url\":\"https:\/\/portaltela.pt\/noticias\/2026\/01\/14\/dakar-2026-etapa-maratona-sacode-lideres-paulo-fiuza-lidera-nos-camioes\/\",\"name\":\"Dakar 2026: etapa maratona sacode l\u00edderes; Paulo Fi\u00faza lidera nos cami\u00f5es - Portal Tela Portugal\",\"isPartOf\":{\"@id\":\"https:\/\/portaltela.pt\/#website\"},\"primaryImageOfPage\":{\"@id\":\"https:\/\/portaltela.pt\/noticias\/2026\/01\/14\/dakar-2026-etapa-maratona-sacode-lideres-paulo-fiuza-lidera-nos-camioes\/#primaryimage\"},\"image\":{\"@id\":\"https:\/\/portaltela.pt\/noticias\/2026\/01\/14\/dakar-2026-etapa-maratona-sacode-lideres-paulo-fiuza-lidera-nos-camioes\/#primaryimage\"},\"thumbnailUrl\":\"https:\/\/portaltela.pt\/s.01k8rhncp4jt1\/2026\/01\/img_920x518uu2026-01-14-18-57-57-2414723.jpg\",\"datePublished\":\"2026-01-14T18:58:57+00:00\",\"author\":{\"@id\":\"https:\/\/portaltela.pt\/#\/schema\/person\/c4278d4a6028830caff9ee44b42d32ed\"},\"breadcrumb\":{\"@id\":\"https:\/\/portaltela.pt\/noticias\/2026\/01\/14\/dakar-2026-etapa-maratona-sacode-lideres-paulo-fiuza-lidera-nos-camioes\/#breadcrumb\"},\"inLanguage\":\"pt-PT\",\"potentialAction\":[{\"@type\":\"ReadAction\",\"target\":[\"https:\/\/portaltela.pt\/noticias\/2026\/01\/14\/dakar-2026-etapa-maratona-sacode-lideres-paulo-fiuza-lidera-nos-camioes\/\"]}]},{\"@type\":\"ImageObject\",\"inLanguage\":\"pt-PT\",\"@id\":\"https:\/\/portaltela.pt\/noticias\/2026\/01\/14\/dakar-2026-etapa-maratona-sacode-lideres-paulo-fiuza-lidera-nos-camioes\/#primaryimage\",\"url\":\"https:\/\/portaltela.pt\/s.01k8rhncp4jt1\/2026\/01\/img_920x518uu2026-01-14-18-57-57-2414723.jpg\",\"contentUrl\":\"https:\/\/portaltela.pt\/s.01k8rhncp4jt1\/2026\/01\/img_920x518uu2026-01-14-18-57-57-2414723.jpg\",\"width\":796,\"height\":448,\"caption\":\"Vaidotas Zala lidera Dakar'2026 nos cami\u00f5es, com Fi\u00faza como navegador\"},{\"@type\":\"BreadcrumbList\",\"@id\":\"https:\/\/portaltela.pt\/noticias\/2026\/01\/14\/dakar-2026-etapa-maratona-sacode-lideres-paulo-fiuza-lidera-nos-camioes\/#breadcrumb\",\"itemListElement\":[{\"@type\":\"ListItem\",\"position\":1,\"name\":\"In\u00edcio\",\"item\":\"https:\/\/portaltela.pt\/\"},{\"@type\":\"ListItem\",\"position\":2,\"name\":\"Dakar 2026: etapa maratona sacode l\u00edderes; Paulo Fi\u00faza lidera nos cami\u00f5es\"}]},{\"@type\":\"WebSite\",\"@id\":\"https:\/\/portaltela.pt\/#website\",\"url\":\"https:\/\/portaltela.pt\/\",\"name\":\"Portal Tela Portugal\",\"description\":\"\",\"potentialAction\":[{\"@type\":\"SearchAction\",\"target\":{\"@type\":\"EntryPoint\",\"urlTemplate\":\"https:\/\/portaltela.pt\/?s={search_term_string}\"},\"query-input\":{\"@type\":\"PropertyValueSpecification\",\"valueRequired\":true,\"valueName\":\"search_term_string\"}}],\"inLanguage\":\"pt-PT\"},{\"@type\":\"Person\",\"@id\":\"https:\/\/portaltela.pt\/#\/schema\/person\/c4278d4a6028830caff9ee44b42d32ed\",\"name\":\"Telinha\",\"image\":{\"@type\":\"ImageObject\",\"inLanguage\":\"pt-PT\",\"@id\":\"https:\/\/portaltela.pt\/s.01k8rhncp4jt1\/2025\/11\/talking-bot-125x125.png\",\"url\":\"https:\/\/portaltela.pt\/s.01k8rhncp4jt1\/2025\/11\/talking-bot-125x125.png\",\"contentUrl\":\"https:\/\/portaltela.pt\/s.01k8rhncp4jt1\/2025\/11\/talking-bot-125x125.png\",\"caption\":\"Telinha\"},\"sameAs\":[\"https:\/\/portaltela.pt\/\"],\"url\":\"https:\/\/portaltela.pt\/por\/367410592786\/\"}]}<\/script>\n<!-- \/ Yoast SEO plugin. -->","yoast_head_json":{"title":"Dakar 2026: etapa maratona sacode l\u00edderes; Paulo Fi\u00faza lidera nos cami\u00f5es - Portal Tela Portugal","robots":{"index":"index","follow":"follow","max-snippet":"max-snippet:-1","max-image-preview":"max-image-preview:large","max-video-preview":"max-video-preview:-1"},"og_locale":"pt_PT","og_type":"article","og_title":"Dakar 2026: etapa maratona sacode l\u00edderes; Paulo Fi\u00faza lidera nos cami\u00f5es - Portal Tela Portugal","og_description":"A 10.\u00aa etapa da Dakar'2026, maratona, levou Paulo Fi\u00faza a ascender ao comando nos cami\u00f5es, acompanhando o piloto let\u00e3o Vaidotas Zala (Iveco). Zala terminou a fase de 420 quil\u00f3metros entre o acampamento da maratona e Bisha a 1,37 minutos do vencedor, Ales Loprais (Iveco), mantendo a lideran\u00e7a da geral por 20,48 minutos. Nos autom\u00f3veis, Nani Roma e Carlos Sainz sofreram dificuldades de navega\u00e7\u00e3o com os Ford Raptor; Sainz acabou na 52.\u00aa posi\u00e7\u00e3o e perdeu a lideran\u00e7a da geral. Nos motos, Adrien van Beveren (Honda) venceu a etapa, com Daniel Sanders (KTM) a sofrer uma queda que lhe causou fraturas e terminou na 16.\u00aa posi\u00e7\u00e3o; Martim Ventura foi o melhor portugu\u00eas, em 11.\u00ba. Na geral, Nasser Al-Attiyah (Dacia) continua na lideran\u00e7a entre os carros, com Henk Lategan (Toyota) em 2.\u00ba e Nani Roma a descer para 3.\u00ba; na categoria SSV, Brock Heger (Polaris) lidera, com H\u00e9lder Rodrigues em 7.\u00ba. A 11.\u00aa etapa est\u00e1 marcada para sexta-feira, entre Bisha e Al Henakiyah.","og_url":"https:\/\/portaltela.pt\/noticias\/2026\/01\/14\/dakar-2026-etapa-maratona-sacode-lideres-paulo-fiuza-lidera-nos-camioes\/","og_site_name":"Portal Tela Portugal","article_published_time":"2026-01-14T18:58:57+00:00","author":"Telinha","twitter_card":"summary_large_image","twitter_misc":{"Escrito por":"Telinha","Tempo estimado de leitura":"2 minutos"},"schema":{"@context":"https:\/\/schema.org","@graph":[{"@type":"Article","@id":"https:\/\/portaltela.pt\/noticias\/2026\/01\/14\/dakar-2026-etapa-maratona-sacode-lideres-paulo-fiuza-lidera-nos-camioes\/#article","isPartOf":{"@id":"https:\/\/portaltela.pt\/noticias\/2026\/01\/14\/dakar-2026-etapa-maratona-sacode-lideres-paulo-fiuza-lidera-nos-camioes\/"},"author":{"name":"Telinha","@id":"https:\/\/portaltela.pt\/#\/schema\/person\/c4278d4a6028830caff9ee44b42d32ed"},"headline":"Dakar 2026: etapa maratona sacode l\u00edderes; Paulo Fi\u00faza lidera nos cami\u00f5es","datePublished":"2026-01-14T18:58:57+00:00","mainEntityOfPage":{"@id":"https:\/\/portaltela.pt\/noticias\/2026\/01\/14\/dakar-2026-etapa-maratona-sacode-lideres-paulo-fiuza-lidera-nos-camioes\/"},"wordCount":385,"image":{"@id":"https:\/\/portaltela.pt\/noticias\/2026\/01\/14\/dakar-2026-etapa-maratona-sacode-lideres-paulo-fiuza-lidera-nos-camioes\/#primaryimage"},"thumbnailUrl":"https:\/\/portaltela.pt\/s.01k8rhncp4jt1\/2026\/01\/img_920x518uu2026-01-14-18-57-57-2414723.jpg","keywords":["Autom\u00f3veis","desporto","desportos","desportos internacionais","Desportos Motorizados","Rally2"],"articleSection":["Desporto"],"inLanguage":"pt-PT"},{"@type":"WebPage","@id":"https:\/\/portaltela.pt\/noticias\/2026\/01\/14\/dakar-2026-etapa-maratona-sacode-lideres-paulo-fiuza-lidera-nos-camioes\/","url":"https:\/\/portaltela.pt\/noticias\/2026\/01\/14\/dakar-2026-etapa-maratona-sacode-lideres-paulo-fiuza-lidera-nos-camioes\/","name":"Dakar 2026: etapa maratona sacode l\u00edderes; Paulo Fi\u00faza lidera nos cami\u00f5es - Portal Tela Portugal","isPartOf":{"@id":"https:\/\/portaltela.pt\/#website"},"primaryImageOfPage":{"@id":"https:\/\/portaltela.pt\/noticias\/2026\/01\/14\/dakar-2026-etapa-maratona-sacode-lideres-paulo-fiuza-lidera-nos-camioes\/#primaryimage"},"image":{"@id":"https:\/\/portaltela.pt\/noticias\/2026\/01\/14\/dakar-2026-etapa-maratona-sacode-lideres-paulo-fiuza-lidera-nos-camioes\/#primaryimage"},"thumbnailUrl":"https:\/\/portaltela.pt\/s.01k8rhncp4jt1\/2026\/01\/img_920x518uu2026-01-14-18-57-57-2414723.jpg","datePublished":"2026-01-14T18:58:57+00:00","author":{"@id":"https:\/\/portaltela.pt\/#\/schema\/person\/c4278d4a6028830caff9ee44b42d32ed"},"breadcrumb":{"@id":"https:\/\/portaltela.pt\/noticias\/2026\/01\/14\/dakar-2026-etapa-maratona-sacode-lideres-paulo-fiuza-lidera-nos-camioes\/#breadcrumb"},"inLanguage":"pt-PT","potentialAction":[{"@type":"ReadAction","target":["https:\/\/portaltela.pt\/noticias\/2026\/01\/14\/dakar-2026-etapa-maratona-sacode-lideres-paulo-fiuza-lidera-nos-camioes\/"]}]},{"@type":"ImageObject","inLanguage":"pt-PT","@id":"https:\/\/portaltela.pt\/noticias\/2026\/01\/14\/dakar-2026-etapa-maratona-sacode-lideres-paulo-fiuza-lidera-nos-camioes\/#primaryimage","url":"https:\/\/portaltela.pt\/s.01k8rhncp4jt1\/2026\/01\/img_920x518uu2026-01-14-18-57-57-2414723.jpg","contentUrl":"https:\/\/portaltela.pt\/s.01k8rhncp4jt1\/2026\/01\/img_920x518uu2026-01-14-18-57-57-2414723.jpg","width":796,"height":448,"caption":"Vaidotas Zala lidera Dakar'2026 nos cami\u00f5es, com Fi\u00faza como navegador"},{"@type":"BreadcrumbList","@id":"https:\/\/portaltela.pt\/noticias\/2026\/01\/14\/dakar-2026-etapa-maratona-sacode-lideres-paulo-fiuza-lidera-nos-camioes\/#breadcrumb","itemListElement":[{"@type":"ListItem","position":1,"name":"In\u00edcio","item":"https:\/\/portaltela.pt\/"},{"@type":"ListItem","position":2,"name":"Dakar 2026: etapa maratona sacode l\u00edderes; Paulo Fi\u00faza lidera nos cami\u00f5es"}]},{"@type":"WebSite","@id":"https:\/\/portaltela.pt\/#website","url":"https:\/\/portaltela.pt\/","name":"Portal Tela Portugal","description":"","potentialAction":[{"@type":"SearchAction","target":{"@type":"EntryPoint","urlTemplate":"https:\/\/portaltela.pt\/?s={search_term_string}"},"query-input":{"@type":"PropertyValueSpecification","valueRequired":true,"valueName":"search_term_string"}}],"inLanguage":"pt-PT"},{"@type":"Person","@id":"https:\/\/portaltela.pt\/#\/schema\/person\/c4278d4a6028830caff9ee44b42d32ed","name":"Telinha","image":{"@type":"ImageObject","inLanguage":"pt-PT","@id":"https:\/\/portaltela.pt\/s.01k8rhncp4jt1\/2025\/11\/talking-bot-125x125.png","url":"https:\/\/portaltela.pt\/s.01k8rhncp4jt1\/2025\/11\/talking-bot-125x125.png","contentUrl":"https:\/\/portaltela.pt\/s.01k8rhncp4jt1\/2025\/11\/talking-bot-125x125.png","caption":"Telinha"},"sameAs":["https:\/\/portaltela.pt\/"],"url":"https:\/\/portaltela.pt\/por\/367410592786\/"}]}},"_links":{"self":[{"href":"https:\/\/portaltela.pt\/api\/wp\/v2\/posts\/142315","targetHints":{"allow":["GET"]}}],"collection":[{"href":"https:\/\/portaltela.pt\/api\/wp\/v2\/posts"}],"about":[{"href":"https:\/\/portaltela.pt\/api\/wp\/v2\/types\/post"}],"author":[{"embeddable":true,"href":"https:\/\/portaltela.pt\/api\/wp\/v2\/users\/2"}],"replies":[{"embeddable":true,"href":"https:\/\/portaltela.pt\/api\/wp\/v2\/comments?post=142315"}],"version-history":[{"count":0,"href":"https:\/\/portaltela.pt\/api\/wp\/v2\/posts\/142315\/revisions"}],"wp:featuredmedia":[{"embeddable":true,"href":"https:\/\/portaltela.pt\/api\/wp\/v2\/media\/142320"}],"wp:attachment":[{"href":"https:\/\/portaltela.pt\/api\/wp\/v2\/media?parent=142315"}],"wp:term":[{"taxonomy":"category","embeddable":true,"href":"https:\/\/portaltela.pt\/api\/wp\/v2\/categories?post=142315"},{"taxonomy":"post_tag","embeddable":true,"href":"https:\/\/portaltela.pt\/api\/wp\/v2\/tags?post=142315"}],"curies":[{"name":"wp","href":"https:\/\/api.w.org\/{rel}","templated":true}]}}