{"id":142313,"date":"2026-01-14T15:55:44","date_gmt":"2026-01-14T18:55:44","guid":{"rendered":"https:\/\/portaltela.pt\/noticias\/2026\/01\/14\/camara-de-penacova-cancela-sessao-de-miguel-carvalho-em-festival-literario\/"},"modified":"2026-01-14T15:55:44","modified_gmt":"2026-01-14T18:55:44","slug":"camara-de-penacova-cancela-sessao-de-miguel-carvalho-em-festival-literario","status":"publish","type":"post","link":"https:\/\/portaltela.pt\/noticias\/politica\/2026\/01\/14\/camara-de-penacova-cancela-sessao-de-miguel-carvalho-em-festival-literario\/","title":{"rendered":"C\u00e2mara de Penacova cancela sess\u00e3o de Miguel Carvalho em festival liter\u00e1rio"},"content":{"rendered":"<p>O festival liter\u00e1rio de Penacova, marcado para ocorrer entre 2 e 7 de mar\u00e7o, n\u00e3o contar\u00e1 com a presen\u00e7a do jornalista e escritor Miguel Carvalho, ap\u00f3s uma decis\u00e3o da C\u00e2mara Municipal. A organiza\u00e7\u00e3o do evento confirmou a suspens\u00e3o \u00e0 ag\u00eancia Lusa, sem indicar contactos adicionais ou detalhes do processo.<\/p>\n<p>Miguel Carvalho alegou ter recebido por email a indica\u00e7\u00e3o de que a presen\u00e7a dele seria cancelada por instru\u00e7\u00f5es diretas do presidente da C\u00e2mara, eleito pelo PSD. O autor de Por Dentro do Chega afirmou ainda que o agendamento encontrava-se acordado desde novembro e que o convidado para apresentar o livro seria um professor da Universidade de Coimbra.<\/p>\n<p>A C\u00e2mara de Penacova, em resposta escrita \u00e0 Lusa, rejeitou a ideia de censura e disse tratar-se de uma escolha relacionada com os conte\u00fados do festival e com a exclus\u00e3o de tem\u00e1ticas pol\u00edtico-partid\u00e1rias. O munic\u00edpio afirmou desconhecer o convite feito ao autor desde outubro passado e reconheceu que houve um erro de programa\u00e7\u00e3o.<\/p>\n<p>Jo\u00e3o Paulo Barbosa de Melo, que tinha sido convidado para apresentar o mesmo livro, confirmou \u00e0 Lusa que o evento j\u00e1 n\u00e3o iria decorrer, sem conseguir indicar as raz\u00f5es espec\u00edficas para o cancelamento. O presidente da C\u00e2mara acrescentou que a decis\u00e3o se aplica a todo o espetro pol\u00edtico e reiterou a necessidade de evitar temas pol\u00edticos no festival.<\/p>\n<h3>Contexto institucional e impactos<\/h3>\n<p>Miguel Carvalho escreveu, nas redes, que a decis\u00e3o foi tomada poucos meses antes do evento, gerando surpresa e indigna\u00e7\u00e3o quanto \u00e0 gest\u00e3o do festival. O epis\u00f3dio j\u00e1 foi descrito pelo autor como um ataque \u00e0 liberdade de express\u00e3o no contexto democr\u00e1tico. O caso envolve ainda a gest\u00e3o da autarquia e a comunica\u00e7\u00e3o com convidados.<\/p>\n<h3>Rea\u00e7\u00f5es e pr\u00f3ximos passos<\/h3>\n<p>Fontes oficiais indicaram que o festival segue a realizar as atividades previstas, com outras sess\u00f5es confirmadas. A cidade de Penacova permanece em expectativa quanto \u00e0 organiza\u00e7\u00e3o do evento e \u00e0 eventual clarifica\u00e7\u00e3o formal de motivos, bem como \u00e0 comunica\u00e7\u00e3o com os convidados afetados.<\/p>\n","protected":false},"excerpt":{"rendered":"<ul>\n<li>Miguel Carvalho viu cancelada a sua participa\u00e7\u00e3o no Festival Liter\u00e1rio de Penacova, marcado para 2 a 7 de mar\u00e7o, por instru\u00e7\u00f5es diretas do presidente da C\u00e2mara.<\/li>\n<li>O convite tinha sido feito em outubro para apresentar o livro &#8220;Por dentro do Chega&#8221; e a autarquia confirmou a data \u00e0 ag\u00eancia Lusa.<\/li>\n<li>O presidente da C\u00e2mara de Penacova, \u00c1lvaro Coimbra, disse hoje que n\u00e3o houve censura, tratando-se de uma op\u00e7\u00e3o de conte\u00fados do festival e da recusa de tem\u00e1ticas pol\u00edtico-partid\u00e1rias.<\/li>\n<li>Carvalho afirma ter recebido o cancelamento por e\u2011mail e pede esclarecimentos por escrito sobre os motivos, dizendo que o recuo de autarquias \u00e9 preocupante num contexto de democracia e liberdade de express\u00e3o.<\/li>\n<li>Tamb\u00e9m foi anunciado que Jo\u00e3o Paulo Barbosa de Melo, convidado para apresentar o livro, ficou a saber h\u00e1 dias que a sess\u00e3o j\u00e1 n\u00e3o iria ocorrer, sem informa\u00e7\u00f5es sobre as raz\u00f5es.<\/li>\n<\/ul>\n","protected":false},"author":2,"featured_media":142324,"comment_status":"closed","ping_status":"closed","sticky":false,"template":"","format":"standard","meta":{"footnotes":""},"categories":[1,5],"tags":[168,107,2920,106,2077,2832],"class_list":["post-142313","post","type-post","status-publish","format-standard","has-post-thumbnail","hentry","category-noticias","category-politica","tag-administracao-publica","tag-festivais","tag-liberdade-de-expressao","tag-literatura","tag-penacova","tag-politica"],"yoast_head":"<!-- This site is optimized with the Yoast SEO plugin v27.2 - https:\/\/yoast.com\/product\/yoast-seo-wordpress\/ -->\n<title>C\u00e2mara de Penacova cancela sess\u00e3o de Miguel Carvalho em festival liter\u00e1rio - Portal Tela Portugal<\/title>\n<meta name=\"robots\" content=\"index, follow, max-snippet:-1, max-image-preview:large, max-video-preview:-1\" \/>\n<meta property=\"og:locale\" content=\"pt_PT\" \/>\n<meta property=\"og:type\" content=\"article\" \/>\n<meta property=\"og:title\" content=\"C\u00e2mara de Penacova cancela sess\u00e3o de Miguel Carvalho em festival liter\u00e1rio - Portal Tela Portugal\" \/>\n<meta property=\"og:description\" content=\"Miguel Carvalho viu cancelada a sua participa\u00e7\u00e3o no Festival Liter\u00e1rio de Penacova, marcado para 2 a 7 de mar\u00e7o, por instru\u00e7\u00f5es diretas do presidente da C\u00e2mara. O convite tinha sido feito em outubro para apresentar o livro &quot;Por dentro do Chega&quot; e a autarquia confirmou a data \u00e0 ag\u00eancia Lusa. O presidente da C\u00e2mara de Penacova, \u00c1lvaro Coimbra, disse hoje que n\u00e3o houve censura, tratando-se de uma op\u00e7\u00e3o de conte\u00fados do festival e da recusa de tem\u00e1ticas pol\u00edtico-partid\u00e1rias. Carvalho afirma ter recebido o cancelamento por e\u2011mail e pede esclarecimentos por escrito sobre os motivos, dizendo que o recuo de autarquias \u00e9 preocupante num contexto de democracia e liberdade de express\u00e3o. Tamb\u00e9m foi anunciado que Jo\u00e3o Paulo Barbosa de Melo, convidado para apresentar o livro, ficou a saber h\u00e1 dias que a sess\u00e3o j\u00e1 n\u00e3o iria ocorrer, sem informa\u00e7\u00f5es sobre as raz\u00f5es.\" \/>\n<meta property=\"og:url\" content=\"https:\/\/portaltela.pt\/noticias\/2026\/01\/14\/camara-de-penacova-cancela-sessao-de-miguel-carvalho-em-festival-literario\/\" \/>\n<meta property=\"og:site_name\" content=\"Portal Tela Portugal\" \/>\n<meta property=\"article:published_time\" content=\"2026-01-14T18:55:44+00:00\" \/>\n<meta name=\"author\" content=\"Telinha\" \/>\n<meta name=\"twitter:card\" content=\"summary_large_image\" \/>\n<meta name=\"twitter:label1\" content=\"Escrito por\" \/>\n\t<meta name=\"twitter:data1\" content=\"Telinha\" \/>\n\t<meta name=\"twitter:label2\" content=\"Tempo estimado de leitura\" \/>\n\t<meta name=\"twitter:data2\" content=\"2 minutos\" \/>\n<script type=\"application\/ld+json\" class=\"yoast-schema-graph\">{\"@context\":\"https:\/\/schema.org\",\"@graph\":[{\"@type\":\"Article\",\"@id\":\"https:\/\/portaltela.pt\/noticias\/2026\/01\/14\/camara-de-penacova-cancela-sessao-de-miguel-carvalho-em-festival-literario\/#article\",\"isPartOf\":{\"@id\":\"https:\/\/portaltela.pt\/noticias\/2026\/01\/14\/camara-de-penacova-cancela-sessao-de-miguel-carvalho-em-festival-literario\/\"},\"author\":{\"name\":\"Telinha\",\"@id\":\"https:\/\/portaltela.pt\/#\/schema\/person\/c4278d4a6028830caff9ee44b42d32ed\"},\"headline\":\"C\u00e2mara de Penacova cancela sess\u00e3o de Miguel Carvalho em festival liter\u00e1rio\",\"datePublished\":\"2026-01-14T18:55:44+00:00\",\"mainEntityOfPage\":{\"@id\":\"https:\/\/portaltela.pt\/noticias\/2026\/01\/14\/camara-de-penacova-cancela-sessao-de-miguel-carvalho-em-festival-literario\/\"},\"wordCount\":370,\"image\":{\"@id\":\"https:\/\/portaltela.pt\/noticias\/2026\/01\/14\/camara-de-penacova-cancela-sessao-de-miguel-carvalho-em-festival-literario\/#primaryimage\"},\"thumbnailUrl\":\"https:\/\/portaltela.pt\/s.01k8rhncp4jt1\/2026\/01\/img_1500x1000uu2026-01-14-18-48-39-2260152.jpg\",\"keywords\":[\"administra\u00e7\u00e3o p\u00fablica\",\"festivais\",\"liberdade de express\u00e3o\",\"literatura\",\"Penacova\",\"pol\u00edtica\"],\"articleSection\":[\"Not\u00edcias\",\"Pol\u00edtica\"],\"inLanguage\":\"pt-PT\"},{\"@type\":\"WebPage\",\"@id\":\"https:\/\/portaltela.pt\/noticias\/2026\/01\/14\/camara-de-penacova-cancela-sessao-de-miguel-carvalho-em-festival-literario\/\",\"url\":\"https:\/\/portaltela.pt\/noticias\/2026\/01\/14\/camara-de-penacova-cancela-sessao-de-miguel-carvalho-em-festival-literario\/\",\"name\":\"C\u00e2mara de Penacova cancela sess\u00e3o de Miguel Carvalho em festival liter\u00e1rio - Portal Tela Portugal\",\"isPartOf\":{\"@id\":\"https:\/\/portaltela.pt\/#website\"},\"primaryImageOfPage\":{\"@id\":\"https:\/\/portaltela.pt\/noticias\/2026\/01\/14\/camara-de-penacova-cancela-sessao-de-miguel-carvalho-em-festival-literario\/#primaryimage\"},\"image\":{\"@id\":\"https:\/\/portaltela.pt\/noticias\/2026\/01\/14\/camara-de-penacova-cancela-sessao-de-miguel-carvalho-em-festival-literario\/#primaryimage\"},\"thumbnailUrl\":\"https:\/\/portaltela.pt\/s.01k8rhncp4jt1\/2026\/01\/img_1500x1000uu2026-01-14-18-48-39-2260152.jpg\",\"datePublished\":\"2026-01-14T18:55:44+00:00\",\"author\":{\"@id\":\"https:\/\/portaltela.pt\/#\/schema\/person\/c4278d4a6028830caff9ee44b42d32ed\"},\"breadcrumb\":{\"@id\":\"https:\/\/portaltela.pt\/noticias\/2026\/01\/14\/camara-de-penacova-cancela-sessao-de-miguel-carvalho-em-festival-literario\/#breadcrumb\"},\"inLanguage\":\"pt-PT\",\"potentialAction\":[{\"@type\":\"ReadAction\",\"target\":[\"https:\/\/portaltela.pt\/noticias\/2026\/01\/14\/camara-de-penacova-cancela-sessao-de-miguel-carvalho-em-festival-literario\/\"]}]},{\"@type\":\"ImageObject\",\"inLanguage\":\"pt-PT\",\"@id\":\"https:\/\/portaltela.pt\/noticias\/2026\/01\/14\/camara-de-penacova-cancela-sessao-de-miguel-carvalho-em-festival-literario\/#primaryimage\",\"url\":\"https:\/\/portaltela.pt\/s.01k8rhncp4jt1\/2026\/01\/img_1500x1000uu2026-01-14-18-48-39-2260152.jpg\",\"contentUrl\":\"https:\/\/portaltela.pt\/s.01k8rhncp4jt1\/2026\/01\/img_1500x1000uu2026-01-14-18-48-39-2260152.jpg\",\"width\":796,\"height\":448,\"caption\":\"Escritor e jornalista divulgou o caso nas suas redes sociais\"},{\"@type\":\"BreadcrumbList\",\"@id\":\"https:\/\/portaltela.pt\/noticias\/2026\/01\/14\/camara-de-penacova-cancela-sessao-de-miguel-carvalho-em-festival-literario\/#breadcrumb\",\"itemListElement\":[{\"@type\":\"ListItem\",\"position\":1,\"name\":\"In\u00edcio\",\"item\":\"https:\/\/portaltela.pt\/\"},{\"@type\":\"ListItem\",\"position\":2,\"name\":\"C\u00e2mara de Penacova cancela sess\u00e3o de Miguel Carvalho em festival liter\u00e1rio\"}]},{\"@type\":\"WebSite\",\"@id\":\"https:\/\/portaltela.pt\/#website\",\"url\":\"https:\/\/portaltela.pt\/\",\"name\":\"Portal Tela Portugal\",\"description\":\"\",\"potentialAction\":[{\"@type\":\"SearchAction\",\"target\":{\"@type\":\"EntryPoint\",\"urlTemplate\":\"https:\/\/portaltela.pt\/?s={search_term_string}\"},\"query-input\":{\"@type\":\"PropertyValueSpecification\",\"valueRequired\":true,\"valueName\":\"search_term_string\"}}],\"inLanguage\":\"pt-PT\"},{\"@type\":\"Person\",\"@id\":\"https:\/\/portaltela.pt\/#\/schema\/person\/c4278d4a6028830caff9ee44b42d32ed\",\"name\":\"Telinha\",\"image\":{\"@type\":\"ImageObject\",\"inLanguage\":\"pt-PT\",\"@id\":\"https:\/\/portaltela.pt\/s.01k8rhncp4jt1\/2025\/11\/talking-bot-125x125.png\",\"url\":\"https:\/\/portaltela.pt\/s.01k8rhncp4jt1\/2025\/11\/talking-bot-125x125.png\",\"contentUrl\":\"https:\/\/portaltela.pt\/s.01k8rhncp4jt1\/2025\/11\/talking-bot-125x125.png\",\"caption\":\"Telinha\"},\"sameAs\":[\"https:\/\/portaltela.pt\/\"],\"url\":\"https:\/\/portaltela.pt\/por\/367410592786\/\"}]}<\/script>\n<!-- \/ Yoast SEO plugin. -->","yoast_head_json":{"title":"C\u00e2mara de Penacova cancela sess\u00e3o de Miguel Carvalho em festival liter\u00e1rio - Portal Tela Portugal","robots":{"index":"index","follow":"follow","max-snippet":"max-snippet:-1","max-image-preview":"max-image-preview:large","max-video-preview":"max-video-preview:-1"},"og_locale":"pt_PT","og_type":"article","og_title":"C\u00e2mara de Penacova cancela sess\u00e3o de Miguel Carvalho em festival liter\u00e1rio - Portal Tela Portugal","og_description":"Miguel Carvalho viu cancelada a sua participa\u00e7\u00e3o no Festival Liter\u00e1rio de Penacova, marcado para 2 a 7 de mar\u00e7o, por instru\u00e7\u00f5es diretas do presidente da C\u00e2mara. O convite tinha sido feito em outubro para apresentar o livro \"Por dentro do Chega\" e a autarquia confirmou a data \u00e0 ag\u00eancia Lusa. O presidente da C\u00e2mara de Penacova, \u00c1lvaro Coimbra, disse hoje que n\u00e3o houve censura, tratando-se de uma op\u00e7\u00e3o de conte\u00fados do festival e da recusa de tem\u00e1ticas pol\u00edtico-partid\u00e1rias. Carvalho afirma ter recebido o cancelamento por e\u2011mail e pede esclarecimentos por escrito sobre os motivos, dizendo que o recuo de autarquias \u00e9 preocupante num contexto de democracia e liberdade de express\u00e3o. Tamb\u00e9m foi anunciado que Jo\u00e3o Paulo Barbosa de Melo, convidado para apresentar o livro, ficou a saber h\u00e1 dias que a sess\u00e3o j\u00e1 n\u00e3o iria ocorrer, sem informa\u00e7\u00f5es sobre as raz\u00f5es.","og_url":"https:\/\/portaltela.pt\/noticias\/2026\/01\/14\/camara-de-penacova-cancela-sessao-de-miguel-carvalho-em-festival-literario\/","og_site_name":"Portal Tela Portugal","article_published_time":"2026-01-14T18:55:44+00:00","author":"Telinha","twitter_card":"summary_large_image","twitter_misc":{"Escrito por":"Telinha","Tempo estimado de leitura":"2 minutos"},"schema":{"@context":"https:\/\/schema.org","@graph":[{"@type":"Article","@id":"https:\/\/portaltela.pt\/noticias\/2026\/01\/14\/camara-de-penacova-cancela-sessao-de-miguel-carvalho-em-festival-literario\/#article","isPartOf":{"@id":"https:\/\/portaltela.pt\/noticias\/2026\/01\/14\/camara-de-penacova-cancela-sessao-de-miguel-carvalho-em-festival-literario\/"},"author":{"name":"Telinha","@id":"https:\/\/portaltela.pt\/#\/schema\/person\/c4278d4a6028830caff9ee44b42d32ed"},"headline":"C\u00e2mara de Penacova cancela sess\u00e3o de Miguel Carvalho em festival liter\u00e1rio","datePublished":"2026-01-14T18:55:44+00:00","mainEntityOfPage":{"@id":"https:\/\/portaltela.pt\/noticias\/2026\/01\/14\/camara-de-penacova-cancela-sessao-de-miguel-carvalho-em-festival-literario\/"},"wordCount":370,"image":{"@id":"https:\/\/portaltela.pt\/noticias\/2026\/01\/14\/camara-de-penacova-cancela-sessao-de-miguel-carvalho-em-festival-literario\/#primaryimage"},"thumbnailUrl":"https:\/\/portaltela.pt\/s.01k8rhncp4jt1\/2026\/01\/img_1500x1000uu2026-01-14-18-48-39-2260152.jpg","keywords":["administra\u00e7\u00e3o p\u00fablica","festivais","liberdade de express\u00e3o","literatura","Penacova","pol\u00edtica"],"articleSection":["Not\u00edcias","Pol\u00edtica"],"inLanguage":"pt-PT"},{"@type":"WebPage","@id":"https:\/\/portaltela.pt\/noticias\/2026\/01\/14\/camara-de-penacova-cancela-sessao-de-miguel-carvalho-em-festival-literario\/","url":"https:\/\/portaltela.pt\/noticias\/2026\/01\/14\/camara-de-penacova-cancela-sessao-de-miguel-carvalho-em-festival-literario\/","name":"C\u00e2mara de Penacova cancela sess\u00e3o de Miguel Carvalho em festival liter\u00e1rio - Portal Tela Portugal","isPartOf":{"@id":"https:\/\/portaltela.pt\/#website"},"primaryImageOfPage":{"@id":"https:\/\/portaltela.pt\/noticias\/2026\/01\/14\/camara-de-penacova-cancela-sessao-de-miguel-carvalho-em-festival-literario\/#primaryimage"},"image":{"@id":"https:\/\/portaltela.pt\/noticias\/2026\/01\/14\/camara-de-penacova-cancela-sessao-de-miguel-carvalho-em-festival-literario\/#primaryimage"},"thumbnailUrl":"https:\/\/portaltela.pt\/s.01k8rhncp4jt1\/2026\/01\/img_1500x1000uu2026-01-14-18-48-39-2260152.jpg","datePublished":"2026-01-14T18:55:44+00:00","author":{"@id":"https:\/\/portaltela.pt\/#\/schema\/person\/c4278d4a6028830caff9ee44b42d32ed"},"breadcrumb":{"@id":"https:\/\/portaltela.pt\/noticias\/2026\/01\/14\/camara-de-penacova-cancela-sessao-de-miguel-carvalho-em-festival-literario\/#breadcrumb"},"inLanguage":"pt-PT","potentialAction":[{"@type":"ReadAction","target":["https:\/\/portaltela.pt\/noticias\/2026\/01\/14\/camara-de-penacova-cancela-sessao-de-miguel-carvalho-em-festival-literario\/"]}]},{"@type":"ImageObject","inLanguage":"pt-PT","@id":"https:\/\/portaltela.pt\/noticias\/2026\/01\/14\/camara-de-penacova-cancela-sessao-de-miguel-carvalho-em-festival-literario\/#primaryimage","url":"https:\/\/portaltela.pt\/s.01k8rhncp4jt1\/2026\/01\/img_1500x1000uu2026-01-14-18-48-39-2260152.jpg","contentUrl":"https:\/\/portaltela.pt\/s.01k8rhncp4jt1\/2026\/01\/img_1500x1000uu2026-01-14-18-48-39-2260152.jpg","width":796,"height":448,"caption":"Escritor e jornalista divulgou o caso nas suas redes sociais"},{"@type":"BreadcrumbList","@id":"https:\/\/portaltela.pt\/noticias\/2026\/01\/14\/camara-de-penacova-cancela-sessao-de-miguel-carvalho-em-festival-literario\/#breadcrumb","itemListElement":[{"@type":"ListItem","position":1,"name":"In\u00edcio","item":"https:\/\/portaltela.pt\/"},{"@type":"ListItem","position":2,"name":"C\u00e2mara de Penacova cancela sess\u00e3o de Miguel Carvalho em festival liter\u00e1rio"}]},{"@type":"WebSite","@id":"https:\/\/portaltela.pt\/#website","url":"https:\/\/portaltela.pt\/","name":"Portal Tela Portugal","description":"","potentialAction":[{"@type":"SearchAction","target":{"@type":"EntryPoint","urlTemplate":"https:\/\/portaltela.pt\/?s={search_term_string}"},"query-input":{"@type":"PropertyValueSpecification","valueRequired":true,"valueName":"search_term_string"}}],"inLanguage":"pt-PT"},{"@type":"Person","@id":"https:\/\/portaltela.pt\/#\/schema\/person\/c4278d4a6028830caff9ee44b42d32ed","name":"Telinha","image":{"@type":"ImageObject","inLanguage":"pt-PT","@id":"https:\/\/portaltela.pt\/s.01k8rhncp4jt1\/2025\/11\/talking-bot-125x125.png","url":"https:\/\/portaltela.pt\/s.01k8rhncp4jt1\/2025\/11\/talking-bot-125x125.png","contentUrl":"https:\/\/portaltela.pt\/s.01k8rhncp4jt1\/2025\/11\/talking-bot-125x125.png","caption":"Telinha"},"sameAs":["https:\/\/portaltela.pt\/"],"url":"https:\/\/portaltela.pt\/por\/367410592786\/"}]}},"_links":{"self":[{"href":"https:\/\/portaltela.pt\/api\/wp\/v2\/posts\/142313","targetHints":{"allow":["GET"]}}],"collection":[{"href":"https:\/\/portaltela.pt\/api\/wp\/v2\/posts"}],"about":[{"href":"https:\/\/portaltela.pt\/api\/wp\/v2\/types\/post"}],"author":[{"embeddable":true,"href":"https:\/\/portaltela.pt\/api\/wp\/v2\/users\/2"}],"replies":[{"embeddable":true,"href":"https:\/\/portaltela.pt\/api\/wp\/v2\/comments?post=142313"}],"version-history":[{"count":0,"href":"https:\/\/portaltela.pt\/api\/wp\/v2\/posts\/142313\/revisions"}],"wp:featuredmedia":[{"embeddable":true,"href":"https:\/\/portaltela.pt\/api\/wp\/v2\/media\/142324"}],"wp:attachment":[{"href":"https:\/\/portaltela.pt\/api\/wp\/v2\/media?parent=142313"}],"wp:term":[{"taxonomy":"category","embeddable":true,"href":"https:\/\/portaltela.pt\/api\/wp\/v2\/categories?post=142313"},{"taxonomy":"post_tag","embeddable":true,"href":"https:\/\/portaltela.pt\/api\/wp\/v2\/tags?post=142313"}],"curies":[{"name":"wp","href":"https:\/\/api.w.org\/{rel}","templated":true}]}}