{"id":142115,"date":"2026-01-14T14:42:00","date_gmt":"2026-01-14T17:42:00","guid":{"rendered":"https:\/\/portaltela.pt\/noticias\/2026\/01\/14\/aerea-portuguesa-reforca-voos-extras-para-o-carnaval-no-brasil\/"},"modified":"2026-01-14T14:42:00","modified_gmt":"2026-01-14T17:42:00","slug":"aerea-portuguesa-reforca-voos-extras-para-o-carnaval-no-brasil","status":"publish","type":"post","link":"https:\/\/portaltela.pt\/noticias\/2026\/01\/14\/aerea-portuguesa-reforca-voos-extras-para-o-carnaval-no-brasil\/","title":{"rendered":"A\u00e9rea portuguesa refor\u00e7a voos extras para o Carnaval no Brasil"},"content":{"rendered":"<p>A TAP refor\u00e7ou a sua opera\u00e7\u00e3o para o carnaval no Brasil, com voos extras a partir de Lisboa para Salvador e Rio de Janeiro. A medida visa responder ao aumento de procura nesta \u00e9poca, ajudando turistas e residentes, incluindo um fluxo de imigrantes em Portugal. O refor\u00e7o envolve ainda voos adicionais de\/para o Porto.<\/p>\n<h3>Salvador<\/h3>\n<p>A rota Lisboa-Salvador ter\u00e1, a partir de fevereiro, voos adicionais nos dias 3, 7, 10, 24 e 28. Com isso, a frequ\u00eancia semanal entre Lisboa e Salvador passa a oito, tornando o Brasil o principal mercado da TAP. A companhia opera liga\u00e7\u00f5es para 13 capitais brasileiras.<\/p>\n<h3>Rio de Janeiro<\/h3>\n<p>Para o Rio de Janeiro, o per\u00edodo carnavalesco traz um voo extra entre 14 de fevereiro e 24 de mar\u00e7o. Na semana da folia, o voo extra ocorre aos s\u00e1bados, com as demais semanas tendo a rota adicional \u00e0s ter\u00e7as-feiras. A liga\u00e7\u00e3o Lisboa-Rio sobe de 12 para 13 voos semanais.<\/p>\n<h3>Porto<\/h3>\n<p>Tamb\u00e9m no Porto, a TAP ampliou opera\u00e7\u00f5es neste inverno. S\u00e3o 135 voos diretos semanais atrav\u00e9s do Aeroporto Francisco S\u00e1 Carneiro, incluindo 13 voos semanais para quatro destinos intercontinentais: Rio de Janeiro, S\u00e3o Paulo, Nova Iorque e Luanda. A partir de 1 de julho entram em funcionamento novas rotas para Ilha Terceira, Praia e Tel-Aviv.<\/p>\n<h3>Infraestruturas e pr\u00e9mios de opera\u00e7\u00e3o<\/h3>\n<p>Segundo o CEO da TAP, Lu\u00eds Rodrigues, a empresa refor\u00e7a opera\u00e7\u00f5es intercontinentais e investe na infraestrutura. A ANA, concession\u00e1ria dos aeroportos, revela que est\u00e3o a ser aplicados mais de 50 milh\u00f5es de euros na reforma da pista do terminal do Porto para suportar o aumento de voos.<\/p>\n","protected":false},"excerpt":{"rendered":"<ul>\n<li>A TAP refor\u00e7a a liga\u00e7\u00e3o Lisboa\u2013Salvador com voos extras nos dias 3, 7, 10, 24 e 28 de fevereiro, elevando a frequ\u00eancia Salvador\u2013Lisboa para oito voos por semana.<\/li>\n<li>Esta expans\u00e3o faz do Brasil um dos principais mercados da companhia, que liga Portugal a treze capitais brasileiras.<\/li>\n<li>Em Lisboa, h\u00e1 tamb\u00e9m refor\u00e7o para o Rio de Janeiro: voos adicionais de 14 de fevereiro a 24 de mar\u00e7o, com a frequ\u00eancia Lisboa\u2013Rio a subir de doze para treze voos por semana.<\/li>\n<li>O Porto recebe aumento de opera\u00e7\u00f5es, com cento e trinta e cinco voos diretos por semana, incluindo 13 voos semanais para quatro destinos intercontinentais: Rio de Janeiro, S\u00e3o Paulo, Nova Iorque e Luanda; novas rotas previstas para julho para Isla Terceira (A\u00e7ores) e Praia (Cabo Verde).<\/li>\n<li>A TAP anuncia que, a partir de julho, a liga\u00e7\u00e3o Porto\u2013Boston deixa de ser sazonal e passa a operar durante todo o ano, com investimento superior a cinquenta milh\u00f5es de euros na reforma da pista do terminal, al\u00e9m de voos diretos para Telavive (Tel-Aviv) com quatro frequ\u00eancias semanais.<\/li>\n<\/ul>\n","protected":false},"author":2,"featured_media":142123,"comment_status":"closed","ping_status":"closed","sticky":false,"template":"","format":"standard","meta":{"footnotes":""},"categories":[1],"tags":[981,2721,982,2871,2789,192],"class_list":["post-142115","post","type-post","status-publish","format-standard","has-post-thumbnail","hentry","category-noticias","tag-lisboa","tag-luanda","tag-porto","tag-telavive","tag-terceira","tag-transporte"],"yoast_head":"<!-- This site is optimized with the Yoast SEO plugin v27.2 - https:\/\/yoast.com\/product\/yoast-seo-wordpress\/ -->\n<title>A\u00e9rea portuguesa refor\u00e7a voos extras para o Carnaval no Brasil - Portal Tela Portugal<\/title>\n<meta name=\"robots\" content=\"index, follow, max-snippet:-1, max-image-preview:large, max-video-preview:-1\" \/>\n<meta property=\"og:locale\" content=\"pt_PT\" \/>\n<meta property=\"og:type\" content=\"article\" \/>\n<meta property=\"og:title\" content=\"A\u00e9rea portuguesa refor\u00e7a voos extras para o Carnaval no Brasil - Portal Tela Portugal\" \/>\n<meta property=\"og:description\" content=\"A TAP refor\u00e7a a liga\u00e7\u00e3o Lisboa\u2013Salvador com voos extras nos dias 3, 7, 10, 24 e 28 de fevereiro, elevando a frequ\u00eancia Salvador\u2013Lisboa para oito voos por semana. Esta expans\u00e3o faz do Brasil um dos principais mercados da companhia, que liga Portugal a treze capitais brasileiras. Em Lisboa, h\u00e1 tamb\u00e9m refor\u00e7o para o Rio de Janeiro: voos adicionais de 14 de fevereiro a 24 de mar\u00e7o, com a frequ\u00eancia Lisboa\u2013Rio a subir de doze para treze voos por semana. O Porto recebe aumento de opera\u00e7\u00f5es, com cento e trinta e cinco voos diretos por semana, incluindo 13 voos semanais para quatro destinos intercontinentais: Rio de Janeiro, S\u00e3o Paulo, Nova Iorque e Luanda; novas rotas previstas para julho para Isla Terceira (A\u00e7ores) e Praia (Cabo Verde). A TAP anuncia que, a partir de julho, a liga\u00e7\u00e3o Porto\u2013Boston deixa de ser sazonal e passa a operar durante todo o ano, com investimento superior a cinquenta milh\u00f5es de euros na reforma da pista do terminal, al\u00e9m de voos diretos para Telavive (Tel-Aviv) com quatro frequ\u00eancias semanais.\" \/>\n<meta property=\"og:url\" content=\"https:\/\/portaltela.pt\/noticias\/2026\/01\/14\/aerea-portuguesa-reforca-voos-extras-para-o-carnaval-no-brasil\/\" \/>\n<meta property=\"og:site_name\" content=\"Portal Tela Portugal\" \/>\n<meta property=\"article:published_time\" content=\"2026-01-14T17:42:00+00:00\" \/>\n<meta name=\"author\" content=\"Telinha\" \/>\n<meta name=\"twitter:card\" content=\"summary_large_image\" \/>\n<meta name=\"twitter:label1\" content=\"Escrito por\" \/>\n\t<meta name=\"twitter:data1\" content=\"Telinha\" \/>\n\t<meta name=\"twitter:label2\" content=\"Tempo estimado de leitura\" \/>\n\t<meta name=\"twitter:data2\" content=\"1 minuto\" \/>\n<script type=\"application\/ld+json\" class=\"yoast-schema-graph\">{\"@context\":\"https:\/\/schema.org\",\"@graph\":[{\"@type\":\"Article\",\"@id\":\"https:\/\/portaltela.pt\/noticias\/2026\/01\/14\/aerea-portuguesa-reforca-voos-extras-para-o-carnaval-no-brasil\/#article\",\"isPartOf\":{\"@id\":\"https:\/\/portaltela.pt\/noticias\/2026\/01\/14\/aerea-portuguesa-reforca-voos-extras-para-o-carnaval-no-brasil\/\"},\"author\":{\"name\":\"Telinha\",\"@id\":\"https:\/\/portaltela.pt\/#\/schema\/person\/c4278d4a6028830caff9ee44b42d32ed\"},\"headline\":\"A\u00e9rea portuguesa refor\u00e7a voos extras para o Carnaval no Brasil\",\"datePublished\":\"2026-01-14T17:42:00+00:00\",\"mainEntityOfPage\":{\"@id\":\"https:\/\/portaltela.pt\/noticias\/2026\/01\/14\/aerea-portuguesa-reforca-voos-extras-para-o-carnaval-no-brasil\/\"},\"wordCount\":283,\"image\":{\"@id\":\"https:\/\/portaltela.pt\/noticias\/2026\/01\/14\/aerea-portuguesa-reforca-voos-extras-para-o-carnaval-no-brasil\/#primaryimage\"},\"thumbnailUrl\":\"https:\/\/portaltela.pt\/s.01k8rhncp4jt1\/2026\/01\/2059247.jpg\",\"keywords\":[\"Lisboa\",\"Luanda\",\"Porto\",\"Telavive\",\"Terceira\",\"transporte\"],\"articleSection\":[\"Not\u00edcias\"],\"inLanguage\":\"pt-PT\"},{\"@type\":\"WebPage\",\"@id\":\"https:\/\/portaltela.pt\/noticias\/2026\/01\/14\/aerea-portuguesa-reforca-voos-extras-para-o-carnaval-no-brasil\/\",\"url\":\"https:\/\/portaltela.pt\/noticias\/2026\/01\/14\/aerea-portuguesa-reforca-voos-extras-para-o-carnaval-no-brasil\/\",\"name\":\"A\u00e9rea portuguesa refor\u00e7a voos extras para o Carnaval no Brasil - Portal Tela Portugal\",\"isPartOf\":{\"@id\":\"https:\/\/portaltela.pt\/#website\"},\"primaryImageOfPage\":{\"@id\":\"https:\/\/portaltela.pt\/noticias\/2026\/01\/14\/aerea-portuguesa-reforca-voos-extras-para-o-carnaval-no-brasil\/#primaryimage\"},\"image\":{\"@id\":\"https:\/\/portaltela.pt\/noticias\/2026\/01\/14\/aerea-portuguesa-reforca-voos-extras-para-o-carnaval-no-brasil\/#primaryimage\"},\"thumbnailUrl\":\"https:\/\/portaltela.pt\/s.01k8rhncp4jt1\/2026\/01\/2059247.jpg\",\"datePublished\":\"2026-01-14T17:42:00+00:00\",\"author\":{\"@id\":\"https:\/\/portaltela.pt\/#\/schema\/person\/c4278d4a6028830caff9ee44b42d32ed\"},\"breadcrumb\":{\"@id\":\"https:\/\/portaltela.pt\/noticias\/2026\/01\/14\/aerea-portuguesa-reforca-voos-extras-para-o-carnaval-no-brasil\/#breadcrumb\"},\"inLanguage\":\"pt-PT\",\"potentialAction\":[{\"@type\":\"ReadAction\",\"target\":[\"https:\/\/portaltela.pt\/noticias\/2026\/01\/14\/aerea-portuguesa-reforca-voos-extras-para-o-carnaval-no-brasil\/\"]}]},{\"@type\":\"ImageObject\",\"inLanguage\":\"pt-PT\",\"@id\":\"https:\/\/portaltela.pt\/noticias\/2026\/01\/14\/aerea-portuguesa-reforca-voos-extras-para-o-carnaval-no-brasil\/#primaryimage\",\"url\":\"https:\/\/portaltela.pt\/s.01k8rhncp4jt1\/2026\/01\/2059247.jpg\",\"contentUrl\":\"https:\/\/portaltela.pt\/s.01k8rhncp4jt1\/2026\/01\/2059247.jpg\",\"width\":796,\"height\":448,\"caption\":\"A TAP refor\u00e7a voos saindo de Lisboa e do Porto para Rio de Janeiro e Salvador, por conta das f\u00e9rias de ver\u00e3o no Hemisf\u00e9rio Sul e do carnaval\"},{\"@type\":\"BreadcrumbList\",\"@id\":\"https:\/\/portaltela.pt\/noticias\/2026\/01\/14\/aerea-portuguesa-reforca-voos-extras-para-o-carnaval-no-brasil\/#breadcrumb\",\"itemListElement\":[{\"@type\":\"ListItem\",\"position\":1,\"name\":\"In\u00edcio\",\"item\":\"https:\/\/portaltela.pt\/\"},{\"@type\":\"ListItem\",\"position\":2,\"name\":\"A\u00e9rea portuguesa refor\u00e7a voos extras para o Carnaval no Brasil\"}]},{\"@type\":\"WebSite\",\"@id\":\"https:\/\/portaltela.pt\/#website\",\"url\":\"https:\/\/portaltela.pt\/\",\"name\":\"Portal Tela Portugal\",\"description\":\"\",\"potentialAction\":[{\"@type\":\"SearchAction\",\"target\":{\"@type\":\"EntryPoint\",\"urlTemplate\":\"https:\/\/portaltela.pt\/?s={search_term_string}\"},\"query-input\":{\"@type\":\"PropertyValueSpecification\",\"valueRequired\":true,\"valueName\":\"search_term_string\"}}],\"inLanguage\":\"pt-PT\"},{\"@type\":\"Person\",\"@id\":\"https:\/\/portaltela.pt\/#\/schema\/person\/c4278d4a6028830caff9ee44b42d32ed\",\"name\":\"Telinha\",\"image\":{\"@type\":\"ImageObject\",\"inLanguage\":\"pt-PT\",\"@id\":\"https:\/\/portaltela.pt\/s.01k8rhncp4jt1\/2025\/11\/talking-bot-125x125.png\",\"url\":\"https:\/\/portaltela.pt\/s.01k8rhncp4jt1\/2025\/11\/talking-bot-125x125.png\",\"contentUrl\":\"https:\/\/portaltela.pt\/s.01k8rhncp4jt1\/2025\/11\/talking-bot-125x125.png\",\"caption\":\"Telinha\"},\"sameAs\":[\"https:\/\/portaltela.pt\/\"],\"url\":\"https:\/\/portaltela.pt\/por\/367410592786\/\"}]}<\/script>\n<!-- \/ Yoast SEO plugin. -->","yoast_head_json":{"title":"A\u00e9rea portuguesa refor\u00e7a voos extras para o Carnaval no Brasil - Portal Tela Portugal","robots":{"index":"index","follow":"follow","max-snippet":"max-snippet:-1","max-image-preview":"max-image-preview:large","max-video-preview":"max-video-preview:-1"},"og_locale":"pt_PT","og_type":"article","og_title":"A\u00e9rea portuguesa refor\u00e7a voos extras para o Carnaval no Brasil - Portal Tela Portugal","og_description":"A TAP refor\u00e7a a liga\u00e7\u00e3o Lisboa\u2013Salvador com voos extras nos dias 3, 7, 10, 24 e 28 de fevereiro, elevando a frequ\u00eancia Salvador\u2013Lisboa para oito voos por semana. Esta expans\u00e3o faz do Brasil um dos principais mercados da companhia, que liga Portugal a treze capitais brasileiras. Em Lisboa, h\u00e1 tamb\u00e9m refor\u00e7o para o Rio de Janeiro: voos adicionais de 14 de fevereiro a 24 de mar\u00e7o, com a frequ\u00eancia Lisboa\u2013Rio a subir de doze para treze voos por semana. O Porto recebe aumento de opera\u00e7\u00f5es, com cento e trinta e cinco voos diretos por semana, incluindo 13 voos semanais para quatro destinos intercontinentais: Rio de Janeiro, S\u00e3o Paulo, Nova Iorque e Luanda; novas rotas previstas para julho para Isla Terceira (A\u00e7ores) e Praia (Cabo Verde). A TAP anuncia que, a partir de julho, a liga\u00e7\u00e3o Porto\u2013Boston deixa de ser sazonal e passa a operar durante todo o ano, com investimento superior a cinquenta milh\u00f5es de euros na reforma da pista do terminal, al\u00e9m de voos diretos para Telavive (Tel-Aviv) com quatro frequ\u00eancias semanais.","og_url":"https:\/\/portaltela.pt\/noticias\/2026\/01\/14\/aerea-portuguesa-reforca-voos-extras-para-o-carnaval-no-brasil\/","og_site_name":"Portal Tela Portugal","article_published_time":"2026-01-14T17:42:00+00:00","author":"Telinha","twitter_card":"summary_large_image","twitter_misc":{"Escrito por":"Telinha","Tempo estimado de leitura":"1 minuto"},"schema":{"@context":"https:\/\/schema.org","@graph":[{"@type":"Article","@id":"https:\/\/portaltela.pt\/noticias\/2026\/01\/14\/aerea-portuguesa-reforca-voos-extras-para-o-carnaval-no-brasil\/#article","isPartOf":{"@id":"https:\/\/portaltela.pt\/noticias\/2026\/01\/14\/aerea-portuguesa-reforca-voos-extras-para-o-carnaval-no-brasil\/"},"author":{"name":"Telinha","@id":"https:\/\/portaltela.pt\/#\/schema\/person\/c4278d4a6028830caff9ee44b42d32ed"},"headline":"A\u00e9rea portuguesa refor\u00e7a voos extras para o Carnaval no Brasil","datePublished":"2026-01-14T17:42:00+00:00","mainEntityOfPage":{"@id":"https:\/\/portaltela.pt\/noticias\/2026\/01\/14\/aerea-portuguesa-reforca-voos-extras-para-o-carnaval-no-brasil\/"},"wordCount":283,"image":{"@id":"https:\/\/portaltela.pt\/noticias\/2026\/01\/14\/aerea-portuguesa-reforca-voos-extras-para-o-carnaval-no-brasil\/#primaryimage"},"thumbnailUrl":"https:\/\/portaltela.pt\/s.01k8rhncp4jt1\/2026\/01\/2059247.jpg","keywords":["Lisboa","Luanda","Porto","Telavive","Terceira","transporte"],"articleSection":["Not\u00edcias"],"inLanguage":"pt-PT"},{"@type":"WebPage","@id":"https:\/\/portaltela.pt\/noticias\/2026\/01\/14\/aerea-portuguesa-reforca-voos-extras-para-o-carnaval-no-brasil\/","url":"https:\/\/portaltela.pt\/noticias\/2026\/01\/14\/aerea-portuguesa-reforca-voos-extras-para-o-carnaval-no-brasil\/","name":"A\u00e9rea portuguesa refor\u00e7a voos extras para o Carnaval no Brasil - Portal Tela Portugal","isPartOf":{"@id":"https:\/\/portaltela.pt\/#website"},"primaryImageOfPage":{"@id":"https:\/\/portaltela.pt\/noticias\/2026\/01\/14\/aerea-portuguesa-reforca-voos-extras-para-o-carnaval-no-brasil\/#primaryimage"},"image":{"@id":"https:\/\/portaltela.pt\/noticias\/2026\/01\/14\/aerea-portuguesa-reforca-voos-extras-para-o-carnaval-no-brasil\/#primaryimage"},"thumbnailUrl":"https:\/\/portaltela.pt\/s.01k8rhncp4jt1\/2026\/01\/2059247.jpg","datePublished":"2026-01-14T17:42:00+00:00","author":{"@id":"https:\/\/portaltela.pt\/#\/schema\/person\/c4278d4a6028830caff9ee44b42d32ed"},"breadcrumb":{"@id":"https:\/\/portaltela.pt\/noticias\/2026\/01\/14\/aerea-portuguesa-reforca-voos-extras-para-o-carnaval-no-brasil\/#breadcrumb"},"inLanguage":"pt-PT","potentialAction":[{"@type":"ReadAction","target":["https:\/\/portaltela.pt\/noticias\/2026\/01\/14\/aerea-portuguesa-reforca-voos-extras-para-o-carnaval-no-brasil\/"]}]},{"@type":"ImageObject","inLanguage":"pt-PT","@id":"https:\/\/portaltela.pt\/noticias\/2026\/01\/14\/aerea-portuguesa-reforca-voos-extras-para-o-carnaval-no-brasil\/#primaryimage","url":"https:\/\/portaltela.pt\/s.01k8rhncp4jt1\/2026\/01\/2059247.jpg","contentUrl":"https:\/\/portaltela.pt\/s.01k8rhncp4jt1\/2026\/01\/2059247.jpg","width":796,"height":448,"caption":"A TAP refor\u00e7a voos saindo de Lisboa e do Porto para Rio de Janeiro e Salvador, por conta das f\u00e9rias de ver\u00e3o no Hemisf\u00e9rio Sul e do carnaval"},{"@type":"BreadcrumbList","@id":"https:\/\/portaltela.pt\/noticias\/2026\/01\/14\/aerea-portuguesa-reforca-voos-extras-para-o-carnaval-no-brasil\/#breadcrumb","itemListElement":[{"@type":"ListItem","position":1,"name":"In\u00edcio","item":"https:\/\/portaltela.pt\/"},{"@type":"ListItem","position":2,"name":"A\u00e9rea portuguesa refor\u00e7a voos extras para o Carnaval no Brasil"}]},{"@type":"WebSite","@id":"https:\/\/portaltela.pt\/#website","url":"https:\/\/portaltela.pt\/","name":"Portal Tela Portugal","description":"","potentialAction":[{"@type":"SearchAction","target":{"@type":"EntryPoint","urlTemplate":"https:\/\/portaltela.pt\/?s={search_term_string}"},"query-input":{"@type":"PropertyValueSpecification","valueRequired":true,"valueName":"search_term_string"}}],"inLanguage":"pt-PT"},{"@type":"Person","@id":"https:\/\/portaltela.pt\/#\/schema\/person\/c4278d4a6028830caff9ee44b42d32ed","name":"Telinha","image":{"@type":"ImageObject","inLanguage":"pt-PT","@id":"https:\/\/portaltela.pt\/s.01k8rhncp4jt1\/2025\/11\/talking-bot-125x125.png","url":"https:\/\/portaltela.pt\/s.01k8rhncp4jt1\/2025\/11\/talking-bot-125x125.png","contentUrl":"https:\/\/portaltela.pt\/s.01k8rhncp4jt1\/2025\/11\/talking-bot-125x125.png","caption":"Telinha"},"sameAs":["https:\/\/portaltela.pt\/"],"url":"https:\/\/portaltela.pt\/por\/367410592786\/"}]}},"_links":{"self":[{"href":"https:\/\/portaltela.pt\/api\/wp\/v2\/posts\/142115","targetHints":{"allow":["GET"]}}],"collection":[{"href":"https:\/\/portaltela.pt\/api\/wp\/v2\/posts"}],"about":[{"href":"https:\/\/portaltela.pt\/api\/wp\/v2\/types\/post"}],"author":[{"embeddable":true,"href":"https:\/\/portaltela.pt\/api\/wp\/v2\/users\/2"}],"replies":[{"embeddable":true,"href":"https:\/\/portaltela.pt\/api\/wp\/v2\/comments?post=142115"}],"version-history":[{"count":0,"href":"https:\/\/portaltela.pt\/api\/wp\/v2\/posts\/142115\/revisions"}],"wp:featuredmedia":[{"embeddable":true,"href":"https:\/\/portaltela.pt\/api\/wp\/v2\/media\/142123"}],"wp:attachment":[{"href":"https:\/\/portaltela.pt\/api\/wp\/v2\/media?parent=142115"}],"wp:term":[{"taxonomy":"category","embeddable":true,"href":"https:\/\/portaltela.pt\/api\/wp\/v2\/categories?post=142115"},{"taxonomy":"post_tag","embeddable":true,"href":"https:\/\/portaltela.pt\/api\/wp\/v2\/tags?post=142115"}],"curies":[{"name":"wp","href":"https:\/\/api.w.org\/{rel}","templated":true}]}}