{"id":142114,"date":"2026-01-14T14:48:52","date_gmt":"2026-01-14T17:48:52","guid":{"rendered":"https:\/\/portaltela.pt\/noticias\/2026\/01\/14\/ines-bichao-relata-ser-vitima-de-assedio-sexual-por-figura-influente-na-il\/"},"modified":"2026-01-14T14:48:52","modified_gmt":"2026-01-14T17:48:52","slug":"ines-bichao-relata-ser-vitima-de-assedio-sexual-por-figura-influente-na-il","status":"publish","type":"post","link":"https:\/\/portaltela.pt\/noticias\/politica\/2026\/01\/14\/ines-bichao-relata-ser-vitima-de-assedio-sexual-por-figura-influente-na-il\/","title":{"rendered":"In\u00eas Bich\u00e3o relata ser v\u00edtima de ass\u00e9dio sexual por figura influente na IL"},"content":{"rendered":"<p>No dia 13 de junho de 2024, In\u00eas Bich\u00e3o revelou ter sido v\u00edtima de ass\u00e9dio sexual por parte de uma pessoa influente na Iniciativa Liberal (IL). A den\u00fancia apareceu durante a Feira do Livro de 2024, quando uma mulher jovem promoveu o relato junto de uma das autoras do livro Me too: um segredo muito p\u00fablico &#8211; ass\u00e9dio sexual em Portugal, cuja obra associa o caso a Cotrim de Figueiredo.<\/p>\n<p>As acad\u00e9micas J\u00falia Garraio, Maria Jo\u00e3o Faustino, Rita Santos e S\u00edlvia Roque partilharam, nas redes sociais, que este epis\u00f3dio n\u00e3o equivale a uma testemunha direta, mas confirma que a acusa\u00e7\u00e3o j\u00e1 circulava h\u00e1 quase dois anos. Refor\u00e7am ainda a necessidade de tratar o tema com seriedade, em resposta ao uso pol\u00edtico que circula em torno do caso.<\/p>\n<p>As informa\u00e7\u00f5es p\u00fablicas come\u00e7aram no domingo, quando uma antiga assessora publicou no Instagram, numa hist\u00f3ria vis\u00edvel apenas a um grupo restrito, alega\u00e7\u00f5es de ass\u00e9dio sexual citando frases atribu\u00eddas a Cotrim de Figueiredo. A imagem percorreu redes e chegou \u00e0s reda\u00e7\u00f5es na segunda-feira seguinte, segundo relatos da imprensa.<\/p>\n<p>Segundo o Observador, as acusa\u00e7\u00f5es j\u00e1 eram conhecidas em meios internos da IL h\u00e1 cerca de dois anos, o que contraria a afirma\u00e7\u00e3o do candidato de que s\u00f3 tomou conhecimento do caso no fim de semana anterior. Cotrim de Figueiredo foi confrontado numa a\u00e7\u00e3o de campanha na Covilh\u00e3, onde negou as acusa\u00e7\u00f5es, classificando-as como falsas e associando-as a pol\u00edtica suja.<\/p>\n<p>O eurodeputado e ex-l\u00edder da IL disse n\u00e3o ter tido conhecimento das situa\u00e7\u00f5es relatadas e afirmou que o assunto passar\u00e1 a ser tratado em tribunal. Disse tamb\u00e9m que s\u00f3 falar\u00e1 publicamente em tribunal, mantendo o tom de defesa da sua honra perante as acusa\u00e7\u00f5es.<\/p>\n","protected":false},"excerpt":{"rendered":"<ul>\n<li>Em 13 de junho de 2024, In\u00eas Bich\u00e3o afirmou ser v\u00edtima de ass\u00e9dio sexual por algu\u00e9m muito influente na Iniciativa Liberal (IL).<\/li>\n<li>As autoras do livro &#8220;Me too: um segredo muito p\u00fablico&#8221; dizem que, na Feira do Livro de 2024, uma mulher jovem lhes contou estar a passar por uma fase dif\u00edcil devido a ass\u00e9dio por algu\u00e9m influente na IL; essa mulher era In\u00eas Bich\u00e3o, que acusa Cotrim de Figueiredo.<\/li>\n<li>Num post publicado nas redes sociais, as acad\u00e9micas J\u00falia Garraio, Maria Jo\u00e3o Faustino, Rita Santos e S\u00edlvia Roque lembram que partilharam o epis\u00f3dio h\u00e1 quase dois anos e defendem que a acusa\u00e7\u00e3o n\u00e3o \u00e9 uma fic\u00e7\u00e3o de pr\u00e9-campanha, havendo indica\u00e7\u00f5es de uma den\u00fancia antiga.<\/li>\n<li>O Observador revela que as acusa\u00e7\u00f5es j\u00e1 eram conhecidas em meios internos da IL h\u00e1 cerca de dois anos, contrariamente ao que afirmou o candidato ter tomado conhecimento apenas no domingo anterior.<\/li>\n<li>Cotrim de Figueiredo foi confrontado na Covilh\u00e3, negou o ass\u00e9dio, classificou as acusa\u00e7\u00f5es como falsas e disse que o assunto ser\u00e1 tratado exclusivamente em tribunal.<\/li>\n<\/ul>\n","protected":false},"author":2,"featured_media":142140,"comment_status":"closed","ping_status":"closed","sticky":false,"template":"","format":"standard","meta":{"footnotes":""},"categories":[1,5],"tags":[1039,2678,1482,2832],"class_list":["post-142114","post","type-post","status-publish","format-standard","has-post-thumbnail","hentry","category-noticias","category-politica","tag-assedio-sexista","tag-cotrim-de-figueiredo","tag-iniciativa-liberal","tag-politica"],"yoast_head":"<!-- This site is optimized with the Yoast SEO plugin v27.2 - https:\/\/yoast.com\/product\/yoast-seo-wordpress\/ -->\n<title>In\u00eas Bich\u00e3o relata ser v\u00edtima de ass\u00e9dio sexual por figura influente na IL - Portal Tela Portugal<\/title>\n<meta name=\"robots\" content=\"index, follow, max-snippet:-1, max-image-preview:large, max-video-preview:-1\" \/>\n<meta property=\"og:locale\" content=\"pt_PT\" \/>\n<meta property=\"og:type\" content=\"article\" \/>\n<meta property=\"og:title\" content=\"In\u00eas Bich\u00e3o relata ser v\u00edtima de ass\u00e9dio sexual por figura influente na IL - Portal Tela Portugal\" \/>\n<meta property=\"og:description\" content=\"Em 13 de junho de 2024, In\u00eas Bich\u00e3o afirmou ser v\u00edtima de ass\u00e9dio sexual por algu\u00e9m muito influente na Iniciativa Liberal (IL). As autoras do livro &quot;Me too: um segredo muito p\u00fablico&quot; dizem que, na Feira do Livro de 2024, uma mulher jovem lhes contou estar a passar por uma fase dif\u00edcil devido a ass\u00e9dio por algu\u00e9m influente na IL; essa mulher era In\u00eas Bich\u00e3o, que acusa Cotrim de Figueiredo. Num post publicado nas redes sociais, as acad\u00e9micas J\u00falia Garraio, Maria Jo\u00e3o Faustino, Rita Santos e S\u00edlvia Roque lembram que partilharam o epis\u00f3dio h\u00e1 quase dois anos e defendem que a acusa\u00e7\u00e3o n\u00e3o \u00e9 uma fic\u00e7\u00e3o de pr\u00e9-campanha, havendo indica\u00e7\u00f5es de uma den\u00fancia antiga. O Observador revela que as acusa\u00e7\u00f5es j\u00e1 eram conhecidas em meios internos da IL h\u00e1 cerca de dois anos, contrariamente ao que afirmou o candidato ter tomado conhecimento apenas no domingo anterior. Cotrim de Figueiredo foi confrontado na Covilh\u00e3, negou o ass\u00e9dio, classificou as acusa\u00e7\u00f5es como falsas e disse que o assunto ser\u00e1 tratado exclusivamente em tribunal.\" \/>\n<meta property=\"og:url\" content=\"https:\/\/portaltela.pt\/noticias\/2026\/01\/14\/ines-bichao-relata-ser-vitima-de-assedio-sexual-por-figura-influente-na-il\/\" \/>\n<meta property=\"og:site_name\" content=\"Portal Tela Portugal\" \/>\n<meta property=\"article:published_time\" content=\"2026-01-14T17:48:52+00:00\" \/>\n<meta name=\"author\" content=\"Telinha\" \/>\n<meta name=\"twitter:card\" content=\"summary_large_image\" \/>\n<meta name=\"twitter:label1\" content=\"Escrito por\" \/>\n\t<meta name=\"twitter:data1\" content=\"Telinha\" \/>\n\t<meta name=\"twitter:label2\" content=\"Tempo estimado de leitura\" \/>\n\t<meta name=\"twitter:data2\" content=\"2 minutos\" \/>\n<script type=\"application\/ld+json\" class=\"yoast-schema-graph\">{\"@context\":\"https:\/\/schema.org\",\"@graph\":[{\"@type\":\"Article\",\"@id\":\"https:\/\/portaltela.pt\/noticias\/2026\/01\/14\/ines-bichao-relata-ser-vitima-de-assedio-sexual-por-figura-influente-na-il\/#article\",\"isPartOf\":{\"@id\":\"https:\/\/portaltela.pt\/noticias\/2026\/01\/14\/ines-bichao-relata-ser-vitima-de-assedio-sexual-por-figura-influente-na-il\/\"},\"author\":{\"name\":\"Telinha\",\"@id\":\"https:\/\/portaltela.pt\/#\/schema\/person\/c4278d4a6028830caff9ee44b42d32ed\"},\"headline\":\"In\u00eas Bich\u00e3o relata ser v\u00edtima de ass\u00e9dio sexual por figura influente na IL\",\"datePublished\":\"2026-01-14T17:48:52+00:00\",\"mainEntityOfPage\":{\"@id\":\"https:\/\/portaltela.pt\/noticias\/2026\/01\/14\/ines-bichao-relata-ser-vitima-de-assedio-sexual-por-figura-influente-na-il\/\"},\"wordCount\":327,\"image\":{\"@id\":\"https:\/\/portaltela.pt\/noticias\/2026\/01\/14\/ines-bichao-relata-ser-vitima-de-assedio-sexual-por-figura-influente-na-il\/#primaryimage\"},\"thumbnailUrl\":\"https:\/\/portaltela.pt\/s.01k8rhncp4jt1\/2026\/01\/unnamed-file-3026.jpg\",\"keywords\":[\"ass\u00e9dio sexista\",\"Cotrim de Figueiredo\",\"Iniciativa Liberal\",\"pol\u00edtica\"],\"articleSection\":[\"Not\u00edcias\",\"Pol\u00edtica\"],\"inLanguage\":\"pt-PT\"},{\"@type\":\"WebPage\",\"@id\":\"https:\/\/portaltela.pt\/noticias\/2026\/01\/14\/ines-bichao-relata-ser-vitima-de-assedio-sexual-por-figura-influente-na-il\/\",\"url\":\"https:\/\/portaltela.pt\/noticias\/2026\/01\/14\/ines-bichao-relata-ser-vitima-de-assedio-sexual-por-figura-influente-na-il\/\",\"name\":\"In\u00eas Bich\u00e3o relata ser v\u00edtima de ass\u00e9dio sexual por figura influente na IL - Portal Tela Portugal\",\"isPartOf\":{\"@id\":\"https:\/\/portaltela.pt\/#website\"},\"primaryImageOfPage\":{\"@id\":\"https:\/\/portaltela.pt\/noticias\/2026\/01\/14\/ines-bichao-relata-ser-vitima-de-assedio-sexual-por-figura-influente-na-il\/#primaryimage\"},\"image\":{\"@id\":\"https:\/\/portaltela.pt\/noticias\/2026\/01\/14\/ines-bichao-relata-ser-vitima-de-assedio-sexual-por-figura-influente-na-il\/#primaryimage\"},\"thumbnailUrl\":\"https:\/\/portaltela.pt\/s.01k8rhncp4jt1\/2026\/01\/unnamed-file-3026.jpg\",\"datePublished\":\"2026-01-14T17:48:52+00:00\",\"author\":{\"@id\":\"https:\/\/portaltela.pt\/#\/schema\/person\/c4278d4a6028830caff9ee44b42d32ed\"},\"breadcrumb\":{\"@id\":\"https:\/\/portaltela.pt\/noticias\/2026\/01\/14\/ines-bichao-relata-ser-vitima-de-assedio-sexual-por-figura-influente-na-il\/#breadcrumb\"},\"inLanguage\":\"pt-PT\",\"potentialAction\":[{\"@type\":\"ReadAction\",\"target\":[\"https:\/\/portaltela.pt\/noticias\/2026\/01\/14\/ines-bichao-relata-ser-vitima-de-assedio-sexual-por-figura-influente-na-il\/\"]}]},{\"@type\":\"ImageObject\",\"inLanguage\":\"pt-PT\",\"@id\":\"https:\/\/portaltela.pt\/noticias\/2026\/01\/14\/ines-bichao-relata-ser-vitima-de-assedio-sexual-por-figura-influente-na-il\/#primaryimage\",\"url\":\"https:\/\/portaltela.pt\/s.01k8rhncp4jt1\/2026\/01\/unnamed-file-3026.jpg\",\"contentUrl\":\"https:\/\/portaltela.pt\/s.01k8rhncp4jt1\/2026\/01\/unnamed-file-3026.jpg\",\"width\":796,\"height\":448,\"caption\":\"Cotrim de Fligueiredo, IL\"},{\"@type\":\"BreadcrumbList\",\"@id\":\"https:\/\/portaltela.pt\/noticias\/2026\/01\/14\/ines-bichao-relata-ser-vitima-de-assedio-sexual-por-figura-influente-na-il\/#breadcrumb\",\"itemListElement\":[{\"@type\":\"ListItem\",\"position\":1,\"name\":\"In\u00edcio\",\"item\":\"https:\/\/portaltela.pt\/\"},{\"@type\":\"ListItem\",\"position\":2,\"name\":\"In\u00eas Bich\u00e3o relata ser v\u00edtima de ass\u00e9dio sexual por figura influente na IL\"}]},{\"@type\":\"WebSite\",\"@id\":\"https:\/\/portaltela.pt\/#website\",\"url\":\"https:\/\/portaltela.pt\/\",\"name\":\"Portal Tela Portugal\",\"description\":\"\",\"potentialAction\":[{\"@type\":\"SearchAction\",\"target\":{\"@type\":\"EntryPoint\",\"urlTemplate\":\"https:\/\/portaltela.pt\/?s={search_term_string}\"},\"query-input\":{\"@type\":\"PropertyValueSpecification\",\"valueRequired\":true,\"valueName\":\"search_term_string\"}}],\"inLanguage\":\"pt-PT\"},{\"@type\":\"Person\",\"@id\":\"https:\/\/portaltela.pt\/#\/schema\/person\/c4278d4a6028830caff9ee44b42d32ed\",\"name\":\"Telinha\",\"image\":{\"@type\":\"ImageObject\",\"inLanguage\":\"pt-PT\",\"@id\":\"https:\/\/portaltela.pt\/s.01k8rhncp4jt1\/2025\/11\/talking-bot-125x125.png\",\"url\":\"https:\/\/portaltela.pt\/s.01k8rhncp4jt1\/2025\/11\/talking-bot-125x125.png\",\"contentUrl\":\"https:\/\/portaltela.pt\/s.01k8rhncp4jt1\/2025\/11\/talking-bot-125x125.png\",\"caption\":\"Telinha\"},\"sameAs\":[\"https:\/\/portaltela.pt\/\"],\"url\":\"https:\/\/portaltela.pt\/por\/367410592786\/\"}]}<\/script>\n<!-- \/ Yoast SEO plugin. -->","yoast_head_json":{"title":"In\u00eas Bich\u00e3o relata ser v\u00edtima de ass\u00e9dio sexual por figura influente na IL - Portal Tela Portugal","robots":{"index":"index","follow":"follow","max-snippet":"max-snippet:-1","max-image-preview":"max-image-preview:large","max-video-preview":"max-video-preview:-1"},"og_locale":"pt_PT","og_type":"article","og_title":"In\u00eas Bich\u00e3o relata ser v\u00edtima de ass\u00e9dio sexual por figura influente na IL - Portal Tela Portugal","og_description":"Em 13 de junho de 2024, In\u00eas Bich\u00e3o afirmou ser v\u00edtima de ass\u00e9dio sexual por algu\u00e9m muito influente na Iniciativa Liberal (IL). As autoras do livro \"Me too: um segredo muito p\u00fablico\" dizem que, na Feira do Livro de 2024, uma mulher jovem lhes contou estar a passar por uma fase dif\u00edcil devido a ass\u00e9dio por algu\u00e9m influente na IL; essa mulher era In\u00eas Bich\u00e3o, que acusa Cotrim de Figueiredo. Num post publicado nas redes sociais, as acad\u00e9micas J\u00falia Garraio, Maria Jo\u00e3o Faustino, Rita Santos e S\u00edlvia Roque lembram que partilharam o epis\u00f3dio h\u00e1 quase dois anos e defendem que a acusa\u00e7\u00e3o n\u00e3o \u00e9 uma fic\u00e7\u00e3o de pr\u00e9-campanha, havendo indica\u00e7\u00f5es de uma den\u00fancia antiga. O Observador revela que as acusa\u00e7\u00f5es j\u00e1 eram conhecidas em meios internos da IL h\u00e1 cerca de dois anos, contrariamente ao que afirmou o candidato ter tomado conhecimento apenas no domingo anterior. Cotrim de Figueiredo foi confrontado na Covilh\u00e3, negou o ass\u00e9dio, classificou as acusa\u00e7\u00f5es como falsas e disse que o assunto ser\u00e1 tratado exclusivamente em tribunal.","og_url":"https:\/\/portaltela.pt\/noticias\/2026\/01\/14\/ines-bichao-relata-ser-vitima-de-assedio-sexual-por-figura-influente-na-il\/","og_site_name":"Portal Tela Portugal","article_published_time":"2026-01-14T17:48:52+00:00","author":"Telinha","twitter_card":"summary_large_image","twitter_misc":{"Escrito por":"Telinha","Tempo estimado de leitura":"2 minutos"},"schema":{"@context":"https:\/\/schema.org","@graph":[{"@type":"Article","@id":"https:\/\/portaltela.pt\/noticias\/2026\/01\/14\/ines-bichao-relata-ser-vitima-de-assedio-sexual-por-figura-influente-na-il\/#article","isPartOf":{"@id":"https:\/\/portaltela.pt\/noticias\/2026\/01\/14\/ines-bichao-relata-ser-vitima-de-assedio-sexual-por-figura-influente-na-il\/"},"author":{"name":"Telinha","@id":"https:\/\/portaltela.pt\/#\/schema\/person\/c4278d4a6028830caff9ee44b42d32ed"},"headline":"In\u00eas Bich\u00e3o relata ser v\u00edtima de ass\u00e9dio sexual por figura influente na IL","datePublished":"2026-01-14T17:48:52+00:00","mainEntityOfPage":{"@id":"https:\/\/portaltela.pt\/noticias\/2026\/01\/14\/ines-bichao-relata-ser-vitima-de-assedio-sexual-por-figura-influente-na-il\/"},"wordCount":327,"image":{"@id":"https:\/\/portaltela.pt\/noticias\/2026\/01\/14\/ines-bichao-relata-ser-vitima-de-assedio-sexual-por-figura-influente-na-il\/#primaryimage"},"thumbnailUrl":"https:\/\/portaltela.pt\/s.01k8rhncp4jt1\/2026\/01\/unnamed-file-3026.jpg","keywords":["ass\u00e9dio sexista","Cotrim de Figueiredo","Iniciativa Liberal","pol\u00edtica"],"articleSection":["Not\u00edcias","Pol\u00edtica"],"inLanguage":"pt-PT"},{"@type":"WebPage","@id":"https:\/\/portaltela.pt\/noticias\/2026\/01\/14\/ines-bichao-relata-ser-vitima-de-assedio-sexual-por-figura-influente-na-il\/","url":"https:\/\/portaltela.pt\/noticias\/2026\/01\/14\/ines-bichao-relata-ser-vitima-de-assedio-sexual-por-figura-influente-na-il\/","name":"In\u00eas Bich\u00e3o relata ser v\u00edtima de ass\u00e9dio sexual por figura influente na IL - Portal Tela Portugal","isPartOf":{"@id":"https:\/\/portaltela.pt\/#website"},"primaryImageOfPage":{"@id":"https:\/\/portaltela.pt\/noticias\/2026\/01\/14\/ines-bichao-relata-ser-vitima-de-assedio-sexual-por-figura-influente-na-il\/#primaryimage"},"image":{"@id":"https:\/\/portaltela.pt\/noticias\/2026\/01\/14\/ines-bichao-relata-ser-vitima-de-assedio-sexual-por-figura-influente-na-il\/#primaryimage"},"thumbnailUrl":"https:\/\/portaltela.pt\/s.01k8rhncp4jt1\/2026\/01\/unnamed-file-3026.jpg","datePublished":"2026-01-14T17:48:52+00:00","author":{"@id":"https:\/\/portaltela.pt\/#\/schema\/person\/c4278d4a6028830caff9ee44b42d32ed"},"breadcrumb":{"@id":"https:\/\/portaltela.pt\/noticias\/2026\/01\/14\/ines-bichao-relata-ser-vitima-de-assedio-sexual-por-figura-influente-na-il\/#breadcrumb"},"inLanguage":"pt-PT","potentialAction":[{"@type":"ReadAction","target":["https:\/\/portaltela.pt\/noticias\/2026\/01\/14\/ines-bichao-relata-ser-vitima-de-assedio-sexual-por-figura-influente-na-il\/"]}]},{"@type":"ImageObject","inLanguage":"pt-PT","@id":"https:\/\/portaltela.pt\/noticias\/2026\/01\/14\/ines-bichao-relata-ser-vitima-de-assedio-sexual-por-figura-influente-na-il\/#primaryimage","url":"https:\/\/portaltela.pt\/s.01k8rhncp4jt1\/2026\/01\/unnamed-file-3026.jpg","contentUrl":"https:\/\/portaltela.pt\/s.01k8rhncp4jt1\/2026\/01\/unnamed-file-3026.jpg","width":796,"height":448,"caption":"Cotrim de Fligueiredo, IL"},{"@type":"BreadcrumbList","@id":"https:\/\/portaltela.pt\/noticias\/2026\/01\/14\/ines-bichao-relata-ser-vitima-de-assedio-sexual-por-figura-influente-na-il\/#breadcrumb","itemListElement":[{"@type":"ListItem","position":1,"name":"In\u00edcio","item":"https:\/\/portaltela.pt\/"},{"@type":"ListItem","position":2,"name":"In\u00eas Bich\u00e3o relata ser v\u00edtima de ass\u00e9dio sexual por figura influente na IL"}]},{"@type":"WebSite","@id":"https:\/\/portaltela.pt\/#website","url":"https:\/\/portaltela.pt\/","name":"Portal Tela Portugal","description":"","potentialAction":[{"@type":"SearchAction","target":{"@type":"EntryPoint","urlTemplate":"https:\/\/portaltela.pt\/?s={search_term_string}"},"query-input":{"@type":"PropertyValueSpecification","valueRequired":true,"valueName":"search_term_string"}}],"inLanguage":"pt-PT"},{"@type":"Person","@id":"https:\/\/portaltela.pt\/#\/schema\/person\/c4278d4a6028830caff9ee44b42d32ed","name":"Telinha","image":{"@type":"ImageObject","inLanguage":"pt-PT","@id":"https:\/\/portaltela.pt\/s.01k8rhncp4jt1\/2025\/11\/talking-bot-125x125.png","url":"https:\/\/portaltela.pt\/s.01k8rhncp4jt1\/2025\/11\/talking-bot-125x125.png","contentUrl":"https:\/\/portaltela.pt\/s.01k8rhncp4jt1\/2025\/11\/talking-bot-125x125.png","caption":"Telinha"},"sameAs":["https:\/\/portaltela.pt\/"],"url":"https:\/\/portaltela.pt\/por\/367410592786\/"}]}},"_links":{"self":[{"href":"https:\/\/portaltela.pt\/api\/wp\/v2\/posts\/142114","targetHints":{"allow":["GET"]}}],"collection":[{"href":"https:\/\/portaltela.pt\/api\/wp\/v2\/posts"}],"about":[{"href":"https:\/\/portaltela.pt\/api\/wp\/v2\/types\/post"}],"author":[{"embeddable":true,"href":"https:\/\/portaltela.pt\/api\/wp\/v2\/users\/2"}],"replies":[{"embeddable":true,"href":"https:\/\/portaltela.pt\/api\/wp\/v2\/comments?post=142114"}],"version-history":[{"count":0,"href":"https:\/\/portaltela.pt\/api\/wp\/v2\/posts\/142114\/revisions"}],"wp:featuredmedia":[{"embeddable":true,"href":"https:\/\/portaltela.pt\/api\/wp\/v2\/media\/142140"}],"wp:attachment":[{"href":"https:\/\/portaltela.pt\/api\/wp\/v2\/media?parent=142114"}],"wp:term":[{"taxonomy":"category","embeddable":true,"href":"https:\/\/portaltela.pt\/api\/wp\/v2\/categories?post=142114"},{"taxonomy":"post_tag","embeddable":true,"href":"https:\/\/portaltela.pt\/api\/wp\/v2\/tags?post=142114"}],"curies":[{"name":"wp","href":"https:\/\/api.w.org\/{rel}","templated":true}]}}